{"d":{"__metadata":{"id":"https://ws.parlament.ch/OData.svc/Subject(ID=44887L,Language='DE')","uri":"https://ws.parlament.ch/OData.svc/Subject(ID=44887L,Language='DE')","type":"itsystems.Pd.DataServices.DataModel.Subject"},"Meetings":{"__metadata":{"id":"https://ws.parlament.ch/OData.svc/Meeting(ID=4137L,Language='DE')","uri":"https://ws.parlament.ch/OData.svc/Meeting(ID=4137L,Language='DE')","type":"itsystems.Pd.DataServices.DataModel.Meeting"},"Sessions":{"__deferred":{"uri":"https://ws.parlament.ch/OData.svc/Meeting(ID=4137L,Language='DE')/Sessions"}},"Subjects":{"__deferred":{"uri":"https://ws.parlament.ch/OData.svc/Meeting(ID=4137L,Language='DE')/Subjects"}},"ID":"4137","Language":"DE","MeetingNumber":7,"IdSession":5015,"SessionNumber":15,"SessionName":"Wintersession 2018","Council":1,"CouncilName":"Nationalrat","CouncilAbbreviation":"NR","Date":"\/Date(1544054400000)\/","Begin":"0800","Modified":"\/Date(1547021909747)\/","LegislativePeriodNumber":50,"PublicationStatus":"final","MeetingOrderText":"Siebte Sitzung","SortOrder":7,"Location":"N"},"SubjectsBusiness":{"results":[{"__metadata":{"id":"https://ws.parlament.ch/OData.svc/SubjectBusiness(BusinessNumber=20180040,IdSubject=44887L,Language='DE')","uri":"https://ws.parlament.ch/OData.svc/SubjectBusiness(BusinessNumber=20180040,IdSubject=44887L,Language='DE')","type":"itsystems.Pd.DataServices.DataModel.SubjectBusiness"},"Subjects":{"__deferred":{"uri":"https://ws.parlament.ch/OData.svc/SubjectBusiness(BusinessNumber=20180040,IdSubject=44887L,Language='DE')/Subjects"}},"Businesses":{"__deferred":{"uri":"https://ws.parlament.ch/OData.svc/SubjectBusiness(BusinessNumber=20180040,IdSubject=44887L,Language='DE')/Businesses"}},"IdSubject":"44887","BusinessNumber":20180040,"Language":"DE","BusinessShortNumber":"18.040","Title":"Doppelbesteuerung. Abkommen mit Ecuador","SortOrder":1,"PublishedNotes":"Fortsetzung - Suite\n","Modified":"\/Date(1536230418150)\/","TitleDE":"Doppelbesteuerung.\nAbkommen mit Ecuador","TitleFR":"Double imposition.\nConvention avec l'Equateur","TitleIT":null}]},"Transcripts":{"results":[{"__metadata":{"id":"https://ws.parlament.ch/OData.svc/Transcript(ID=238663L,Language='DE')","uri":"https://ws.parlament.ch/OData.svc/Transcript(ID=238663L,Language='DE')","type":"itsystems.Pd.DataServices.DataModel.Transcript"},"Subjects":{"__deferred":{"uri":"https://ws.parlament.ch/OData.svc/Transcript(ID=238663L,Language='DE')/Subjects"}},"MembersCouncil":{"__deferred":{"uri":"https://ws.parlament.ch/OData.svc/Transcript(ID=238663L,Language='DE')/MembersCouncil"}},"Businesses":{"__deferred":{"uri":"https://ws.parlament.ch/OData.svc/Transcript(ID=238663L,Language='DE')/Businesses"}},"ID":"238663","Language":"DE","IdSubject":"44887","VoteId":"17978","PersonNumber":null,"Type":2,"Text":"<pd_text><p><i>Gesamtabstimmung - Vote sur l'ensemble </i>[GZ]</p>\n<p>[NAM][GZ]</p>\n<p>F\u00fcr Annahme des Entwurfes ... 130 Stimmen [GZ]</p>\n<p>Dagegen ... 48 Stimmen [GZ]</p>\n<p>(8 Enthaltungen)</p>\n<p>[VS]</p>\n<p><b>La pr\u00e9sidente</b> (Moret Isabelle, premi\u00e8re vice-pr\u00e9sidente): L'objet est pr\u00eat pour le vote final. </p>\n</pd_text>","MeetingCouncilAbbreviation":"N","MeetingDate":"20181206","MeetingVerbalixOid":3080,"IdSession":"5015","SpeakerFirstName":null,"SpeakerLastName":null,"SpeakerFullName":"","SpeakerFunction":null,"CouncilId":null,"CouncilName":null,"CantonId":null,"CantonName":null,"CantonAbbreviation":null,"ParlGroupName":null,"ParlGroupAbbreviation":null,"SortOrder":2,"Start":"\/Date(1544095165427)\/","End":"\/Date(1544095165427)\/","Function":null,"DisplaySpeaker":null,"LanguageOfText":null,"Modified":"\/Date(1774877220473)\/","StartTimeWithTimezone":"\/Date(1544095165427+0060)\/","EndTimeWithTimezone":"\/Date(1544095165427+0060)\/","VoteBusinessNumber":20180040,"VoteBusinessShortNumber":"18.040","VoteBusinessTitle":"Doppelbesteuerung.\nAbkommen mit Ecuador"},{"__metadata":{"id":"https://ws.parlament.ch/OData.svc/Transcript(ID=238752L,Language='DE')","uri":"https://ws.parlament.ch/OData.svc/Transcript(ID=238752L,Language='DE')","type":"itsystems.Pd.DataServices.DataModel.Transcript"},"Subjects":{"__deferred":{"uri":"https://ws.parlament.ch/OData.svc/Transcript(ID=238752L,Language='DE')/Subjects"}},"MembersCouncil":{"__deferred":{"uri":"https://ws.parlament.ch/OData.svc/Transcript(ID=238752L,Language='DE')/MembersCouncil"}},"Businesses":{"__deferred":{"uri":"https://ws.parlament.ch/OData.svc/Transcript(ID=238752L,Language='DE')/Businesses"}},"ID":"238752","Language":"DE","IdSubject":"44887","VoteId":null,"PersonNumber":1346,"Type":1,"Text":"<pd_text><p><i>Eintreten wird ohne Gegenantrag beschlossen </i>[GZ]</p>\n<p><i>L'entr\u00e9e en mati\u00e8re est d\u00e9cid\u00e9e sans opposition</i></p>\n<p>[VS]</p>\n<p>[VS]</p>\n<p><b>Bundesbeschluss \u00fcber die Genehmigung eines Protokolls zur \u00c4nderung des Doppelbesteuerungsabkommens zwischen der Schweiz und Ecuador</b>[GZ]</p>\n<p><b>Arr\u00eat\u00e9 f\u00e9d\u00e9ral portant approbation d'un protocole modifiant la convention contre les doubles impositions entre la Suisse et l'Equateur</b>[GZ]</p>\n<p>[VS][GZ]</p>\n<p><i>Detailberatung - Discussion par article </i>[GZ]</p>\n<p>[VS][GZ]</p>\n<p><b>Titel und Ingress, Art. 1, 2</b>[GZ]</p>\n<p><i>Antrag der Kommission </i>[GZ]</p>\n<p>Zustimmung zum Beschluss des St\u00e4nderates</p>\n<p>[VS]</p>\n<p><b>Titre et pr\u00e9ambule, art. 1, 2</b>[GZ]</p>\n<p><i>Proposition de la commission </i>[GZ]</p>\n<p>Adh\u00e9rer \u00e0 la d\u00e9cision du Conseil des Etats[GZ]</p>\n<p>[VS][GZ]</p>\n<p><i>Angenommen - Adopt\u00e9</i></p>\n<p>[VS]</p>\n</pd_text>","MeetingCouncilAbbreviation":"N","MeetingDate":"20181206","MeetingVerbalixOid":3080,"IdSession":"5015","SpeakerFirstName":"Isabelle","SpeakerLastName":"Moret","SpeakerFullName":"Moret Isabelle","SpeakerFunction":"2VP-F","CouncilId":1,"CouncilName":"Nationalrat","CantonId":22,"CantonName":"Waadt","CantonAbbreviation":"VD","ParlGroupName":"FDP-Liberale Fraktion","ParlGroupAbbreviation":"RL","SortOrder":1,"Start":"\/Date(1544095080196)\/","End":"\/Date(1544095165427)\/","Function":"1VP-F","DisplaySpeaker":false,"LanguageOfText":null,"Modified":"\/Date(1774877220469)\/","StartTimeWithTimezone":"\/Date(1544095080197+0060)\/","EndTimeWithTimezone":"\/Date(1544095165427+0060)\/","VoteBusinessNumber":null,"VoteBusinessShortNumber":null,"VoteBusinessTitle":null}]},"ID":"44887","Language":"DE","IdMeeting":"4137","VerbalixOid":580260,"SortOrder":4,"Modified":"\/Date(1774877220468)\/"}}