{"d":{"__metadata":{"id":"https://ws.parlament.ch/OData.svc/Subject(ID=45034L,Language='DE')","uri":"https://ws.parlament.ch/OData.svc/Subject(ID=45034L,Language='DE')","type":"itsystems.Pd.DataServices.DataModel.Subject"},"Meetings":{"__metadata":{"id":"https://ws.parlament.ch/OData.svc/Meeting(ID=4149L,Language='DE')","uri":"https://ws.parlament.ch/OData.svc/Meeting(ID=4149L,Language='DE')","type":"itsystems.Pd.DataServices.DataModel.Meeting"},"Sessions":{"__deferred":{"uri":"https://ws.parlament.ch/OData.svc/Meeting(ID=4149L,Language='DE')/Sessions"}},"Subjects":{"__deferred":{"uri":"https://ws.parlament.ch/OData.svc/Meeting(ID=4149L,Language='DE')/Subjects"}},"ID":"4149","Language":"DE","MeetingNumber":12,"IdSession":5015,"SessionNumber":15,"SessionName":"Wintersession 2018","Council":2,"CouncilName":"St\u00e4nderat","CouncilAbbreviation":"SR","Date":"\/Date(1544745600000)\/","Begin":"0815","Modified":"\/Date(1547136449480)\/","LegislativePeriodNumber":50,"PublicationStatus":"final","MeetingOrderText":"Zw\u00f6lfte Sitzung","SortOrder":12,"Location":"S"},"SubjectsBusiness":{"results":[{"__metadata":{"id":"https://ws.parlament.ch/OData.svc/SubjectBusiness(BusinessNumber=20170062,IdSubject=45034L,Language='DE')","uri":"https://ws.parlament.ch/OData.svc/SubjectBusiness(BusinessNumber=20170062,IdSubject=45034L,Language='DE')","type":"itsystems.Pd.DataServices.DataModel.SubjectBusiness"},"Subjects":{"__deferred":{"uri":"https://ws.parlament.ch/OData.svc/SubjectBusiness(BusinessNumber=20170062,IdSubject=45034L,Language='DE')/Subjects"}},"Businesses":{"__deferred":{"uri":"https://ws.parlament.ch/OData.svc/SubjectBusiness(BusinessNumber=20170062,IdSubject=45034L,Language='DE')/Businesses"}},"IdSubject":"45034","BusinessNumber":20170062,"Language":"DE","BusinessShortNumber":"17.062","Title":"Schutz gewaltbetroffener Personen. Bundesgesetz","SortOrder":1,"PublishedNotes":"Schlussabstimmung - Vote final\n","Modified":"\/Date(1528389419856)\/","TitleDE":"Schutz\ngewaltbetroffener Personen.\nBundesgesetz","TitleFR":"Protection\ndes victimes de violence.\nLoi f\u00e9d\u00e9rale","TitleIT":null}]},"Transcripts":{"results":[{"__metadata":{"id":"https://ws.parlament.ch/OData.svc/Transcript(ID=240134L,Language='DE')","uri":"https://ws.parlament.ch/OData.svc/Transcript(ID=240134L,Language='DE')","type":"itsystems.Pd.DataServices.DataModel.Transcript"},"Subjects":{"__deferred":{"uri":"https://ws.parlament.ch/OData.svc/Transcript(ID=240134L,Language='DE')/Subjects"}},"MembersCouncil":{"__deferred":{"uri":"https://ws.parlament.ch/OData.svc/Transcript(ID=240134L,Language='DE')/MembersCouncil"}},"Businesses":{"__deferred":{"uri":"https://ws.parlament.ch/OData.svc/Transcript(ID=240134L,Language='DE')/Businesses"}},"ID":"240134","Language":"DE","IdSubject":"45034","VoteId":"2751","PersonNumber":null,"Type":2,"Text":"<pd_text><p><b>Bundesgesetz \u00fcber die Verbesserung des Schutzes gewaltbetroffener Personen</b>[GZ]</p>\n<p><b>Loi f\u00e9d\u00e9rale sur l'am\u00e9lioration de la protection des victimes de violence</b>[GZ]</p>\n<p>[VS][GZ]</p>\n<p><i>Abstimmung - Vote </i>[GZ]</p>\n<p>[NAM][GZ]</p>\n<p>F\u00fcr Annahme des Entwurfes ... 43 Stimmen [GZ]</p>\n<p>(Einstimmigkeit) [GZ]</p>\n<p>(0 Enthaltungen)</p>\n</pd_text>","MeetingCouncilAbbreviation":"S","MeetingDate":"20181214","MeetingVerbalixOid":3092,"IdSession":"5015","SpeakerFirstName":null,"SpeakerLastName":null,"SpeakerFullName":"","SpeakerFunction":null,"CouncilId":null,"CouncilName":null,"CantonId":null,"CantonName":null,"CantonAbbreviation":null,"ParlGroupName":null,"ParlGroupAbbreviation":null,"SortOrder":1,"Start":null,"End":null,"Function":null,"DisplaySpeaker":null,"LanguageOfText":null,"Modified":"\/Date(1553252133370)\/","StartTimeWithTimezone":null,"EndTimeWithTimezone":null,"VoteBusinessNumber":20170062,"VoteBusinessShortNumber":"17.062","VoteBusinessTitle":"Schutz\ngewaltbetroffener Personen.\nBundesgesetz"}]},"ID":"45034","Language":"DE","IdMeeting":"4149","VerbalixOid":582121,"SortOrder":7,"Modified":"\/Date(1553252133370)\/"}}