{"d":{"__metadata":{"id":"https://ws.parlament.ch/OData.svc/Subject(ID=45315L,Language='DE')","uri":"https://ws.parlament.ch/OData.svc/Subject(ID=45315L,Language='DE')","type":"itsystems.Pd.DataServices.DataModel.Subject"},"Meetings":{"__metadata":{"id":"https://ws.parlament.ch/OData.svc/Meeting(ID=4152L,Language='DE')","uri":"https://ws.parlament.ch/OData.svc/Meeting(ID=4152L,Language='DE')","type":"itsystems.Pd.DataServices.DataModel.Meeting"},"Sessions":{"__deferred":{"uri":"https://ws.parlament.ch/OData.svc/Meeting(ID=4152L,Language='DE')/Sessions"}},"Subjects":{"__deferred":{"uri":"https://ws.parlament.ch/OData.svc/Meeting(ID=4152L,Language='DE')/Subjects"}},"ID":"4152","Language":"DE","MeetingNumber":1,"IdSession":5016,"SessionNumber":16,"SessionName":"Fr\u00fchjahrssession 2019","Council":1,"CouncilName":"Nationalrat","CouncilAbbreviation":"NR","Date":"\/Date(1551657600000)\/","Begin":"1430","Modified":"\/Date(1553589056993)\/","LegislativePeriodNumber":50,"PublicationStatus":"final","MeetingOrderText":"Erste Sitzung","SortOrder":1,"Location":"N"},"SubjectsBusiness":{"results":[{"__metadata":{"id":"https://ws.parlament.ch/OData.svc/SubjectBusiness(BusinessNumber=20183408,IdSubject=45315L,Language='DE')","uri":"https://ws.parlament.ch/OData.svc/SubjectBusiness(BusinessNumber=20183408,IdSubject=45315L,Language='DE')","type":"itsystems.Pd.DataServices.DataModel.SubjectBusiness"},"Subjects":{"__deferred":{"uri":"https://ws.parlament.ch/OData.svc/SubjectBusiness(BusinessNumber=20183408,IdSubject=45315L,Language='DE')/Subjects"}},"Businesses":{"__deferred":{"uri":"https://ws.parlament.ch/OData.svc/SubjectBusiness(BusinessNumber=20183408,IdSubject=45315L,Language='DE')/Businesses"}},"IdSubject":"45315","BusinessNumber":20183408,"Language":"DE","BusinessShortNumber":"18.3408","Title":"Konsequenter Vollzug von Landesverweisungen","SortOrder":1,"PublishedNotes":null,"Modified":"\/Date(1535710670803)\/","TitleDE":"Motion M\u00fcller Philipp.\nKonsequenter Vollzug\nvon Landesverweisungen","TitleFR":"Motion M\u00fcller Philipp.\nEx\u00e9cution syst\u00e9matique\ndes expulsions p\u00e9nales","TitleIT":null}]},"Transcripts":{"results":[{"__metadata":{"id":"https://ws.parlament.ch/OData.svc/Transcript(ID=240549L,Language='DE')","uri":"https://ws.parlament.ch/OData.svc/Transcript(ID=240549L,Language='DE')","type":"itsystems.Pd.DataServices.DataModel.Transcript"},"Subjects":{"__deferred":{"uri":"https://ws.parlament.ch/OData.svc/Transcript(ID=240549L,Language='DE')/Subjects"}},"MembersCouncil":{"__deferred":{"uri":"https://ws.parlament.ch/OData.svc/Transcript(ID=240549L,Language='DE')/MembersCouncil"}},"Businesses":{"__deferred":{"uri":"https://ws.parlament.ch/OData.svc/Transcript(ID=240549L,Language='DE')/Businesses"}},"ID":"240549","Language":"DE","IdSubject":"45315","VoteId":null,"PersonNumber":3830,"Type":1,"Text":"<pd_text><p><i>Antrag der Mehrheit </i>[GZ]</p>\n<p>Annahme der Motion</p>\n<p>[VS]</p>\n<p><i>Antrag der Minderheit </i>[GZ]</p>\n<p>(Barrile, Gl\u00e4ttli, Marti Samira, Masshardt, Moser, Piller Carrard, Wermuth)[GZ]</p>\n<p>Ablehnung der Motion</p>\n<p>[VS]</p>\n<p><i>Proposition de la majorit\u00e9 </i>[GZ]</p>\n<p>Adopter la motion</p>\n<p>[VS]</p>\n<p><i>Proposition de la minorit\u00e9 </i>[GZ]</p>\n<p>(Barrile, Gl\u00e4ttli, Marti Samira, Masshardt, Moser, Piller Carrard, Wermuth)[GZ]</p>\n<p>Rejeter la motion</p>\n</pd_text>","MeetingCouncilAbbreviation":"N","MeetingDate":"20190304","MeetingVerbalixOid":3095,"IdSession":"5016","SpeakerFirstName":"Marina","SpeakerLastName":"Carobbio Guscetti","SpeakerFullName":"Carobbio Guscetti Marina","SpeakerFunction":"P-F","CouncilId":1,"CouncilName":"Nationalrat","CantonId":27,"CantonName":"Tessin","CantonAbbreviation":"TI","ParlGroupName":"Sozialdemokratische Fraktion","ParlGroupAbbreviation":"S","SortOrder":1,"Start":"\/Date(1551716136777)\/","End":"\/Date(1551716172537)\/","Function":"P-F","DisplaySpeaker":false,"LanguageOfText":null,"Modified":"\/Date(1774877197276)\/","StartTimeWithTimezone":"\/Date(1551716136777+0060)\/","EndTimeWithTimezone":"\/Date(1551716172537+0060)\/","VoteBusinessNumber":null,"VoteBusinessShortNumber":null,"VoteBusinessTitle":null},{"__metadata":{"id":"https://ws.parlament.ch/OData.svc/Transcript(ID=240551L,Language='DE')","uri":"https://ws.parlament.ch/OData.svc/Transcript(ID=240551L,Language='DE')","type":"itsystems.Pd.DataServices.DataModel.Transcript"},"Subjects":{"__deferred":{"uri":"https://ws.parlament.ch/OData.svc/Transcript(ID=240551L,Language='DE')/Subjects"}},"MembersCouncil":{"__deferred":{"uri":"https://ws.parlament.ch/OData.svc/Transcript(ID=240551L,Language='DE')/MembersCouncil"}},"Businesses":{"__deferred":{"uri":"https://ws.parlament.ch/OData.svc/Transcript(ID=240551L,Language='DE')/Businesses"}},"ID":"240551","Language":"DE","IdSubject":"45315","VoteId":"18167","PersonNumber":null,"Type":2,"Text":"<pd_text><p><i>Abstimmung - Vote </i>[GZ]</p>\n<p>[NAM][GZ]</p>\n<p>F\u00fcr Annahme der Motion ... 126 Stimmen [GZ]</p>\n<p>Dagegen ... 54 Stimmen [GZ]</p>\n<p>(4 Enthaltungen)</p>\n</pd_text>","MeetingCouncilAbbreviation":"N","MeetingDate":"20190304","MeetingVerbalixOid":3095,"IdSession":"5016","SpeakerFirstName":null,"SpeakerLastName":null,"SpeakerFullName":"","SpeakerFunction":null,"CouncilId":null,"CouncilName":null,"CantonId":null,"CantonName":null,"CantonAbbreviation":null,"ParlGroupName":null,"ParlGroupAbbreviation":null,"SortOrder":7,"Start":"\/Date(1551717216004)\/","End":"\/Date(1551717260395)\/","Function":null,"DisplaySpeaker":null,"LanguageOfText":null,"Modified":"\/Date(1774877197299)\/","StartTimeWithTimezone":"\/Date(1551717216003+0060)\/","EndTimeWithTimezone":"\/Date(1551717260397+0060)\/","VoteBusinessNumber":20183408,"VoteBusinessShortNumber":"18.3408","VoteBusinessTitle":"Motion M\u00fcller Philipp.\nKonsequenter Vollzug\nvon Landesverweisungen"},{"__metadata":{"id":"https://ws.parlament.ch/OData.svc/Transcript(ID=240565L,Language='DE')","uri":"https://ws.parlament.ch/OData.svc/Transcript(ID=240565L,Language='DE')","type":"itsystems.Pd.DataServices.DataModel.Transcript"},"Subjects":{"__deferred":{"uri":"https://ws.parlament.ch/OData.svc/Transcript(ID=240565L,Language='DE')/Subjects"}},"MembersCouncil":{"__deferred":{"uri":"https://ws.parlament.ch/OData.svc/Transcript(ID=240565L,Language='DE')/MembersCouncil"}},"Businesses":{"__deferred":{"uri":"https://ws.parlament.ch/OData.svc/Transcript(ID=240565L,Language='DE')/Businesses"}},"ID":"240565","Language":"DE","IdSubject":"45315","VoteId":null,"PersonNumber":4062,"Type":1,"Text":"<pd_text><p>Wir sprechen \u00fcber die strafrechtliche Landesverweisung. Das Parlament hat ja die Ausschaffungs-Initiative umgesetzt; die neuen Gesetzesbestimmungen sind, wie es in der Berichterstattung erw\u00e4hnt wurde, seit dem 1. Oktober 2016 in Kraft. Seither wendet die Justiz diese Bestimmungen an. </p>\n<p>Um zu beurteilen, ob die neuen Bestimmungen nach so kurzer Zeit schon ge\u00e4ndert werden m\u00fcssen, ist es unerl\u00e4sslich zu wissen, wie sich die Justizpraxis entwickelt. Dazu k\u00f6nnen wir auf Statistiken und auf die publizierte Rechtsprechung zur\u00fcckgreifen. Zurzeit haben wir allerdings noch wenig verl\u00e4ssliche Informationen dazu oder, wie es Nationalrat Brand gesagt hat, noch Anfangsprobleme.</p>\n<p>Das BFS hat zwar im Sommer 2018 im Rahmen der Strafurteilsstatistik erste Zahlen zur Landesverweisung publiziert, die Statistik st\u00fctzt sich aber auf Urteile, die im Jahre 2017 rechtskr\u00e4ftig geworden und im Strafregister eingetragen worden sind. Das ist ein relativ kleines Zeitfenster. Die Urteile, die 2017 rechtskr\u00e4ftig wurden, betreffen n\u00e4mlich zu einem grossen Teil Straftaten, die noch vor dem Inkrafttreten der neuen Bestimmungen \u00fcber die Landesverweisung begangen worden sind, sodass die Gerichte in diesen F\u00e4llen keine Landesverweisung anordnen durften. Ferner ist zu ber\u00fccksichtigen, [PAGE 14] dass im Jahre 2017 begangene Straftaten zu einem grossen Teil nicht im selben Jahr rechtskr\u00e4ftig beurteilt werden konnten, sondern erst 2018 oder bei schweren F\u00e4llen noch sp\u00e4ter. </p>\n<p>Das heisst also, dass wir in einer \u00dcbergangs- und Aufbauphase sind. Es wird sicherlich - da hat Herr Barrile als Sprecher der Minderheit Recht - noch zwei oder drei Jahre dauern, bis verl\u00e4ssliche Zahlen \u00fcber die Landesverweisungen vorliegen. Auch die ersten Entscheide des Bundesgerichtes lassen noch keine definitiven Schl\u00fcsse zu. </p>\n<p>Immerhin kann man schon jetzt die Bef\u00fcrchtung entkr\u00e4ften, dass das Freiz\u00fcgigkeitsabkommen die Landesverweisung gegen\u00fcber EU-B\u00fcrgern verunm\u00f6glichen w\u00fcrde. Es ist erw\u00e4hnenswert, dass im Jahre 2017 trotz Freiz\u00fcgigkeitsabkommen gegen 288 EU-B\u00fcrger eine obligatorische Landesverweisung angeordnet wurde. Dies entspricht rund einem Drittel aller obligatorischen Landesverweisungen, die im Jahre 2017 rechtskr\u00e4ftig ausgesprochen wurden. Auch zur Anwendung der H\u00e4rtefallklausel kann man aus der Rechtsprechung noch keine definitiven Schl\u00fcsse ziehen; das Bundesgericht ist bislang erst in einem Fall zum Schluss gekommen, die Voraussetzungen zur Anwendung der H\u00e4rtefallklausel seien erf\u00fcllt. Im betreffenden Fall handelt es sich allerdings um eine Person, die in der Schweiz geboren wurde und immer hier gelebt hat. Diesem Umstand ist gem\u00e4ss Gesetz ja speziell Rechnung zu tragen. </p>\n<p>Es sollen also nicht vorschnell Anpassungen vorgenommen werden. Der Bundesrat ist aber trotzdem der Meinung, dass die Motion angenommen werden kann. Sollte sich n\u00e4mlich abzeichnen, dass der Wille des Gesetzgebers nicht umgesetzt wird, ist der Bundesrat bereit, geeignete Massnahmen vorzuschlagen. Der Wortlaut der Motion l\u00e4sst aus Sicht des Bundesrates gen\u00fcgend Raum, um auch strafprozessuale oder materiell-rechtliche \u00c4nderungen vorzunehmen.</p>\n<p>Ich m\u00f6chte Sie deshalb bitten, die Motion anzunehmen.</p>\n</pd_text>","MeetingCouncilAbbreviation":"N","MeetingDate":"20190304","MeetingVerbalixOid":3095,"IdSession":"5016","SpeakerFirstName":"Karin","SpeakerLastName":"Keller-Sutter","SpeakerFullName":"Keller-Sutter Karin","SpeakerFunction":"BR-F","CouncilId":99,"CouncilName":"Bundesrat","CantonId":17,"CantonName":"St. Gallen","CantonAbbreviation":"SG","ParlGroupName":null,"ParlGroupAbbreviation":null,"SortOrder":5,"Start":"\/Date(1551716938990)\/","End":"\/Date(1551717175109)\/","Function":"BR-F","DisplaySpeaker":true,"LanguageOfText":"DE","Modified":"\/Date(1774877197293)\/","StartTimeWithTimezone":"\/Date(1551716938990+0060)\/","EndTimeWithTimezone":"\/Date(1551717175110+0060)\/","VoteBusinessNumber":null,"VoteBusinessShortNumber":null,"VoteBusinessTitle":null},{"__metadata":{"id":"https://ws.parlament.ch/OData.svc/Transcript(ID=240571L,Language='DE')","uri":"https://ws.parlament.ch/OData.svc/Transcript(ID=240571L,Language='DE')","type":"itsystems.Pd.DataServices.DataModel.Transcript"},"Subjects":{"__deferred":{"uri":"https://ws.parlament.ch/OData.svc/Transcript(ID=240571L,Language='DE')/Subjects"}},"MembersCouncil":{"__deferred":{"uri":"https://ws.parlament.ch/OData.svc/Transcript(ID=240571L,Language='DE')/MembersCouncil"}},"Businesses":{"__deferred":{"uri":"https://ws.parlament.ch/OData.svc/Transcript(ID=240571L,Language='DE')/Businesses"}},"ID":"240571","Language":"DE","IdSubject":"45315","VoteId":null,"PersonNumber":4067,"Type":1,"Text":"<pd_text><p>Wir haben es vorliegend mit einer Motion zu tun, welche einen konsequenten Vollzug der Landesverweisungen anstrebt. Sie will mit anderen Worten eine Revision des Strafgesetzbuches oder der Strafprozessordnung. Dem Motion\u00e4r geht es darum, eine konsequente Durchsetzung der Landesverweisung - so, wie sie eben mit der Ausschaffungs-Initiative angestrebt worden ist - zu realisieren. Oder anders ausgedr\u00fcckt: Es soll kein Verzicht auf das Aussprechen der Landesverweisung aus Opportunit\u00e4tsgr\u00fcnden stattfinden bzw. m\u00f6glich sein. Die H\u00e4rtefallklausel soll nach Auffassung des Motion\u00e4rs sehr restriktiv ausgelegt werden. Insbesondere soll nach Auffassung des Motion\u00e4rs nicht aus Opportunit\u00e4tsgr\u00fcnden auf das Strafbefehlsverfahren ausgewichen werden, weil im Strafbefehlsverfahren die Landesverweisung nicht ausgesprochen werden kann.</p>\n<p>Der St\u00e4nderat hat die Motion angenommen. Der Bundesrat beantragt Ihnen, die Motion anzunehmen; ebenso beantragt Ihnen die vorberatende Staatspolitische Kommission des Nationalrates mit 17 zu 7 Stimmen die Annahme der Motion.</p>\n<p>Bei der Umsetzung dieser Motion gibt es indessen noch gewisse praktische Schwierigkeiten bzw. Anfangsprobleme. Bekanntermassen ist das neue Recht zur Umsetzung der Ausschaffungs-Initiative am 1. Oktober 2016 in Kraft getreten. Das neue Recht beschl\u00e4gt mithin nur Sachverhalte bzw. Delikte, welche nach dem 1. Oktober 2016 begangen worden sind. Aufgrund dieser zeitlichen Koinzidenz k\u00f6nnen Sie schliessen, dass bis heute noch kaum Straftatbest\u00e4nde vorliegen, welche aufgrund des neuen Rechts rechtskr\u00e4ftig beurteilt wurden oder beurteilt werden k\u00f6nnen. Es mag durchaus einzelne F\u00e4lle geben, aber aufgrund der Summe der F\u00e4lle l\u00e4sst sich zumindest zum heutigen Zeitpunkt kein stringentes Urteil \u00fcber die Anwendbarkeit der neuen Bestimmungen f\u00e4llen.</p>\n<p>Trotzdem: Auch wenn bis heute noch kaum Verurteilungen vorliegen, hat die Kommission entschieden, diese Motion gutzuheissen, und zwar, weil sie mit ihrem Entscheid zum Ausdruck bringen will, dass ihr die konsequente Durchsetzung des neuen Rechts ebenfalls ein grosses Anliegen ist. Die Kommission hat in ihren Beratungen auch klar festgehalten, dass sie einen Verzicht auf die Aussprechung der Landesverweisung alleine aus Opportunit\u00e4tsgr\u00fcnden, weil es [PAGE 13] verfahrensm\u00e4ssig einfacher w\u00e4re, nicht hinnehmen will bzw. nicht zu akzeptieren bereit ist.</p>\n<p>Die Kommission will ihren Entscheid auch als ausdr\u00fcckliches Signal an die Verwaltung verstanden wissen, und zwar zum einen an die Statistikverantwortlichen: Die Kommission ist der Auffassung, dass die statistischen Grundlagen verbessert werden m\u00fcssen, damit sich die Anwendbarkeit bzw. die Anwendung des neuen Rechts besser beurteilen l\u00e4sst. Zum andern ist dieser Entscheid auch als Signal an die Konferenz der Staatsanw\u00e4lte zu verstehen, welche damit erkennen soll, dass die Kommission eine m\u00f6glichst konsequente Umsetzung des neuen Rechts anstrebt. Insbesondere - und ich wiederhole mich hier nochmals - soll nicht auf die Landesverweisung verzichtet werden, nur weil das Strafbefehlsverfahren eine einfachere, eine schnellere Beurteilung der Sachverhalte zul\u00e4sst, dieses aber die Aussprechung der Landesverweisung nicht erm\u00f6glicht.</p>\n<p>Ich m\u00f6chte Ihnen deshalb im Namen der Kommission beantragen, der Motion M\u00fcller Philipp zuzustimmen.</p>\n</pd_text>","MeetingCouncilAbbreviation":"N","MeetingDate":"20190304","MeetingVerbalixOid":3095,"IdSession":"5016","SpeakerFirstName":"Heinz","SpeakerLastName":"Brand","SpeakerFullName":"Brand Heinz","SpeakerFunction":"2VP-M","CouncilId":1,"CouncilName":"Nationalrat","CantonId":18,"CantonName":"Graub\u00fcnden","CantonAbbreviation":"GR","ParlGroupName":"Fraktion der Schweizerischen Volkspartei","ParlGroupAbbreviation":"V","SortOrder":2,"Start":"\/Date(1551716172537)\/","End":"\/Date(1551716478359)\/","Function":"*","DisplaySpeaker":true,"LanguageOfText":"DE","Modified":"\/Date(1774877197278)\/","StartTimeWithTimezone":"\/Date(1551716172537+0060)\/","EndTimeWithTimezone":"\/Date(1551716478360+0060)\/","VoteBusinessNumber":null,"VoteBusinessShortNumber":null,"VoteBusinessTitle":null},{"__metadata":{"id":"https://ws.parlament.ch/OData.svc/Transcript(ID=240572L,Language='DE')","uri":"https://ws.parlament.ch/OData.svc/Transcript(ID=240572L,Language='DE')","type":"itsystems.Pd.DataServices.DataModel.Transcript"},"Subjects":{"__deferred":{"uri":"https://ws.parlament.ch/OData.svc/Transcript(ID=240572L,Language='DE')/Subjects"}},"MembersCouncil":{"__deferred":{"uri":"https://ws.parlament.ch/OData.svc/Transcript(ID=240572L,Language='DE')/MembersCouncil"}},"Businesses":{"__deferred":{"uri":"https://ws.parlament.ch/OData.svc/Transcript(ID=240572L,Language='DE')/Businesses"}},"ID":"240572","Language":"DE","IdSubject":"45315","VoteId":null,"PersonNumber":4203,"Type":1,"Text":"<pd_text><p>Im Namen der Kommissionsminderheit bitte ich Sie um Ablehnung dieser Motion. Sie verlangt, wie wir geh\u00f6rt haben, die Bestimmungen \u00fcber die strafrechtliche Landesverweisung anzupassen. Sie haben wie ich die Stellungnahme des Bundesrates gelesen. Wir haben auch die Argumente der Kommissionssprecher geh\u00f6rt. Ich war \u00fcberrascht, denn die Argumente der Landesregierung selber sprechen f\u00fcr eine Ablehnung der Motion. Am Schluss steht aber: \"Der Bundesrat beantragt die Annahme der Motion.\" Da habe ich mich automatisch gefragt: Nimmt der Bundesrat die eigenen Argumente nicht ernst? Oder scheut er die Diskussion und macht es sich bequem, indem er eine Motion zur Annahme empfiehlt, obwohl er dagegen ist? </p>\n<p>Es geht ja um die Umsetzung der Ausschaffungs-Initiative. Wie wir geh\u00f6rt haben, ist sie erst seit Oktober 2016 in Kraft. Die aktuell vorhandenen Zahlen des letzten Sommers sind noch nicht verl\u00e4sslich. Sie beziehen sich auf Straftaten, die fr\u00fcher begangen wurden, also vor dem Inkrafttreten. Wir befinden uns, wie es auch der Bundesrat sagt, in einer \u00dcbergangs- und Aufbauphase. Erst die Statistik im Jahr 2020 wird zuverl\u00e4ssige Zahlen liefern. Diejenigen, die wir letztes Jahr bekommen haben, sind, wie ich gesagt habe, noch nicht zuverl\u00e4ssig und beziehen sich auf Straftaten vor der Inkraftsetzung der aktuellen Bestimmungen. So k\u00f6nnen wir eigentlich noch nicht sagen, ob die Ausschaffungs-Initiative auch so umgesetzt wird wie gedacht. </p>\n<p>Der Motion\u00e4r geht davon aus und behauptet auch, es sei so, dass die Umsetzung nicht dem Willen des Gesetzgebers entspreche. Das wissen wir gar nicht. Es geht, wie wir von Kommissionssprecher Brand geh\u00f6rt haben, nicht darum, ein Zeichen zu setzen. Die Motion sieht Handlungsbedarf, sie verlangt vom Bundesrat, dass die Umsetzung angepasst wird. Aber wir h\u00f6ren, es sei zu fr\u00fch, die Zahlen seien noch nicht zuverl\u00e4ssig, also w\u00e4re das eine Gesetzgebung auf Vorrat. Das passt hier nicht hin. Wir m\u00fcssen konsequenterweise feststellen: Die Motion kommt zu fr\u00fch. Sie basiert auf falschen und nicht zuverl\u00e4ssigen Zahlen und verlangt Handeln, wo kein Handlungsbedarf besteht.</p>\n<p>Deshalb: Seien Sie konsequent, folgen Sie der Argumentation des Bundesrates, nicht aber seiner Empfehlung, und lehnen Sie mit mir diese Motion ab. </p>\n</pd_text>","MeetingCouncilAbbreviation":"N","MeetingDate":"20190304","MeetingVerbalixOid":3095,"IdSession":"5016","SpeakerFirstName":"Angelo","SpeakerLastName":"Barrile","SpeakerFullName":"Barrile Angelo","SpeakerFunction":"Mit-M","CouncilId":1,"CouncilName":"Nationalrat","CantonId":1,"CantonName":"Z\u00fcrich","CantonAbbreviation":"ZH","ParlGroupName":"Sozialdemokratische Fraktion","ParlGroupAbbreviation":"S","SortOrder":4,"Start":"\/Date(1551716759372)\/","End":"\/Date(1551716938990)\/","Function":"Mit-M","DisplaySpeaker":true,"LanguageOfText":"DE","Modified":"\/Date(1774877197289)\/","StartTimeWithTimezone":"\/Date(1551716759373+0060)\/","EndTimeWithTimezone":"\/Date(1551716938990+0060)\/","VoteBusinessNumber":null,"VoteBusinessShortNumber":null,"VoteBusinessTitle":null},{"__metadata":{"id":"https://ws.parlament.ch/OData.svc/Transcript(ID=240631L,Language='DE')","uri":"https://ws.parlament.ch/OData.svc/Transcript(ID=240631L,Language='DE')","type":"itsystems.Pd.DataServices.DataModel.Transcript"},"Subjects":{"__deferred":{"uri":"https://ws.parlament.ch/OData.svc/Transcript(ID=240631L,Language='DE')/Subjects"}},"MembersCouncil":{"__deferred":{"uri":"https://ws.parlament.ch/OData.svc/Transcript(ID=240631L,Language='DE')/MembersCouncil"}},"Businesses":{"__deferred":{"uri":"https://ws.parlament.ch/OData.svc/Transcript(ID=240631L,Language='DE')/Businesses"}},"ID":"240631","Language":"DE","IdSubject":"45315","VoteId":null,"PersonNumber":3830,"Type":1,"Text":"<pd_text><p><b>La presidente</b> (Carobbio Guscetti Marina, presidente): La maggioranza della commissione propone di accogliere la mozione. La minoranza Barrile propone di respingerla.</p>\n</pd_text>","MeetingCouncilAbbreviation":"N","MeetingDate":"20190304","MeetingVerbalixOid":3095,"IdSession":"5016","SpeakerFirstName":"Marina","SpeakerLastName":"Carobbio Guscetti","SpeakerFullName":"Carobbio Guscetti Marina","SpeakerFunction":"P-F","CouncilId":1,"CouncilName":"Nationalrat","CantonId":27,"CantonName":"Tessin","CantonAbbreviation":"TI","ParlGroupName":"Sozialdemokratische Fraktion","ParlGroupAbbreviation":"S","SortOrder":6,"Start":"\/Date(1551717175109)\/","End":"\/Date(1551717216004)\/","Function":"P-F","DisplaySpeaker":false,"LanguageOfText":null,"Modified":"\/Date(1774877197295)\/","StartTimeWithTimezone":"\/Date(1551717175110+0060)\/","EndTimeWithTimezone":"\/Date(1551717216003+0060)\/","VoteBusinessNumber":null,"VoteBusinessShortNumber":null,"VoteBusinessTitle":null},{"__metadata":{"id":"https://ws.parlament.ch/OData.svc/Transcript(ID=240644L,Language='DE')","uri":"https://ws.parlament.ch/OData.svc/Transcript(ID=240644L,Language='DE')","type":"itsystems.Pd.DataServices.DataModel.Transcript"},"Subjects":{"__deferred":{"uri":"https://ws.parlament.ch/OData.svc/Transcript(ID=240644L,Language='DE')/Subjects"}},"MembersCouncil":{"__deferred":{"uri":"https://ws.parlament.ch/OData.svc/Transcript(ID=240644L,Language='DE')/MembersCouncil"}},"Businesses":{"__deferred":{"uri":"https://ws.parlament.ch/OData.svc/Transcript(ID=240644L,Language='DE')/Businesses"}},"ID":"240644","Language":"DE","IdSubject":"45315","VoteId":null,"PersonNumber":4073,"Type":1,"Text":"<pd_text><p>La Commissione delle istituzioni politiche ha trattato quest'oggetto nella sua seduta del 21 febbraio e ha accolto la mozione con 17 voti contro 7. </p>\n<p>La mozione presentata dal consigliere agli Stati Philipp M\u00fcller e accolta all'unanimit\u00e0 in Consiglio degli Stati il 19 settembre 2018 chiede al Consiglio federale di adeguare le disposizioni sull'espulsione giudiziaria eliminando gli attuali incentivi ad applicare la clausola dei casi di rigore per motivi di economia procedurale e a rinunciare quindi all'espulsione. </p>\n<p>Il 1 ottobre 2016 sono entrate in vigore le nuove disposizioni sull'espulsione dei criminali stranieri, votate dal popolo svizzero nel 2010. Da questa data determinati reati elencati nel catalogo implicano un'espulsione giudiziaria obbligatoria da cui si pu\u00f2 derogare soltanto in via eccezionale, applicando la cosiddetta clausola dei casi di rigore. L'espulsione giudiziaria dev'essere disposta dal giudice penale. La procedura del decreto di accusa \u00e8 esclusa. Tuttavia nella prassi, la procedura del decreto di accusa \u00e8 utilizzata quando si intende applicare la clausola dei casi di rigore per un reato contemplato dal catalogo e quindi rinunciare all'espulsione. Cos\u00ec facendo, si rischia di indebolire l'intenzione e la volont\u00e0 del legislatore che permette la rinuncia all'espulsione soltanto - lo sottolineo - in casi eccezionali e non per meri pretesti di economia procedurale. </p>\n<p>L'autore della mozione chiede che una possibile soluzione potrebbe ad esempio prevedere che i titolari di un permesso di soggiorno accusati di un reato contemplato dal catalogo debbano essere sempre giudicati da un giudice penale, a prescindere dal fatto che venga pronunciato l'espulsione giudiziaria o sia applicata la clausola dei casi di rigore. Invece nel caso di persone senza permesso di soggiorno, si potrebbe permettere di pronunciare l'espulsione anche nel quadro della procedura del decreto di accusa.</p>\n<p>L'ufficio federale di statistica ha pubblicato il 4 giugno dell'anno scorso le prime cifre sulla nuova espulsione giudiziaria di stranieri che hanno commesso reati. La statistica si fonda su sentenze passate in giudicato nel 2017 e iscritte nel casellario giudiziale, ma che riguardano per lo pi\u00f9 reati giudicati secondo il vecchio diritto.</p>\n<p>Prima che le nuove disposizioni sull'espulsione giudiziaria obbligatoria avranno un impatto sul numero di sentenze, si dovr\u00e0 aspettare verosimilmente ancora qualche anno. La consigliera federale Simonetta Sommaruga, responsabile fino alla fine del 2018 del Dipartimento federale di giustizia e polizia, durante il dibattito in Consiglio degli Stati ha detto:</p>\n<p>\"Man kann versuchen, mit solchen Fragen Politik zu machen, aber ich glaube, es ist unsere Verantwortung, auch der Bev\u00f6lkerung, die ja abgestimmt hat, die vielleicht bestimmte Vorstellungen hat, einfach transparent zu sagen: Die neue Regelung f\u00fcr Ausschaffungen gilt erst f\u00fcr F\u00e4lle, die nach dem Oktober 2016 geschehen sind; dann werden sie aufgrund der neuen Gesetzgebung beurteilt, und das braucht seine Zeit.</p>\n<p>Es war sicher schwierig, diese Zahlen jetzt schon in diesem Sommer zu kommunizieren. Aber ich glaube, mit dieser Motion k\u00f6nnen wir ein bisschen Ordnung schaffen, ein bisschen Ordnung in den Prozess hineinbringen. In diesem Sinne ist der Bundesrat bereit, die Motion umzusetzen.\" (AB 2018 S 703)</p>\n<p>Si tratta quindi proprio di ordine e di responsabilit\u00e0 nei confronti del popolo svizzero, del legislatore, che ha deciso che gli autori di reati cittadini stranieri vadano espulsi dal nostro Paese. </p>\n<p>Per questo motivo vi invito a seguire la decisione della Commissione delle istituzioni politiche la quale con 17 voti contro 7 propone di accogliere la mozione.</p>\n</pd_text>","MeetingCouncilAbbreviation":"N","MeetingDate":"20190304","MeetingVerbalixOid":3095,"IdSession":"5016","SpeakerFirstName":"Roberta","SpeakerLastName":"Pantani","SpeakerFullName":"Pantani Roberta","SpeakerFunction":"Mit-F","CouncilId":1,"CouncilName":"Nationalrat","CantonId":27,"CantonName":"Tessin","CantonAbbreviation":"TI","ParlGroupName":"Fraktion der Schweizerischen Volkspartei","ParlGroupAbbreviation":"V","SortOrder":3,"Start":"\/Date(1551716478359)\/","End":"\/Date(1551716759372)\/","Function":"*","DisplaySpeaker":true,"LanguageOfText":"IT","Modified":"\/Date(1774877197285)\/","StartTimeWithTimezone":"\/Date(1551716478360+0060)\/","EndTimeWithTimezone":"\/Date(1551716759373+0060)\/","VoteBusinessNumber":null,"VoteBusinessShortNumber":null,"VoteBusinessTitle":null}]},"ID":"45315","Language":"DE","IdMeeting":"4152","VerbalixOid":583175,"SortOrder":6,"Modified":"\/Date(1774877197272)\/"}}