{"d":{"__metadata":{"id":"https://ws.parlament.ch/OData.svc/Subject(ID=45544L,Language='DE')","uri":"https://ws.parlament.ch/OData.svc/Subject(ID=45544L,Language='DE')","type":"itsystems.Pd.DataServices.DataModel.Subject"},"Meetings":{"__metadata":{"id":"https://ws.parlament.ch/OData.svc/Meeting(ID=4164L,Language='DE')","uri":"https://ws.parlament.ch/OData.svc/Meeting(ID=4164L,Language='DE')","type":"itsystems.Pd.DataServices.DataModel.Meeting"},"Sessions":{"__deferred":{"uri":"https://ws.parlament.ch/OData.svc/Meeting(ID=4164L,Language='DE')/Sessions"}},"Subjects":{"__deferred":{"uri":"https://ws.parlament.ch/OData.svc/Meeting(ID=4164L,Language='DE')/Subjects"}},"ID":"4164","Language":"DE","MeetingNumber":6,"IdSession":5016,"SessionNumber":16,"SessionName":"Fr\u00fchjahrssession 2019","Council":2,"CouncilName":"St\u00e4nderat","CouncilAbbreviation":"SR","Date":"\/Date(1552348800000)\/","Begin":"0815","Modified":"\/Date(1553849786970)\/","LegislativePeriodNumber":50,"PublicationStatus":"final","MeetingOrderText":"Sechste Sitzung","SortOrder":6,"Location":"S"},"SubjectsBusiness":{"results":[{"__metadata":{"id":"https://ws.parlament.ch/OData.svc/SubjectBusiness(BusinessNumber=20160077,IdSubject=45544L,Language='DE')","uri":"https://ws.parlament.ch/OData.svc/SubjectBusiness(BusinessNumber=20160077,IdSubject=45544L,Language='DE')","type":"itsystems.Pd.DataServices.DataModel.SubjectBusiness"},"Subjects":{"__deferred":{"uri":"https://ws.parlament.ch/OData.svc/SubjectBusiness(BusinessNumber=20160077,IdSubject=45544L,Language='DE')/Subjects"}},"Businesses":{"__deferred":{"uri":"https://ws.parlament.ch/OData.svc/SubjectBusiness(BusinessNumber=20160077,IdSubject=45544L,Language='DE')/Businesses"}},"IdSubject":"45544","BusinessNumber":20160077,"Language":"DE","BusinessShortNumber":"16.077","Title":"OR. Aktienrecht","SortOrder":1,"PublishedNotes":"Fortsetzung - Suite\n","Modified":"\/Date(1552552234433)\/","TitleDE":"OR. Aktienrecht","TitleFR":"CO. Droit de la soci\u00e9t\u00e9 anonyme","TitleIT":null}]},"Transcripts":{"results":[{"__metadata":{"id":"https://ws.parlament.ch/OData.svc/Transcript(ID=242084L,Language='DE')","uri":"https://ws.parlament.ch/OData.svc/Transcript(ID=242084L,Language='DE')","type":"itsystems.Pd.DataServices.DataModel.Transcript"},"Subjects":{"__deferred":{"uri":"https://ws.parlament.ch/OData.svc/Transcript(ID=242084L,Language='DE')/Subjects"}},"MembersCouncil":{"__deferred":{"uri":"https://ws.parlament.ch/OData.svc/Transcript(ID=242084L,Language='DE')/MembersCouncil"}},"Businesses":{"__deferred":{"uri":"https://ws.parlament.ch/OData.svc/Transcript(ID=242084L,Language='DE')/Businesses"}},"ID":"242084","Language":"DE","IdSubject":"45544","VoteId":null,"PersonNumber":3915,"Type":1,"Text":"<pd_text><p><b>2.</b>[NB]<b>Obligationenrecht (indirekter Gegenentwurf zur Volksinitiative \"f\u00fcr verantwortungsvolle Unternehmen - zum Schutz von Mensch und Umwelt\")</b></p>\n<p><b>2.</b>[NB]<b>Code des obligations (contre-projet indirect \u00e0 l'initiative populaire \"Entreprises responsables - pour prot\u00e9ger l'\u00eatre humain et l'environnement\")</b></p>\n<p>[VS]</p>\n<p><i>Antrag der Kommission </i>[GZ]</p>\n<p>Eintreten</p>\n<p>[VS]</p>\n<p><i>Antrag Noser</i>[GZ]</p>\n<p>Nichteintreten</p>\n<p>[VS]</p>\n<p><i>Proposition de la commission </i>[GZ]</p>\n<p>Entrer en mati\u00e8re</p>\n<p>[VS]</p>\n<p><i>Proposition Noser</i>[GZ]</p>\n<p>Ne pas entrer en mati\u00e8re</p>\n</pd_text>","MeetingCouncilAbbreviation":"S","MeetingDate":"20190312","MeetingVerbalixOid":3107,"IdSession":"5016","SpeakerFirstName":"Jean-Ren\u00e9","SpeakerLastName":"Fournier","SpeakerFullName":"Fournier Jean-Ren\u00e9","SpeakerFunction":"P-M","CouncilId":2,"CouncilName":"St\u00e4nderat","CantonId":23,"CantonName":"Wallis","CantonAbbreviation":"VS","ParlGroupName":"CVP-Fraktion","ParlGroupAbbreviation":"M-E","SortOrder":1,"Start":"\/Date(1552392160350)\/","End":"\/Date(1552392192680)\/","Function":"P-M","DisplaySpeaker":false,"LanguageOfText":null,"Modified":"\/Date(1741855952580)\/","StartTimeWithTimezone":"\/Date(1552392160350+0060)\/","EndTimeWithTimezone":"\/Date(1552392192680+0060)\/","VoteBusinessNumber":null,"VoteBusinessShortNumber":null,"VoteBusinessTitle":null},{"__metadata":{"id":"https://ws.parlament.ch/OData.svc/Transcript(ID=242087L,Language='DE')","uri":"https://ws.parlament.ch/OData.svc/Transcript(ID=242087L,Language='DE')","type":"itsystems.Pd.DataServices.DataModel.Transcript"},"Subjects":{"__deferred":{"uri":"https://ws.parlament.ch/OData.svc/Transcript(ID=242087L,Language='DE')/Subjects"}},"MembersCouncil":{"__deferred":{"uri":"https://ws.parlament.ch/OData.svc/Transcript(ID=242087L,Language='DE')/MembersCouncil"}},"Businesses":{"__deferred":{"uri":"https://ws.parlament.ch/OData.svc/Transcript(ID=242087L,Language='DE')/Businesses"}},"ID":"242087","Language":"DE","IdSubject":"45544","VoteId":"2827","PersonNumber":null,"Type":2,"Text":"<pd_text><p><i>Abstimmung - Vote </i>[GZ]</p>\n<p>F\u00fcr Eintreten ... 20 Stimmen [GZ]</p>\n<p>Dagegen ... 22 Stimmen [GZ]</p>\n<p>(0 Enthaltungen)</p>\n<p>[VS]</p>\n<p><b>Le pr\u00e9sident</b> (Fournier Jean-Ren\u00e9, pr\u00e9sident): L'objet retourne donc au Conseil national.</p>\n</pd_text>","MeetingCouncilAbbreviation":"S","MeetingDate":"20190312","MeetingVerbalixOid":3107,"IdSession":"5016","SpeakerFirstName":null,"SpeakerLastName":null,"SpeakerFullName":"","SpeakerFunction":null,"CouncilId":null,"CouncilName":null,"CantonId":null,"CantonName":null,"CantonAbbreviation":null,"ParlGroupName":null,"ParlGroupAbbreviation":null,"SortOrder":2,"Start":"\/Date(1552392192680)\/","End":"\/Date(1552392237060)\/","Function":null,"DisplaySpeaker":null,"LanguageOfText":null,"Modified":"\/Date(1741855952597)\/","StartTimeWithTimezone":"\/Date(1552392192680+0060)\/","EndTimeWithTimezone":"\/Date(1552392237060+0060)\/","VoteBusinessNumber":20160077,"VoteBusinessShortNumber":"16.077","VoteBusinessTitle":"OR. Aktienrecht"}]},"ID":"45544","Language":"DE","IdMeeting":"4164","VerbalixOid":585597,"SortOrder":5,"Modified":"\/Date(1741855952580)\/"}}