{"d":{"__metadata":{"id":"https://ws.parlament.ch/OData.svc/Subject(ID=45651L,Language='DE')","uri":"https://ws.parlament.ch/OData.svc/Subject(ID=45651L,Language='DE')","type":"itsystems.Pd.DataServices.DataModel.Subject"},"Meetings":{"__metadata":{"id":"https://ws.parlament.ch/OData.svc/Meeting(ID=4170L,Language='DE')","uri":"https://ws.parlament.ch/OData.svc/Meeting(ID=4170L,Language='DE')","type":"itsystems.Pd.DataServices.DataModel.Meeting"},"Sessions":{"__deferred":{"uri":"https://ws.parlament.ch/OData.svc/Meeting(ID=4170L,Language='DE')/Sessions"}},"Subjects":{"__deferred":{"uri":"https://ws.parlament.ch/OData.svc/Meeting(ID=4170L,Language='DE')/Subjects"}},"ID":"4170","Language":"DE","MeetingNumber":8,"IdSession":5016,"SessionNumber":16,"SessionName":"Fr\u00fchjahrssession 2019","Council":2,"CouncilName":"St\u00e4nderat","CouncilAbbreviation":"SR","Date":"\/Date(1552867200000)\/","Begin":"1515","Modified":"\/Date(1554282733543)\/","LegislativePeriodNumber":50,"PublicationStatus":"final","MeetingOrderText":"Achte Sitzung","SortOrder":8,"Location":"S"},"SubjectsBusiness":{"results":[{"__metadata":{"id":"https://ws.parlament.ch/OData.svc/SubjectBusiness(BusinessNumber=20184151,IdSubject=45651L,Language='DE')","uri":"https://ws.parlament.ch/OData.svc/SubjectBusiness(BusinessNumber=20184151,IdSubject=45651L,Language='DE')","type":"itsystems.Pd.DataServices.DataModel.SubjectBusiness"},"Subjects":{"__deferred":{"uri":"https://ws.parlament.ch/OData.svc/SubjectBusiness(BusinessNumber=20184151,IdSubject=45651L,Language='DE')/Subjects"}},"Businesses":{"__deferred":{"uri":"https://ws.parlament.ch/OData.svc/SubjectBusiness(BusinessNumber=20184151,IdSubject=45651L,Language='DE')/Businesses"}},"IdSubject":"45651","BusinessNumber":20184151,"Language":"DE","BusinessShortNumber":"18.4151","Title":"Anpassung der Perimeter f\u00fcr die Agglomerationsprojekte","SortOrder":1,"PublishedNotes":"Ordnungsantrag - Motion d'ordre\n","Modified":"\/Date(1551899344943)\/","TitleDE":"Motion Bischofberger Ivo.\nAnpassung der Perimeter\nf\u00fcr die Agglomerationsprojekte","TitleFR":"Motion Bischofberger Ivo.\nProjets d'agglom\u00e9ration.\nAdaptation des p\u00e9rim\u00e8tres","TitleIT":null}]},"Transcripts":{"results":[{"__metadata":{"id":"https://ws.parlament.ch/OData.svc/Transcript(ID=242858L,Language='DE')","uri":"https://ws.parlament.ch/OData.svc/Transcript(ID=242858L,Language='DE')","type":"itsystems.Pd.DataServices.DataModel.Transcript"},"Subjects":{"__deferred":{"uri":"https://ws.parlament.ch/OData.svc/Transcript(ID=242858L,Language='DE')/Subjects"}},"MembersCouncil":{"__deferred":{"uri":"https://ws.parlament.ch/OData.svc/Transcript(ID=242858L,Language='DE')/MembersCouncil"}},"Businesses":{"__deferred":{"uri":"https://ws.parlament.ch/OData.svc/Transcript(ID=242858L,Language='DE')/Businesses"}},"ID":"242858","Language":"DE","IdSubject":"45651","VoteId":null,"PersonNumber":3915,"Type":1,"Text":"<pd_text><p><i>Ordnungsantrag Schmid Martin</i>[GZ]</p>\n<p>Zuweisung der Motion 18.4151 an die zust\u00e4ndige Kommission zur Vorpr\u00fcfung.</p>\n<p>[VS]</p>\n<p><i>Motion d'ordre Schmid Martin</i>[GZ]</p>\n<p>Transmettre la motion 18.4151 \u00e0 la commission comp\u00e9tente pour examen pr\u00e9alable.</p>\n</pd_text>","MeetingCouncilAbbreviation":"S","MeetingDate":"20190318","MeetingVerbalixOid":3113,"IdSession":"5016","SpeakerFirstName":"Jean-Ren\u00e9","SpeakerLastName":"Fournier","SpeakerFullName":"Fournier Jean-Ren\u00e9","SpeakerFunction":"P-M","CouncilId":2,"CouncilName":"St\u00e4nderat","CantonId":23,"CantonName":"Wallis","CantonAbbreviation":"VS","ParlGroupName":"CVP-Fraktion","ParlGroupAbbreviation":"M-E","SortOrder":1,"Start":"\/Date(1552927710377)\/","End":"\/Date(1552927735483)\/","Function":"P-M","DisplaySpeaker":false,"LanguageOfText":null,"Modified":"\/Date(1631551712583)\/","StartTimeWithTimezone":"\/Date(1552927710377+0060)\/","EndTimeWithTimezone":"\/Date(1552927735483+0060)\/","VoteBusinessNumber":null,"VoteBusinessShortNumber":null,"VoteBusinessTitle":null},{"__metadata":{"id":"https://ws.parlament.ch/OData.svc/Transcript(ID=242985L,Language='DE')","uri":"https://ws.parlament.ch/OData.svc/Transcript(ID=242985L,Language='DE')","type":"itsystems.Pd.DataServices.DataModel.Transcript"},"Subjects":{"__deferred":{"uri":"https://ws.parlament.ch/OData.svc/Transcript(ID=242985L,Language='DE')/Subjects"}},"MembersCouncil":{"__deferred":{"uri":"https://ws.parlament.ch/OData.svc/Transcript(ID=242985L,Language='DE')/MembersCouncil"}},"Businesses":{"__deferred":{"uri":"https://ws.parlament.ch/OData.svc/Transcript(ID=242985L,Language='DE')/Businesses"}},"ID":"242985","Language":"DE","IdSubject":"45651","VoteId":null,"PersonNumber":3915,"Type":1,"Text":"<pd_text><p><b>Le pr\u00e9sident</b> (Fournier Jean-Ren\u00e9, pr\u00e9sident): C'est le Bureau qui d\u00e9cidera quelle sera la commission comp\u00e9tente pour traiter cet objet, selon son appr\u00e9ciation.[GZ]</p>\n<p>[VS][GZ]</p>\n<p><i>Angenommen gem\u00e4ss Ordnungsantrag Schmid Martin</i>[GZ]</p>\n<p><i>Adopt\u00e9 selon la motion d'ordre Schmid Martin</i></p>\n</pd_text>","MeetingCouncilAbbreviation":"S","MeetingDate":"20190318","MeetingVerbalixOid":3113,"IdSession":"5016","SpeakerFirstName":"Jean-Ren\u00e9","SpeakerLastName":"Fournier","SpeakerFullName":"Fournier Jean-Ren\u00e9","SpeakerFunction":"P-M","CouncilId":2,"CouncilName":"St\u00e4nderat","CantonId":23,"CantonName":"Wallis","CantonAbbreviation":"VS","ParlGroupName":"CVP-Fraktion","ParlGroupAbbreviation":"M-E","SortOrder":6,"Start":"\/Date(1552927980150)\/","End":"\/Date(1552927997237)\/","Function":"P-M","DisplaySpeaker":false,"LanguageOfText":null,"Modified":"\/Date(1631551712583)\/","StartTimeWithTimezone":"\/Date(1552927980150+0060)\/","EndTimeWithTimezone":"\/Date(1552927997237+0060)\/","VoteBusinessNumber":null,"VoteBusinessShortNumber":null,"VoteBusinessTitle":null},{"__metadata":{"id":"https://ws.parlament.ch/OData.svc/Transcript(ID=243036L,Language='DE')","uri":"https://ws.parlament.ch/OData.svc/Transcript(ID=243036L,Language='DE')","type":"itsystems.Pd.DataServices.DataModel.Transcript"},"Subjects":{"__deferred":{"uri":"https://ws.parlament.ch/OData.svc/Transcript(ID=243036L,Language='DE')/Subjects"}},"MembersCouncil":{"__deferred":{"uri":"https://ws.parlament.ch/OData.svc/Transcript(ID=243036L,Language='DE')/MembersCouncil"}},"Businesses":{"__deferred":{"uri":"https://ws.parlament.ch/OData.svc/Transcript(ID=243036L,Language='DE')/Businesses"}},"ID":"243036","Language":"DE","IdSubject":"45651","VoteId":null,"PersonNumber":4078,"Type":1,"Text":"<pd_text><p>Ich beantrage Ihnen, die Motion Bischofberger 18.4151, \"Anpassung der Perimeter f\u00fcr die Agglomerationsprojekte\", der zust\u00e4ndigen Kommission zur Vorpr\u00fcfung zuzuweisen. Ich begr\u00fcnde das wie folgt: </p>\n<p>Die Motion nimmt das Anliegen auf, dass aus Sicht der Kantone im Pr\u00fcfprozess der Agglomerationsprogramme die planerische Koh\u00e4renz des Bundes zu wenig ber\u00fccksichtigt wird. Der Anforderungskatalog des Bundes im Bereich Siedlung orientiert sich n\u00e4mlich ausschliesslich an der statistischen Definition des st\u00e4dtischen Raumes des Bundesamtes f\u00fcr Statistik. Diese greift unter anderem im alpinen Raum zu kurz und ber\u00fccksichtigt oftmals die in den Richtpl\u00e4nen definierten aktuellen funktionalen Zusammenh\u00e4nge ungen\u00fcgend. Mit anderen Worten: Die mit viel Aufwand erarbeiteten planerischen Grundlagen werden durch eine statistische Definition unterlaufen. Dies ist aus Sicht der Betroffenen nicht nur sachwidrig, sondern missachtet auch die kantonalen Kompetenzen in der Raumordnung. </p>\n<p>Der statistische Perimeter soll gem\u00e4ss Motion k\u00fcnftig nicht v\u00f6llig ausser Acht gelassen werden, sondern eine Grundlage unter mehreren f\u00fcr die Definition des Agglomerationsperimeters bilden. F\u00fcr die Kantone - so will es die Motion - muss k\u00fcnftig die M\u00f6glichkeit bestehen, dort Korrekturen vorzunehmen, wo dies aus raumplanerischer Sicht sinnvoll ist. Damit kann die angestrebte Koh\u00e4renz zwischen den kantonalen Richtpl\u00e4nen und den Perimetern der Agglomerationsprogramme sichergestellt werden. </p>\n<p>Der Bundesrat anerkennt denn auch, dass das Anliegen der Motion aus funktionaler Sicht nachvollziehbar ist. Er sagt auch selbst, dass er bereit ist, bei der n\u00e4chsten Revision Vereinfachungen zu pr\u00fcfen. Der Bundesrat erachtete jedoch den in der Motion verbindlich vorgegebenen L\u00f6sungsweg nicht als sachgerecht. </p>\n<p>Durch die Zuweisung der Motion an die Kommission k\u00f6nnen neben der Bundesverwaltung auch die Kantone zu diesem Anliegen angeh\u00f6rt werden. Die Kantone haben umfassende Aufgaben im Bereich der Planung vorzunehmen; deshalb ist es meines Erachtens f\u00fcr unseren Rat zwingend notwendig, auch ihre Meinung in diese Entscheidung einfliessen zu lassen. Optimal kann das nur durch die zust\u00e4ndige Kommission vorbereitet werden, damit wir dann en connaissance de cause einen richtigen Entscheid treffen k\u00f6nnen. </p>\n<p>Ich bitte Sie deshalb, der Zuweisung der Motion an die zust\u00e4ndige Kommission zuzustimmen.</p>\n</pd_text>","MeetingCouncilAbbreviation":"S","MeetingDate":"20190318","MeetingVerbalixOid":3113,"IdSession":"5016","SpeakerFirstName":"Martin","SpeakerLastName":"Schmid","SpeakerFullName":"Schmid Martin","SpeakerFunction":"Mit-M","CouncilId":2,"CouncilName":"St\u00e4nderat","CantonId":18,"CantonName":"Graub\u00fcnden","CantonAbbreviation":"GR","ParlGroupName":"FDP-Liberale Fraktion","ParlGroupAbbreviation":"RL","SortOrder":2,"Start":"\/Date(1552927735483)\/","End":"\/Date(1552927903430)\/","Function":"Mit-M","DisplaySpeaker":true,"LanguageOfText":"DE","Modified":"\/Date(1631551712583)\/","StartTimeWithTimezone":"\/Date(1552927735483+0060)\/","EndTimeWithTimezone":"\/Date(1552927903430+0060)\/","VoteBusinessNumber":null,"VoteBusinessShortNumber":null,"VoteBusinessTitle":null},{"__metadata":{"id":"https://ws.parlament.ch/OData.svc/Transcript(ID=243040L,Language='DE')","uri":"https://ws.parlament.ch/OData.svc/Transcript(ID=243040L,Language='DE')","type":"itsystems.Pd.DataServices.DataModel.Transcript"},"Subjects":{"__deferred":{"uri":"https://ws.parlament.ch/OData.svc/Transcript(ID=243040L,Language='DE')/Subjects"}},"MembersCouncil":{"__deferred":{"uri":"https://ws.parlament.ch/OData.svc/Transcript(ID=243040L,Language='DE')/MembersCouncil"}},"Businesses":{"__deferred":{"uri":"https://ws.parlament.ch/OData.svc/Transcript(ID=243040L,Language='DE')/Businesses"}},"ID":"243040","Language":"DE","IdSubject":"45651","VoteId":null,"PersonNumber":3831,"Type":1,"Text":"<pd_text><p>Ich danke Ihnen vorab, dass Sie das Anliegen der Motion als wichtig beurteilen und jetzt diverse Fragen genauer abkl\u00e4ren wollen. Ich muss Ihnen ehrlich sagen: Nach zw\u00f6lf Jahren in diesem Rat bin ich guter Dinge, dass Sie da eine sinnvolle und zukunftsgerichtete L\u00f6sung finden werden.</p>\n<p>Ich bin mit der \u00dcberweisung an die zust\u00e4ndige Kommission einverstanden.</p>\n</pd_text>","MeetingCouncilAbbreviation":"S","MeetingDate":"20190318","MeetingVerbalixOid":3113,"IdSession":"5016","SpeakerFirstName":"Ivo","SpeakerLastName":"Bischofberger","SpeakerFullName":"Bischofberger Ivo","SpeakerFunction":"Mit-M","CouncilId":2,"CouncilName":"St\u00e4nderat","CantonId":16,"CantonName":"Appenzell I.-Rh.","CantonAbbreviation":"AI","ParlGroupName":"CVP-Fraktion","ParlGroupAbbreviation":"M-E","SortOrder":3,"Start":"\/Date(1552927903430)\/","End":"\/Date(1552927938343)\/","Function":"Mit-M","DisplaySpeaker":true,"LanguageOfText":"DE","Modified":"\/Date(1631551712583)\/","StartTimeWithTimezone":"\/Date(1552927903430+0060)\/","EndTimeWithTimezone":"\/Date(1552927938343+0060)\/","VoteBusinessNumber":null,"VoteBusinessShortNumber":null,"VoteBusinessTitle":null},{"__metadata":{"id":"https://ws.parlament.ch/OData.svc/Transcript(ID=243041L,Language='DE')","uri":"https://ws.parlament.ch/OData.svc/Transcript(ID=243041L,Language='DE')","type":"itsystems.Pd.DataServices.DataModel.Transcript"},"Subjects":{"__deferred":{"uri":"https://ws.parlament.ch/OData.svc/Transcript(ID=243041L,Language='DE')/Subjects"}},"MembersCouncil":{"__deferred":{"uri":"https://ws.parlament.ch/OData.svc/Transcript(ID=243041L,Language='DE')/MembersCouncil"}},"Businesses":{"__deferred":{"uri":"https://ws.parlament.ch/OData.svc/Transcript(ID=243041L,Language='DE')/Businesses"}},"ID":"243041","Language":"DE","IdSubject":"45651","VoteId":null,"PersonNumber":477,"Type":1,"Text":"<pd_text><p>Ich habe eine Frage an Herrn Schmid: Welche Kommission ist zust\u00e4ndig?</p>\n</pd_text>","MeetingCouncilAbbreviation":"S","MeetingDate":"20190318","MeetingVerbalixOid":3113,"IdSession":"5016","SpeakerFirstName":"Claude","SpeakerLastName":"Janiak","SpeakerFullName":"Janiak Claude","SpeakerFunction":"Mit-M","CouncilId":2,"CouncilName":"St\u00e4nderat","CantonId":13,"CantonName":"Basel-Landschaft","CantonAbbreviation":"BL","ParlGroupName":"Sozialdemokratische Fraktion","ParlGroupAbbreviation":"S","SortOrder":4,"Start":"\/Date(1552927938343)\/","End":"\/Date(1552927949527)\/","Function":"Mit-M","DisplaySpeaker":true,"LanguageOfText":"DE","Modified":"\/Date(1631551712583)\/","StartTimeWithTimezone":"\/Date(1552927938343+0060)\/","EndTimeWithTimezone":"\/Date(1552927949527+0060)\/","VoteBusinessNumber":null,"VoteBusinessShortNumber":null,"VoteBusinessTitle":null},{"__metadata":{"id":"https://ws.parlament.ch/OData.svc/Transcript(ID=243045L,Language='DE')","uri":"https://ws.parlament.ch/OData.svc/Transcript(ID=243045L,Language='DE')","type":"itsystems.Pd.DataServices.DataModel.Transcript"},"Subjects":{"__deferred":{"uri":"https://ws.parlament.ch/OData.svc/Transcript(ID=243045L,Language='DE')/Subjects"}},"MembersCouncil":{"__deferred":{"uri":"https://ws.parlament.ch/OData.svc/Transcript(ID=243045L,Language='DE')/MembersCouncil"}},"Businesses":{"__deferred":{"uri":"https://ws.parlament.ch/OData.svc/Transcript(ID=243045L,Language='DE')/Businesses"}},"ID":"243045","Language":"DE","IdSubject":"45651","VoteId":null,"PersonNumber":4078,"Type":1,"Text":"<pd_text><p>Ich habe diese Frage nicht gepr\u00fcft. Aber wenn es rein um die planerischen Bereiche ginge, dann w\u00e4re es die UREK; das w\u00e4re h\u00f6chstwahrscheinlich der richtige Ort. Ich gehe nicht davon aus, dass es die KVF w\u00e4re. Aber das muss noch abgekl\u00e4rt werden. Es geht eben um eine Abstimmung dieser verschiedenen Planungen - das ist gerade das Anliegen. Aber in der Tendenz w\u00fcrde ich von der UREK ausgehen.</p>\n</pd_text>","MeetingCouncilAbbreviation":"S","MeetingDate":"20190318","MeetingVerbalixOid":3113,"IdSession":"5016","SpeakerFirstName":"Martin","SpeakerLastName":"Schmid","SpeakerFullName":"Schmid Martin","SpeakerFunction":"Mit-M","CouncilId":2,"CouncilName":"St\u00e4nderat","CantonId":18,"CantonName":"Graub\u00fcnden","CantonAbbreviation":"GR","ParlGroupName":"FDP-Liberale Fraktion","ParlGroupAbbreviation":"RL","SortOrder":5,"Start":"\/Date(1552927954190)\/","End":"\/Date(1552927980150)\/","Function":"Mit-M","DisplaySpeaker":true,"LanguageOfText":"DE","Modified":"\/Date(1631551712583)\/","StartTimeWithTimezone":"\/Date(1552927954190+0060)\/","EndTimeWithTimezone":"\/Date(1552927980150+0060)\/","VoteBusinessNumber":null,"VoteBusinessShortNumber":null,"VoteBusinessTitle":null}]},"ID":"45651","Language":"DE","IdMeeting":"4170","VerbalixOid":586761,"SortOrder":8,"Modified":"\/Date(1631551712583)\/"}}