{"d":{"__metadata":{"id":"https://ws.parlament.ch/OData.svc/Subject(ID=45743L,Language='DE')","uri":"https://ws.parlament.ch/OData.svc/Subject(ID=45743L,Language='DE')","type":"itsystems.Pd.DataServices.DataModel.Subject"},"Meetings":{"__metadata":{"id":"https://ws.parlament.ch/OData.svc/Meeting(ID=4172L,Language='DE')","uri":"https://ws.parlament.ch/OData.svc/Meeting(ID=4172L,Language='DE')","type":"itsystems.Pd.DataServices.DataModel.Meeting"},"Sessions":{"__deferred":{"uri":"https://ws.parlament.ch/OData.svc/Meeting(ID=4172L,Language='DE')/Sessions"}},"Subjects":{"__deferred":{"uri":"https://ws.parlament.ch/OData.svc/Meeting(ID=4172L,Language='DE')/Subjects"}},"ID":"4172","Language":"DE","MeetingNumber":9,"IdSession":5016,"SessionNumber":16,"SessionName":"Fr\u00fchjahrssession 2019","Council":2,"CouncilName":"St\u00e4nderat","CouncilAbbreviation":"SR","Date":"\/Date(1552953600000)\/","Begin":"0815","Modified":"\/Date(1554295866707)\/","LegislativePeriodNumber":50,"PublicationStatus":"final","MeetingOrderText":"Neunte Sitzung","SortOrder":9,"Location":"S"},"SubjectsBusiness":{"results":[{"__metadata":{"id":"https://ws.parlament.ch/OData.svc/SubjectBusiness(BusinessNumber=20180087,IdSubject=45743L,Language='DE')","uri":"https://ws.parlament.ch/OData.svc/SubjectBusiness(BusinessNumber=20180087,IdSubject=45743L,Language='DE')","type":"itsystems.Pd.DataServices.DataModel.SubjectBusiness"},"Subjects":{"__deferred":{"uri":"https://ws.parlament.ch/OData.svc/SubjectBusiness(BusinessNumber=20180087,IdSubject=45743L,Language='DE')/Subjects"}},"Businesses":{"__deferred":{"uri":"https://ws.parlament.ch/OData.svc/SubjectBusiness(BusinessNumber=20180087,IdSubject=45743L,Language='DE')/Businesses"}},"IdSubject":"45743","BusinessNumber":20180087,"Language":"DE","BusinessShortNumber":"18.087","Title":"Weiterentwicklung des Schengen-Besitzstands. \u00dcbernahme der Rechtsgrundlagen zur Errichtung und Nutzung des Einreise- und Ausreisesystems EES","SortOrder":1,"PublishedNotes":"Erstrat - Premier Conseil\n","Modified":"\/Date(1551169218316)\/","TitleDE":"Weiterentwicklung\ndes Schengen-Besitzstands.\n\u00dcbernahme der Rechtsgrundlagen\nzur Errichtung und Nutzung\ndes Einreise- und Ausreisesystems EES","TitleFR":"D\u00e9veloppement de l'acquis\nde Schengen. Reprise\ndes bases juridiques en vue\nde la cr\u00e9ation et de l'utilisation\ndu syst\u00e8me d'entr\u00e9e et de sortie EES","TitleIT":null}]},"Transcripts":{"results":[{"__metadata":{"id":"https://ws.parlament.ch/OData.svc/Transcript(ID=243122L,Language='DE')","uri":"https://ws.parlament.ch/OData.svc/Transcript(ID=243122L,Language='DE')","type":"itsystems.Pd.DataServices.DataModel.Transcript"},"Subjects":{"__deferred":{"uri":"https://ws.parlament.ch/OData.svc/Transcript(ID=243122L,Language='DE')/Subjects"}},"MembersCouncil":{"__deferred":{"uri":"https://ws.parlament.ch/OData.svc/Transcript(ID=243122L,Language='DE')/MembersCouncil"}},"Businesses":{"__deferred":{"uri":"https://ws.parlament.ch/OData.svc/Transcript(ID=243122L,Language='DE')/Businesses"}},"ID":"243122","Language":"DE","IdSubject":"45743","VoteId":null,"PersonNumber":3915,"Type":1,"Text":"<pd_text><p><i>Eintreten wird ohne Gegenantrag beschlossen </i>[GZ]</p>\n<p><i>L'entr\u00e9e en mati\u00e8re est d\u00e9cid\u00e9e sans opposition</i></p>\n<p>[VS]</p>\n<p>[VS]</p>\n<p><b>1.</b>[NB]<b>Bundesbeschluss \u00fcber die Genehmigung und die Umsetzung der Notenaustausche zwischen der Schweiz und der EU betreffend die \u00dcbernahme der Rechtsgrundlagen zur Errichtung und Nutzung des Einreise- und Ausreisesystems (EES) (Verordnungen [EU] 2017/2226 und 2017/2225) (Weiterentwicklungen des Schengen-Besitzstands)</b></p>\n<p><b>1.</b>[NB]<b>Arr\u00eat\u00e9 f\u00e9d\u00e9ral portant approbation et mise en oeuvre des \u00e9changes de notes entre la Suisse et l'UE concernant la reprise des bases juridiques en vue de la cr\u00e9ation et de l'utilisation du syst\u00e8me d'entr\u00e9e et de sortie (EES) (r\u00e8glements [UE] 2017/2226 et 2017/2225) (D\u00e9veloppements de l'acquis de Schengen)</b>[GZ]</p>\n<p>[VS][GZ]</p>\n<p><i>Detailberatung - Discussion par article </i>[GZ]</p>\n<p>[VS][GZ]</p>\n<p><b>Titel und Ingress, Art. 1, 2</b>[GZ]</p>\n<p><i>Antrag der Kommission </i>[GZ]</p>\n<p>Zustimmung zum Entwurf des Bundesrates</p>\n<p>[VS]</p>\n<p><b>Titre et pr\u00e9ambule, art. 1, 2</b>[GZ]</p>\n<p><i>Proposition de la commission </i>[GZ]</p>\n<p>Adh\u00e9rer au projet du Conseil f\u00e9d\u00e9ral[GZ]</p>\n<p>[VS][GZ]</p>\n<p><i>Angenommen - Adopt\u00e9</i></p>\n<p>[VS]</p>\n<p><b>Art. 3 </b>[GZ]</p>\n<p><i>Antrag der Kommission </i>[GZ]</p>\n<p>Zustimmung zum Entwurf des Bundesrates</p>\n<p><i>Proposition de la commission </i>[GZ]</p>\n<p>Adh\u00e9rer au projet du Conseil f\u00e9d\u00e9ral</p>\n</pd_text>","MeetingCouncilAbbreviation":"S","MeetingDate":"20190319","MeetingVerbalixOid":3115,"IdSession":"5016","SpeakerFirstName":"Jean-Ren\u00e9","SpeakerLastName":"Fournier","SpeakerFullName":"Fournier Jean-Ren\u00e9","SpeakerFunction":"P-M","CouncilId":2,"CouncilName":"St\u00e4nderat","CantonId":23,"CantonName":"Wallis","CantonAbbreviation":"VS","ParlGroupName":"CVP-Fraktion","ParlGroupAbbreviation":"M-E","SortOrder":3,"Start":"\/Date(1552985061757)\/","End":"\/Date(1552985121740)\/","Function":"P-M","DisplaySpeaker":false,"LanguageOfText":null,"Modified":"\/Date(1583219593880)\/","StartTimeWithTimezone":"\/Date(1552985061757+0060)\/","EndTimeWithTimezone":"\/Date(1552985121740+0060)\/","VoteBusinessNumber":null,"VoteBusinessShortNumber":null,"VoteBusinessTitle":null},{"__metadata":{"id":"https://ws.parlament.ch/OData.svc/Transcript(ID=243123L,Language='DE')","uri":"https://ws.parlament.ch/OData.svc/Transcript(ID=243123L,Language='DE')","type":"itsystems.Pd.DataServices.DataModel.Transcript"},"Subjects":{"__deferred":{"uri":"https://ws.parlament.ch/OData.svc/Transcript(ID=243123L,Language='DE')/Subjects"}},"MembersCouncil":{"__deferred":{"uri":"https://ws.parlament.ch/OData.svc/Transcript(ID=243123L,Language='DE')/MembersCouncil"}},"Businesses":{"__deferred":{"uri":"https://ws.parlament.ch/OData.svc/Transcript(ID=243123L,Language='DE')/Businesses"}},"ID":"243123","Language":"DE","IdSubject":"45743","VoteId":"2841","PersonNumber":null,"Type":2,"Text":"<pd_text><p><i>Gesamtabstimmung - Vote sur l'ensemble </i>[GZ]</p>\n<p>[NAM][GZ]</p>\n<p>F\u00fcr Annahme des Entwurfes ... 39 Stimmen [GZ]</p>\n<p>(Einstimmigkeit) [GZ]</p>\n<p>(0 Enthaltungen)</p>\n<p>[VS]</p>\n</pd_text>","MeetingCouncilAbbreviation":"S","MeetingDate":"20190319","MeetingVerbalixOid":3115,"IdSession":"5016","SpeakerFirstName":null,"SpeakerLastName":null,"SpeakerFullName":"","SpeakerFunction":null,"CouncilId":null,"CouncilName":null,"CantonId":null,"CantonName":null,"CantonAbbreviation":null,"ParlGroupName":null,"ParlGroupAbbreviation":null,"SortOrder":8,"Start":"\/Date(1552985202500)\/","End":"\/Date(1552985241797)\/","Function":null,"DisplaySpeaker":null,"LanguageOfText":null,"Modified":"\/Date(1583219593880)\/","StartTimeWithTimezone":"\/Date(1552985202500+0060)\/","EndTimeWithTimezone":"\/Date(1552985241797+0060)\/","VoteBusinessNumber":20180087,"VoteBusinessShortNumber":"18.087","VoteBusinessTitle":"Weiterentwicklung\ndes Schengen-Besitzstands.\n\u00dcbernahme der Rechtsgrundlagen\nzur Errichtung und Nutzung\ndes Einreise- und Ausreisesystems EES"},{"__metadata":{"id":"https://ws.parlament.ch/OData.svc/Transcript(ID=243124L,Language='DE')","uri":"https://ws.parlament.ch/OData.svc/Transcript(ID=243124L,Language='DE')","type":"itsystems.Pd.DataServices.DataModel.Transcript"},"Subjects":{"__deferred":{"uri":"https://ws.parlament.ch/OData.svc/Transcript(ID=243124L,Language='DE')/Subjects"}},"MembersCouncil":{"__deferred":{"uri":"https://ws.parlament.ch/OData.svc/Transcript(ID=243124L,Language='DE')/MembersCouncil"}},"Businesses":{"__deferred":{"uri":"https://ws.parlament.ch/OData.svc/Transcript(ID=243124L,Language='DE')/Businesses"}},"ID":"243124","Language":"DE","IdSubject":"45743","VoteId":"2842","PersonNumber":null,"Type":2,"Text":"<pd_text><p><i>Gesamtabstimmung - Vote sur l'ensemble </i>[GZ]</p>\n<p>[NAM][GZ]</p>\n<p>F\u00fcr Annahme des Entwurfes ... 37 Stimmen [GZ]</p>\n<p>(Einstimmigkeit) [GZ]</p>\n<p>(0 Enthaltungen)</p>\n</pd_text>","MeetingCouncilAbbreviation":"S","MeetingDate":"20190319","MeetingVerbalixOid":3115,"IdSession":"5016","SpeakerFirstName":null,"SpeakerLastName":null,"SpeakerFullName":"","SpeakerFunction":null,"CouncilId":null,"CouncilName":null,"CantonId":null,"CantonName":null,"CantonAbbreviation":null,"ParlGroupName":null,"ParlGroupAbbreviation":null,"SortOrder":10,"Start":"\/Date(1552985323333)\/","End":"\/Date(1552985356723)\/","Function":null,"DisplaySpeaker":null,"LanguageOfText":null,"Modified":"\/Date(1583219593897)\/","StartTimeWithTimezone":"\/Date(1552985323333+0060)\/","EndTimeWithTimezone":"\/Date(1552985356723+0060)\/","VoteBusinessNumber":20180087,"VoteBusinessShortNumber":"18.087","VoteBusinessTitle":"Weiterentwicklung\ndes Schengen-Besitzstands.\n\u00dcbernahme der Rechtsgrundlagen\nzur Errichtung und Nutzung\ndes Einreise- und Ausreisesystems EES"},{"__metadata":{"id":"https://ws.parlament.ch/OData.svc/Transcript(ID=243125L,Language='DE')","uri":"https://ws.parlament.ch/OData.svc/Transcript(ID=243125L,Language='DE')","type":"itsystems.Pd.DataServices.DataModel.Transcript"},"Subjects":{"__deferred":{"uri":"https://ws.parlament.ch/OData.svc/Transcript(ID=243125L,Language='DE')/Subjects"}},"MembersCouncil":{"__deferred":{"uri":"https://ws.parlament.ch/OData.svc/Transcript(ID=243125L,Language='DE')/MembersCouncil"}},"Businesses":{"__deferred":{"uri":"https://ws.parlament.ch/OData.svc/Transcript(ID=243125L,Language='DE')/Businesses"}},"ID":"243125","Language":"DE","IdSubject":"45743","VoteId":null,"PersonNumber":3915,"Type":1,"Text":"<pd_text><p><i>Angenommen - Adopt\u00e9</i></p>\n<p>[VS]</p>\n<p><b>Art. 109a Abs. 1; 120d</b>[GZ]</p>\n<p><i>Antrag der Kommission </i>[GZ]</p>\n<p>Zustimmung zum Entwurf des Bundesrates</p>\n<p>[VS]</p>\n<p><b>Art. 109a al. 1; 120d</b>[GZ]</p>\n<p><i>Proposition de la commission </i>[GZ]</p>\n<p>Adh\u00e9rer au projet du Conseil f\u00e9d\u00e9ral[GZ]</p>\n<p>[VS][GZ]</p>\n<p><i>Angenommen - Adopt\u00e9</i></p>\n</pd_text>","MeetingCouncilAbbreviation":"S","MeetingDate":"20190319","MeetingVerbalixOid":3115,"IdSession":"5016","SpeakerFirstName":"Jean-Ren\u00e9","SpeakerLastName":"Fournier","SpeakerFullName":"Fournier Jean-Ren\u00e9","SpeakerFunction":"P-M","CouncilId":2,"CouncilName":"St\u00e4nderat","CantonId":23,"CantonName":"Wallis","CantonAbbreviation":"VS","ParlGroupName":"CVP-Fraktion","ParlGroupAbbreviation":"M-E","SortOrder":7,"Start":"\/Date(1552985151477)\/","End":"\/Date(1552985202500)\/","Function":"P-M","DisplaySpeaker":false,"LanguageOfText":null,"Modified":"\/Date(1583219593880)\/","StartTimeWithTimezone":"\/Date(1552985151477+0060)\/","EndTimeWithTimezone":"\/Date(1552985202500+0060)\/","VoteBusinessNumber":null,"VoteBusinessShortNumber":null,"VoteBusinessTitle":null},{"__metadata":{"id":"https://ws.parlament.ch/OData.svc/Transcript(ID=243127L,Language='DE')","uri":"https://ws.parlament.ch/OData.svc/Transcript(ID=243127L,Language='DE')","type":"itsystems.Pd.DataServices.DataModel.Transcript"},"Subjects":{"__deferred":{"uri":"https://ws.parlament.ch/OData.svc/Transcript(ID=243127L,Language='DE')/Subjects"}},"MembersCouncil":{"__deferred":{"uri":"https://ws.parlament.ch/OData.svc/Transcript(ID=243127L,Language='DE')/MembersCouncil"}},"Businesses":{"__deferred":{"uri":"https://ws.parlament.ch/OData.svc/Transcript(ID=243127L,Language='DE')/Businesses"}},"ID":"243127","Language":"DE","IdSubject":"45743","VoteId":null,"PersonNumber":3915,"Type":1,"Text":"<pd_text><p><i>Angenommen - Adopt\u00e9</i></p>\n<p>[VS]</p>\n<p>[VS]</p>\n<p><b>\u00c4nderung eines Erlasses</b>[GZ]</p>\n<p><b>Modification d'un acte</b></p>\n<p>[VS]</p>\n<p><b>Einleitung; Art. 7 Abs. 3</b>[GZ]</p>\n<p><i>Antrag der Kommission </i>[GZ]</p>\n<p>Zustimmung zum Entwurf des Bundesrates</p>\n<p>[VS]</p>\n<p><b>Introduction; art. 7 al. 3</b>[GZ]</p>\n<p><i>Proposition de la commission </i>[GZ]</p>\n<p>Adh\u00e9rer au projet du Conseil f\u00e9d\u00e9ral[GZ]</p>\n<p>[VS][GZ]</p>\n<p><i>Angenommen - Adopt\u00e9</i></p>\n<p>[VS]</p>\n<p><b>Art. 103a-103g</b>[GZ]</p>\n<p><i>Antrag der Kommission </i>[GZ]</p>\n<p>Zustimmung zum Entwurf des Bundesrates</p>\n<p><i>Proposition de la commission </i>[GZ]</p>\n<p>Adh\u00e9rer au projet du Conseil f\u00e9d\u00e9ral</p>\n</pd_text>","MeetingCouncilAbbreviation":"S","MeetingDate":"20190319","MeetingVerbalixOid":3115,"IdSession":"5016","SpeakerFirstName":"Jean-Ren\u00e9","SpeakerLastName":"Fournier","SpeakerFullName":"Fournier Jean-Ren\u00e9","SpeakerFunction":"P-M","CouncilId":2,"CouncilName":"St\u00e4nderat","CantonId":23,"CantonName":"Wallis","CantonAbbreviation":"VS","ParlGroupName":"CVP-Fraktion","ParlGroupAbbreviation":"M-E","SortOrder":5,"Start":"\/Date(1552985101123)\/","End":"\/Date(1552985121740)\/","Function":"P-M","DisplaySpeaker":false,"LanguageOfText":null,"Modified":"\/Date(1583219593880)\/","StartTimeWithTimezone":"\/Date(1552985101123+0060)\/","EndTimeWithTimezone":"\/Date(1552985121740+0060)\/","VoteBusinessNumber":null,"VoteBusinessShortNumber":null,"VoteBusinessTitle":null},{"__metadata":{"id":"https://ws.parlament.ch/OData.svc/Transcript(ID=243132L,Language='DE')","uri":"https://ws.parlament.ch/OData.svc/Transcript(ID=243132L,Language='DE')","type":"itsystems.Pd.DataServices.DataModel.Transcript"},"Subjects":{"__deferred":{"uri":"https://ws.parlament.ch/OData.svc/Transcript(ID=243132L,Language='DE')/Subjects"}},"MembersCouncil":{"__deferred":{"uri":"https://ws.parlament.ch/OData.svc/Transcript(ID=243132L,Language='DE')/MembersCouncil"}},"Businesses":{"__deferred":{"uri":"https://ws.parlament.ch/OData.svc/Transcript(ID=243132L,Language='DE')/Businesses"}},"ID":"243132","Language":"DE","IdSubject":"45743","VoteId":null,"PersonNumber":3915,"Type":1,"Text":"<pd_text><p><b>2.</b>[NB]<b>Bundesgesetz \u00fcber die Ausl\u00e4nderinnen und Ausl\u00e4nder und \u00fcber die Integration</b>[GZ]</p>\n<p><b>2.</b>[NB]<b>Loi f\u00e9d\u00e9rale sur les \u00e9trangers et l'int\u00e9gration</b>[GZ]</p>\n<p>[VS][GZ]</p>\n<p><i>Detailberatung - Discussion par article </i>[GZ]</p>\n<p>[VS][GZ]</p>\n<p><b>Titel und Ingress, Ziff. I, II</b>[GZ]</p>\n<p><i>Antrag der Kommission </i>[GZ]</p>\n<p>Zustimmung zum Entwurf des Bundesrates</p>\n<p>[VS]</p>\n<p><b>Titre et pr\u00e9ambule, ch. I, II </b>[GZ]</p>\n<p><i>Proposition de la commission </i>[GZ]</p>\n<p>Adh\u00e9rer au projet du Conseil f\u00e9d\u00e9ral[GZ]</p>\n<p>[VS][GZ]</p>\n<p><i>Angenommen - Adopt\u00e9 [PAGE 185]</i></p>\n</pd_text>","MeetingCouncilAbbreviation":"S","MeetingDate":"20190319","MeetingVerbalixOid":3115,"IdSession":"5016","SpeakerFirstName":"Jean-Ren\u00e9","SpeakerLastName":"Fournier","SpeakerFullName":"Fournier Jean-Ren\u00e9","SpeakerFunction":"P-M","CouncilId":2,"CouncilName":"St\u00e4nderat","CantonId":23,"CantonName":"Wallis","CantonAbbreviation":"VS","ParlGroupName":"CVP-Fraktion","ParlGroupAbbreviation":"M-E","SortOrder":9,"Start":"\/Date(1552985241797)\/","End":"\/Date(1552985323333)\/","Function":"P-M","DisplaySpeaker":false,"LanguageOfText":null,"Modified":"\/Date(1583219593880)\/","StartTimeWithTimezone":"\/Date(1552985241797+0060)\/","EndTimeWithTimezone":"\/Date(1552985323333+0060)\/","VoteBusinessNumber":null,"VoteBusinessShortNumber":null,"VoteBusinessTitle":null},{"__metadata":{"id":"https://ws.parlament.ch/OData.svc/Transcript(ID=243133L,Language='DE')","uri":"https://ws.parlament.ch/OData.svc/Transcript(ID=243133L,Language='DE')","type":"itsystems.Pd.DataServices.DataModel.Transcript"},"Subjects":{"__deferred":{"uri":"https://ws.parlament.ch/OData.svc/Transcript(ID=243133L,Language='DE')/Subjects"}},"MembersCouncil":{"__deferred":{"uri":"https://ws.parlament.ch/OData.svc/Transcript(ID=243133L,Language='DE')/MembersCouncil"}},"Businesses":{"__deferred":{"uri":"https://ws.parlament.ch/OData.svc/Transcript(ID=243133L,Language='DE')/Businesses"}},"ID":"243133","Language":"DE","IdSubject":"45743","VoteId":null,"PersonNumber":1267,"Type":1,"Text":"<pd_text><p>Ich berichte \u00fcber ein Gesch\u00e4ft, das in der SPK grosse Zustimmung erfahren hat und in der Abstimmung mit nur einer Enthaltung angenommen wurde.</p>\n<p>Im Rahmen des Schengen-Assoziierungsabkommens zwischen der Schweiz und der EU hat sich die Schweiz gegen\u00fcber der EU grunds\u00e4tzlich zur \u00dcbernahme und zur Umsetzung aller Weiterentwicklungen des Schengen-Besitzstandes verpflichtet. Im vorliegenden Fall wurden der Schweiz am 17.[NB]Januar 2018 diese Verordnungen der EU zur Notifizierung und Annahme weitergeleitet. Die Schweiz hat dementsprechend zwei Jahre Zeit, bis im Januar 2020, um diese beiden Rechtsakte nach der innerstaatlichen Rechtsordnung genehmigen zu lassen.</p>\n<p>Die Kontrolle an der Schengen-Aussengrenze soll ab dem Jahr 2021 durch den Einsatz moderner Technologien verst\u00e4rkt werden. Das hat im Wesentlichen mit zwei Dingen zu tun: erstens mit dem gewachsenen Sicherheitsbed\u00fcrfnis im Schengen-Raum; dies in Anbetracht des Drucks auf die Aussengrenzen, der grenz\u00fcberschreitenden Kriminalit\u00e4t und des Terrorismus. Zweitens ist als weiterer Grund das unglaubliche Volumen der Reisebewegungen zu nennen. F\u00fcr das Jahr 2025 rechnet man mit rund 850 Millionen Grenz\u00fcbertritten in den Schengen-Raum; zwischen 250 und 300 Millionen \u00dcbertritte werden allein aus den sogenannten Drittstaaten erfolgen.</p>\n<p>In dieser Vorlage geht es um die Schengen-Regelung bez\u00fcglich der Drittstaatenangeh\u00f6rigen. Zum einen soll ein Ein- und Ausreisesystem (EES) eingef\u00fchrt werden. Es erfasst die Ein- und Ausreisedaten sowie die Einreiseverweigerungsdaten von allen Drittstaatenangeh\u00f6rigen, die f\u00fcr einen Kurzaufenthalt von h\u00f6chstens 90 Tagen in den Schengen-Raum einreisen wollten. Dies gilt nat\u00fcrlich unabh\u00e4ngig davon, ob die Betroffenen der Visumpflicht unterliegen oder nicht. Zum andern [PAGE 183] soll ein freiwilliges System zur automatisierten Grenzkontrolle eingef\u00fchrt werden, das der Effizienzsteigerung dient. Schliesslich gibt es noch einen dritten Teil der Vorlage, welcher nichts mit dem Schengen-Anpassungsverfahren zu tun hat, sondern eine innerstaatliche Regelung enth\u00e4lt.</p>\n<p>Die Kommission beantragt Ihnen, die Vorlage, so wie sie Ihnen vorliegt, zu genehmigen, weil sie die Zielsetzung dieser Vorlage unterst\u00fctzt. Es sind drei Ziele:</p>\n<p>1.[NB]Die Qualit\u00e4t der Grenz\u00fcbertrittskontrollen soll durch die automatische Berechnung und \u00dcberpr\u00fcfung der zul\u00e4ssigen Aufenthaltsdauer im Schengen-Raum verbessert werden. Heute muss diese Frist im Stempelverfahren berechnet werden. Mit der k\u00fcnftigen Ordnung wird das durch Computer gemacht werden. Es ist ja heute f\u00fcr die Beh\u00f6rden sehr schwierig, diese Dauer zu bestimmen.</p>\n<p>2.[NB]Die \"overstayers\" sollen herausgepickt werden k\u00f6nnen; das sind diejenigen Drittstaatenangeh\u00f6rigen, welche sich im Schengen-Raum zu lange aufhalten. Mit diesem System wird das den Polizeibeh\u00f6rden im Inland erheblich erleichtert werden, weil sie dann automatisiert \u00fcber die Daten zu den Reisebewegungen dieser Personen verf\u00fcgen. Das ist ein wichtiger Beitrag gegen die irregul\u00e4re Migration.</p>\n<p>3.[NB]Das ist auch ein wichtiger Teil: Mit diesem System werden die innere Sicherheit und die Bek\u00e4mpfung des Terrorismus verbessert, weil auch die Strafverfolgungsbeh\u00f6rden zu den erfassten Reisebewegungsdaten Zugang haben werden.</p>\n<p>Ich habe es gesagt: Es gibt noch eine zus\u00e4tzliche Norm, welche angepasst werden soll. Es ist n\u00e4mlich so, dass Artikel 5 in Vorlage 2, wie wir dann in der Detailberatung sehen werden, die Voraussetzung f\u00fcr die Einreise von Drittstaatenangeh\u00f6rigen in die Schweiz in einer Ausnahmeregelung pr\u00e4zisieren soll. Die Kompetenz des Bundesrates, Ausnahmetatbest\u00e4nde zu akzeptieren, wird formell in einem Gesetz geregelt. Diese Aufnahmetatbest\u00e4nde gelten hinsichtlich der Einreise von Drittstaatenangeh\u00f6rigen f\u00fcr einen kurzfristigen Aufenthalt im Schengen-Raum. Ausnahmen werden aus humanit\u00e4ren Gr\u00fcnden, aus Gr\u00fcnden des nationalen Interesses oder aufgrund internationaler Verpflichtungen m\u00f6glich sein. Der Schengener Grenzkodex wird entsprechend angepasst werden.</p>\n<p>Zus\u00e4tzlich enth\u00e4lt dieser noch zwei Neuerungen. Die eine werden wir in der Schweiz nicht einf\u00fchren. Das ist das sogenannte nationale Erleichterungsprogramm f\u00fcr vielreisende Drittstaatenangeh\u00f6rige. Der Bundesrat hat nach dem Vernehmlassungsverfahren in Abw\u00e4gung von Kosten und Leistung zumindest im jetzigen Zeitpunkt auf die Einf\u00fchrung verzichtet. Hingegen wird das zweite Element, die Automatisierung der Grenzkontrollen, in der Schweiz intensiv vorangetrieben werden, weil eben die Vorteile \u00fcberwiegen. Es braucht dann - das ist wichtig - keinen physisch anwesenden Grenzbeamten mehr, sondern es gibt ein \u00e4hnliches System wie beim automatischen Boarden an den Flugh\u00e4fen. Da mit dem EES die manuelle Abstempelung von Reisedokumenten nicht mehr n\u00f6tig ist, wird die Ein- und Ausreise beim Durchlaufen der entsprechenden Apparaturen direkt automatisch erfasst werden.</p>\n<p>Dies sind die wichtigsten Neuigkeiten aus diesem Projekt. Die Vernehmlassung hat eine hohe Zustimmung ergeben. Die Kritik fokussierte sich auf den Datenschutz. Der Bundesrat hat im Rahmen der M\u00f6glichkeiten auf diese Kritik reagiert. </p>\n<p>Dementsprechend beantragt Ihnen die SPK einstimmig bei einer Enthaltung, auf die Vorlage einzutreten und die entsprechenden \u00c4nderungen des Ausl\u00e4nder- und Integrationsgesetzes vorzunehmen.</p>\n</pd_text>","MeetingCouncilAbbreviation":"S","MeetingDate":"20190319","MeetingVerbalixOid":3115,"IdSession":"5016","SpeakerFirstName":"Hans","SpeakerLastName":"St\u00f6ckli","SpeakerFullName":"St\u00f6ckli Hans","SpeakerFunction":"1VP-M","CouncilId":2,"CouncilName":"St\u00e4nderat","CantonId":2,"CantonName":"Bern","CantonAbbreviation":"BE","ParlGroupName":"Sozialdemokratische Fraktion","ParlGroupAbbreviation":"S","SortOrder":1,"Start":"\/Date(1552984148603)\/","End":"\/Date(1552984569653)\/","Function":"*","DisplaySpeaker":true,"LanguageOfText":"DE","Modified":"\/Date(1583219593863)\/","StartTimeWithTimezone":"\/Date(1552984148603+0060)\/","EndTimeWithTimezone":"\/Date(1552984569653+0060)\/","VoteBusinessNumber":null,"VoteBusinessShortNumber":null,"VoteBusinessTitle":null},{"__metadata":{"id":"https://ws.parlament.ch/OData.svc/Transcript(ID=243134L,Language='DE')","uri":"https://ws.parlament.ch/OData.svc/Transcript(ID=243134L,Language='DE')","type":"itsystems.Pd.DataServices.DataModel.Transcript"},"Subjects":{"__deferred":{"uri":"https://ws.parlament.ch/OData.svc/Transcript(ID=243134L,Language='DE')/Subjects"}},"MembersCouncil":{"__deferred":{"uri":"https://ws.parlament.ch/OData.svc/Transcript(ID=243134L,Language='DE')/MembersCouncil"}},"Businesses":{"__deferred":{"uri":"https://ws.parlament.ch/OData.svc/Transcript(ID=243134L,Language='DE')/Businesses"}},"ID":"243134","Language":"DE","IdSubject":"45743","VoteId":null,"PersonNumber":1267,"Type":1,"Text":"<pd_text><p>Ich m\u00f6chte darauf aufmerksam machen, dass diese Vorlagen nat\u00fcrlich dem fakultativen Referendum unterstehen, sowohl Vorlage 1 als auch Vorlage 2, so, wie sich das geh\u00f6rt, wenn wir Schengen-Anpassungen vornehmen.</p>\n</pd_text>","MeetingCouncilAbbreviation":"S","MeetingDate":"20190319","MeetingVerbalixOid":3115,"IdSession":"5016","SpeakerFirstName":"Hans","SpeakerLastName":"St\u00f6ckli","SpeakerFullName":"St\u00f6ckli Hans","SpeakerFunction":"1VP-M","CouncilId":2,"CouncilName":"St\u00e4nderat","CantonId":2,"CantonName":"Bern","CantonAbbreviation":"BE","ParlGroupName":"Sozialdemokratische Fraktion","ParlGroupAbbreviation":"S","SortOrder":4,"Start":"\/Date(1552985202500)\/","End":"\/Date(1552985221227)\/","Function":"*","DisplaySpeaker":true,"LanguageOfText":"DE","Modified":"\/Date(1583219593880)\/","StartTimeWithTimezone":"\/Date(1552985202500+0060)\/","EndTimeWithTimezone":"\/Date(1552985221227+0060)\/","VoteBusinessNumber":null,"VoteBusinessShortNumber":null,"VoteBusinessTitle":null},{"__metadata":{"id":"https://ws.parlament.ch/OData.svc/Transcript(ID=243143L,Language='DE')","uri":"https://ws.parlament.ch/OData.svc/Transcript(ID=243143L,Language='DE')","type":"itsystems.Pd.DataServices.DataModel.Transcript"},"Subjects":{"__deferred":{"uri":"https://ws.parlament.ch/OData.svc/Transcript(ID=243143L,Language='DE')/Subjects"}},"MembersCouncil":{"__deferred":{"uri":"https://ws.parlament.ch/OData.svc/Transcript(ID=243143L,Language='DE')/MembersCouncil"}},"Businesses":{"__deferred":{"uri":"https://ws.parlament.ch/OData.svc/Transcript(ID=243143L,Language='DE')/Businesses"}},"ID":"243143","Language":"DE","IdSubject":"45743","VoteId":null,"PersonNumber":1267,"Type":1,"Text":"<pd_text><p>Nur eine kleine Anmerkung wegen der Enumeration: Wir haben die Artikel 103a bis 103g neu gestaltet und entsprechend auch redaktionelle Anpassungen vorgenommen. Die Enumeration ist aber konform mit unserer Gesetzgebungstechnik. </p>\n</pd_text>","MeetingCouncilAbbreviation":"S","MeetingDate":"20190319","MeetingVerbalixOid":3115,"IdSession":"5016","SpeakerFirstName":"Hans","SpeakerLastName":"St\u00f6ckli","SpeakerFullName":"St\u00f6ckli Hans","SpeakerFunction":"1VP-M","CouncilId":2,"CouncilName":"St\u00e4nderat","CantonId":2,"CantonName":"Bern","CantonAbbreviation":"BE","ParlGroupName":"Sozialdemokratische Fraktion","ParlGroupAbbreviation":"S","SortOrder":6,"Start":"\/Date(1552985121740)\/","End":"\/Date(1552985151477)\/","Function":"*","DisplaySpeaker":true,"LanguageOfText":"DE","Modified":"\/Date(1583219593880)\/","StartTimeWithTimezone":"\/Date(1552985121740+0060)\/","EndTimeWithTimezone":"\/Date(1552985151477+0060)\/","VoteBusinessNumber":null,"VoteBusinessShortNumber":null,"VoteBusinessTitle":null},{"__metadata":{"id":"https://ws.parlament.ch/OData.svc/Transcript(ID=243149L,Language='DE')","uri":"https://ws.parlament.ch/OData.svc/Transcript(ID=243149L,Language='DE')","type":"itsystems.Pd.DataServices.DataModel.Transcript"},"Subjects":{"__deferred":{"uri":"https://ws.parlament.ch/OData.svc/Transcript(ID=243149L,Language='DE')/Subjects"}},"MembersCouncil":{"__deferred":{"uri":"https://ws.parlament.ch/OData.svc/Transcript(ID=243149L,Language='DE')/MembersCouncil"}},"Businesses":{"__deferred":{"uri":"https://ws.parlament.ch/OData.svc/Transcript(ID=243149L,Language='DE')/Businesses"}},"ID":"243149","Language":"DE","IdSubject":"45743","VoteId":null,"PersonNumber":4062,"Type":1,"Text":"<pd_text><p>Ich danke dem Berichterstatter, Herrn St\u00e4nderat St\u00f6ckli, f\u00fcr seine umfassende Berichterstattung und nat\u00fcrlich auch der Kommission f\u00fcr die positive Aufnahme dieses Gesch\u00e4ftes, das doch sehr wichtig ist.</p>\n<p>Die Kontrolle an den Schengen-Aussengrenzen soll ab 2021 durch den Einsatz moderner Technologien verst\u00e4rkt werden. Es soll ein Ein- und Ausreisesystem, eben das EES, eingef\u00fchrt werden. Damit sollen die Ein- und Ausreisedaten wie auch die Einreiseverweigerungsdaten aller Drittstaatenangeh\u00f6rigen erfasst werden, wenn sie f\u00fcr einen kurzen Aufenthalt von h\u00f6chstens 90 Tagen innerhalb von 180 Tagen in den Schengen-Raum einreisen. Zudem soll ein freiwilliges System zur automatisierten Grenzkontrolle eingef\u00fchrt werden. Schliesslich m\u00f6chten wir - Herr St\u00f6ckli hat darauf hingewiesen - unabh\u00e4ngig von der \u00dcbernahme dieser Schengen-Weiterentwicklung eine Anpassung der Regelungen des Ausl\u00e4nder- und Integrationsgesetzes zu den Einreisevoraussetzungen vorschlagen; das betrifft Artikel 5 Absatz 3.</p>\n<p>Eine weitere technische Neuerung im Schengen-Bereich, darauf m\u00f6chte ich vielleicht noch kurz hinweisen, ist das zuk\u00fcnftige Europ\u00e4ische Reiseinformations- und Genehmigungssystem (Etias). Dieses ist nicht Gegenstand der heute zu beratenden Vorlage. Aber nach diesem System m\u00fcssen sich ausl\u00e4ndische Flugpassagiere, die nicht der Visumpflicht unterstehen, vor der Einreise im Internet anmelden und n\u00e4here Angaben zum geplanten Aufenthalt machen. Das ist ein System, das mit dem amerikanischen System vergleichbar ist. Hierzu wurde die Vernehmlassung am 13. Februar 2019 er\u00f6ffnet.</p>\n<p>Die Ziele der Einf\u00fchrung des EES sind die folgenden: Es geht um die Qualit\u00e4t der Grenz\u00fcbertrittskontrollen. Diese wird durch die automatische Berechnung und \u00dcberpr\u00fcfung der Dauer des zul\u00e4ssigen Aufenthalts im Schengen-Raum verbessert. Bis jetzt wusste man ja nicht, ob jemand ein \"overstayer\" war, sich also bereits 90 Tage im Schengen-Raum aufgehalten hatte. Jetzt weiss man automatisch, wie lange sich eine Person im Schengen-Raum aufgehalten hat. Damit k\u00f6nnen Personen, die keine Berechtigung mehr haben, sich im Schengen-Raum aufzuhalten, zuverl\u00e4ssig identifiziert werden. Die innere Sicherheit und die M\u00f6glichkeiten zur Bek\u00e4mpfung des Terrorismus werden verbessert, indem den Strafverfolgungsbeh\u00f6rden Zugriff auf die erfassten Reisebewegungen gew\u00e4hrt wird. Es ist gerade bei sogenannten terroristisch motivierten Reisenden wichtig, dass man ihre Routen nachvollziehen kann, dass man allenfalls nachvollziehen kann, wo sie sich aufgehalten haben.</p>\n<p>Im EES werden die Ein- und Ausreisedaten wie auch die Einreiseverweigerungen erfasst. Es werden Informationen zur Identit\u00e4t, zu den Reisedokumenten sowie biometrische Daten - es geht um vier Fingerabdr\u00fccke und das Gesichtsbild bei der ersten Einreise - im EES gespeichert. Die Daten von \"overstayers\" werden f\u00fcnf Jahre lang gespeichert. Ich erw\u00e4hne das, weil dies in der Kommission ein Thema war. Die Daten aller \u00fcbrigen Drittstaatenangeh\u00f6rigen werden ab der letzten Ausreise aus dem Schengen-Raum drei Jahre lang gespeichert. Selbst bei jemandem, der nicht mehr im Schengen-Raum war, f\u00e4ngt also, sobald er ihn wieder betritt, diese Frist wieder an zu laufen. Das hilft nat\u00fcrlich bei der Identifizierung der Reisebewegungen.</p>\n<p>Einen direkten Zugang zu den im EES gespeicherten Daten haben die Grenzkontrollbeh\u00f6rden, die Visumbeh\u00f6rden, dann die Beh\u00f6rden, die \u00fcberpr\u00fcfen, ob die Drittstaatenangeh\u00f6rigen die Voraussetzungen f\u00fcr die Einreise oder f\u00fcr den Aufenthalt im Schengen-Raum erf\u00fcllen. F\u00fcr die Verh\u00fctung, Aufdeckung und Untersuchung terroristischer oder sonstiger schwerer Straftaten erhalten gewisse Strafverfolgungsbeh\u00f6rden der Schengen-Staaten auf begr\u00fcndeten Antrag an eine nationale Kontaktstelle auch Einsicht in die im EES gespeicherten Daten. In der Schweiz wird das Fedpol die Funktion der Einsatzzentrale \u00fcbernehmen.</p>\n<p>Der Schengener Grenzkodex wird aufgrund der Einf\u00fchrung des EES angepasst. Zus\u00e4tzlich enth\u00e4lt diese Revision des Schengener Grenzkodexes folgende wichtige Neuerungen: erstens eine Automatisierung der Grenzkontrollen und zweitens ein nationales Erleichterungsprogramm f\u00fcr vielreisende Drittstaatenangeh\u00f6rige beim Grenz\u00fcbertritt. Es besteht also neu die M\u00f6glichkeit zur automatischen Grenzkontrolle. Diese M\u00f6glichkeit besteht nicht nur bei Personen, die vorg\u00e4ngig im EES registriert wurden; sie ist bei allen in den Schengen-Raum Reisenden m\u00f6glich, unabh\u00e4ngig von der Aufenthaltsdauer und der Nationalit\u00e4t. Voraussetzung daf\u00fcr ist aber, dass die Personen \u00e4lter als zw\u00f6lf Jahre sind und \u00fcber einen Reisepass verf\u00fcgen, der mit einem Chip ausgestattet ist.</p>\n<p>Die Vorlage des Bundesrates enth\u00e4lt die f\u00fcr die Automatisierung der Grenzkontrolle notwendigen gesetzlichen Grundlagen. Die zust\u00e4ndigen Grenzkontrollbeh\u00f6rden k\u00f6nnen in [PAGE 184] Zusammenarbeit mit den Flughafenbetreibern jedoch selber entscheiden - und das scheint mir wichtig -, ob sie diese Systeme einf\u00fchren wollen oder nicht. Der Bundesrat - das hat Herr St\u00f6ckli gesagt - verzichtet auf die Einf\u00fchrung des nationalen Erleichterungsprogramms f\u00fcr vielreisende Drittstaatenangeh\u00f6rige, weil das Nutzerpotenzial aus Sicht des Bundesrates gering ist, die Pr\u00fcfung der Antr\u00e4ge viele Ressourcen binden w\u00fcrde, die Wirtschaftlichkeit angesichts der Einf\u00fchrungskosten fragw\u00fcrdig ist und zahlreiche andere Vorhaben im Schengen-Kontext anstehen, die wir umsetzen m\u00fcssen. Dabei sollte man sich etwas konzentrieren. Bei Bedarf sollte dieses System, das NFP, nach Einf\u00fchrung des EES eingef\u00fchrt werden. Es kann f\u00fcr alle Schengen-Staaten wieder gepr\u00fcft werden. </p>\n<p>Herr St\u00f6ckli hat es bereits erw\u00e4hnt: Unabh\u00e4ngig von den erw\u00e4hnten Schengen-Weiterentwicklungen wird eine zus\u00e4tzliche Anpassung des Ausl\u00e4nder- und Integrationsgesetzes vorgeschlagen. Sie betrifft die Voraussetzungen f\u00fcr die Einreise in die Schweiz f\u00fcr die Angeh\u00f6rigen von Drittstaaten. Die schon heute bestehende Kompetenz des Bundesrates, insbesondere aus humanit\u00e4ren Gr\u00fcnden Ausnahmen von den allgemeinen Einreisevoraussetzungen vorzusehen, soll im Ausl\u00e4nder- und Integrationsgesetz ausdr\u00fccklich geregelt werden. Diese Ausnahmem\u00f6glichkeit entspricht auch dem Schengener Grenzkodex. </p>\n<p>Nun, ich habe es dargelegt, und der Berichterstatter Ihrer Kommission hat das ebenfalls getan: Das EES verbessert das Aussengrenzenmanagement und vereinfacht den Grenz\u00fcbertritt f\u00fcr die Reisenden. Das EES hilft bei der Verhinderung und Aufdeckung von irregul\u00e4rer Migration und unterst\u00fctzt die Bek\u00e4mpfung des Terrorismus sowie die Verfolgung von schweren Straftaten. Die zus\u00e4tzliche M\u00f6glichkeit einer Automatisierung der Grenzkontrollen bei allen Reisen kann die Arbeit der Grenzkontrollbeh\u00f6rden deutlich erleichtern, insbesondere auch im Hinblick auf die in den n\u00e4chsten Jahren zu erwartende Steigerung bei den Passagierbewegungen. Wir sprechen f\u00fcr 2025 von 650 Millionen Bewegungen, davon allein 250 bis 350 Millionen Bewegungen aus Drittstaaten. </p>\n<p>Ich m\u00f6chte Sie bitten, Ihrer Kommission und dem Bundesrat zu folgen und das vorliegende Gesch\u00e4ft gutzuheissen. </p>\n</pd_text>","MeetingCouncilAbbreviation":"S","MeetingDate":"20190319","MeetingVerbalixOid":3115,"IdSession":"5016","SpeakerFirstName":"Karin","SpeakerLastName":"Keller-Sutter","SpeakerFullName":"Keller-Sutter Karin","SpeakerFunction":"BR-F","CouncilId":99,"CouncilName":"Bundesrat","CantonId":17,"CantonName":"St. Gallen","CantonAbbreviation":"SG","ParlGroupName":null,"ParlGroupAbbreviation":null,"SortOrder":2,"Start":"\/Date(1552984569653)\/","End":"\/Date(1552985061757)\/","Function":"BR-F","DisplaySpeaker":true,"LanguageOfText":"DE","Modified":"\/Date(1583219593880)\/","StartTimeWithTimezone":"\/Date(1552984569653+0060)\/","EndTimeWithTimezone":"\/Date(1552985061757+0060)\/","VoteBusinessNumber":null,"VoteBusinessShortNumber":null,"VoteBusinessTitle":null}]},"ID":"45743","Language":"DE","IdMeeting":"4172","VerbalixOid":587251,"SortOrder":4,"Modified":"\/Date(1583219593863)\/"}}