{"d":{"__metadata":{"id":"https://ws.parlament.ch/OData.svc/Subject(ID=45886L,Language='DE')","uri":"https://ws.parlament.ch/OData.svc/Subject(ID=45886L,Language='DE')","type":"itsystems.Pd.DataServices.DataModel.Subject"},"Meetings":{"__metadata":{"id":"https://ws.parlament.ch/OData.svc/Meeting(ID=4180L,Language='DE')","uri":"https://ws.parlament.ch/OData.svc/Meeting(ID=4180L,Language='DE')","type":"itsystems.Pd.DataServices.DataModel.Meeting"},"Sessions":{"__deferred":{"uri":"https://ws.parlament.ch/OData.svc/Meeting(ID=4180L,Language='DE')/Sessions"}},"Subjects":{"__deferred":{"uri":"https://ws.parlament.ch/OData.svc/Meeting(ID=4180L,Language='DE')/Subjects"}},"ID":"4180","Language":"DE","MeetingNumber":17,"IdSession":5016,"SessionNumber":16,"SessionName":"Fr\u00fchjahrssession 2019","Council":1,"CouncilName":"Nationalrat","CouncilAbbreviation":"NR","Date":"\/Date(1553212800000)\/","Begin":"0800","Modified":"\/Date(1554999170517)\/","LegislativePeriodNumber":50,"PublicationStatus":"final","MeetingOrderText":"Siebzehnte Sitzung","SortOrder":17,"Location":"N"},"SubjectsBusiness":{"results":[{"__metadata":{"id":"https://ws.parlament.ch/OData.svc/SubjectBusiness(BusinessNumber=20180080,IdSubject=45886L,Language='DE')","uri":"https://ws.parlament.ch/OData.svc/SubjectBusiness(BusinessNumber=20180080,IdSubject=45886L,Language='DE')","type":"itsystems.Pd.DataServices.DataModel.SubjectBusiness"},"Subjects":{"__deferred":{"uri":"https://ws.parlament.ch/OData.svc/SubjectBusiness(BusinessNumber=20180080,IdSubject=45886L,Language='DE')/Subjects"}},"Businesses":{"__deferred":{"uri":"https://ws.parlament.ch/OData.svc/SubjectBusiness(BusinessNumber=20180080,IdSubject=45886L,Language='DE')/Businesses"}},"IdSubject":"45886","BusinessNumber":20180080,"Language":"DE","BusinessShortNumber":"18.080","Title":"Kantonsverfassungen Schwyz, Zug, Freiburg, Basel-Stadt, Basel-Landschaft und Appenzell Innerrhoden. Gew\u00e4hrleistung","SortOrder":1,"PublishedNotes":"Zweitrat - Deuxi\u00e8me Conseil\n","Modified":"\/Date(1550588955990)\/","TitleDE":"Kantonsverfassungen\n(SZ, ZG, FR, BS, BL, AI).\nGew\u00e4hrleistung","TitleFR":"Constitutions cantonales\n(SZ, ZG, FR, BS, BL, AI).\nGarantie","TitleIT":null}]},"Transcripts":{"results":[{"__metadata":{"id":"https://ws.parlament.ch/OData.svc/Transcript(ID=244150L,Language='DE')","uri":"https://ws.parlament.ch/OData.svc/Transcript(ID=244150L,Language='DE')","type":"itsystems.Pd.DataServices.DataModel.Transcript"},"Subjects":{"__deferred":{"uri":"https://ws.parlament.ch/OData.svc/Transcript(ID=244150L,Language='DE')/Subjects"}},"MembersCouncil":{"__deferred":{"uri":"https://ws.parlament.ch/OData.svc/Transcript(ID=244150L,Language='DE')/MembersCouncil"}},"Businesses":{"__deferred":{"uri":"https://ws.parlament.ch/OData.svc/Transcript(ID=244150L,Language='DE')/Businesses"}},"ID":"244150","Language":"DE","IdSubject":"45886","VoteId":null,"PersonNumber":3830,"Type":1,"Text":"<pd_text><p><b>La presidente</b> (Carobbio Guscetti Marina, presidente): Avete ricevuto un rapporto scritto della commissione. </p>\n<p>[VS]</p>\n<p><i>Eintreten ist obligatorisch </i>[GZ]</p>\n<p><i>L'entr\u00e9e en mati\u00e8re est acquise de plein droit</i></p>\n<p>[VS]</p>\n<p>[VS]</p>\n<p><b>Bundesbeschluss \u00fcber die Gew\u00e4hrleistung der ge\u00e4nderten Verfassungen der Kantone Schwyz, Zug, Freiburg, Basel-Stadt, Basel-Landschaft und Appenzell Innerrhoden</b>[GZ]</p>\n<p><b>Arr\u00eat\u00e9 f\u00e9d\u00e9ral concernant la garantie des constitutions r\u00e9vis\u00e9es des cantons de Schwyz, de Zoug, de Fribourg, de B\u00e2le-Ville, de B\u00e2le-Campagne et d'Appenzell Rhodes-Int\u00e9rieures</b>[GZ]</p>\n<p>[VS][GZ]</p>\n<p><i>Detailberatung - Discussion par article </i>[GZ]</p>\n<p>[VS][GZ]</p>\n<p><b>Titel und Ingress, Art. 1-7</b>[GZ]</p>\n<p><i>Antrag der Kommission </i>[GZ]</p>\n<p>Zustimmung zum Beschluss des St\u00e4nderates</p>\n<p>[VS]</p>\n<p><b>Titre et pr\u00e9ambule, art. 1-7</b>[GZ]</p>\n<p><i>Proposition de la commission </i>[GZ]</p>\n<p>Adh\u00e9rer \u00e0 la d\u00e9cision du Conseil des Etats [GZ]</p>\n<p>[VS][GZ]</p>\n<p><i>Angenommen - Adopt\u00e9</i></p>\n<p>[VS]</p>\n<p><b>La presidente</b> (Carobbio Guscetti Marina, presidente): Il decreto federale accettato dal Consiglio degli Stati e dal Consiglio nazionale \u00e8 cos\u00ec definitivamente adottato. Considerando che l'entrata in materia \u00e8 obligatoria, la votazione sul complesso non avr\u00e0 luogo. [PAGE 576] </p>\n</pd_text>","MeetingCouncilAbbreviation":"N","MeetingDate":"20190322","MeetingVerbalixOid":3123,"IdSession":"5016","SpeakerFirstName":"Marina","SpeakerLastName":"Carobbio Guscetti","SpeakerFullName":"Carobbio Guscetti Marina","SpeakerFunction":"P-F","CouncilId":1,"CouncilName":"Nationalrat","CantonId":27,"CantonName":"Tessin","CantonAbbreviation":"TI","ParlGroupName":"Sozialdemokratische Fraktion","ParlGroupAbbreviation":"S","SortOrder":1,"Start":"\/Date(1553246796938)\/","End":"\/Date(1553246854387)\/","Function":"P-F","DisplaySpeaker":false,"LanguageOfText":null,"Modified":"\/Date(1774877213150)\/","StartTimeWithTimezone":"\/Date(1553246796937+0060)\/","EndTimeWithTimezone":"\/Date(1553246854387+0060)\/","VoteBusinessNumber":null,"VoteBusinessShortNumber":null,"VoteBusinessTitle":null}]},"ID":"45886","Language":"DE","IdMeeting":"4180","VerbalixOid":588865,"SortOrder":3,"Modified":"\/Date(1774877213144)\/"}}