{"d":{"__metadata":{"id":"https://ws.parlament.ch/OData.svc/Subject(ID=46177L,Language='DE')","uri":"https://ws.parlament.ch/OData.svc/Subject(ID=46177L,Language='DE')","type":"itsystems.Pd.DataServices.DataModel.Subject"},"Meetings":{"__metadata":{"id":"https://ws.parlament.ch/OData.svc/Meeting(ID=4194L,Language='DE')","uri":"https://ws.parlament.ch/OData.svc/Meeting(ID=4194L,Language='DE')","type":"itsystems.Pd.DataServices.DataModel.Meeting"},"Sessions":{"__deferred":{"uri":"https://ws.parlament.ch/OData.svc/Meeting(ID=4194L,Language='DE')/Sessions"}},"Subjects":{"__deferred":{"uri":"https://ws.parlament.ch/OData.svc/Meeting(ID=4194L,Language='DE')/Subjects"}},"ID":"4194","Language":"DE","MeetingNumber":3,"IdSession":5018,"SessionNumber":18,"SessionName":"Sommersession 2019","Council":2,"CouncilName":"St\u00e4nderat","CouncilAbbreviation":"SR","Date":"\/Date(1559692800000)\/","Begin":"0815","Modified":"\/Date(1561452611527)\/","LegislativePeriodNumber":50,"PublicationStatus":"final","MeetingOrderText":"Dritte Sitzung","SortOrder":3,"Location":"S"},"SubjectsBusiness":{"results":[{"__metadata":{"id":"https://ws.parlament.ch/OData.svc/SubjectBusiness(BusinessNumber=20160050,IdSubject=46177L,Language='DE')","uri":"https://ws.parlament.ch/OData.svc/SubjectBusiness(BusinessNumber=20160050,IdSubject=46177L,Language='DE')","type":"itsystems.Pd.DataServices.DataModel.SubjectBusiness"},"Subjects":{"__deferred":{"uri":"https://ws.parlament.ch/OData.svc/SubjectBusiness(BusinessNumber=20160050,IdSubject=46177L,Language='DE')/Subjects"}},"Businesses":{"__deferred":{"uri":"https://ws.parlament.ch/OData.svc/SubjectBusiness(BusinessNumber=20160050,IdSubject=46177L,Language='DE')/Businesses"}},"IdSubject":"46177","BusinessNumber":20160050,"Language":"DE","BusinessShortNumber":"16.050","Title":"Steueramtshilfegesetz. \u00c4nderung","SortOrder":1,"PublishedNotes":"Zweitrat - Deuxi\u00e8me Conseil\n","Modified":"\/Date(1552593852710)\/","TitleDE":"Steueramtshilfegesetz.\n\u00c4nderung","TitleFR":"Loi sur l'assistance administrative\nfiscale. Modification","TitleIT":null}]},"Transcripts":{"results":[{"__metadata":{"id":"https://ws.parlament.ch/OData.svc/Transcript(ID=245672L,Language='DE')","uri":"https://ws.parlament.ch/OData.svc/Transcript(ID=245672L,Language='DE')","type":"itsystems.Pd.DataServices.DataModel.Transcript"},"Subjects":{"__deferred":{"uri":"https://ws.parlament.ch/OData.svc/Transcript(ID=245672L,Language='DE')/Subjects"}},"MembersCouncil":{"__deferred":{"uri":"https://ws.parlament.ch/OData.svc/Transcript(ID=245672L,Language='DE')/MembersCouncil"}},"Businesses":{"__deferred":{"uri":"https://ws.parlament.ch/OData.svc/Transcript(ID=245672L,Language='DE')/Businesses"}},"ID":"245672","Language":"DE","IdSubject":"46177","VoteId":null,"PersonNumber":3915,"Type":1,"Text":"<pd_text><p><i>Antrag der Kommission </i>[GZ]</p>\n<p>Zustimmung zum Beschluss des Nationalrates [GZ]</p>\n<p>(= Nichteintreten)</p>\n<p>[VS]</p>\n<p><i>Proposition de la commission </i>[GZ]</p>\n<p>Adh\u00e9rer \u00e0 la d\u00e9cision du Conseil national [GZ]</p>\n<p>(= Ne pas entrer en mati\u00e8re)</p>\n<p>[VS]</p>\n<p><b>Le pr\u00e9sident</b> (Fournier Jean-Ren\u00e9, pr\u00e9sident): La discussion sur la pr\u00e9sente loi a d\u00e9j\u00e0 eu lieu lors du d\u00e9bat sur l'objet 18.082. La commission propose de ne pas entrer en mati\u00e8re sur ce projet. [GZ]</p>\n<p>[VS][GZ]</p>\n<p><i>Angenommen - Adopt\u00e9</i></p>\n</pd_text>","MeetingCouncilAbbreviation":"S","MeetingDate":"20190605","MeetingVerbalixOid":3137,"IdSession":"5018","SpeakerFirstName":"Jean-Ren\u00e9","SpeakerLastName":"Fournier","SpeakerFullName":"Fournier Jean-Ren\u00e9","SpeakerFunction":"P-M","CouncilId":2,"CouncilName":"St\u00e4nderat","CantonId":23,"CantonName":"Wallis","CantonAbbreviation":"VS","ParlGroupName":"CVP-Fraktion","ParlGroupAbbreviation":"M-E","SortOrder":1,"Start":"\/Date(1559732811010)\/","End":"\/Date(1559732854867)\/","Function":"P-M","DisplaySpeaker":false,"LanguageOfText":null,"Modified":"\/Date(1583219597580)\/","StartTimeWithTimezone":"\/Date(1559732811010+0120)\/","EndTimeWithTimezone":"\/Date(1559732854867+0120)\/","VoteBusinessNumber":null,"VoteBusinessShortNumber":null,"VoteBusinessTitle":null}]},"ID":"46177","Language":"DE","IdMeeting":"4194","VerbalixOid":591445,"SortOrder":3,"Modified":"\/Date(1583219597580)\/"}}