{"d":{"__metadata":{"id":"https://ws.parlament.ch/OData.svc/Subject(ID=46240L,Language='DE')","uri":"https://ws.parlament.ch/OData.svc/Subject(ID=46240L,Language='DE')","type":"itsystems.Pd.DataServices.DataModel.Subject"},"Meetings":{"__metadata":{"id":"https://ws.parlament.ch/OData.svc/Meeting(ID=4200L,Language='DE')","uri":"https://ws.parlament.ch/OData.svc/Meeting(ID=4200L,Language='DE')","type":"itsystems.Pd.DataServices.DataModel.Meeting"},"Sessions":{"__deferred":{"uri":"https://ws.parlament.ch/OData.svc/Meeting(ID=4200L,Language='DE')/Sessions"}},"Subjects":{"__deferred":{"uri":"https://ws.parlament.ch/OData.svc/Meeting(ID=4200L,Language='DE')/Subjects"}},"ID":"4200","Language":"DE","MeetingNumber":5,"IdSession":5018,"SessionNumber":18,"SessionName":"Sommersession 2019","Council":2,"CouncilName":"St\u00e4nderat","CouncilAbbreviation":"SR","Date":"\/Date(1560211200000)\/","Begin":"1515","Modified":"\/Date(1562063416897)\/","LegislativePeriodNumber":50,"PublicationStatus":"final","MeetingOrderText":"F\u00fcnfte Sitzung","SortOrder":5,"Location":"S"},"SubjectsBusiness":{"results":[{"__metadata":{"id":"https://ws.parlament.ch/OData.svc/SubjectBusiness(BusinessNumber=20180086,IdSubject=46240L,Language='DE')","uri":"https://ws.parlament.ch/OData.svc/SubjectBusiness(BusinessNumber=20180086,IdSubject=46240L,Language='DE')","type":"itsystems.Pd.DataServices.DataModel.SubjectBusiness"},"Subjects":{"__deferred":{"uri":"https://ws.parlament.ch/OData.svc/SubjectBusiness(BusinessNumber=20180086,IdSubject=46240L,Language='DE')/Subjects"}},"Businesses":{"__deferred":{"uri":"https://ws.parlament.ch/OData.svc/SubjectBusiness(BusinessNumber=20180086,IdSubject=46240L,Language='DE')/Businesses"}},"IdSubject":"46240","BusinessNumber":20180086,"Language":"DE","BusinessShortNumber":"18.086","Title":"Soziale Sicherheit. Abkommen mit Kosovo","SortOrder":1,"PublishedNotes":"Differenzen - Divergences\n","Modified":"\/Date(1551169902426)\/","TitleDE":"Soziale Sicherheit.\nAbkommen mit Kosovo","TitleFR":"S\u00e9curit\u00e9 sociale.\nConvention avec le Kosovo","TitleIT":null}]},"Transcripts":{"results":[{"__metadata":{"id":"https://ws.parlament.ch/OData.svc/Transcript(ID=246215L,Language='DE')","uri":"https://ws.parlament.ch/OData.svc/Transcript(ID=246215L,Language='DE')","type":"itsystems.Pd.DataServices.DataModel.Transcript"},"Subjects":{"__deferred":{"uri":"https://ws.parlament.ch/OData.svc/Transcript(ID=246215L,Language='DE')/Subjects"}},"MembersCouncil":{"__deferred":{"uri":"https://ws.parlament.ch/OData.svc/Transcript(ID=246215L,Language='DE')/MembersCouncil"}},"Businesses":{"__deferred":{"uri":"https://ws.parlament.ch/OData.svc/Transcript(ID=246215L,Language='DE')/Businesses"}},"ID":"246215","Language":"DE","IdSubject":"46240","VoteId":null,"PersonNumber":3915,"Type":1,"Text":"<pd_text><p><b>Bundesbeschluss \u00fcber die Genehmigung des Abkommens zwischen der Schweiz und Kosovo \u00fcber soziale Sicherheit</b>[GZ]</p>\n<p><b>Arr\u00eat\u00e9 f\u00e9d\u00e9ral portant approbation de la convention de s\u00e9curit\u00e9 sociale entre la Suisse et le Kosovo</b>[GZ]</p>\n<p>[VS][GZ]</p>\n<p><b>Art. 2 </b>[GZ]</p>\n<p><i>Antrag der Kommission </i>[GZ]</p>\n<p>Zustimmung zum Beschluss des Nationalrates</p>\n<p><i>Proposition de la commission </i>[GZ]</p>\n<p>Adh\u00e9rer \u00e0 la d\u00e9cision du Conseil national</p>\n</pd_text>","MeetingCouncilAbbreviation":"S","MeetingDate":"20190611","MeetingVerbalixOid":3143,"IdSession":"5018","SpeakerFirstName":"Jean-Ren\u00e9","SpeakerLastName":"Fournier","SpeakerFullName":"Fournier Jean-Ren\u00e9","SpeakerFunction":"P-M","CouncilId":2,"CouncilName":"St\u00e4nderat","CantonId":23,"CantonName":"Wallis","CantonAbbreviation":"VS","ParlGroupName":"CVP-Fraktion","ParlGroupAbbreviation":"M-E","SortOrder":1,"Start":"\/Date(1560266293993)\/","End":"\/Date(1560266331667)\/","Function":"P-M","DisplaySpeaker":false,"LanguageOfText":null,"Modified":"\/Date(1569580250210)\/","StartTimeWithTimezone":"\/Date(1560266293993+0120)\/","EndTimeWithTimezone":"\/Date(1560266331667+0120)\/","VoteBusinessNumber":null,"VoteBusinessShortNumber":null,"VoteBusinessTitle":null},{"__metadata":{"id":"https://ws.parlament.ch/OData.svc/Transcript(ID=246223L,Language='DE')","uri":"https://ws.parlament.ch/OData.svc/Transcript(ID=246223L,Language='DE')","type":"itsystems.Pd.DataServices.DataModel.Transcript"},"Subjects":{"__deferred":{"uri":"https://ws.parlament.ch/OData.svc/Transcript(ID=246223L,Language='DE')/Subjects"}},"MembersCouncil":{"__deferred":{"uri":"https://ws.parlament.ch/OData.svc/Transcript(ID=246223L,Language='DE')/MembersCouncil"}},"Businesses":{"__deferred":{"uri":"https://ws.parlament.ch/OData.svc/Transcript(ID=246223L,Language='DE')/Businesses"}},"ID":"246223","Language":"DE","IdSubject":"46240","VoteId":null,"PersonNumber":3871,"Type":1,"Text":"<pd_text><p>Es geht um das Abkommen zwischen der Schweiz und Kosovo \u00fcber soziale Sicherheit. Materiell haben wir das Gesch\u00e4ft behandelt. Wir waren Erstrat und befinden uns in der Differenzbereinigung. Es gibt nur noch eine einzige Differenz, und diese betrifft die Frage, ob dieses Abkommen dem Referendum zu unterstellen ist oder nicht. Der Bundesrat wollte keine Unterstellung unter das Referendum. Unser Rat hat dann die Unterstellung unter das Referendum beschlossen. Der Nationalrat ist dem Bundesrat gefolgt, und Ihre Kommission schl\u00e4gt Ihnen nun mit 6 zu 4 Stimmen vor, dem Nationalrat zu folgen und das Abkommen nicht dem fakultativen Referendum zu unterstellen. </p>\n<p>In der Diskussion in der Kommission ist einerseits auf die Praxis des St\u00e4nderates und des Nationalrates verwiesen worden: Entgegen dem Bundesrat beharren wir darauf, dass auch sogenannte Standardabkommen dem fakultativen Referendum zu unterstellen sind. Dieser Fall hier, Kosovo, ist ein Standardabkommen. Der Beschluss des St\u00e4nderates w\u00e4re also eigentlich berechtigt gewesen. Nur sind zwei Elemente hinzugekommen, die hier Ihre Kommissionsmehrheit trotzdem dazu gebracht haben, dem Nationalrat zu folgen. </p>\n<p>Zum einen ist die Revision des Allgemeinen Teils des Sozialversicherungsrechtes bereit f\u00fcr die Schlussabstimmung, und dort wird die Referendumsfrage im Sinne des Parlamentes gekl\u00e4rt. Das heisst, in Zukunft werden auch Standardabkommen im Sozialversicherungsbereich dem fakultativen Referendum unterstellt werden.</p>\n<p>Was ist nun mit dem Abkommen mit Kosovo zu tun? In der Kommission war die Argumentation entscheidend, dass im Falle des gleichartigen Abkommens mit Serbien und Montenegro das Parlament dieses Abkommen nicht dem fakultativen Referendum unterstellt hatte und dies aber jetzt gem\u00e4ss unserer Praxis im Falle von Kosovo tun w\u00fcrde. Wenn das nun zwei v\u00f6llig unabh\u00e4ngige Staaten w\u00e4ren, die nichts miteinander zu tun h\u00e4tten, w\u00e4re das gut vertretbar. Im Falle des Balkans, wo zwischen genau diesen beiden Staaten erhebliche Differenzen bestehen, k\u00f6nnte das international rechtlich zumindest falsch verstanden werden.</p>\n<p>Aus diesem Grund beantragt Ihnen die Kommission wie gesagt mit 6 zu 4 Stimmen, hier dem Nationalrat zu folgen. </p>\n</pd_text>","MeetingCouncilAbbreviation":"S","MeetingDate":"20190611","MeetingVerbalixOid":3143,"IdSession":"5018","SpeakerFirstName":"Pirmin","SpeakerLastName":"Bischof","SpeakerFullName":"Bischof Pirmin","SpeakerFunction":"Mit-M","CouncilId":2,"CouncilName":"St\u00e4nderat","CantonId":11,"CantonName":"Solothurn","CantonAbbreviation":"SO","ParlGroupName":"CVP-Fraktion","ParlGroupAbbreviation":"M-E","SortOrder":2,"Start":"\/Date(1560266331667)\/","End":"\/Date(1560266526703)\/","Function":"*","DisplaySpeaker":true,"LanguageOfText":"DE","Modified":"\/Date(1569580250227)\/","StartTimeWithTimezone":"\/Date(1560266331667+0120)\/","EndTimeWithTimezone":"\/Date(1560266526703+0120)\/","VoteBusinessNumber":null,"VoteBusinessShortNumber":null,"VoteBusinessTitle":null},{"__metadata":{"id":"https://ws.parlament.ch/OData.svc/Transcript(ID=246230L,Language='DE')","uri":"https://ws.parlament.ch/OData.svc/Transcript(ID=246230L,Language='DE')","type":"itsystems.Pd.DataServices.DataModel.Transcript"},"Subjects":{"__deferred":{"uri":"https://ws.parlament.ch/OData.svc/Transcript(ID=246230L,Language='DE')/Subjects"}},"MembersCouncil":{"__deferred":{"uri":"https://ws.parlament.ch/OData.svc/Transcript(ID=246230L,Language='DE')/MembersCouncil"}},"Businesses":{"__deferred":{"uri":"https://ws.parlament.ch/OData.svc/Transcript(ID=246230L,Language='DE')/Businesses"}},"ID":"246230","Language":"DE","IdSubject":"46240","VoteId":null,"PersonNumber":3915,"Type":1,"Text":"<pd_text><p><i>Angenommen - Adopt\u00e9</i></p>\n<p>[VS]</p>\n<p><b>Le pr\u00e9sident</b> (Fournier Jean-Ren\u00e9, pr\u00e9sident): Vu la d\u00e9cision prise, il n'y aura pas de vote final; le projet n'\u00e9tant pas soumis au r\u00e9f\u00e9rendum, il est d\u00e9finitivement adopt\u00e9. [PAGE 349] </p>\n</pd_text>","MeetingCouncilAbbreviation":"S","MeetingDate":"20190611","MeetingVerbalixOid":3143,"IdSession":"5018","SpeakerFirstName":"Jean-Ren\u00e9","SpeakerLastName":"Fournier","SpeakerFullName":"Fournier Jean-Ren\u00e9","SpeakerFunction":"P-M","CouncilId":2,"CouncilName":"St\u00e4nderat","CantonId":23,"CantonName":"Wallis","CantonAbbreviation":"VS","ParlGroupName":"CVP-Fraktion","ParlGroupAbbreviation":"M-E","SortOrder":4,"Start":"\/Date(1560266635210)\/","End":"\/Date(1560266660993)\/","Function":"P-M","DisplaySpeaker":false,"LanguageOfText":null,"Modified":"\/Date(1569580250227)\/","StartTimeWithTimezone":"\/Date(1560266635210+0120)\/","EndTimeWithTimezone":"\/Date(1560266660993+0120)\/","VoteBusinessNumber":null,"VoteBusinessShortNumber":null,"VoteBusinessTitle":null},{"__metadata":{"id":"https://ws.parlament.ch/OData.svc/Transcript(ID=246266L,Language='DE')","uri":"https://ws.parlament.ch/OData.svc/Transcript(ID=246266L,Language='DE')","type":"itsystems.Pd.DataServices.DataModel.Transcript"},"Subjects":{"__deferred":{"uri":"https://ws.parlament.ch/OData.svc/Transcript(ID=246266L,Language='DE')/Subjects"}},"MembersCouncil":{"__deferred":{"uri":"https://ws.parlament.ch/OData.svc/Transcript(ID=246266L,Language='DE')/MembersCouncil"}},"Businesses":{"__deferred":{"uri":"https://ws.parlament.ch/OData.svc/Transcript(ID=246266L,Language='DE')/Businesses"}},"ID":"246266","Language":"DE","IdSubject":"46240","VoteId":null,"PersonNumber":1161,"Type":1,"Text":"<pd_text><p>Le rapporteur a rappel\u00e9 la situation: le Conseil f\u00e9d\u00e9ral avait propos\u00e9 de ne pas soumettre cet accord au r\u00e9f\u00e9rendum facultatif et d'appliquer la m\u00eame proc\u00e9dure que celle qui avait \u00e9t\u00e9 appliqu\u00e9e jusqu'ici. Mais, lors des d\u00e9bats, nous \u00e9tions naturellement conscients du fait que, en parall\u00e8le, les conseils \u00e9taient en train de discuter d'une r\u00e9vision de la loi f\u00e9d\u00e9rale sur la partie g\u00e9n\u00e9rale du droit des assurances sociales (LPGA), qui pr\u00e9voit pour l'avenir une autre proc\u00e9dure. Donc nous \u00e9tions assez flexibles et dispos\u00e9s \u00e0 suivre la volont\u00e9 du Parlement. </p>\n<p>Vous vous appr\u00eatez \u00e0 prendre la d\u00e9cision de suivre le projet du Conseil f\u00e9d\u00e9ral, ce dont nous vous remercierions par avance. C'est la position de d\u00e9part du Conseil f\u00e9d\u00e9ral. Et naturellement nous pouvons compl\u00e8tement souscrire \u00e0 l'argumentation port\u00e9e par Monsieur Bischof, au nom de la commission, mais il y a encore un autre argument qui va aussi dans le sens de ne pas soumettre cet accord, pr\u00e9cis\u00e9ment maintenant, au r\u00e9f\u00e9rendum facultatif. </p>\n<p>Dans le cadre des d\u00e9bats sur la LPGA, la question g\u00e9n\u00e9rale de soumettre \u00e0 l'avenir ce type d'accord au r\u00e9f\u00e9rendum facultatif a \u00e9t\u00e9 pos\u00e9e et, une fois que le vote final aura lieu, se posera la question des droits d\u00e9mocratiques habituels qui pourraient s'exprimer, avec une remise en cause ou pas, par r\u00e9f\u00e9rendum, de la r\u00e9vision de la LPGA. Le fait de mener un d\u00e9bat plut\u00f4t g\u00e9n\u00e9ral au lieu d'un d\u00e9bat particulier sur un accord plut\u00f4t qu'un autre est un \u00e9l\u00e9ment qui nous para\u00eet \u00e9galement important.</p>\n<p>Je vous invite avec cette argumentation \u00e0 suivre la commission, qui propose de suivre la position du Conseil f\u00e9d\u00e9ral, ce qui permettra que cette convention entre - sous r\u00e9serve de son approbation lors du vote final, \u00e9videmment - rapidement en vigueur.</p>\n</pd_text>","MeetingCouncilAbbreviation":"S","MeetingDate":"20190611","MeetingVerbalixOid":3143,"IdSession":"5018","SpeakerFirstName":"Alain","SpeakerLastName":"Berset","SpeakerFullName":"Berset Alain","SpeakerFunction":"BR-M","CouncilId":99,"CouncilName":"Bundesrat","CantonId":10,"CantonName":"Freiburg","CantonAbbreviation":"FR","ParlGroupName":null,"ParlGroupAbbreviation":null,"SortOrder":3,"Start":"\/Date(1560266526703)\/","End":"\/Date(1560266635210)\/","Function":"BR-M","DisplaySpeaker":true,"LanguageOfText":"FR","Modified":"\/Date(1569580250227)\/","StartTimeWithTimezone":"\/Date(1560266526703+0120)\/","EndTimeWithTimezone":"\/Date(1560266635210+0120)\/","VoteBusinessNumber":null,"VoteBusinessShortNumber":null,"VoteBusinessTitle":null}]},"ID":"46240","Language":"DE","IdMeeting":"4200","VerbalixOid":592210,"SortOrder":1,"Modified":"\/Date(1560269976363)\/"}}