{"d":{"__metadata":{"id":"https://ws.parlament.ch/OData.svc/Subject(ID=46351L,Language='DE')","uri":"https://ws.parlament.ch/OData.svc/Subject(ID=46351L,Language='DE')","type":"itsystems.Pd.DataServices.DataModel.Subject"},"Meetings":{"__metadata":{"id":"https://ws.parlament.ch/OData.svc/Meeting(ID=4205L,Language='DE')","uri":"https://ws.parlament.ch/OData.svc/Meeting(ID=4205L,Language='DE')","type":"itsystems.Pd.DataServices.DataModel.Meeting"},"Sessions":{"__deferred":{"uri":"https://ws.parlament.ch/OData.svc/Meeting(ID=4205L,Language='DE')/Sessions"}},"Subjects":{"__deferred":{"uri":"https://ws.parlament.ch/OData.svc/Meeting(ID=4205L,Language='DE')/Subjects"}},"ID":"4205","Language":"DE","MeetingNumber":9,"IdSession":5018,"SessionNumber":18,"SessionName":"Sommersession 2019","Council":1,"CouncilName":"Nationalrat","CouncilAbbreviation":"NR","Date":"\/Date(1560384000000)\/","Begin":"1500","Modified":"\/Date(1562754769617)\/","LegislativePeriodNumber":50,"PublicationStatus":"final","MeetingOrderText":"Neunte Sitzung","SortOrder":9,"Location":"N"},"SubjectsBusiness":{"results":[{"__metadata":{"id":"https://ws.parlament.ch/OData.svc/SubjectBusiness(BusinessNumber=20160077,IdSubject=46351L,Language='DE')","uri":"https://ws.parlament.ch/OData.svc/SubjectBusiness(BusinessNumber=20160077,IdSubject=46351L,Language='DE')","type":"itsystems.Pd.DataServices.DataModel.SubjectBusiness"},"Subjects":{"__deferred":{"uri":"https://ws.parlament.ch/OData.svc/SubjectBusiness(BusinessNumber=20160077,IdSubject=46351L,Language='DE')/Subjects"}},"Businesses":{"__deferred":{"uri":"https://ws.parlament.ch/OData.svc/SubjectBusiness(BusinessNumber=20160077,IdSubject=46351L,Language='DE')/Businesses"}},"IdSubject":"46351","BusinessNumber":20160077,"Language":"DE","BusinessShortNumber":"16.077","Title":"OR. Aktienrecht","SortOrder":1,"PublishedNotes":"Fortsetzung - Suite\n","Modified":"\/Date(1552552234433)\/","TitleDE":"OR. Aktienrecht","TitleFR":"CO. Droit de la soci\u00e9t\u00e9 anonyme","TitleIT":null}]},"Transcripts":{"results":[{"__metadata":{"id":"https://ws.parlament.ch/OData.svc/Transcript(ID=247029L,Language='DE')","uri":"https://ws.parlament.ch/OData.svc/Transcript(ID=247029L,Language='DE')","type":"itsystems.Pd.DataServices.DataModel.Transcript"},"Subjects":{"__deferred":{"uri":"https://ws.parlament.ch/OData.svc/Transcript(ID=247029L,Language='DE')/Subjects"}},"MembersCouncil":{"__deferred":{"uri":"https://ws.parlament.ch/OData.svc/Transcript(ID=247029L,Language='DE')/MembersCouncil"}},"Businesses":{"__deferred":{"uri":"https://ws.parlament.ch/OData.svc/Transcript(ID=247029L,Language='DE')/Businesses"}},"ID":"247029","Language":"DE","IdSubject":"46351","VoteId":"18988","PersonNumber":null,"Type":2,"Text":"<pd_text><p><i>Abstimmung - Vote </i>[GZ]</p>\n<p>[NAM][GZ]</p>\n<p>F\u00fcr den Antrag der Mehrheit ... 109 Stimmen [GZ]</p>\n<p>F\u00fcr den Antrag der Minderheit ... 69 Stimmen [GZ]</p>\n<p>(7 Enthaltungen)</p>\n<p>[VS]</p>\n<p><b>La presidente</b> (Carobbio Guscetti Marina, presidente): Avete deciso di mantenere l'entrata in materia sul controprogetto indiretto. L'ogetto ritorna quindi al Consiglio degli Stati. [PAGE 1065] </p>\n</pd_text>","MeetingCouncilAbbreviation":"N","MeetingDate":"20190613","MeetingVerbalixOid":3148,"IdSession":"5018","SpeakerFirstName":null,"SpeakerLastName":null,"SpeakerFullName":"","SpeakerFunction":null,"CouncilId":null,"CouncilName":null,"CantonId":null,"CantonName":null,"CantonAbbreviation":null,"ParlGroupName":null,"ParlGroupAbbreviation":null,"SortOrder":2,"Start":"\/Date(1560442105770)\/","End":"\/Date(1560442194009)\/","Function":null,"DisplaySpeaker":null,"LanguageOfText":null,"Modified":"\/Date(1774877183642)\/","StartTimeWithTimezone":"\/Date(1560442105770+0120)\/","EndTimeWithTimezone":"\/Date(1560442194010+0120)\/","VoteBusinessNumber":20160077,"VoteBusinessShortNumber":"16.077","VoteBusinessTitle":"OR. Aktienrecht"},{"__metadata":{"id":"https://ws.parlament.ch/OData.svc/Transcript(ID=247048L,Language='DE')","uri":"https://ws.parlament.ch/OData.svc/Transcript(ID=247048L,Language='DE')","type":"itsystems.Pd.DataServices.DataModel.Transcript"},"Subjects":{"__deferred":{"uri":"https://ws.parlament.ch/OData.svc/Transcript(ID=247048L,Language='DE')/Subjects"}},"MembersCouncil":{"__deferred":{"uri":"https://ws.parlament.ch/OData.svc/Transcript(ID=247048L,Language='DE')/MembersCouncil"}},"Businesses":{"__deferred":{"uri":"https://ws.parlament.ch/OData.svc/Transcript(ID=247048L,Language='DE')/Businesses"}},"ID":"247048","Language":"DE","IdSubject":"46351","VoteId":null,"PersonNumber":3830,"Type":1,"Text":"<pd_text><p><b>2.</b>[NB]<b>Obligationenrecht (indirekter Gegenentwurf zur Volksinitiative \"f\u00fcr verantwortungsvolle Unternehmen - zum Schutz von Mensch und Umwelt\")</b>[GZ]</p>\n<p><b>2.</b>[NB]<b>Code des obligations (contre-projet indirect \u00e0 l'initiative populaire \"Entreprises responsables - pour prot\u00e9ger l'\u00eatre humain et l'environnement\")</b>[GZ]</p>\n<p>[VS][GZ]</p>\n<p><i>Antrag der Mehrheit </i>[GZ]</p>\n<p>Festhalten</p>\n<p>[VS]</p>\n<p><i>Antrag der Minderheit </i>[GZ]</p>\n<p>(Steinemann, Egloff, Schwander, Tuena)[GZ]</p>\n<p>Zustimmung zum Beschluss des St\u00e4nderates</p>\n<p>(= Nichteintreten)</p>\n<p>[VS]</p>\n<p><i>Proposition de la majorit\u00e9 </i>[GZ]</p>\n<p>Maintenir</p>\n<p>[VS]</p>\n<p><i>Proposition de la minorit\u00e9 </i>[GZ]</p>\n<p>(Steinemann, Egloff, Schwander, Tuena)[GZ]</p>\n<p>Adh\u00e9rer \u00e0 la d\u00e9cision du Conseil des Etats</p>\n<p>(= Ne pas entrer en mati\u00e8re)</p>\n<p>[VS]</p>\n<p><b>La presidente</b> (Carobbio Guscetti Marina, presidente): Come avete sentito dalle relatrici, la commissione ci propone di interrompere la deliberazione se il Consiglio decide di mantenere l'entrata in materia sul controprogetto indiretto. Votiamo ora se mantenere la decisione di entrare in materia. </p>\n</pd_text>","MeetingCouncilAbbreviation":"N","MeetingDate":"20190613","MeetingVerbalixOid":3148,"IdSession":"5018","SpeakerFirstName":"Marina","SpeakerLastName":"Carobbio Guscetti","SpeakerFullName":"Carobbio Guscetti Marina","SpeakerFunction":"P-F","CouncilId":1,"CouncilName":"Nationalrat","CantonId":27,"CantonName":"Tessin","CantonAbbreviation":"TI","ParlGroupName":"Sozialdemokratische Fraktion","ParlGroupAbbreviation":"S","SortOrder":1,"Start":"\/Date(1560442053746)\/","End":"\/Date(1560442105770)\/","Function":"P-F","DisplaySpeaker":false,"LanguageOfText":null,"Modified":"\/Date(1774877183629)\/","StartTimeWithTimezone":"\/Date(1560442053747+0120)\/","EndTimeWithTimezone":"\/Date(1560442105770+0120)\/","VoteBusinessNumber":null,"VoteBusinessShortNumber":null,"VoteBusinessTitle":null}]},"ID":"46351","Language":"DE","IdMeeting":"4205","VerbalixOid":593480,"SortOrder":2,"Modified":"\/Date(1774877183629)\/"}}