{"d":{"__metadata":{"id":"https://ws.parlament.ch/OData.svc/Subject(ID=46603L,Language='DE')","uri":"https://ws.parlament.ch/OData.svc/Subject(ID=46603L,Language='DE')","type":"itsystems.Pd.DataServices.DataModel.Subject"},"Meetings":{"__metadata":{"id":"https://ws.parlament.ch/OData.svc/Meeting(ID=4220L,Language='DE')","uri":"https://ws.parlament.ch/OData.svc/Meeting(ID=4220L,Language='DE')","type":"itsystems.Pd.DataServices.DataModel.Meeting"},"Sessions":{"__deferred":{"uri":"https://ws.parlament.ch/OData.svc/Meeting(ID=4220L,Language='DE')/Sessions"}},"Subjects":{"__deferred":{"uri":"https://ws.parlament.ch/OData.svc/Meeting(ID=4220L,Language='DE')/Subjects"}},"ID":"4220","Language":"DE","MeetingNumber":13,"IdSession":5018,"SessionNumber":18,"SessionName":"Sommersession 2019","Council":2,"CouncilName":"St\u00e4nderat","CouncilAbbreviation":"SR","Date":"\/Date(1561075200000)\/","Begin":"0815","Modified":"\/Date(1562593822907)\/","LegislativePeriodNumber":50,"PublicationStatus":"final","MeetingOrderText":"Dreizehnte Sitzung","SortOrder":13,"Location":"S"},"SubjectsBusiness":{"results":[{"__metadata":{"id":"https://ws.parlament.ch/OData.svc/SubjectBusiness(BusinessNumber=20180029,IdSubject=46603L,Language='DE')","uri":"https://ws.parlament.ch/OData.svc/SubjectBusiness(BusinessNumber=20180029,IdSubject=46603L,Language='DE')","type":"itsystems.Pd.DataServices.DataModel.SubjectBusiness"},"Subjects":{"__deferred":{"uri":"https://ws.parlament.ch/OData.svc/SubjectBusiness(BusinessNumber=20180029,IdSubject=46603L,Language='DE')/Subjects"}},"Businesses":{"__deferred":{"uri":"https://ws.parlament.ch/OData.svc/SubjectBusiness(BusinessNumber=20180029,IdSubject=46603L,Language='DE')/Businesses"}},"IdSubject":"46603","BusinessNumber":20180029,"Language":"DE","BusinessShortNumber":"18.029","Title":"Bundesgesetz \u00fcber den Allgemeinen Teil des Sozialversicherungsrechts (ATSG). \u00c4nderung","SortOrder":1,"PublishedNotes":"Schlussabstimmung - Vote final\n","Modified":"\/Date(1535972276916)\/","TitleDE":"Bundesgesetz \u00fcber den Allgemeinen\nTeil des Sozialversicherungsrechts.\n\u00c4nderung","TitleFR":"Loi sur la partie g\u00e9n\u00e9rale\ndu droit des assurances sociales.\nModification","TitleIT":null}]},"Transcripts":{"results":[{"__metadata":{"id":"https://ws.parlament.ch/OData.svc/Transcript(ID=248985L,Language='DE')","uri":"https://ws.parlament.ch/OData.svc/Transcript(ID=248985L,Language='DE')","type":"itsystems.Pd.DataServices.DataModel.Transcript"},"Subjects":{"__deferred":{"uri":"https://ws.parlament.ch/OData.svc/Transcript(ID=248985L,Language='DE')/Subjects"}},"MembersCouncil":{"__deferred":{"uri":"https://ws.parlament.ch/OData.svc/Transcript(ID=248985L,Language='DE')/MembersCouncil"}},"Businesses":{"__deferred":{"uri":"https://ws.parlament.ch/OData.svc/Transcript(ID=248985L,Language='DE')/Businesses"}},"ID":"248985","Language":"DE","IdSubject":"46603","VoteId":"3008","PersonNumber":null,"Type":2,"Text":"<pd_text><p><b>Bundesgesetz \u00fcber den Allgemeinen Teil des Sozialversicherungsrechts</b>[GZ]</p>\n<p><b>Loi f\u00e9d\u00e9rale sur la partie g\u00e9n\u00e9rale du droit des assurances sociales</b>[GZ]</p>\n<p>[VS][GZ]</p>\n<p><i>Abstimmung - Vote </i>[GZ]</p>\n<p>[NAM][GZ]</p>\n<p>F\u00fcr Annahme des Entwurfes ... 41 Stimmen [GZ]</p>\n<p>(Einstimmigkeit) [GZ]</p>\n<p>(3 Enthaltungen) [PAGE 586] </p>\n</pd_text>","MeetingCouncilAbbreviation":"S","MeetingDate":"20190621","MeetingVerbalixOid":3163,"IdSession":"5018","SpeakerFirstName":null,"SpeakerLastName":null,"SpeakerFullName":"","SpeakerFunction":null,"CouncilId":null,"CouncilName":null,"CantonId":null,"CantonName":null,"CantonAbbreviation":null,"ParlGroupName":null,"ParlGroupAbbreviation":null,"SortOrder":1,"Start":null,"End":null,"Function":null,"DisplaySpeaker":null,"LanguageOfText":null,"Modified":"\/Date(1583219602973)\/","StartTimeWithTimezone":null,"EndTimeWithTimezone":null,"VoteBusinessNumber":20180029,"VoteBusinessShortNumber":"18.029","VoteBusinessTitle":"Bundesgesetz \u00fcber den Allgemeinen\nTeil des Sozialversicherungsrechts.\n\u00c4nderung"}]},"ID":"46603","Language":"DE","IdMeeting":"4220","VerbalixOid":596438,"SortOrder":8,"Modified":"\/Date(1583219602970)\/"}}