{"d":{"__metadata":{"id":"https://ws.parlament.ch/OData.svc/Subject(ID=46619L,Language='DE')","uri":"https://ws.parlament.ch/OData.svc/Subject(ID=46619L,Language='DE')","type":"itsystems.Pd.DataServices.DataModel.Subject"},"Meetings":{"__metadata":{"id":"https://ws.parlament.ch/OData.svc/Meeting(ID=4220L,Language='DE')","uri":"https://ws.parlament.ch/OData.svc/Meeting(ID=4220L,Language='DE')","type":"itsystems.Pd.DataServices.DataModel.Meeting"},"Sessions":{"__deferred":{"uri":"https://ws.parlament.ch/OData.svc/Meeting(ID=4220L,Language='DE')/Sessions"}},"Subjects":{"__deferred":{"uri":"https://ws.parlament.ch/OData.svc/Meeting(ID=4220L,Language='DE')/Subjects"}},"ID":"4220","Language":"DE","MeetingNumber":13,"IdSession":5018,"SessionNumber":18,"SessionName":"Sommersession 2019","Council":2,"CouncilName":"St\u00e4nderat","CouncilAbbreviation":"SR","Date":"\/Date(1561075200000)\/","Begin":"0815","Modified":"\/Date(1562593822907)\/","LegislativePeriodNumber":50,"PublicationStatus":"final","MeetingOrderText":"Dreizehnte Sitzung","SortOrder":13,"Location":"S"},"SubjectsBusiness":{"results":[{"__metadata":{"id":"https://ws.parlament.ch/OData.svc/SubjectBusiness(BusinessNumber=20150083,IdSubject=46619L,Language='DE')","uri":"https://ws.parlament.ch/OData.svc/SubjectBusiness(BusinessNumber=20150083,IdSubject=46619L,Language='DE')","type":"itsystems.Pd.DataServices.DataModel.SubjectBusiness"},"Subjects":{"__deferred":{"uri":"https://ws.parlament.ch/OData.svc/SubjectBusiness(BusinessNumber=20150083,IdSubject=46619L,Language='DE')/Subjects"}},"Businesses":{"__deferred":{"uri":"https://ws.parlament.ch/OData.svc/SubjectBusiness(BusinessNumber=20150083,IdSubject=46619L,Language='DE')/Businesses"}},"IdSubject":"46619","BusinessNumber":20150083,"Language":"DE","BusinessShortNumber":"15.083","Title":"KVG. St\u00e4rkung von Qualit\u00e4t und Wirtschaftlichkeit","SortOrder":1,"PublishedNotes":"Schlussabstimmung - Vote final\n","Modified":"\/Date(1461230647560)\/","TitleDE":"KVG. St\u00e4rkung\nvon Qualit\u00e4t und Wirtschaftlichkeit","TitleFR":"LAMal. Renforcement\nde la qualit\u00e9 et de l'\u00e9conomicit\u00e9","TitleIT":null}]},"Transcripts":{"results":[{"__metadata":{"id":"https://ws.parlament.ch/OData.svc/Transcript(ID=249009L,Language='DE')","uri":"https://ws.parlament.ch/OData.svc/Transcript(ID=249009L,Language='DE')","type":"itsystems.Pd.DataServices.DataModel.Transcript"},"Subjects":{"__deferred":{"uri":"https://ws.parlament.ch/OData.svc/Transcript(ID=249009L,Language='DE')/Subjects"}},"MembersCouncil":{"__deferred":{"uri":"https://ws.parlament.ch/OData.svc/Transcript(ID=249009L,Language='DE')/MembersCouncil"}},"Businesses":{"__deferred":{"uri":"https://ws.parlament.ch/OData.svc/Transcript(ID=249009L,Language='DE')/Businesses"}},"ID":"249009","Language":"DE","IdSubject":"46619","VoteId":"3001","PersonNumber":null,"Type":2,"Text":"<pd_text><p><b>1.</b>[NB]<b>Bundesgesetz \u00fcber die Krankenversicherung (St\u00e4rkung von Qualit\u00e4t und Wirtschaftlichkeit)</b>[GZ]</p>\n<p><b>1.</b>[NB]<b>Loi f\u00e9d\u00e9rale sur l'assurance-maladie (Renforcement de la qualit\u00e9 et de l'\u00e9conomicit\u00e9)</b>[GZ]</p>\n<p>[VS][GZ]</p>\n<p><i>Abstimmung - Vote </i>[GZ]</p>\n<p>[NAM][GZ]</p>\n<p>F\u00fcr Annahme des Entwurfes ... 33 Stimmen [GZ]</p>\n<p>Dagegen ... 9 Stimmen [GZ]</p>\n<p>(2 Enthaltungen) [PAGE 584] </p>\n</pd_text>","MeetingCouncilAbbreviation":"S","MeetingDate":"20190621","MeetingVerbalixOid":3163,"IdSession":"5018","SpeakerFirstName":null,"SpeakerLastName":null,"SpeakerFullName":"","SpeakerFunction":null,"CouncilId":null,"CouncilName":null,"CantonId":null,"CantonName":null,"CantonAbbreviation":null,"ParlGroupName":null,"ParlGroupAbbreviation":null,"SortOrder":1,"Start":"\/Date(1561105393470)\/","End":"\/Date(1561106392177)\/","Function":null,"DisplaySpeaker":null,"LanguageOfText":"DE","Modified":"\/Date(1583219602950)\/","StartTimeWithTimezone":"\/Date(1561105393470+0120)\/","EndTimeWithTimezone":"\/Date(1561106392177+0120)\/","VoteBusinessNumber":20150083,"VoteBusinessShortNumber":"15.083","VoteBusinessTitle":"KVG. St\u00e4rkung\nvon Qualit\u00e4t und Wirtschaftlichkeit"}]},"ID":"46619","Language":"DE","IdMeeting":"4220","VerbalixOid":596492,"SortOrder":2,"Modified":"\/Date(1583219602950)\/"}}