{"d":{"__metadata":{"id":"https://ws.parlament.ch/OData.svc/Subject(ID=4666L,Language='DE')","uri":"https://ws.parlament.ch/OData.svc/Subject(ID=4666L,Language='DE')","type":"itsystems.Pd.DataServices.DataModel.Subject"},"Meetings":{"__metadata":{"id":"https://ws.parlament.ch/OData.svc/Meeting(ID=331L,Language='DE')","uri":"https://ws.parlament.ch/OData.svc/Meeting(ID=331L,Language='DE')","type":"itsystems.Pd.DataServices.DataModel.Meeting"},"Sessions":{"__deferred":{"uri":"https://ws.parlament.ch/OData.svc/Meeting(ID=331L,Language='DE')/Sessions"}},"Subjects":{"__deferred":{"uri":"https://ws.parlament.ch/OData.svc/Meeting(ID=331L,Language='DE')/Subjects"}},"ID":"331","Language":"DE","MeetingNumber":12,"IdSession":4615,"SessionNumber":15,"SessionName":"Herbstsession 2002","Council":1,"CouncilName":"Nationalrat","CouncilAbbreviation":"NR","Date":"\/Date(1033430400000)\/","Begin":"0800","Modified":"\/Date(1447069809720)\/","LegislativePeriodNumber":46,"PublicationStatus":"final","MeetingOrderText":"Zw\u00f6lfte Sitzung","SortOrder":12,"Location":"N"},"SubjectsBusiness":{"results":[{"__metadata":{"id":"https://ws.parlament.ch/OData.svc/SubjectBusiness(BusinessNumber=20020444,IdSubject=4666L,Language='DE')","uri":"https://ws.parlament.ch/OData.svc/SubjectBusiness(BusinessNumber=20020444,IdSubject=4666L,Language='DE')","type":"itsystems.Pd.DataServices.DataModel.SubjectBusiness"},"Subjects":{"__deferred":{"uri":"https://ws.parlament.ch/OData.svc/SubjectBusiness(BusinessNumber=20020444,IdSubject=4666L,Language='DE')/Subjects"}},"Businesses":{"__deferred":{"uri":"https://ws.parlament.ch/OData.svc/SubjectBusiness(BusinessNumber=20020444,IdSubject=4666L,Language='DE')/Businesses"}},"IdSubject":"4666","BusinessNumber":20020444,"Language":"DE","BusinessShortNumber":"02.444","Title":"Gesch\u00e4ftsberichterstattung des Bundesrates 2001 betreffend SBB und Post","SortOrder":1,"PublishedNotes":"Zweitrat - Deuxi\u00e8me Conseil\n","Modified":"\/Date(1447069176846)\/","TitleDE":"Parlamentarische Initiative\nGPK-SR.\nGesch\u00e4ftsberichterstattung\ndes Bundesrates 2001\nbetreffend die SBB und die Post","TitleFR":"Initiative parlementaire\nCdG-CE.\nInformation se r\u00e9f\u00e9rant au rapport\nde gestion du Conseil f\u00e9d\u00e9ral 2001\nconcernant les CFF et la Poste","TitleIT":null}]},"Transcripts":{"results":[{"__metadata":{"id":"https://ws.parlament.ch/OData.svc/Transcript(ID=25914L,Language='DE')","uri":"https://ws.parlament.ch/OData.svc/Transcript(ID=25914L,Language='DE')","type":"itsystems.Pd.DataServices.DataModel.Transcript"},"Subjects":{"__deferred":{"uri":"https://ws.parlament.ch/OData.svc/Transcript(ID=25914L,Language='DE')/Subjects"}},"MembersCouncil":{"__deferred":{"uri":"https://ws.parlament.ch/OData.svc/Transcript(ID=25914L,Language='DE')/MembersCouncil"}},"Businesses":{"__deferred":{"uri":"https://ws.parlament.ch/OData.svc/Transcript(ID=25914L,Language='DE')/Businesses"}},"ID":"25914","Language":"DE","IdSubject":"4666","VoteId":"2681","PersonNumber":null,"Type":2,"Text":"<pd_text><p><i>Gesamtabstimmung - Vote sur l'ensemble</i></p>\n<p>[NAM]</p>\n<p>F\u00fcr Annahme des Entwurfes .... 118 Stimmen</p>\n<p>(Einstimmigkeit)</p>\n</pd_text>","MeetingCouncilAbbreviation":"N","MeetingDate":"20021001","MeetingVerbalixOid":968,"IdSession":"4615","SpeakerFirstName":null,"SpeakerLastName":null,"SpeakerFullName":"","SpeakerFunction":null,"CouncilId":null,"CouncilName":null,"CantonId":null,"CantonName":null,"CantonAbbreviation":null,"ParlGroupName":null,"ParlGroupAbbreviation":null,"SortOrder":5,"Start":"\/Date(1033460423598)\/","End":"\/Date(1033460423598)\/","Function":null,"DisplaySpeaker":null,"LanguageOfText":"DE","Modified":"\/Date(1774878170379)\/","StartTimeWithTimezone":"\/Date(1033460423597+0120)\/","EndTimeWithTimezone":"\/Date(1033460423597+0120)\/","VoteBusinessNumber":20020444,"VoteBusinessShortNumber":"02.444","VoteBusinessTitle":"Parlamentarische Initiative\nGPK-SR.\nGesch\u00e4ftsberichterstattung\ndes Bundesrates 2001\nbetreffend die SBB und die Post"},{"__metadata":{"id":"https://ws.parlament.ch/OData.svc/Transcript(ID=25915L,Language='DE')","uri":"https://ws.parlament.ch/OData.svc/Transcript(ID=25915L,Language='DE')","type":"itsystems.Pd.DataServices.DataModel.Transcript"},"Subjects":{"__deferred":{"uri":"https://ws.parlament.ch/OData.svc/Transcript(ID=25915L,Language='DE')/Subjects"}},"MembersCouncil":{"__deferred":{"uri":"https://ws.parlament.ch/OData.svc/Transcript(ID=25915L,Language='DE')/MembersCouncil"}},"Businesses":{"__deferred":{"uri":"https://ws.parlament.ch/OData.svc/Transcript(ID=25915L,Language='DE')/Businesses"}},"ID":"25915","Language":"DE","IdSubject":"4666","VoteId":null,"PersonNumber":341,"Type":1,"Text":"<pd_text><p><i>Eintreten ist obligatorisch</i></p>\n<p><i>L'entr\u00e9e en mati\u00e8re est acquise de plein droit</i></p>\n<p>[VS]</p>\n<p><b>Bundesbeschluss \u00fcber die Gesch\u00e4ftsf\u00fchrung des Bundesrates betreffend die Schweizerischen Bundesbahnen (SBB AG) und die Post im Jahre 2001 </b></p>\n<p><b>Arr\u00eat\u00e9 f\u00e9d\u00e9ral approuvant la gestion du Conseil f\u00e9d\u00e9ral concernant les Chemins de fer f\u00e9d\u00e9raux suisses (CFF SA) et la Poste en 2001 </b></p>\n<p>[VS]</p>\n<p><i>Detailberatung - Examen de d\u00e9tail</i></p>\n<p>[VS]</p>\n<p><b>Titel und Ingress, Art. 1, 2</b></p>\n<p><i>Antrag der Kommission</i></p>\n<p>Zustimmung zum Beschluss des St\u00e4nderates</p>\n<p>[VS]</p>\n<p><b>Titre et pr\u00e9ambule, art. 1, 2</b></p>\n<p><i>Proposition de la commission</i></p>\n<p>Adh\u00e9rer \u00e0 la d\u00e9cision du Conseil des Etats</p>\n<p>[VS]</p>\n<p><i>Angenommen - Adopt\u00e9</i></p>\n</pd_text>","MeetingCouncilAbbreviation":"N","MeetingDate":"20021001","MeetingVerbalixOid":968,"IdSession":"4615","SpeakerFirstName":"Liliane","SpeakerLastName":"Maury Pasquier","SpeakerFullName":"Maury Pasquier Liliane","SpeakerFunction":"P-F","CouncilId":1,"CouncilName":"Nationalrat","CantonId":25,"CantonName":"Genf","CantonAbbreviation":"GE","ParlGroupName":"Sozialdemokratische Fraktion","ParlGroupAbbreviation":"S","SortOrder":4,"Start":"\/Date(1033460288411)\/","End":"\/Date(1033460423598)\/","Function":"","DisplaySpeaker":false,"LanguageOfText":null,"Modified":"\/Date(1774878170377)\/","StartTimeWithTimezone":"\/Date(1033460288410+0120)\/","EndTimeWithTimezone":"\/Date(1033460423597+0120)\/","VoteBusinessNumber":null,"VoteBusinessShortNumber":null,"VoteBusinessTitle":null},{"__metadata":{"id":"https://ws.parlament.ch/OData.svc/Transcript(ID=25916L,Language='DE')","uri":"https://ws.parlament.ch/OData.svc/Transcript(ID=25916L,Language='DE')","type":"itsystems.Pd.DataServices.DataModel.Transcript"},"Subjects":{"__deferred":{"uri":"https://ws.parlament.ch/OData.svc/Transcript(ID=25916L,Language='DE')/Subjects"}},"MembersCouncil":{"__deferred":{"uri":"https://ws.parlament.ch/OData.svc/Transcript(ID=25916L,Language='DE')/MembersCouncil"}},"Businesses":{"__deferred":{"uri":"https://ws.parlament.ch/OData.svc/Transcript(ID=25916L,Language='DE')/Businesses"}},"ID":"25916","Language":"DE","IdSubject":"4666","VoteId":null,"PersonNumber":134,"Type":1,"Text":"<pd_text><p>Ich danke der Gesch\u00e4ftspr\u00fcfungskommission und ihren Berichterstattern, dass sie Ihnen den Antrag stellen, den Bericht zu genehmigen. Ich schliesse mich diesem Antrag nat\u00fcrlich gerne an. Ich h\u00e4tte f\u00fcr die n\u00e4chsten Jahre vielleicht den Wunsch, dass der Gesch\u00e4ftsbericht von Post und SBB ebenfalls in der Sommersession verabschiedet werden kann. Die Voraussetzungen dazu sind da, und ich hoffe, dass wir das n\u00e4chstes Jahr gemeinsam schaffen.</p>\n</pd_text>","MeetingCouncilAbbreviation":"N","MeetingDate":"20021001","MeetingVerbalixOid":968,"IdSession":"4615","SpeakerFirstName":"Moritz","SpeakerLastName":"Leuenberger","SpeakerFullName":"Leuenberger Moritz","SpeakerFunction":"BR-M","CouncilId":99,"CouncilName":"Bundesrat","CantonId":1,"CantonName":"Z\u00fcrich","CantonAbbreviation":"ZH","ParlGroupName":null,"ParlGroupAbbreviation":null,"SortOrder":3,"Start":"\/Date(1033460245770)\/","End":"\/Date(1033460288411)\/","Function":"","DisplaySpeaker":true,"LanguageOfText":"DE","Modified":"\/Date(1774878170375)\/","StartTimeWithTimezone":"\/Date(1033460245770+0120)\/","EndTimeWithTimezone":"\/Date(1033460288410+0120)\/","VoteBusinessNumber":null,"VoteBusinessShortNumber":null,"VoteBusinessTitle":null},{"__metadata":{"id":"https://ws.parlament.ch/OData.svc/Transcript(ID=25917L,Language='DE')","uri":"https://ws.parlament.ch/OData.svc/Transcript(ID=25917L,Language='DE')","type":"itsystems.Pd.DataServices.DataModel.Transcript"},"Subjects":{"__deferred":{"uri":"https://ws.parlament.ch/OData.svc/Transcript(ID=25917L,Language='DE')/Subjects"}},"MembersCouncil":{"__deferred":{"uri":"https://ws.parlament.ch/OData.svc/Transcript(ID=25917L,Language='DE')/MembersCouncil"}},"Businesses":{"__deferred":{"uri":"https://ws.parlament.ch/OData.svc/Transcript(ID=25917L,Language='DE')/Businesses"}},"ID":"25917","Language":"DE","IdSubject":"4666","VoteId":null,"PersonNumber":353,"Type":1,"Text":"<pd_text><p>Die Ausgangslage ist bekannt. In der Sommersession 2002 wurden betreffend die Gesch\u00e4ftsf\u00fchrung des Bundesrates f\u00fcr die SBB AG und die Post Vorbehalte gemacht, weil f\u00fcr diese Unternehmungen wichtige Fragen der Gesch\u00e4ftspr\u00fcfungskommissionen von National- und St\u00e4nderat noch unzureichend beantwortet schienen. Dies betraf namentlich folgende Aspekte der Gesch\u00e4ftspolitik: Unabh\u00e4ngigkeit der Revisionsstellen von SBB AG und Post sowie Aufgaben der Eidgen\u00f6ssischen Finanzkontrolle; G\u00fcterverkehr und Verlagerungspolitik; L\u00fccken in der Deckung der Pensionskassen: Teuerung, R\u00fcckstellungen; Kostenrechnung im Poststellennetz; Umsetzung der neuen strategischen Ziele der Post.</p>\n<p>Die Subkommissionen der Gesch\u00e4ftspr\u00fcfungskommissionen und der Finanzkommissionen beider R\u00e4te f\u00fchrten am 16. August 2002 eine ganzt\u00e4gige Aussprache mit den Verwaltungsratspr\u00e4sidenten und den Generaldirektoren der genannten Unternehmungen und mit den entsprechenden Vertretern des UVEK und des Eidgen\u00f6ssischen Finanzdepartementes durch, an der die erw\u00e4hnten Aspekte beleuchtet wurden. Die Unternehmensleitungen gaben Auskunft \u00fcber die aufgeworfenen Fragen - offen und bereitwillig, was die SBB betrifft, und eher z\u00f6gerlich, was die Post betrifft. Grunds\u00e4tzlich stellte sich heraus, dass es f\u00fcr das Parlament nach der Neuorganisation von Post und SBB AG schwierig ist, die Oberaufsicht geb\u00fchrend wahrzunehmen. Der Einfluss des Parlamentes hat sp\u00fcrbar abgenommen. Am ehesten besteht vom Parlament her noch die M\u00f6glichkeit, \u00fcber den Leistungsauftrag gewisse Dinge zu bewegen. Die Gesch\u00e4ftspolitik wird anhand einer Leistungsvereinbarung durch den Verwaltungsrat definiert, und dieser wird vom Bundesrat gew\u00e4hlt.</p>\n<p>L\u00e4ngere Diskussionen gab es unter anderem \u00fcber die Unabh\u00e4ngigkeit der Revisionsstelle. Den Mitgliedern der Subkommissionen scheint es wichtig, dass Revision und Beratermandate nicht vermischt werden. Diese Anregung wurde entgegengenommen.</p>\n<p>Was den G\u00fcterverkehr betrifft, so musste zur Kenntnis genommen werden, dass sich die schwierige wirtschaftliche Situation auch auf den G\u00fcterverkehr entsprechend auswirkt.</p>\n<p>Das vorgestellte G\u00fcterverkehrskonzept, das Wachstum durch Qualit\u00e4t, Flexibilit\u00e4t, bessere Koordination der Systeme und starke Partnerschaften vorsieht, wird anerkennend zur Kenntnis genommen, auch wenn eine bessere Nutzung aller Infrastrukturen postuliert wurde, und zwar nicht nur auf der Nord-S\u00fcd-Achse, sondern zum Beispiel auch auf der Achse Vallorbe-Simplon-Domodossola, wo durchaus gute Verkehrspotenziale vorhanden w\u00e4ren. Die Verlagerung des Schwerverkehrs von der Strasse auf die Schiene, wie das von Volk und St\u00e4nden immer wieder mitgetragen wurde, muss das Alpha und Omega jeglicher Verkehrspolitik des Bundes sein und bleiben.</p>\n<p>Betreffend Poststellennetz wird generell auf eine fl\u00e4chendeckende und qualitativ hoch stehende Grundversorgung Wert gelegt. Das heutige Postorganisationsgesetz sieht die Erhebung von Konzessionsgeb\u00fchren vor, damit allenfalls Kosten f\u00fcr den Service public in den peripheren und d\u00fcnn besiedelten Regionen abgedeckt werden k\u00f6nnen. Hier haben wir das Gef\u00fchl, dass sich die Post ziert. Bei der Neudefinierung der reservierten Dienste wird sich die Frage der Konzessionsgeb\u00fchren mit Sicherheit stellen.</p>\n<p>In der Plenarsitzung vom 21. August 2002 wurde die GPK-NR \u00fcber diese Aussprache mit den Unternehmungen informiert. Euphorie kam sicherlich keine auf. M\u00e4nniglich hatte das Gef\u00fchl einer gewissen Ohnmacht gegen\u00fcber [PAGE 1514] Verwaltungsrat und Gesch\u00e4ftsleitung. Die neuen Strukturen, das muss man sagen, wurden aber vom Parlament selbst mitgetragen, und diese Organisation unterliegt nun halt gewissen Gesetzm\u00e4ssigkeiten, die die Oberaufsicht des Parlamentes - ich habe es schon gesagt - schwieriger machen. Abschliessend muss aber festgehalten werden, dass sowohl die Post wie die SBB AG ihre schwierigen Aufgaben in einer unsicheren Zeit und in einem unsicheren Umfeld durchaus bemerkenswert erf\u00fcllen.</p>\n<p>Mit 13 zu 0 Stimmen bei immerhin 7 Enthaltungen empfiehlt Ihnen Ihre Kommission, den Gesch\u00e4ftsbericht des Bundesrates betreffend SBB und Post zu genehmigen und dem entsprechenden Bundesbeschluss zuzustimmen.</p>\n</pd_text>","MeetingCouncilAbbreviation":"N","MeetingDate":"20021001","MeetingVerbalixOid":968,"IdSession":"4615","SpeakerFirstName":"Odilo","SpeakerLastName":"Schmid","SpeakerFullName":"Schmid Odilo","SpeakerFunction":"","CouncilId":1,"CouncilName":"Nationalrat","CantonId":23,"CantonName":"Wallis","CantonAbbreviation":"VS","ParlGroupName":"Christlichdemokratische Fraktion","ParlGroupAbbreviation":"M-E","SortOrder":2,"Start":"\/Date(1033459959802)\/","End":"\/Date(1033460245770)\/","Function":"*","DisplaySpeaker":true,"LanguageOfText":"DE","Modified":"\/Date(1774878170374)\/","StartTimeWithTimezone":"\/Date(1033459959803+0120)\/","EndTimeWithTimezone":"\/Date(1033460245770+0120)\/","VoteBusinessNumber":null,"VoteBusinessShortNumber":null,"VoteBusinessTitle":null},{"__metadata":{"id":"https://ws.parlament.ch/OData.svc/Transcript(ID=25918L,Language='DE')","uri":"https://ws.parlament.ch/OData.svc/Transcript(ID=25918L,Language='DE')","type":"itsystems.Pd.DataServices.DataModel.Transcript"},"Subjects":{"__deferred":{"uri":"https://ws.parlament.ch/OData.svc/Transcript(ID=25918L,Language='DE')/Subjects"}},"MembersCouncil":{"__deferred":{"uri":"https://ws.parlament.ch/OData.svc/Transcript(ID=25918L,Language='DE')/MembersCouncil"}},"Businesses":{"__deferred":{"uri":"https://ws.parlament.ch/OData.svc/Transcript(ID=25918L,Language='DE')/Businesses"}},"ID":"25918","Language":"DE","IdSubject":"4666","VoteId":null,"PersonNumber":527,"Type":1,"Text":"<pd_text><p>Il y a plus d'une ann\u00e9e, l'Assembl\u00e9e f\u00e9d\u00e9rale approuvait la gestion du Conseil f\u00e9d\u00e9ral et des tribunaux en exceptant la gestion des CFF et de la Poste en raison du manque d'informations obtenues de la part des anciennes r\u00e9gies. Ses Commissions de gestion et les Commissions des finances ont exig\u00e9 des informations dans les domaines suivants: ind\u00e9pendance des [PAGE 1513] organes de r\u00e9vision des CFF et de la Poste ainsi que missions du Contr\u00f4le f\u00e9d\u00e9ral des finances; transport de marchandises (politique commerciale de CFF Cargo SA, politique de transfert, rapport prix clients/subventions); caisse de pension (pr\u00e9voyance en faveur du personnel); r\u00e9seau des bureaux de poste (calcul des co\u00fbts g\u00e9n\u00e9r\u00e9s par le r\u00e9seau, comparaisons avec l'\u00e9tranger); r\u00e9alisation des nouveaux objectifs strat\u00e9giques de la Poste (questions relatives \u00e0 la vue d'ensemble de l'\u00e9volution future du secteur postal).</p>\n<p>Plusieurs s\u00e9ances communes des sous-commissions comp\u00e9tentes des Commissions de gestion et des Commissions des finances ont eu lieu avec les repr\u00e9sentants du d\u00e9partement et une s\u00e9ance a eu lieu en pr\u00e9sence des repr\u00e9sentants du conseil d'administration et de la direction des CFF et de la Poste. A ce sujet, on notera que le nouveau pr\u00e9sident du conseil d'administration de la Poste est M. Anton Menth, ancien responsable de l'entreprise Tornos.</p>\n<p>La discussion a \u00e9t\u00e9 ardue, en particulier avec les membres du conseil d'administration et la direction des entreprises sous contr\u00f4le. Plusieurs commissaires n'ont pas \u00e9t\u00e9 satisfaits des r\u00e9ponses donn\u00e9es \u00e0 leurs interrogations. En mati\u00e8re de transfert du trafic routier au rail, il n'a pas \u00e9t\u00e9 compris pourquoi les CFF n'utilisaient pas la ligne de Vallorbe pour ce transfert, alors m\u00eame que l'on sait que le trafic des camions par le tunnel routier du Mont-Blanc ne sera plus celui qu'il \u00e9tait avant l'accident et que l'on pourrait inciter les camions \u00e0 passer par Vallorbe et la ligne du Simplon.</p>\n<p>En effet, avant l'accident, il passait 3300 camions par jour par le tunnel routier du Mont-Blanc. Ce trafic, pour des raisons de s\u00e9curit\u00e9, est aujourd'hui limit\u00e9 \u00e0 2000 camions par jour. On constate donc qu'il y a une client\u00e8le \u00e0 prendre sur la ligne Vallorbe-Simplon. Malheureusement, les CFF ne semblent vouloir privil\u00e9gier que l'axe nord-sud par le Gothard.</p>\n<p>On a d'ailleurs donn\u00e9 un mandat kafka\u00efen aux CFF: \u00e0 la fois d\u00e9velopper le transfert rail-route selon la volont\u00e9 populaire, ce qui \u00e9quivaut \u00e0 investir massivement dans les infrastructures, et assurer sur le plan financier des chiffres noirs, ce qui am\u00e8ne les CFF \u00e0 faire des \u00e9conomies. La gestion du personnel laisse encore bien \u00e0 d\u00e9sirer puisque le taux de satisfaction du personnel n'est toujours que de 52 pour cent et que le manque de confiance des cheminots \u00e0 l'\u00e9gard de la direction est manifeste.</p>\n<p>D'autre part, un dialogue de sourds s'installe dans la politique \u00e0 mener en mati\u00e8re de gestion du r\u00e9seau postal. La fermeture des bureaux de poste, qui est s\u00fbrement in\u00e9luctable pour certains, se fait en fonction d'un montant \u00e0 \u00e9conomiser fix\u00e9 d'avance et qui constitue la cible globale \u00e0 atteindre. Ce n'est pas comme \u00e7a qu'on peut assurer un service public. A propos de service public, la Poste s'ent\u00eate \u00e0 refuser l'aide financi\u00e8re pourtant inscrite dans la loi, que le Conseil f\u00e9d\u00e9ral peut lui accorder en pr\u00e9levant, par exemple, des taxes aupr\u00e8s des concurrents de la Poste qui n'assurent pas ce service public.</p>\n<p>En ce qui concerne les caisses de pension, les Chambres auront encore de douloureuses d\u00e9cisions \u00e0 prendre. Il semblerait que le Conseil f\u00e9d\u00e9ral s'appr\u00eate \u00e0 octroyer aux caisses de pension un montant de plusieurs milliards de francs. Encore de joyeuses discussions en perspective!</p>\n<p>On nous assure que les comptes des CFF et de la Poste sont contr\u00f4l\u00e9s par des organes ind\u00e9pendants. Malheureusement, on apprend ces jours-ci que la moiti\u00e9 des grandes entreprises am\u00e9ricaines qui sont tomb\u00e9es en faillite au cours des deux derni\u00e8res ann\u00e9es avaient vu leur comptabilit\u00e9 certifi\u00e9e par les plus grandes multinationales de l'audit et qu'elles avaient m\u00eame fait dispara\u00eetre des documents qui \u00e9taient des faux! On souhaiterait, afin de ne pas tomber dans le m\u00eame pi\u00e8ge, se d\u00e9faire de ces auditeurs priv\u00e9s et renforcer les effectifs du Contr\u00f4le f\u00e9d\u00e9ral des finances, pour s'assurer de la bienfacture de ces contr\u00f4les.</p>\n<p>Il faut bien reconna\u00eetre que ces diff\u00e9rents probl\u00e8mes sont moins de la comp\u00e9tence de la Commission de gestion, qui doit s'acquitter de la haute surveillance du Conseil f\u00e9d\u00e9ral, et qu'il s'agit plus de d\u00e9cisions op\u00e9rationnelles d\u00e9volues \u00e0 la Commission des transports et des t\u00e9l\u00e9communications et \u00e0 la Commission des finances. La d\u00e9cision des Chambres de lib\u00e9raliser ces entreprises et de les faire g\u00e9rer par un conseil d'administration sous forme d'une soci\u00e9t\u00e9 anonyme ne facilite \u00e9videmment pas le contr\u00f4le qui, petit \u00e0 petit, \u00e9chappera au l\u00e9gislateur. </p>\n<p>C'est ainsi que la Commission de gestion s'est r\u00e9solue, par 13 voix sans opposition et avec 7 abstentions, \u00e0 approuver la gestion du Conseil f\u00e9d\u00e9ral concernant les entreprises CFF et la Poste.</p>\n</pd_text>","MeetingCouncilAbbreviation":"N","MeetingDate":"20021001","MeetingVerbalixOid":968,"IdSession":"4615","SpeakerFirstName":"Pierre","SpeakerLastName":"Tillmanns","SpeakerFullName":"Tillmanns Pierre","SpeakerFunction":"","CouncilId":1,"CouncilName":"Nationalrat","CantonId":22,"CantonName":"Waadt","CantonAbbreviation":"VD","ParlGroupName":"Sozialdemokratische Fraktion","ParlGroupAbbreviation":"S","SortOrder":1,"Start":"\/Date(1033459618864)\/","End":"\/Date(1033459959802)\/","Function":"*","DisplaySpeaker":true,"LanguageOfText":"FR","Modified":"\/Date(1774878170371)\/","StartTimeWithTimezone":"\/Date(1033459618863+0120)\/","EndTimeWithTimezone":"\/Date(1033459959803+0120)\/","VoteBusinessNumber":null,"VoteBusinessShortNumber":null,"VoteBusinessTitle":null}]},"ID":"4666","Language":"DE","IdMeeting":"331","VerbalixOid":67136,"SortOrder":2,"Modified":"\/Date(1774878170366)\/"}}