{"d":{"__metadata":{"id":"https://ws.parlament.ch/OData.svc/Subject(ID=47192L,Language='DE')","uri":"https://ws.parlament.ch/OData.svc/Subject(ID=47192L,Language='DE')","type":"itsystems.Pd.DataServices.DataModel.Subject"},"Meetings":{"__metadata":{"id":"https://ws.parlament.ch/OData.svc/Meeting(ID=4241L,Language='DE')","uri":"https://ws.parlament.ch/OData.svc/Meeting(ID=4241L,Language='DE')","type":"itsystems.Pd.DataServices.DataModel.Meeting"},"Sessions":{"__deferred":{"uri":"https://ws.parlament.ch/OData.svc/Meeting(ID=4241L,Language='DE')/Sessions"}},"Subjects":{"__deferred":{"uri":"https://ws.parlament.ch/OData.svc/Meeting(ID=4241L,Language='DE')/Subjects"}},"ID":"4241","Language":"DE","MeetingNumber":9,"IdSession":5019,"SessionNumber":19,"SessionName":"Herbstsession 2019","Council":1,"CouncilName":"Nationalrat","CouncilAbbreviation":"NR","Date":"\/Date(1568764800000)\/","Begin":"1500","Modified":"\/Date(1571388607380)\/","LegislativePeriodNumber":50,"PublicationStatus":"final","MeetingOrderText":"Neunte Sitzung","SortOrder":9,"Location":"N"},"SubjectsBusiness":{"results":[{"__metadata":{"id":"https://ws.parlament.ch/OData.svc/SubjectBusiness(BusinessNumber=20190028,IdSubject=47192L,Language='DE')","uri":"https://ws.parlament.ch/OData.svc/SubjectBusiness(BusinessNumber=20190028,IdSubject=47192L,Language='DE')","type":"itsystems.Pd.DataServices.DataModel.SubjectBusiness"},"Subjects":{"__deferred":{"uri":"https://ws.parlament.ch/OData.svc/SubjectBusiness(BusinessNumber=20190028,IdSubject=47192L,Language='DE')/Subjects"}},"Businesses":{"__deferred":{"uri":"https://ws.parlament.ch/OData.svc/SubjectBusiness(BusinessNumber=20190028,IdSubject=47192L,Language='DE')/Businesses"}},"IdSubject":"47192","BusinessNumber":20190028,"Language":"DE","BusinessShortNumber":"19.028","Title":"Internationaler Strafgerichtshof. \u00c4nderung des R\u00f6mer Statuts","SortOrder":1,"PublishedNotes":"Erstrat - Premier Conseil\n","Modified":"\/Date(1566834349513)\/","TitleDE":"Internationaler Strafgerichtshof.\n\u00c4nderung des R\u00f6mer Statuts","TitleFR":"Cour p\u00e9nale internationale.\nAmendement du Statut de Rome","TitleIT":null}]},"Transcripts":{"results":[{"__metadata":{"id":"https://ws.parlament.ch/OData.svc/Transcript(ID=251511L,Language='DE')","uri":"https://ws.parlament.ch/OData.svc/Transcript(ID=251511L,Language='DE')","type":"itsystems.Pd.DataServices.DataModel.Transcript"},"Subjects":{"__deferred":{"uri":"https://ws.parlament.ch/OData.svc/Transcript(ID=251511L,Language='DE')/Subjects"}},"MembersCouncil":{"__deferred":{"uri":"https://ws.parlament.ch/OData.svc/Transcript(ID=251511L,Language='DE')/MembersCouncil"}},"Businesses":{"__deferred":{"uri":"https://ws.parlament.ch/OData.svc/Transcript(ID=251511L,Language='DE')/Businesses"}},"ID":"251511","Language":"DE","IdSubject":"47192","VoteId":"19423","PersonNumber":null,"Type":2,"Text":"<pd_text><p><i>Gesamtabstimmung - Vote sur l'ensemble </i>[GZ]</p>\n<p>[NAM][GZ]</p>\n<p>F\u00fcr Annahme des Entwurfes ... 106 Stimmen [GZ]</p>\n<p>Dagegen ... 57 Stimmen [GZ]</p>\n<p>(3 Enthaltungen)</p>\n</pd_text>","MeetingCouncilAbbreviation":"N","MeetingDate":"20190918","MeetingVerbalixOid":3184,"IdSession":"5019","SpeakerFirstName":null,"SpeakerLastName":null,"SpeakerFullName":"","SpeakerFunction":null,"CouncilId":null,"CouncilName":null,"CantonId":null,"CantonName":null,"CantonAbbreviation":null,"ParlGroupName":null,"ParlGroupAbbreviation":null,"SortOrder":5,"Start":"\/Date(1568821712122)\/","End":"\/Date(1568821804285)\/","Function":null,"DisplaySpeaker":null,"LanguageOfText":null,"Modified":"\/Date(1774877165650)\/","StartTimeWithTimezone":"\/Date(1568821712123+0120)\/","EndTimeWithTimezone":"\/Date(1568821804287+0120)\/","VoteBusinessNumber":20190028,"VoteBusinessShortNumber":"19.028","VoteBusinessTitle":"Internationaler Strafgerichtshof.\n\u00c4nderung des R\u00f6mer Statuts"},{"__metadata":{"id":"https://ws.parlament.ch/OData.svc/Transcript(ID=251517L,Language='DE')","uri":"https://ws.parlament.ch/OData.svc/Transcript(ID=251517L,Language='DE')","type":"itsystems.Pd.DataServices.DataModel.Transcript"},"Subjects":{"__deferred":{"uri":"https://ws.parlament.ch/OData.svc/Transcript(ID=251517L,Language='DE')/Subjects"}},"MembersCouncil":{"__deferred":{"uri":"https://ws.parlament.ch/OData.svc/Transcript(ID=251517L,Language='DE')/MembersCouncil"}},"Businesses":{"__deferred":{"uri":"https://ws.parlament.ch/OData.svc/Transcript(ID=251517L,Language='DE')/Businesses"}},"ID":"251517","Language":"DE","IdSubject":"47192","VoteId":null,"PersonNumber":3828,"Type":1,"Text":"<pd_text><p>Der Internationale Strafgerichtshof in Den Haag ist zust\u00e4ndig f\u00fcr die Verfolgung und Bestrafung von V\u00f6lkermord, Verbrechen gegen die Menschlichkeit, Aggression und Kriegsverbrechen. Es geht somit um die schwersten Verbrechen \u00fcberhaupt. Der Strafgerichtshof verfolgt nur diese Verbrechen und keine anderen. Die Verantwortung f\u00fcr die Strafverfolgung liegt in erster Linie bei den nationalen Justizbeh\u00f6rden. Der Strafgerichtshof kann sich nur dann f\u00fcr zust\u00e4ndig erkl\u00e4ren, wenn ein betroffener Staat nicht willens oder nicht in der Lage ist, diese Verbrechen selber zu verfolgen.</p>\n<p>Der Kampf gegen die Straflosigkeit bei den schwersten Verbrechen auf internationaler Ebene ist eine zentrale Voraussetzung f\u00fcr eine nachhaltige Friedenssicherung, f\u00fcr Stabilit\u00e4t und letztlich Wohlstand. Die Schweiz hat sich deshalb f\u00fcr die Schaffung des Internationalen Strafgerichtshofes stark engagiert. Die Bundesversammlung genehmigte dessen Grundlage, das R\u00f6mer Statut, im Oktober 2001 praktisch einstimmig. Mittlerweile z\u00e4hlt das Statut 122 Vertragsstaaten.</p>\n<p>Le 14 d\u00e9cembre 2017, l'Assembl\u00e9e des Etats Parties au Statut de Rome a adopt\u00e9 par consensus une r\u00e9solution sur les amendements au statut que nous traitons aujourd'hui ici.</p>\n<p>Quelle est la teneur de ces changements, de ces amendements? Ils conf\u00e8rent \u00e0 la Cour p\u00e9nale internationale la comp\u00e9tence de condamner, \u00e0 titre de crimes de guerre, les actes suivants commis lors de conflits arm\u00e9s internationaux et non internationaux:</p>\n<p>1.[NB]l'utilisation des armes biologiques;</p>\n<p>2.[NB]l'utilisation des armes blessant par des \u00e9clats qui ne sont pas localisables par rayons X;</p>\n<p>3.[NB]l'utilisation des armes \u00e0 laser aveuglantes.</p>\n<p>Quelles sont les cons\u00e9quences pour la Suisse? La ratification des pr\u00e9sents amendements n'entra\u00eenera aucune modification du droit interne suisse.</p>\n<p>Weshalb sollte die Schweiz diese \u00c4nderungen ratifizieren? Durch die Ratifizierung dieser \u00c4nderungen m\u00f6chte der Bundesrat erstens den existierenden Verboten dadurch Nachdruck verleihen, dass Verletzungen dieser Verbote vom Strafgerichtshof in Den Haag geahndet werden k\u00f6nnen. Zweitens m\u00f6chte der Bundesrat den Einsatz der Schweiz zur Bek\u00e4mpfung der Straflosigkeit bei den schlimmsten Verbrechen bekr\u00e4ftigen. Drittens m\u00f6chte der Bundesrat einen Beitrag zur Umsetzung der verfassungsm\u00e4ssigen Grunds\u00e4tze unserer Aussenpolitik leisten, n\u00e4mlich zur Friedenssicherung, zur Stabilit\u00e4t und zum Wohlstand.</p>\n<p>Der Bundesrat beantragt Ihnen aus diesen Gr\u00fcnden die Zustimmung zum Bundesbeschluss \u00fcber die Genehmigung der \u00c4nderungen des R\u00f6mer Statuts.</p>\n</pd_text>","MeetingCouncilAbbreviation":"N","MeetingDate":"20190918","MeetingVerbalixOid":3184,"IdSession":"5019","SpeakerFirstName":"Ignazio","SpeakerLastName":"Cassis","SpeakerFullName":"Cassis Ignazio","SpeakerFunction":"BR-M","CouncilId":99,"CouncilName":"Bundesrat","CantonId":27,"CantonName":"Tessin","CantonAbbreviation":"TI","ParlGroupName":null,"ParlGroupAbbreviation":null,"SortOrder":3,"Start":"\/Date(1568821479371)\/","End":"\/Date(1568821668274)\/","Function":"BR-M","DisplaySpeaker":true,"LanguageOfText":"DE","Modified":"\/Date(1774877165645)\/","StartTimeWithTimezone":"\/Date(1568821479370+0120)\/","EndTimeWithTimezone":"\/Date(1568821668273+0120)\/","VoteBusinessNumber":null,"VoteBusinessShortNumber":null,"VoteBusinessTitle":null},{"__metadata":{"id":"https://ws.parlament.ch/OData.svc/Transcript(ID=251544L,Language='DE')","uri":"https://ws.parlament.ch/OData.svc/Transcript(ID=251544L,Language='DE')","type":"itsystems.Pd.DataServices.DataModel.Transcript"},"Subjects":{"__deferred":{"uri":"https://ws.parlament.ch/OData.svc/Transcript(ID=251544L,Language='DE')/Subjects"}},"MembersCouncil":{"__deferred":{"uri":"https://ws.parlament.ch/OData.svc/Transcript(ID=251544L,Language='DE')/MembersCouncil"}},"Businesses":{"__deferred":{"uri":"https://ws.parlament.ch/OData.svc/Transcript(ID=251544L,Language='DE')/Businesses"}},"ID":"251544","Language":"DE","IdSubject":"47192","VoteId":null,"PersonNumber":4184,"Type":1,"Text":"<pd_text><p>Wir behandeln heute eine Vorlage \u00fcber ein Thema, das f\u00fcr unser Parlament nicht allt\u00e4glich ist, jedoch f\u00fcr den Frieden und die Gerechtigkeit in der Welt eine hohe Bedeutung hat: das R\u00f6mer Statut des Internationalen Strafgerichtshofes.</p>\n<p>Das R\u00f6mer Statut ist die vertragliche Grundlage des Internationalen Strafgerichtshofes mit Sitz in Den Haag. Es geht unter anderem zur\u00fcck auf zahlreiche Resolutionen der Generalversammlung der Vereinten Nationen, die zu einer Kodifizierung von Prinzipien \u00fcber die Bestrafung von Kriegsverbrechen und Verbrechen gegen die Menschlichkeit aufriefen. Im Juni und Juli 1998 fand in Rom unter Beteiligung der Schweiz eine Staatenkonferenz statt, die das dort ausgearbeitete Statut am 17. Juli 1998 annahm. 123 Staaten sind dem R\u00f6mer Statut des Internationalen Strafgerichtshofes beigetreten. \u00c4nderungen des Statuts richten sich nach den in den Artikeln 121 und 122 vorgesehenen Verfahren. Eine \u00c4nderung muss von einem Vertragsstaat wiederum ratifiziert werden, damit sie f\u00fcr ihn in Kraft tritt. Bisher, bis 2017, hat es zwei \u00c4nderungen gegeben, welche das Verbrechen der Aggression betrafen.</p>\n<p>Am 14. Dezember 2017 hat die Versammlung der Vertragsstaaten des R\u00f6mer Statuts im Konsens entschieden, dass der Strafgerichtshof neu daf\u00fcr zust\u00e4ndig sein soll, die Verwendung folgender Waffen als Kriegsverbrechen zu ahnden: biologische Waffen, Waffen, die durch Splitter verletzen, die durch R\u00f6ntgenstrahlen nicht entdeckt werden k\u00f6nnen, sowie blindmachende Laserwaffen.</p>\n<p>Der Schweizer Gesetzgeber hat die Verwendung dieser drei Waffentypen bereits 2011 unter Strafe gestellt. Die Schweiz hat also in dieser Frage eine Vorreiterrolle inne. Sie setzt sich auch im Bereich des humanit\u00e4ren V\u00f6lkerrechts gegen die Verwendung besonders brutaler und auch die Zivilbev\u00f6lkerung treffender Waffen ein.</p>\n<p>Wie schon erw\u00e4hnt, m\u00fcssen \u00c4nderungen durch die Vertragsstaaten ratifiziert werden, in der Schweiz also durch unser Parlament, was Gegenstand der heutigen Vorlage ist.</p>\n<p>Durch diese sinnvolle Erweiterung der Zust\u00e4ndigkeit des Internationalen Strafgerichtshofes wird die internationale Strafjustiz gest\u00e4rkt. Mit der Ratifikation der \u00c4nderungen leistet die Schweiz ihren Beitrag zur Pr\u00e4vention von Kriegsverbrechen sowie zum besseren Schutz sowohl von Zivilpersonen als auch von an den Kampfhandlungen beteiligten Personen.</p>\n<p>Die Vorlage ist zwar nicht in der Legislaturplanung verankert, sehr wohl aber in den Zielen des Bundesrates f\u00fcr das Jahr 2019. Eine Genehmigung und Ratifikation ausserhalb der Legislaturplanung ist insofern unproblematisch, als die Ratifikation keine Gesetzes\u00e4nderung und keine spezifischen finanziellen und personellen Auswirkungen nach sich zieht, jedoch eine erhebliche Wirkung nach aussen hat.</p>\n<p>Die Kommission f\u00fcr Rechtsfragen Ihres Rates ist grossmehrheitlich zum Schluss gekommen, dass eine Ratifizierung unterst\u00fctzt werden soll und diese Vorlage f\u00fcr die Verfolgung von Kriegsverbrechen wichtig ist. Sie hat deshalb der Vorlage mit 19 zu 0 Stimmen bei 5 Enthaltungen zugestimmt.</p>\n<p>Die Erweiterung der T\u00e4tigkeit des Internationalen Strafgerichtshofes wurde von verschiedenen Kommissionsmitgliedern als sinnvoll beurteilt, zumal die Verbote in der Schweiz, wie bereits erw\u00e4hnt, seit 2011 gelten. Es gab auch kritische Stimmen. So wurde festgestellt, dass diese Erweiterung nicht das T\u00f6ten im Krieg verhindere, sondern nur brutale Formen des T\u00f6tens. Auch wurden Zweifel gehegt, ob die Unterwerfung unter das R\u00f6mer Statut f\u00fcr die souver\u00e4ne Schweiz ein Vorteil sei. Unter Ber\u00fccksichtigung aller Einw\u00e4nde ist Ihre Kommission klar f\u00fcr diese Vorlage.</p>\n<p>Ich beantrage Ihnen namens der Kommission, auf die Vorlage einzutreten und sie anzunehmen. [PAGE 1667] </p>\n</pd_text>","MeetingCouncilAbbreviation":"N","MeetingDate":"20190918","MeetingVerbalixOid":3184,"IdSession":"5019","SpeakerFirstName":"Sibel","SpeakerLastName":"Arslan","SpeakerFullName":"Arslan Sibel","SpeakerFunction":"Mit-F","CouncilId":1,"CouncilName":"Nationalrat","CantonId":12,"CantonName":"Basel-Stadt","CantonAbbreviation":"BS","ParlGroupName":"Gr\u00fcne Fraktion","ParlGroupAbbreviation":"G","SortOrder":2,"Start":"\/Date(1568821186455)\/","End":"\/Date(1568821479371)\/","Function":"*","DisplaySpeaker":true,"LanguageOfText":"DE","Modified":"\/Date(1774877165640)\/","StartTimeWithTimezone":"\/Date(1568821186457+0120)\/","EndTimeWithTimezone":"\/Date(1568821479370+0120)\/","VoteBusinessNumber":null,"VoteBusinessShortNumber":null,"VoteBusinessTitle":null},{"__metadata":{"id":"https://ws.parlament.ch/OData.svc/Transcript(ID=251554L,Language='DE')","uri":"https://ws.parlament.ch/OData.svc/Transcript(ID=251554L,Language='DE')","type":"itsystems.Pd.DataServices.DataModel.Transcript"},"Subjects":{"__deferred":{"uri":"https://ws.parlament.ch/OData.svc/Transcript(ID=251554L,Language='DE')/Subjects"}},"MembersCouncil":{"__deferred":{"uri":"https://ws.parlament.ch/OData.svc/Transcript(ID=251554L,Language='DE')/MembersCouncil"}},"Businesses":{"__deferred":{"uri":"https://ws.parlament.ch/OData.svc/Transcript(ID=251554L,Language='DE')/Businesses"}},"ID":"251554","Language":"DE","IdSubject":"47192","VoteId":null,"PersonNumber":4140,"Type":1,"Text":"<pd_text><p>Lo scorso 28 agosto la vostra commissione, dopo essere entrata in materia senza alcuna opposizione, ha esaminato il messaggio del Consiglio federale concernente la ratifica delle modifiche del 14 dicembre 2017 dello Statuto di Roma che riguarda la Corte penale internazionale, decidendo di raccomandarvi con 19 voti favorevoli, nessun contrario e 5 astensioni l'approvazione del relativo disegno di decreto federale.</p>\n<p>Scopo del progetto \u00e8 di contrastare l'impunit\u00e0 di strumenti devastanti in guerra, codificando l'estensione della competenza della Corte penale internazionale di giudicare in quanto crimine di guerra anche l'uso delle seguenti tre categorie di armi: la prima categoria concerne le armi biologiche, la seconda le mine antiuomo, armi che feriscono mediante schegge non rilevabili ai raggi X, e la terza le armi laser accecanti. In effetti, il 14 dicembre 2017 l'Assemblea degli Stati membri dello Statuto di Roma si \u00e8 pronunciata in favore di questa estensione della competenza giurisdizionale della Corte. </p>\n<p>Per il nostro paese tale modifica non comporta un'ulteriore necessit\u00e0 di agire a livello legislativo, poich\u00e9 il nostro Parlamento ha gi\u00e0 provveduto nel 2011 ad introdurre la punibilit\u00e0 dell'uso di queste armi particolarmente pericolose. Attraverso questa ragionevole estensione della competenza giurisdizionale della Corte si rafforza dunque la giustizia penale internazionale in relazione al perseguimento e alla repressione dei crimini di guerra. La Svizzera, ratificando le relative modifiche dello Statuto di Roma, altro non fa che fornire il suo contributo alla prevenzione di tali reati, tutelando meglio i civili e militi coinvolti in azioni belliche.</p>\n<p>Considerato infine che l'uso di simili armi \u00e8 punibile anche secondo il diritto internazionale umanitario, al cui sviluppo ha contribuito pure il nostro paese con la sua neutralit\u00e0 attiva e attenta alla promozione dei diritti umani, non vi \u00e8 alcun serio motivo per opporsi alla ratifica delle modifiche in discussione. L'adozione delle presenti modifiche pu\u00f2 quindi solo rafforzare la buona reputazione internazionale del nostro paese nel concerto delle nazioni che si adoperano per prevenire crudelt\u00e0 esecrabili e inutili in caso di conflitti bellici.</p>\n<p>Pertanto, a nome della commissione, vi chiedo di entrare in materia e di adottare il relativo disegno di decreto federale.</p>\n</pd_text>","MeetingCouncilAbbreviation":"N","MeetingDate":"20190918","MeetingVerbalixOid":3184,"IdSession":"5019","SpeakerFirstName":"Giovanni","SpeakerLastName":"Merlini","SpeakerFullName":"Merlini Giovanni","SpeakerFunction":"Mit-M","CouncilId":1,"CouncilName":"Nationalrat","CantonId":27,"CantonName":"Tessin","CantonAbbreviation":"TI","ParlGroupName":"FDP-Liberale Fraktion","ParlGroupAbbreviation":"RL","SortOrder":1,"Start":"\/Date(1568821006427)\/","End":"\/Date(1568821186455)\/","Function":"*","DisplaySpeaker":true,"LanguageOfText":"IT","Modified":"\/Date(1774877165637)\/","StartTimeWithTimezone":"\/Date(1568821006427+0120)\/","EndTimeWithTimezone":"\/Date(1568821186457+0120)\/","VoteBusinessNumber":null,"VoteBusinessShortNumber":null,"VoteBusinessTitle":null},{"__metadata":{"id":"https://ws.parlament.ch/OData.svc/Transcript(ID=251627L,Language='DE')","uri":"https://ws.parlament.ch/OData.svc/Transcript(ID=251627L,Language='DE')","type":"itsystems.Pd.DataServices.DataModel.Transcript"},"Subjects":{"__deferred":{"uri":"https://ws.parlament.ch/OData.svc/Transcript(ID=251627L,Language='DE')/Subjects"}},"MembersCouncil":{"__deferred":{"uri":"https://ws.parlament.ch/OData.svc/Transcript(ID=251627L,Language='DE')/MembersCouncil"}},"Businesses":{"__deferred":{"uri":"https://ws.parlament.ch/OData.svc/Transcript(ID=251627L,Language='DE')/Businesses"}},"ID":"251627","Language":"DE","IdSubject":"47192","VoteId":null,"PersonNumber":3830,"Type":1,"Text":"<pd_text><p><i>Eintreten wird ohne Gegenantrag beschlossen </i>[GZ]</p>\n<p><i>L'entr\u00e9e en mati\u00e8re est d\u00e9cid\u00e9e sans opposition</i></p>\n<p>[VS]</p>\n<p>[VS]</p>\n<p><b>Bundesbeschluss \u00fcber die Genehmigung der \u00c4nderungen vom 14. Dezember 2017 des R\u00f6mer Statuts des Internationalen Strafgerichtshofs</b>[GZ]</p>\n<p><b>Arr\u00eat\u00e9 f\u00e9d\u00e9ral portant approbation des amendements du 14 d\u00e9cembre 2017 au Statut de Rome de la Cour p\u00e9nale internationale</b>[GZ]</p>\n<p>[VS]</p>\n<p><i>Detailberatung - Discussion par article </i>[GZ]</p>\n<p>[VS][GZ]</p>\n<p><b>Titel und Ingress, Art. 1, 2</b>[GZ]</p>\n<p><i>Antrag der Kommission </i>[GZ]</p>\n<p>Zustimmung zum Entwurf des Bundesrates</p>\n<p>[VS]</p>\n<p><b>Titre et pr\u00e9ambule, art. 1, 2</b>[GZ]</p>\n<p><i>Proposition de la commission </i>[GZ]</p>\n<p>Adh\u00e9rer au projet du Conseil f\u00e9d\u00e9ral [GZ]</p>\n<p>[VS][GZ]</p>\n<p><i>Angenommen - Adopt\u00e9</i></p>\n<p>[VS]</p>\n</pd_text>","MeetingCouncilAbbreviation":"N","MeetingDate":"20190918","MeetingVerbalixOid":3184,"IdSession":"5019","SpeakerFirstName":"Marina","SpeakerLastName":"Carobbio Guscetti","SpeakerFullName":"Carobbio Guscetti Marina","SpeakerFunction":"P-F","CouncilId":1,"CouncilName":"Nationalrat","CantonId":27,"CantonName":"Tessin","CantonAbbreviation":"TI","ParlGroupName":"Sozialdemokratische Fraktion","ParlGroupAbbreviation":"S","SortOrder":4,"Start":"\/Date(1568821668274)\/","End":"\/Date(1568821712122)\/","Function":"P-F","DisplaySpeaker":false,"LanguageOfText":null,"Modified":"\/Date(1774877165647)\/","StartTimeWithTimezone":"\/Date(1568821668273+0120)\/","EndTimeWithTimezone":"\/Date(1568821712123+0120)\/","VoteBusinessNumber":null,"VoteBusinessShortNumber":null,"VoteBusinessTitle":null}]},"ID":"47192","Language":"DE","IdMeeting":"4241","VerbalixOid":600681,"SortOrder":2,"Modified":"\/Date(1774877165635)\/"}}