{"d":{"__metadata":{"id":"https://ws.parlament.ch/OData.svc/Subject(ID=47199L,Language='DE')","uri":"https://ws.parlament.ch/OData.svc/Subject(ID=47199L,Language='DE')","type":"itsystems.Pd.DataServices.DataModel.Subject"},"Meetings":{"__metadata":{"id":"https://ws.parlament.ch/OData.svc/Meeting(ID=4241L,Language='DE')","uri":"https://ws.parlament.ch/OData.svc/Meeting(ID=4241L,Language='DE')","type":"itsystems.Pd.DataServices.DataModel.Meeting"},"Sessions":{"__deferred":{"uri":"https://ws.parlament.ch/OData.svc/Meeting(ID=4241L,Language='DE')/Sessions"}},"Subjects":{"__deferred":{"uri":"https://ws.parlament.ch/OData.svc/Meeting(ID=4241L,Language='DE')/Subjects"}},"ID":"4241","Language":"DE","MeetingNumber":9,"IdSession":5019,"SessionNumber":19,"SessionName":"Herbstsession 2019","Council":1,"CouncilName":"Nationalrat","CouncilAbbreviation":"NR","Date":"\/Date(1568764800000)\/","Begin":"1500","Modified":"\/Date(1571388607380)\/","LegislativePeriodNumber":50,"PublicationStatus":"final","MeetingOrderText":"Neunte Sitzung","SortOrder":9,"Location":"N"},"SubjectsBusiness":{"results":[{"__metadata":{"id":"https://ws.parlament.ch/OData.svc/SubjectBusiness(BusinessNumber=20193167,IdSubject=47199L,Language='DE')","uri":"https://ws.parlament.ch/OData.svc/SubjectBusiness(BusinessNumber=20193167,IdSubject=47199L,Language='DE')","type":"itsystems.Pd.DataServices.DataModel.SubjectBusiness"},"Subjects":{"__deferred":{"uri":"https://ws.parlament.ch/OData.svc/SubjectBusiness(BusinessNumber=20193167,IdSubject=47199L,Language='DE')/Subjects"}},"Businesses":{"__deferred":{"uri":"https://ws.parlament.ch/OData.svc/SubjectBusiness(BusinessNumber=20193167,IdSubject=47199L,Language='DE')/Businesses"}},"IdSubject":"47199","BusinessNumber":20193167,"Language":"DE","BusinessShortNumber":"19.3167","Title":"Gesetzliche Grundlage zur Wahrung des Mitsprache- und Entscheidungsrechts von Parlament, Volk und Kantonen bei der Umsetzung des Rahmenabkommens","SortOrder":1,"PublishedNotes":null,"Modified":"\/Date(1561363404696)\/","TitleDE":"Motion CVP-Fraktion.\nGesetzliche Grundlage zur Wahrung\ndes Mitsprache- und Entscheidungsrechts\nvon Parlament, Volk und Kantonen bei\nder Umsetzung des Rahmenabkommens","TitleFR":"Motion groupe PDC.\nCr\u00e9ation d'une base l\u00e9gale\ngarantissant que le Parlement,\nle peuple et les cantons seront\nconsult\u00e9s et pourront se prononcer\nlors de la mise en oeuvre\nde l'accord institutionnel","TitleIT":null}]},"Transcripts":{"results":[{"__metadata":{"id":"https://ws.parlament.ch/OData.svc/Transcript(ID=251560L,Language='DE')","uri":"https://ws.parlament.ch/OData.svc/Transcript(ID=251560L,Language='DE')","type":"itsystems.Pd.DataServices.DataModel.Transcript"},"Subjects":{"__deferred":{"uri":"https://ws.parlament.ch/OData.svc/Transcript(ID=251560L,Language='DE')/Subjects"}},"MembersCouncil":{"__deferred":{"uri":"https://ws.parlament.ch/OData.svc/Transcript(ID=251560L,Language='DE')/MembersCouncil"}},"Businesses":{"__deferred":{"uri":"https://ws.parlament.ch/OData.svc/Transcript(ID=251560L,Language='DE')/Businesses"}},"ID":"251560","Language":"DE","IdSubject":"47199","VoteId":null,"PersonNumber":3828,"Type":1,"Text":"<pd_text><p>Ich glaube, wir k\u00f6nnten diese Diskussion noch lange f\u00fchren, es w\u00fcrde weder Gewinner noch Verlierer geben, weil alle ungef\u00e4hr das Gleiche sagen. Sollte eines Tages dieses oder ein \u00e4hnliches Rahmenabkommen durchkommen, ist es so sicher wie das Amen in der Kirche, dass dann die Frage der Mitwirkungsrechte des Parlamentes und Fragen der Prozeduren gekl\u00e4rt w\u00fcrden. Nat\u00fcrlich wird die Schweiz ganz genau entscheiden, wer zu welchem Punkt was zu entscheiden hat - zuerst die Verwaltung, dann das Joint Committee, dann der Bundesrat usw. Es wird Fragen zum \"decision shaping\" geben. Zu Beginn der Diskussionen in Br\u00fcssel wird sich die Frage stellen, wer wann was weiss: Gen\u00fcgt es, wenn der Departementschef informiert ist? Will zuerst die APK oder der Gesamtbundesrat informiert werden? All diese Elemente m\u00fcssen zu gegebener Zeit gekl\u00e4rt und in einem Verfahren festgelegt werden. Das wird einen Gesetzgebungsprozess ausl\u00f6sen - wie immer, wenn ein neuer v\u00f6lkerrechtlicher Vertrag in Kraft tritt. Deshalb haben beide Positionen Recht. </p>\n<p>Der Bundesrat hat gesagt: Wir beantragen Annahme. Wir wollten einerseits sagen: Ja, es gibt Dinge, die noch gekl\u00e4rt werden m\u00fcssen. Zu gegebener Zeit werden diese auch gekl\u00e4rt werden, aber nat\u00fcrlich nicht jetzt, denn es gibt noch kein Rahmenabkommen. Andererseits: Wir h\u00e4tten auch rein arbeitsmethodisch sagen k\u00f6nnen, dass wir Ablehnung beantragen, weil es ohnehin gemacht wird. Aber in einer so [PAGE 1673] sensiblen Diskussion, wo noch nicht alles klar ist, w\u00e4re es politisch schwierig gewesen, dies zu sagen. </p>\n<p>Aber seien Sie alle versichert, sowohl die Bef\u00fcrworter als auch die Gegner: Sollte es ein Rahmenabkommen geben, kommt das so sicher wie das Amen in der Kirche, dass wir selbstverst\u00e4ndlich in jeder Etappe genau festlegen m\u00fcssen, wer wann das Sagen hat und wie es weitergeht. </p>\n<p>Aus diesem Grund beantragt Ihnen der Bundesrat, diese Motion 19.3170 anzunehmen. Eine identische Motion Lombardi wird \u00fcbrigens im St\u00e4nderat behandelt. Dort habe ich schon dasselbe gesagt. </p>\n</pd_text>","MeetingCouncilAbbreviation":"N","MeetingDate":"20190918","MeetingVerbalixOid":3184,"IdSession":"5019","SpeakerFirstName":"Ignazio","SpeakerLastName":"Cassis","SpeakerFullName":"Cassis Ignazio","SpeakerFunction":"BR-M","CouncilId":99,"CouncilName":"Bundesrat","CantonId":27,"CantonName":"Tessin","CantonAbbreviation":"TI","ParlGroupName":null,"ParlGroupAbbreviation":null,"SortOrder":14,"Start":"\/Date(1568824659360)\/","End":"\/Date(1568824809557)\/","Function":"BR-M","DisplaySpeaker":true,"LanguageOfText":"DE","Modified":"\/Date(1774877165712)\/","StartTimeWithTimezone":"\/Date(1568824659360+0120)\/","EndTimeWithTimezone":"\/Date(1568824809557+0120)\/","VoteBusinessNumber":null,"VoteBusinessShortNumber":null,"VoteBusinessTitle":null},{"__metadata":{"id":"https://ws.parlament.ch/OData.svc/Transcript(ID=251567L,Language='DE')","uri":"https://ws.parlament.ch/OData.svc/Transcript(ID=251567L,Language='DE')","type":"itsystems.Pd.DataServices.DataModel.Transcript"},"Subjects":{"__deferred":{"uri":"https://ws.parlament.ch/OData.svc/Transcript(ID=251567L,Language='DE')/Subjects"}},"MembersCouncil":{"__deferred":{"uri":"https://ws.parlament.ch/OData.svc/Transcript(ID=251567L,Language='DE')/MembersCouncil"}},"Businesses":{"__deferred":{"uri":"https://ws.parlament.ch/OData.svc/Transcript(ID=251567L,Language='DE')/Businesses"}},"ID":"251567","Language":"DE","IdSubject":"47199","VoteId":null,"PersonNumber":3830,"Type":1,"Text":"<pd_text><p><b>La presidente</b> (Carobbio Guscetti Marina, presidente): La mozione \u00e8 combattuta dal signor K\u00f6ppel e dal signor Portmann.</p>\n</pd_text>","MeetingCouncilAbbreviation":"N","MeetingDate":"20190918","MeetingVerbalixOid":3184,"IdSession":"5019","SpeakerFirstName":"Marina","SpeakerLastName":"Carobbio Guscetti","SpeakerFullName":"Carobbio Guscetti Marina","SpeakerFunction":"P-F","CouncilId":1,"CouncilName":"Nationalrat","CantonId":27,"CantonName":"Tessin","CantonAbbreviation":"TI","ParlGroupName":"Sozialdemokratische Fraktion","ParlGroupAbbreviation":"S","SortOrder":1,"Start":"\/Date(1568823724344)\/","End":"\/Date(1568823767901)\/","Function":"P-F","DisplaySpeaker":false,"LanguageOfText":null,"Modified":"\/Date(1774877165689)\/","StartTimeWithTimezone":"\/Date(1568823724343+0120)\/","EndTimeWithTimezone":"\/Date(1568823767900+0120)\/","VoteBusinessNumber":null,"VoteBusinessShortNumber":null,"VoteBusinessTitle":null},{"__metadata":{"id":"https://ws.parlament.ch/OData.svc/Transcript(ID=251570L,Language='DE')","uri":"https://ws.parlament.ch/OData.svc/Transcript(ID=251570L,Language='DE')","type":"itsystems.Pd.DataServices.DataModel.Transcript"},"Subjects":{"__deferred":{"uri":"https://ws.parlament.ch/OData.svc/Transcript(ID=251570L,Language='DE')/Subjects"}},"MembersCouncil":{"__deferred":{"uri":"https://ws.parlament.ch/OData.svc/Transcript(ID=251570L,Language='DE')/MembersCouncil"}},"Businesses":{"__deferred":{"uri":"https://ws.parlament.ch/OData.svc/Transcript(ID=251570L,Language='DE')/Businesses"}},"ID":"251570","Language":"DE","IdSubject":"47199","VoteId":null,"PersonNumber":1109,"Type":1,"Text":"<pd_text><p>Ich kann Kollege Portmann beruhigen, er kann sich schon langsam wieder auf den Weg zum Rednerpult machen, wenn er der n\u00e4chste Redner ist. </p>\n<p>Ich bitte Sie um Unterst\u00fctzung dieser Motion, die folgendes Problem behandelt. Wir haben ein Rahmenabkommen vor uns, bei dem - und da sind wir uns fast alle einig - zumindest ein gewisser Kl\u00e4rungsbedarf besteht, bevor es im Parlament oder auch einmal im Bundesrat Mehrheiten und Akzeptanz finden kann. Sie kennen alle die drei Punkte, die bei den meisten von uns umstritten sind: die flankierenden Massnahmen, die Unionsb\u00fcrgerrichtlinie und die staatlichen Beihilfen. </p>\n<p>Die flankierenden Massnahmen und die Unionsb\u00fcrgerrichtlinie sind auch liiert mit der Rolle des Europ\u00e4ischen Gerichtshofes. Es ist offen bzw. nicht gekl\u00e4rt, inwieweit der Europ\u00e4ische Gerichtshof mit der dynamischen Rechts\u00fcbernahme allenfalls auch bei den flankierenden Massnahmen Ver\u00e4nderungen der Arbeitsmarktbedingungen in der Schweiz erzwingen und durchsetzen kann. Das ist das Problem und die Herausforderung beim vorliegenden Rahmenabkommen. </p>\n<p>Die CVP steht grunds\u00e4tzlich zur Idee der Sicherung des bilateralen Weges. Wenn das Rahmenabkommen dazu dient, dann wird es von der CVP unterst\u00fctzt. In der vorliegenden Form hat es aber zumindest diese drei genannten Probleme, und insbesondere die Rolle des Europ\u00e4ischen Gerichtshofes muss gekl\u00e4rt werden. Deshalb schl\u00e4gt die CVP vor, dass bereits in der Phase des \"decision shaping\", also dort, wo in den Kommissionen die Entscheide angebahnt werden, das Schweizervolk bzw. die Schweiz ein Mitspracherecht hat, um, bereits bevor \u00fcberhaupt das Schiedsgericht und der Europ\u00e4ische Gerichtshof eine Rolle spielen, einen Einfluss wahrnehmen zu k\u00f6nnen und um dort notfalls bereits einmal die direktdemokratischen Rechte f\u00fcr die Schweizerinnen und Schweizer zu sichern. Das w\u00e4re der erste Punkt.</p>\n<p>Der zweite Punkte ist: Wenn dann ein Entscheid vorliegt, muss es nicht zwangsweise dazu kommen, dass das Schiedsgericht diesen Entscheid \u00fcbernehmen muss. Sondern die Schweiz soll auch dort noch einmal die M\u00f6glichkeit haben, notfalls mit direktdemokratischen Mitteln einen Entscheid abzulehnen, nat\u00fcrlich ohne Ausgleichsmassnahmen.</p>\n<p>Wir m\u00fcssen die Mitsprache der Schweizerinnen und Schweizer bei diesem Rahmenabkommen verbessern: bei diesen drei kritischen Punkten, aber ganz generell bei der Rolle des Europ\u00e4ischen Gerichtshofes. Das ist der Sinn unserer Motion.</p>\n<p>Deshalb bitte ich Sie namens meiner Fraktion um Zustimmung zu dieser Motion.</p>\n</pd_text>","MeetingCouncilAbbreviation":"N","MeetingDate":"20190918","MeetingVerbalixOid":3184,"IdSession":"5019","SpeakerFirstName":"Gerhard","SpeakerLastName":"Pfister","SpeakerFullName":"Pfister Gerhard","SpeakerFunction":"Mit-M","CouncilId":1,"CouncilName":"Nationalrat","CantonId":9,"CantonName":"Zug","CantonAbbreviation":"ZG","ParlGroupName":"CVP-Fraktion","ParlGroupAbbreviation":"M-E","SortOrder":2,"Start":"\/Date(1568823767901)\/","End":"\/Date(1568823953835)\/","Function":"Mit-M","DisplaySpeaker":true,"LanguageOfText":"DE","Modified":"\/Date(1774877165692)\/","StartTimeWithTimezone":"\/Date(1568823767900+0120)\/","EndTimeWithTimezone":"\/Date(1568823953837+0120)\/","VoteBusinessNumber":null,"VoteBusinessShortNumber":null,"VoteBusinessTitle":null},{"__metadata":{"id":"https://ws.parlament.ch/OData.svc/Transcript(ID=251571L,Language='DE')","uri":"https://ws.parlament.ch/OData.svc/Transcript(ID=251571L,Language='DE')","type":"itsystems.Pd.DataServices.DataModel.Transcript"},"Subjects":{"__deferred":{"uri":"https://ws.parlament.ch/OData.svc/Transcript(ID=251571L,Language='DE')/Subjects"}},"MembersCouncil":{"__deferred":{"uri":"https://ws.parlament.ch/OData.svc/Transcript(ID=251571L,Language='DE')/MembersCouncil"}},"Businesses":{"__deferred":{"uri":"https://ws.parlament.ch/OData.svc/Transcript(ID=251571L,Language='DE')/Businesses"}},"ID":"251571","Language":"DE","IdSubject":"47199","VoteId":null,"PersonNumber":4040,"Type":1,"Text":"<pd_text><p>Herr Kollege Portmann, es geht ja um die Wahrung der direktdemokratischen Rechte des Schweizervolkes. Was kann man dagegen haben, dass man verlangt, dass der Bundesrat eine Umsetzungsgesetzgebung in Bezug auf all diese Fragen zur direkten Demokratie vorbereite? Ihr Bundesrat, der Bundesrat von [PAGE 1672] Ihrer Partei, will diese Motion entgegennehmen. Haben Sie etwas gegen die direkte Demokratie?</p>\n</pd_text>","MeetingCouncilAbbreviation":"N","MeetingDate":"20190918","MeetingVerbalixOid":3184,"IdSession":"5019","SpeakerFirstName":"Elisabeth","SpeakerLastName":"Schneider-Schneiter","SpeakerFullName":"Schneider-Schneiter Elisabeth","SpeakerFunction":"Mit-F","CouncilId":1,"CouncilName":"Nationalrat","CantonId":13,"CantonName":"Basel-Landschaft","CantonAbbreviation":"BL","ParlGroupName":"CVP-Fraktion","ParlGroupAbbreviation":"M-E","SortOrder":4,"Start":"\/Date(1568824219844)\/","End":"\/Date(1568824253288)\/","Function":"Mit-F","DisplaySpeaker":true,"LanguageOfText":"DE","Modified":"\/Date(1774877165696)\/","StartTimeWithTimezone":"\/Date(1568824219843+0120)\/","EndTimeWithTimezone":"\/Date(1568824253287+0120)\/","VoteBusinessNumber":null,"VoteBusinessShortNumber":null,"VoteBusinessTitle":null},{"__metadata":{"id":"https://ws.parlament.ch/OData.svc/Transcript(ID=251572L,Language='DE')","uri":"https://ws.parlament.ch/OData.svc/Transcript(ID=251572L,Language='DE')","type":"itsystems.Pd.DataServices.DataModel.Transcript"},"Subjects":{"__deferred":{"uri":"https://ws.parlament.ch/OData.svc/Transcript(ID=251572L,Language='DE')/Subjects"}},"MembersCouncil":{"__deferred":{"uri":"https://ws.parlament.ch/OData.svc/Transcript(ID=251572L,Language='DE')/MembersCouncil"}},"Businesses":{"__deferred":{"uri":"https://ws.parlament.ch/OData.svc/Transcript(ID=251572L,Language='DE')/Businesses"}},"ID":"251572","Language":"DE","IdSubject":"47199","VoteId":null,"PersonNumber":3899,"Type":1,"Text":"<pd_text><p>Gesch\u00e4tzter Herr Kollege Portmann, in dieser Motion wird ja auch die parlamentarische Mitwirkung thematisiert. Sie hingegen beziehen sich immer nur auf diese Referendumsabstimmung. Macht es Sie nicht auch stolz, als Parlamentarier in europapolitischen Angelegenheiten Mitwirkungsrechte zu erhalten, wenn wir ein solches Abkommen abschliessen?</p>\n</pd_text>","MeetingCouncilAbbreviation":"N","MeetingDate":"20190918","MeetingVerbalixOid":3184,"IdSession":"5019","SpeakerFirstName":"Eric","SpeakerLastName":"Nussbaumer","SpeakerFullName":"Nussbaumer Eric","SpeakerFunction":"Mit-M","CouncilId":1,"CouncilName":"Nationalrat","CantonId":13,"CantonName":"Basel-Landschaft","CantonAbbreviation":"BL","ParlGroupName":"Sozialdemokratische Fraktion","ParlGroupAbbreviation":"S","SortOrder":10,"Start":"\/Date(1568824518777)\/","End":"\/Date(1568824540484)\/","Function":"Mit-M","DisplaySpeaker":true,"LanguageOfText":"DE","Modified":"\/Date(1774877165706)\/","StartTimeWithTimezone":"\/Date(1568824518777+0120)\/","EndTimeWithTimezone":"\/Date(1568824540483+0120)\/","VoteBusinessNumber":null,"VoteBusinessShortNumber":null,"VoteBusinessTitle":null},{"__metadata":{"id":"https://ws.parlament.ch/OData.svc/Transcript(ID=251573L,Language='DE')","uri":"https://ws.parlament.ch/OData.svc/Transcript(ID=251573L,Language='DE')","type":"itsystems.Pd.DataServices.DataModel.Transcript"},"Subjects":{"__deferred":{"uri":"https://ws.parlament.ch/OData.svc/Transcript(ID=251573L,Language='DE')/Subjects"}},"MembersCouncil":{"__deferred":{"uri":"https://ws.parlament.ch/OData.svc/Transcript(ID=251573L,Language='DE')/MembersCouncil"}},"Businesses":{"__deferred":{"uri":"https://ws.parlament.ch/OData.svc/Transcript(ID=251573L,Language='DE')/Businesses"}},"ID":"251573","Language":"DE","IdSubject":"47199","VoteId":null,"PersonNumber":4166,"Type":1,"Text":"<pd_text><p>Gesch\u00e4tzter Kollege Portmann, sind Sie nicht auch der Meinung, dass dieser Vorstoss der CVP-Fraktion ein wirklich durchsichtiges wahltaktisches Man\u00f6ver ist? Er bezweckt eigentlich genau das Gegenteil von dem, was hier dargestellt wird, n\u00e4mlich, dass zu einem Zeitpunkt, wo noch nicht einmal das Volk entschieden hat, jetzt bereits die Umsetzung angeleiert werden soll. Das ist ja eigentlich genau das Gegenteil von dem, was die CVP-Fraktion hier vorgibt zu tun. Sind Sie mit dieser Einsch\u00e4tzung einverstanden?</p>\n</pd_text>","MeetingCouncilAbbreviation":"N","MeetingDate":"20190918","MeetingVerbalixOid":3184,"IdSession":"5019","SpeakerFirstName":"Roger","SpeakerLastName":"K\u00f6ppel","SpeakerFullName":"K\u00f6ppel Roger","SpeakerFunction":"Mit-M","CouncilId":1,"CouncilName":"Nationalrat","CantonId":1,"CantonName":"Z\u00fcrich","CantonAbbreviation":"ZH","ParlGroupName":"Fraktion der Schweizerischen Volkspartei","ParlGroupAbbreviation":"V","SortOrder":6,"Start":"\/Date(1568824335482)\/","End":"\/Date(1568824374126)\/","Function":"Mit-M","DisplaySpeaker":true,"LanguageOfText":"DE","Modified":"\/Date(1774877165700)\/","StartTimeWithTimezone":"\/Date(1568824335483+0120)\/","EndTimeWithTimezone":"\/Date(1568824374127+0120)\/","VoteBusinessNumber":null,"VoteBusinessShortNumber":null,"VoteBusinessTitle":null},{"__metadata":{"id":"https://ws.parlament.ch/OData.svc/Transcript(ID=251575L,Language='DE')","uri":"https://ws.parlament.ch/OData.svc/Transcript(ID=251575L,Language='DE')","type":"itsystems.Pd.DataServices.DataModel.Transcript"},"Subjects":{"__deferred":{"uri":"https://ws.parlament.ch/OData.svc/Transcript(ID=251575L,Language='DE')/Subjects"}},"MembersCouncil":{"__deferred":{"uri":"https://ws.parlament.ch/OData.svc/Transcript(ID=251575L,Language='DE')/MembersCouncil"}},"Businesses":{"__deferred":{"uri":"https://ws.parlament.ch/OData.svc/Transcript(ID=251575L,Language='DE')/Businesses"}},"ID":"251575","Language":"DE","IdSubject":"47199","VoteId":null,"PersonNumber":502,"Type":1,"Text":"<pd_text><p>Herr Portmann, im Text steht: \"Sollte der Bundesrat das institutionelle Rahmenabkommen mit der Europ\u00e4ischen Union unterzeichnen, wird er beauftragt, dem Parlament erg\u00e4nzend zum institutionellen Rahmenabkommen eine gesetzliche Grundlage zu unterbreiten.\" Ihr Bundesrat und die Mehrheit des Bundesrates beantragen, diese Motion anzunehmen. Haben Sie den Motionstext \u00fcberhaupt gelesen?</p>\n</pd_text>","MeetingCouncilAbbreviation":"N","MeetingDate":"20190918","MeetingVerbalixOid":3184,"IdSession":"5019","SpeakerFirstName":"Kathy","SpeakerLastName":"Riklin","SpeakerFullName":"Riklin Kathy","SpeakerFunction":"Mit-F","CouncilId":1,"CouncilName":"Nationalrat","CantonId":1,"CantonName":"Z\u00fcrich","CantonAbbreviation":"ZH","ParlGroupName":"CVP-Fraktion","ParlGroupAbbreviation":"M-E","SortOrder":8,"Start":"\/Date(1568824436796)\/","End":"\/Date(1568824463696)\/","Function":"Mit-F","DisplaySpeaker":true,"LanguageOfText":"DE","Modified":"\/Date(1774877165703)\/","StartTimeWithTimezone":"\/Date(1568824436797+0120)\/","EndTimeWithTimezone":"\/Date(1568824463697+0120)\/","VoteBusinessNumber":null,"VoteBusinessShortNumber":null,"VoteBusinessTitle":null},{"__metadata":{"id":"https://ws.parlament.ch/OData.svc/Transcript(ID=251576L,Language='DE')","uri":"https://ws.parlament.ch/OData.svc/Transcript(ID=251576L,Language='DE')","type":"itsystems.Pd.DataServices.DataModel.Transcript"},"Subjects":{"__deferred":{"uri":"https://ws.parlament.ch/OData.svc/Transcript(ID=251576L,Language='DE')/Subjects"}},"MembersCouncil":{"__deferred":{"uri":"https://ws.parlament.ch/OData.svc/Transcript(ID=251576L,Language='DE')/MembersCouncil"}},"Businesses":{"__deferred":{"uri":"https://ws.parlament.ch/OData.svc/Transcript(ID=251576L,Language='DE')/Businesses"}},"ID":"251576","Language":"DE","IdSubject":"47199","VoteId":null,"PersonNumber":4141,"Type":1,"Text":"<pd_text><p>Ja, selbstverst\u00e4ndlich habe ich ihn gelesen, und ich habe gelesen, dass der Bundesrat gesagt hat: Wir machen es ja sowieso; bevor wir unterzeichnen, ist f\u00fcr uns intern sowieso klar, ob und wie die gesetzliche Umsetzung machbar ist.</p>\n<p>Er macht es also sowieso. Aber Herr K\u00f6ppel hat es vorhin richtig gesagt: Zuerst gibt es eine Volksabstimmung, und zur Volksabstimmung gibt es ein Abstimmungsb\u00fcchlein. Es gibt nicht bereits schon die Gesetzgebung. Nach der Gesetzgebung - wir haben das bei der Masseneinwanderungs-Initiative gleich gehandhabt - kann man dann gegen die Gesetzentw\u00fcrfe wieder das Referendum ergreifen. Sie wissen doch ganz genau, wie unsere Schweiz und wie die Demokratie bei uns funktionieren. Sie machen hier ein totales Durcheinander bei den normalen Abl\u00e4ufen dieses Parlamentes.</p>\n</pd_text>","MeetingCouncilAbbreviation":"N","MeetingDate":"20190918","MeetingVerbalixOid":3184,"IdSession":"5019","SpeakerFirstName":"Hans-Peter","SpeakerLastName":"Portmann","SpeakerFullName":"Portmann Hans-Peter","SpeakerFunction":"Mit-M","CouncilId":1,"CouncilName":"Nationalrat","CantonId":1,"CantonName":"Z\u00fcrich","CantonAbbreviation":"ZH","ParlGroupName":"FDP-Liberale Fraktion","ParlGroupAbbreviation":"RL","SortOrder":9,"Start":"\/Date(1568824463696)\/","End":"\/Date(1568824518777)\/","Function":"Mit-M","DisplaySpeaker":true,"LanguageOfText":"DE","Modified":"\/Date(1774877165704)\/","StartTimeWithTimezone":"\/Date(1568824463697+0120)\/","EndTimeWithTimezone":"\/Date(1568824518777+0120)\/","VoteBusinessNumber":null,"VoteBusinessShortNumber":null,"VoteBusinessTitle":null},{"__metadata":{"id":"https://ws.parlament.ch/OData.svc/Transcript(ID=251578L,Language='DE')","uri":"https://ws.parlament.ch/OData.svc/Transcript(ID=251578L,Language='DE')","type":"itsystems.Pd.DataServices.DataModel.Transcript"},"Subjects":{"__deferred":{"uri":"https://ws.parlament.ch/OData.svc/Transcript(ID=251578L,Language='DE')/Subjects"}},"MembersCouncil":{"__deferred":{"uri":"https://ws.parlament.ch/OData.svc/Transcript(ID=251578L,Language='DE')/MembersCouncil"}},"Businesses":{"__deferred":{"uri":"https://ws.parlament.ch/OData.svc/Transcript(ID=251578L,Language='DE')/Businesses"}},"ID":"251578","Language":"DE","IdSubject":"47199","VoteId":null,"PersonNumber":4141,"Type":1,"Text":"<pd_text><p>Ja. Ich habe mir heute die M\u00fche gegeben, aufgrund dieser Motion einmal zu schauen, was die CVP \u00fcberhaupt will; nat\u00fcrlich unter dem Eindruck der letzten zwei Tage, in denen der Pr\u00e4sident der CVP gesagt hat: Wir sagen mit dieser Propagandakampagne ja nur den anderen Parteien, wo sie es anders sehen als wir. Dann bin ich auf die Website der CVP gegangen. Und tats\u00e4chlich: Sie haben dort neben dieser Motion exakt die zwei gleichen Forderungen wie die FDP - \u00fcberhaupt nicht mehr. Sie haben dort wie wir die Unionsb\u00fcrgerrichtlinie und den Lohnschutz stehen. Ich sehe da also keine Differenz. Aber ich habe tats\u00e4chlich auch das Gef\u00fchl, dass die CVP mit dieser Motion und mit anderen Aussagen - Aussagen im Amtlichen Bulletin, Aussagen in den Zeitungen - hier irgendeine Differenz zu den anderen Parteien schaffen will. Ich verstehe es auch nicht ganz, aber ich finde, das sollte man nicht mit einer Motion machen, mit der man Bundesrat und Verwaltung unn\u00f6tig belastet.</p>\n</pd_text>","MeetingCouncilAbbreviation":"N","MeetingDate":"20190918","MeetingVerbalixOid":3184,"IdSession":"5019","SpeakerFirstName":"Hans-Peter","SpeakerLastName":"Portmann","SpeakerFullName":"Portmann Hans-Peter","SpeakerFunction":"Mit-M","CouncilId":1,"CouncilName":"Nationalrat","CantonId":1,"CantonName":"Z\u00fcrich","CantonAbbreviation":"ZH","ParlGroupName":"FDP-Liberale Fraktion","ParlGroupAbbreviation":"RL","SortOrder":7,"Start":"\/Date(1568824374126)\/","End":"\/Date(1568824436796)\/","Function":"Mit-M","DisplaySpeaker":true,"LanguageOfText":"DE","Modified":"\/Date(1774877165701)\/","StartTimeWithTimezone":"\/Date(1568824374127+0120)\/","EndTimeWithTimezone":"\/Date(1568824436797+0120)\/","VoteBusinessNumber":null,"VoteBusinessShortNumber":null,"VoteBusinessTitle":null},{"__metadata":{"id":"https://ws.parlament.ch/OData.svc/Transcript(ID=251582L,Language='DE')","uri":"https://ws.parlament.ch/OData.svc/Transcript(ID=251582L,Language='DE')","type":"itsystems.Pd.DataServices.DataModel.Transcript"},"Subjects":{"__deferred":{"uri":"https://ws.parlament.ch/OData.svc/Transcript(ID=251582L,Language='DE')/Subjects"}},"MembersCouncil":{"__deferred":{"uri":"https://ws.parlament.ch/OData.svc/Transcript(ID=251582L,Language='DE')/MembersCouncil"}},"Businesses":{"__deferred":{"uri":"https://ws.parlament.ch/OData.svc/Transcript(ID=251582L,Language='DE')/Businesses"}},"ID":"251582","Language":"DE","IdSubject":"47199","VoteId":null,"PersonNumber":4025,"Type":1,"Text":"<pd_text><p>Gesch\u00e4tzter Kollege Portmann, Sie haben jetzt mehrfach von der Volksabstimmung gesprochen, zu der es kommen werde. Sie haben die direkte Demokratie gelobt und gesagt, dass Sie sich intensiv mit dem Vorstoss der CVP-Fraktion auseinandergesetzt h\u00e4tten. Kann ich davon ausgehen, dass Sie sich mit Haut und Haar ebenso wie die CVP daf\u00fcr einsetzen werden, dass es zu einem obligatorischen Referendum kommt?</p>\n</pd_text>","MeetingCouncilAbbreviation":"N","MeetingDate":"20190918","MeetingVerbalixOid":3184,"IdSession":"5019","SpeakerFirstName":"Roland Rino","SpeakerLastName":"B\u00fcchel","SpeakerFullName":"B\u00fcchel Roland Rino","SpeakerFunction":"Mit-M","CouncilId":1,"CouncilName":"Nationalrat","CantonId":17,"CantonName":"St. Gallen","CantonAbbreviation":"SG","ParlGroupName":"Fraktion der Schweizerischen Volkspartei","ParlGroupAbbreviation":"V","SortOrder":12,"Start":"\/Date(1568824589702)\/","End":"\/Date(1568824614008)\/","Function":"Mit-M","DisplaySpeaker":true,"LanguageOfText":"DE","Modified":"\/Date(1774877165709)\/","StartTimeWithTimezone":"\/Date(1568824589703+0120)\/","EndTimeWithTimezone":"\/Date(1568824614007+0120)\/","VoteBusinessNumber":null,"VoteBusinessShortNumber":null,"VoteBusinessTitle":null},{"__metadata":{"id":"https://ws.parlament.ch/OData.svc/Transcript(ID=251583L,Language='DE')","uri":"https://ws.parlament.ch/OData.svc/Transcript(ID=251583L,Language='DE')","type":"itsystems.Pd.DataServices.DataModel.Transcript"},"Subjects":{"__deferred":{"uri":"https://ws.parlament.ch/OData.svc/Transcript(ID=251583L,Language='DE')/Subjects"}},"MembersCouncil":{"__deferred":{"uri":"https://ws.parlament.ch/OData.svc/Transcript(ID=251583L,Language='DE')/MembersCouncil"}},"Businesses":{"__deferred":{"uri":"https://ws.parlament.ch/OData.svc/Transcript(ID=251583L,Language='DE')/Businesses"}},"ID":"251583","Language":"DE","IdSubject":"47199","VoteId":null,"PersonNumber":4141,"Type":1,"Text":"<pd_text><p>Danke, Herr Kollege Nussbaumer; ich weiss, dass Sie das Abkommen so gut kennen wie ich, also sehr gut. Sie wissen, dass im Abkommen der Schweiz bereits diese parlamentarische Mitwirkung zugesichert wird. Es steht schwarz auf weiss, wie die Mitwirkung unseres Parlamentes w\u00e4re, wenn wir beim Rahmenabkommen zusagen w\u00fcrden. Jetzt m\u00fcssen Sie mir erkl\u00e4ren, wieso der Bundesrat hier gesetzgeberisch t\u00e4tig werden soll, wenn es ja schon klar ist, dass wir diese parlamentarische Mitwirkung haben. Im Weiteren gehe ich immer noch davon aus, dass das Parlament das Gesetz \u00fcber die parlamentarische Mitwirkung machen wird. Das Parlament macht das Parlamentsgesetz - und nicht der Bundesrat.</p>\n</pd_text>","MeetingCouncilAbbreviation":"N","MeetingDate":"20190918","MeetingVerbalixOid":3184,"IdSession":"5019","SpeakerFirstName":"Hans-Peter","SpeakerLastName":"Portmann","SpeakerFullName":"Portmann Hans-Peter","SpeakerFunction":"Mit-M","CouncilId":1,"CouncilName":"Nationalrat","CantonId":1,"CantonName":"Z\u00fcrich","CantonAbbreviation":"ZH","ParlGroupName":"FDP-Liberale Fraktion","ParlGroupAbbreviation":"RL","SortOrder":11,"Start":"\/Date(1568824540484)\/","End":"\/Date(1568824589702)\/","Function":"Mit-M","DisplaySpeaker":true,"LanguageOfText":"DE","Modified":"\/Date(1774877165707)\/","StartTimeWithTimezone":"\/Date(1568824540483+0120)\/","EndTimeWithTimezone":"\/Date(1568824589703+0120)\/","VoteBusinessNumber":null,"VoteBusinessShortNumber":null,"VoteBusinessTitle":null},{"__metadata":{"id":"https://ws.parlament.ch/OData.svc/Transcript(ID=251584L,Language='DE')","uri":"https://ws.parlament.ch/OData.svc/Transcript(ID=251584L,Language='DE')","type":"itsystems.Pd.DataServices.DataModel.Transcript"},"Subjects":{"__deferred":{"uri":"https://ws.parlament.ch/OData.svc/Transcript(ID=251584L,Language='DE')/Subjects"}},"MembersCouncil":{"__deferred":{"uri":"https://ws.parlament.ch/OData.svc/Transcript(ID=251584L,Language='DE')/MembersCouncil"}},"Businesses":{"__deferred":{"uri":"https://ws.parlament.ch/OData.svc/Transcript(ID=251584L,Language='DE')/Businesses"}},"ID":"251584","Language":"DE","IdSubject":"47199","VoteId":null,"PersonNumber":4141,"Type":1,"Text":"<pd_text><p>Nein, selbstverst\u00e4ndlich nicht! Ich habe nichts gegen die direkte Demokratie, im Gegenteil: Die direkte Demokratie ist ja sichergestellt. Es steht in der Verfassung, dass internationale Vertr\u00e4ge, die eine solche Auswirkung haben, vor das Volk kommen - so, wie wir \u00fcber alle bilateralen Vertr\u00e4ge abgestimmt haben. Ein Rahmenabkommen w\u00fcrde demnach vor das Volk kommen. </p>\n<p>V\u00f6llig neu ist aber, dass Sie ein Umsetzungsgesetz machen wollen, noch bevor \u00fcberhaupt das Volk entschieden hat. Der normale Weg ist, dass zuerst das Volk entscheidet, und dann erst macht der Bundesrat ein Umsetzungsgesetz. Viele Dinge, die Sie hier verlangen, sind im institutionellen Rahmenabkommen geregelt, zum Beispiel, dass wir drei Jahre Zeit haben, wenn es bei einer dynamischen \u00dcbernahme zu einem Streitfall kommt. Lesen Sie den verhandelten Entwurf zum institutionellen Rahmenabkommen! Dort ist Schritt f\u00fcr Schritt geregelt, was in diesen drei Jahren passiert und wann die Schweiz - bis hin zur Volksabstimmung - das Recht hat, gegen eine solche \u00dcbernahme zu sein. Das m\u00fcssen wir nicht im Schweizer Gesetz regeln, das ist im institutionellen Rahmenabkommen geregelt. </p>\n</pd_text>","MeetingCouncilAbbreviation":"N","MeetingDate":"20190918","MeetingVerbalixOid":3184,"IdSession":"5019","SpeakerFirstName":"Hans-Peter","SpeakerLastName":"Portmann","SpeakerFullName":"Portmann Hans-Peter","SpeakerFunction":"Mit-M","CouncilId":1,"CouncilName":"Nationalrat","CantonId":1,"CantonName":"Z\u00fcrich","CantonAbbreviation":"ZH","ParlGroupName":"FDP-Liberale Fraktion","ParlGroupAbbreviation":"RL","SortOrder":5,"Start":"\/Date(1568824253288)\/","End":"\/Date(1568824335482)\/","Function":"Mit-M","DisplaySpeaker":true,"LanguageOfText":"DE","Modified":"\/Date(1774877165698)\/","StartTimeWithTimezone":"\/Date(1568824253287+0120)\/","EndTimeWithTimezone":"\/Date(1568824335483+0120)\/","VoteBusinessNumber":null,"VoteBusinessShortNumber":null,"VoteBusinessTitle":null},{"__metadata":{"id":"https://ws.parlament.ch/OData.svc/Transcript(ID=251592L,Language='DE')","uri":"https://ws.parlament.ch/OData.svc/Transcript(ID=251592L,Language='DE')","type":"itsystems.Pd.DataServices.DataModel.Transcript"},"Subjects":{"__deferred":{"uri":"https://ws.parlament.ch/OData.svc/Transcript(ID=251592L,Language='DE')/Subjects"}},"MembersCouncil":{"__deferred":{"uri":"https://ws.parlament.ch/OData.svc/Transcript(ID=251592L,Language='DE')/MembersCouncil"}},"Businesses":{"__deferred":{"uri":"https://ws.parlament.ch/OData.svc/Transcript(ID=251592L,Language='DE')/Businesses"}},"ID":"251592","Language":"DE","IdSubject":"47199","VoteId":null,"PersonNumber":4141,"Type":1,"Text":"<pd_text><p>Entschuldigen Sie, Herr Parteipr\u00e4sident Pfister, ich war ein bisschen zu schnell. Vielleicht sind das die Wogen, die seit zwei Tagen ein bisschen das Gefecht um uns herum bestimmen. </p>\n<p>Wir haben diese Motion und dieses Anliegen auch schon in den Kommissionen besprochen. Es liegt ein Bek\u00e4mpfungsantrag der FDP vor; es liegt auch einer der SVP vor. Herr K\u00f6ppel sitzt dort, er darf leider nicht sprechen, aber in unserer Absprache kamen wir eigentlich zu gleichen \u00dcberzeugungen.</p>\n<p>Alles, was in dieser Motion verlangt wird, ist eigentlich heute schon in der schweizerischen Gesetzgebung geregelt. Es ist geregelt, wo die Kantone Mitsprache haben; es ist geregelt, wie unsere demokratischen Abl\u00e4ufe - sprich Referendum, Volksabstimmung - zu bewerkstelligen sind; es ist klar, wer zust\u00e4ndig ist, wenn das Parlament Mitsprache hat; und es ist auch klar, wer zust\u00e4ndig ist, wenn der Bundesrat im Lead ist.</p>\n<p>Diese Motion m\u00f6chte aber eigentlich auch noch gesetzgeberisch t\u00e4tig werden, was den ganzen Schiedsgerichtsprozess anbelangt. Das ist im institutionellen Rahmenabkommen geregelt. Ob wir jetzt daf\u00fcr oder dagegen sind - wir k\u00f6nnen nicht in der schweizerischen Gesetzgebung regeln, wie das Schiedsgericht und wie der Europ\u00e4ische Gerichtshof (EuGH) vorzugehen haben. Das ist ein Unding; das k\u00f6nnen wir hier nicht so bestimmen.</p>\n<p>Es ist so, dass das Schweizer Parlament noch gewisse Dinge regeln m\u00fcsste, wenn dann \u00fcberhaupt das Volk zu einem Rahmenabkommen Ja sagen w\u00fcrde. Das k\u00f6nnen wir aber nicht vorwegnehmen. Der normale Weg ist: Sollte dieser internationale Vertrag tats\u00e4chlich vom Volk gutgeheissen werden, dann muss zum einen der Bundesrat eine Vorlage ausarbeiten und sagen, wo gesetzgeberisch gehandelt werden muss; zum andern wird aber das Parlament - davon gehe ich aus - selber sagen, wie es in Br\u00fcssel Einfluss nehmen will. Im institutionellen Rahmenabkommen ist ja geregelt, dass das Schweizer Parlament in einem Komitee als Gegenpart zum EU-Parlament ebenfalls Sitze bekommt. Es w\u00e4re mir aber neu, dass uns der Bundesrat sagen wird, wie wir das machen wollen. Ich nehme an, das Schweizer Parlament w\u00fcrde schon selber sagen, wie es das m\u00f6chte. </p>\n<p>Wir sehen diese Motion ein bisschen als Scheingefecht. Sie ist n\u00e4mlich v\u00f6llig obsolet. Der Bundesrat hat auch bereits in seiner Stellungnahme gesagt, dass alles aufgegleist ist, was dann zum richtigen Zeitpunkt zu tun w\u00e4re. Es sind auch sehr, sehr viele Widerspr\u00fcche in der Motion. Es ist widerspr\u00fcchlich, was die CVP jetzt ganz genau m\u00f6chte. Sie spricht vom EuGH, geht man aber auf ihre Homepage und liest, was sie vom Rahmenabkommen will, so ist der EuGH \u00fcberhaupt kein Kritikpunkt. Wir haben ein bisschen das Gef\u00fchl, dass es ein Scheingefecht ist. Auch wenn ich das Amtliche Bulletin zum Votum des Fraktionssprechers der CVP zur EU-Debatte im Juni hervornehme, sehe ich, dass dort einiges dem widerspricht, was hier verlangt wird. </p>\n<p>Da verstehen wir nicht ganz, was Sie wirklich damit bezwecken, mit all diesen Begr\u00fcndungen. Das ist haupts\u00e4chlich institutionell ein Durcheinander, was Sie hier veranstalten, das soll zum Teil an den falschen Orten geregelt werden. Und es ist v\u00f6llig klar, dass diese Mitsprache der Kantone usw. heute schon in der Verfassung ist, heute schon im Gesetz ist, in dem die Aussenpolitik beschrieben wird - auch die des Parlamentes. Das m\u00fcssen wir nicht noch einmal niederschreiben. </p>\n<p>Aus diesem Grund bitten wir Sie, diesen Aufwand, alles doppelt zu machen, dem Bundesrat und der Verwaltung nicht zu \u00fcbertragen. Es kommt sowieso alles genau so, wie Sie es hier wollen.</p>\n<p>Ich bitte Sie im Namen der FDP-Liberalen Fraktion, diese Motion abzulehnen. </p>\n</pd_text>","MeetingCouncilAbbreviation":"N","MeetingDate":"20190918","MeetingVerbalixOid":3184,"IdSession":"5019","SpeakerFirstName":"Hans-Peter","SpeakerLastName":"Portmann","SpeakerFullName":"Portmann Hans-Peter","SpeakerFunction":"Mit-M","CouncilId":1,"CouncilName":"Nationalrat","CantonId":1,"CantonName":"Z\u00fcrich","CantonAbbreviation":"ZH","ParlGroupName":"FDP-Liberale Fraktion","ParlGroupAbbreviation":"RL","SortOrder":3,"Start":"\/Date(1568823953835)\/","End":"\/Date(1568824219844)\/","Function":"Mit-M","DisplaySpeaker":true,"LanguageOfText":"DE","Modified":"\/Date(1774877165695)\/","StartTimeWithTimezone":"\/Date(1568823953837+0120)\/","EndTimeWithTimezone":"\/Date(1568824219843+0120)\/","VoteBusinessNumber":null,"VoteBusinessShortNumber":null,"VoteBusinessTitle":null},{"__metadata":{"id":"https://ws.parlament.ch/OData.svc/Transcript(ID=251593L,Language='DE')","uri":"https://ws.parlament.ch/OData.svc/Transcript(ID=251593L,Language='DE')","type":"itsystems.Pd.DataServices.DataModel.Transcript"},"Subjects":{"__deferred":{"uri":"https://ws.parlament.ch/OData.svc/Transcript(ID=251593L,Language='DE')/Subjects"}},"MembersCouncil":{"__deferred":{"uri":"https://ws.parlament.ch/OData.svc/Transcript(ID=251593L,Language='DE')/MembersCouncil"}},"Businesses":{"__deferred":{"uri":"https://ws.parlament.ch/OData.svc/Transcript(ID=251593L,Language='DE')/Businesses"}},"ID":"251593","Language":"DE","IdSubject":"47199","VoteId":null,"PersonNumber":4141,"Type":1,"Text":"<pd_text><p>Ja, das kann ich Ihnen heute zusichern. Das habe ich Ihnen schon x-mal zugesichert und mache es heute nochmals.</p>\n<p>Als ich gestern lesen musste, was mir da vonseiten der CVP unterstellt wird, habe ich gegoogelt. In drei Minuten habe ich Zitate meiner Person und \u00f6ffentliche Aussagen gefunden, gem\u00e4ss welchen ich die Volksabstimmung begr\u00fcsse und fordere. So gibt es vier Fundstellen im Amtlichen Bulletin des Nationalrates, gem\u00e4ss welchen ich das gesagt habe. Auch darum habe ich heute immer wieder gesagt, dass die CVP mir etwas unterstelle, das schlicht nicht zutreffe.</p>\n<p>Ich kann Ihnen best\u00e4tigen, dass ich - nat\u00fcrlich - bef\u00fcrworte, dass das Abkommen dem obligatorischen Referendum unterstellt wird, sodass sich das Volk dazu \u00e4ussern kann.</p>\n</pd_text>","MeetingCouncilAbbreviation":"N","MeetingDate":"20190918","MeetingVerbalixOid":3184,"IdSession":"5019","SpeakerFirstName":"Hans-Peter","SpeakerLastName":"Portmann","SpeakerFullName":"Portmann Hans-Peter","SpeakerFunction":"Mit-M","CouncilId":1,"CouncilName":"Nationalrat","CantonId":1,"CantonName":"Z\u00fcrich","CantonAbbreviation":"ZH","ParlGroupName":"FDP-Liberale Fraktion","ParlGroupAbbreviation":"RL","SortOrder":13,"Start":"\/Date(1568824614008)\/","End":"\/Date(1568824659360)\/","Function":"Mit-M","DisplaySpeaker":true,"LanguageOfText":"DE","Modified":"\/Date(1774877165710)\/","StartTimeWithTimezone":"\/Date(1568824614007+0120)\/","EndTimeWithTimezone":"\/Date(1568824659360+0120)\/","VoteBusinessNumber":null,"VoteBusinessShortNumber":null,"VoteBusinessTitle":null},{"__metadata":{"id":"https://ws.parlament.ch/OData.svc/Transcript(ID=251609L,Language='DE')","uri":"https://ws.parlament.ch/OData.svc/Transcript(ID=251609L,Language='DE')","type":"itsystems.Pd.DataServices.DataModel.Transcript"},"Subjects":{"__deferred":{"uri":"https://ws.parlament.ch/OData.svc/Transcript(ID=251609L,Language='DE')/Subjects"}},"MembersCouncil":{"__deferred":{"uri":"https://ws.parlament.ch/OData.svc/Transcript(ID=251609L,Language='DE')/MembersCouncil"}},"Businesses":{"__deferred":{"uri":"https://ws.parlament.ch/OData.svc/Transcript(ID=251609L,Language='DE')/Businesses"}},"ID":"251609","Language":"DE","IdSubject":"47199","VoteId":"19426","PersonNumber":null,"Type":2,"Text":"<pd_text><p><b>La pr\u00e9sidente</b> (Moret Isabelle, premi\u00e8re vice-pr\u00e9sidente): Je vous informe que Monsieur K\u00f6ppel a retir\u00e9 son opposition \u00e0 la motion. Monsieur Portmann maintient son opposition. Nous passons donc au vote. Le Conseil f\u00e9d\u00e9ral propose d'accepter la motion.</p>\n<p>[VS]</p>\n<p><i>Abstimmung - Vote </i>[GZ]</p>\n<p>[NAM][GZ]</p>\n<p>F\u00fcr Annahme der Motion ... 84 Stimmen [GZ]</p>\n<p>Dagegen ... 98 Stimmen [GZ]</p>\n<p>(0 Enthaltungen)</p>\n</pd_text>","MeetingCouncilAbbreviation":"N","MeetingDate":"20190918","MeetingVerbalixOid":3184,"IdSession":"5019","SpeakerFirstName":null,"SpeakerLastName":null,"SpeakerFullName":"","SpeakerFunction":null,"CouncilId":null,"CouncilName":null,"CantonId":null,"CantonName":null,"CantonAbbreviation":null,"ParlGroupName":null,"ParlGroupAbbreviation":null,"SortOrder":15,"Start":"\/Date(1568824809557)\/","End":"\/Date(1568824826299)\/","Function":null,"DisplaySpeaker":null,"LanguageOfText":null,"Modified":"\/Date(1774877165715)\/","StartTimeWithTimezone":"\/Date(1568824809557+0120)\/","EndTimeWithTimezone":"\/Date(1568824826300+0120)\/","VoteBusinessNumber":20193167,"VoteBusinessShortNumber":"19.3167","VoteBusinessTitle":"Motion CVP-Fraktion.\nGesetzliche Grundlage zur Wahrung\ndes Mitsprache- und Entscheidungsrechts\nvon Parlament, Volk und Kantonen bei\nder Umsetzung des Rahmenabkommens"}]},"ID":"47199","Language":"DE","IdMeeting":"4241","VerbalixOid":600759,"SortOrder":5,"Modified":"\/Date(1774877165687)\/"}}