{"d":{"__metadata":{"id":"https://ws.parlament.ch/OData.svc/Subject(ID=47261L,Language='DE')","uri":"https://ws.parlament.ch/OData.svc/Subject(ID=47261L,Language='DE')","type":"itsystems.Pd.DataServices.DataModel.Subject"},"Meetings":{"__metadata":{"id":"https://ws.parlament.ch/OData.svc/Meeting(ID=4243L,Language='DE')","uri":"https://ws.parlament.ch/OData.svc/Meeting(ID=4243L,Language='DE')","type":"itsystems.Pd.DataServices.DataModel.Meeting"},"Sessions":{"__deferred":{"uri":"https://ws.parlament.ch/OData.svc/Meeting(ID=4243L,Language='DE')/Sessions"}},"Subjects":{"__deferred":{"uri":"https://ws.parlament.ch/OData.svc/Meeting(ID=4243L,Language='DE')/Subjects"}},"ID":"4243","Language":"DE","MeetingNumber":8,"IdSession":5019,"SessionNumber":19,"SessionName":"Herbstsession 2019","Council":2,"CouncilName":"St\u00e4nderat","CouncilAbbreviation":"SR","Date":"\/Date(1568851200000)\/","Begin":"0815","Modified":"\/Date(1571150129187)\/","LegislativePeriodNumber":50,"PublicationStatus":"final","MeetingOrderText":"Achte Sitzung","SortOrder":8,"Location":"S"},"SubjectsBusiness":{"results":[{"__metadata":{"id":"https://ws.parlament.ch/OData.svc/SubjectBusiness(BusinessNumber=20190016,IdSubject=47261L,Language='DE')","uri":"https://ws.parlament.ch/OData.svc/SubjectBusiness(BusinessNumber=20190016,IdSubject=47261L,Language='DE')","type":"itsystems.Pd.DataServices.DataModel.SubjectBusiness"},"Subjects":{"__deferred":{"uri":"https://ws.parlament.ch/OData.svc/SubjectBusiness(BusinessNumber=20190016,IdSubject=47261L,Language='DE')/Subjects"}},"Businesses":{"__deferred":{"uri":"https://ws.parlament.ch/OData.svc/SubjectBusiness(BusinessNumber=20190016,IdSubject=47261L,Language='DE')/Businesses"}},"IdSubject":"47261","BusinessNumber":20190016,"Language":"DE","BusinessShortNumber":"19.016","Title":"Standortf\u00f6rderung 2020-2023","SortOrder":1,"PublishedNotes":"Differenzen - Divergences\n","Modified":"\/Date(1559071979123)\/","TitleDE":"Standortf\u00f6rderung 2020-2023","TitleFR":"Promotion \u00e9conomique 2020-2023","TitleIT":null}]},"Transcripts":{"results":[{"__metadata":{"id":"https://ws.parlament.ch/OData.svc/Transcript(ID=251842L,Language='DE')","uri":"https://ws.parlament.ch/OData.svc/Transcript(ID=251842L,Language='DE')","type":"itsystems.Pd.DataServices.DataModel.Transcript"},"Subjects":{"__deferred":{"uri":"https://ws.parlament.ch/OData.svc/Transcript(ID=251842L,Language='DE')/Subjects"}},"MembersCouncil":{"__deferred":{"uri":"https://ws.parlament.ch/OData.svc/Transcript(ID=251842L,Language='DE')/MembersCouncil"}},"Businesses":{"__deferred":{"uri":"https://ws.parlament.ch/OData.svc/Transcript(ID=251842L,Language='DE')/Businesses"}},"ID":"251842","Language":"DE","IdSubject":"47261","VoteId":null,"PersonNumber":1267,"Type":1,"Text":"<pd_text><p><b>4.</b>[NB]<b>Bundesbeschluss \u00fcber die Finanzierung der Exportf\u00f6rderung f\u00fcr die Jahre 2020-2023</b>[GZ]</p>\n<p><b>4.</b>[NB]<b>Arr\u00eat\u00e9 f\u00e9d\u00e9ral sur le financement de la promotion des exportations pendant les ann\u00e9es 2020-2023</b>[GZ]</p>\n<p>[VS][GZ]</p>\n<p><b>Art. 1 </b>[GZ]</p>\n<p><i>Antrag der Kommission </i>[GZ]</p>\n<p>Zustimmung zum Beschluss des Nationalrates</p>\n<p><i>Proposition de la commission </i>[GZ]</p>\n<p>Adh\u00e9rer \u00e0 la d\u00e9cision du Conseil national</p>\n</pd_text>","MeetingCouncilAbbreviation":"S","MeetingDate":"20190919","MeetingVerbalixOid":3186,"IdSession":"5019","SpeakerFirstName":"Hans","SpeakerLastName":"St\u00f6ckli","SpeakerFullName":"St\u00f6ckli Hans","SpeakerFunction":"1VP-M","CouncilId":2,"CouncilName":"St\u00e4nderat","CantonId":2,"CantonName":"Bern","CantonAbbreviation":"BE","ParlGroupName":"Sozialdemokratische Fraktion","ParlGroupAbbreviation":"S","SortOrder":1,"Start":"\/Date(1568897604387)\/","End":"\/Date(1568897645233)\/","Function":"1VP-M","DisplaySpeaker":false,"LanguageOfText":null,"Modified":"\/Date(1592564813633)\/","StartTimeWithTimezone":"\/Date(1568897604387+0120)\/","EndTimeWithTimezone":"\/Date(1568897645233+0120)\/","VoteBusinessNumber":null,"VoteBusinessShortNumber":null,"VoteBusinessTitle":null},{"__metadata":{"id":"https://ws.parlament.ch/OData.svc/Transcript(ID=251843L,Language='DE')","uri":"https://ws.parlament.ch/OData.svc/Transcript(ID=251843L,Language='DE')","type":"itsystems.Pd.DataServices.DataModel.Transcript"},"Subjects":{"__deferred":{"uri":"https://ws.parlament.ch/OData.svc/Transcript(ID=251843L,Language='DE')/Subjects"}},"MembersCouncil":{"__deferred":{"uri":"https://ws.parlament.ch/OData.svc/Transcript(ID=251843L,Language='DE')/MembersCouncil"}},"Businesses":{"__deferred":{"uri":"https://ws.parlament.ch/OData.svc/Transcript(ID=251843L,Language='DE')/Businesses"}},"ID":"251843","Language":"DE","IdSubject":"47261","VoteId":null,"PersonNumber":1267,"Type":1,"Text":"<pd_text><p><i>Angenommen - Adopt\u00e9</i></p>\n<p>[VS]</p>\n<p><b>Pr\u00e4sident</b> (St\u00f6ckli Hans, erster Vizepr\u00e4sident): Damit sind alle Differenzen bereinigt. Herr Bundesrat, Sie k\u00f6nnen die Standortf\u00f6rderung f\u00fcr unser Land weiterf\u00fchren. Ich danke Ihnen f\u00fcr Ihr Erscheinen und w\u00fcnsche Ihnen und allen Anwesenden ein erholsames Wochenende![GZ]</p>\n<p>[VS][GZ]</p>\n<p>[VS][GZ]</p>\n<p>[VS][GZ]</p>\n<p><i>Schluss der Sitzung um 13.00 Uhr </i>[GZ]</p>\n<p><i>La s\u00e9ance est lev\u00e9e \u00e0 13 h 00 [PAGE 820] </i></p>\n<p>[VS]</p>\n<p>[VS]</p>\n<p>[VS]</p>\n<p>[VS]</p>\n</pd_text>","MeetingCouncilAbbreviation":"S","MeetingDate":"20190919","MeetingVerbalixOid":3186,"IdSession":"5019","SpeakerFirstName":"Hans","SpeakerLastName":"St\u00f6ckli","SpeakerFullName":"St\u00f6ckli Hans","SpeakerFunction":"1VP-M","CouncilId":2,"CouncilName":"St\u00e4nderat","CantonId":2,"CantonName":"Bern","CantonAbbreviation":"BE","ParlGroupName":"Sozialdemokratische Fraktion","ParlGroupAbbreviation":"S","SortOrder":4,"Start":"\/Date(1568897879967)\/","End":"\/Date(1568897949860)\/","Function":"1VP-M","DisplaySpeaker":false,"LanguageOfText":null,"Modified":"\/Date(1592564813633)\/","StartTimeWithTimezone":"\/Date(1568897879967+0120)\/","EndTimeWithTimezone":"\/Date(1568897949860+0120)\/","VoteBusinessNumber":null,"VoteBusinessShortNumber":null,"VoteBusinessTitle":null},{"__metadata":{"id":"https://ws.parlament.ch/OData.svc/Transcript(ID=251875L,Language='DE')","uri":"https://ws.parlament.ch/OData.svc/Transcript(ID=251875L,Language='DE')","type":"itsystems.Pd.DataServices.DataModel.Transcript"},"Subjects":{"__deferred":{"uri":"https://ws.parlament.ch/OData.svc/Transcript(ID=251875L,Language='DE')/Subjects"}},"MembersCouncil":{"__deferred":{"uri":"https://ws.parlament.ch/OData.svc/Transcript(ID=251875L,Language='DE')/MembersCouncil"}},"Businesses":{"__deferred":{"uri":"https://ws.parlament.ch/OData.svc/Transcript(ID=251875L,Language='DE')/Businesses"}},"ID":"251875","Language":"DE","IdSubject":"47261","VoteId":null,"PersonNumber":1108,"Type":1,"Text":"<pd_text><p>Tout d'abord, je remercie la commission de faire la proposition de se rallier au Conseil national, cela permet d'\u00e9liminer la derni\u00e8re divergence. J'ai enregistr\u00e9, Monsieur le pr\u00e9sident de la commission, une certaine r\u00e9ticence de la commission par rapport \u00e0 d'\u00e9ventuels plans d'assainissement budg\u00e9taire. C'est vrai, vous l'avez relev\u00e9, dans le pass\u00e9, des d\u00e9cisions ont \u00e9t\u00e9 prises sur le cadre budg\u00e9taire et le plafond de d\u00e9penses lors des discussions budg\u00e9taires; soit le Conseil f\u00e9d\u00e9ral, soit parfois aussi le Parlement - puisque c'est ce dernier qui, \u00e0 la fin, se prononce sur le budget - ont diminu\u00e9 les sommes qui \u00e9taient promises. Nous avons enregistr\u00e9 les voeux et les inqui\u00e9tudes de la commission.</p>\n<p>Je vous rappelle cependant que ce sont 6,1 millions de francs de plus, quand m\u00eame, par rapport aux d\u00e9penses effectives qui \u00e9taient pr\u00e9vues pour la p\u00e9riode 2016-2019, et \u00e0 cette enveloppe s'ajoutent encore 2,5 millions de francs par an - ce sont les 10 millions de francs sur les quatre ans au titre de frais du personnel et d'infrastructures des Swiss Business Hubs, qui sont, eux, au DFAE.</p>\n<p>Je crois qu'on a quelque chose de solide, et, avec les d\u00e9cisions des deux conseils, nous avons un dossier qui tient la route pour les quatre prochaines ann\u00e9es. Reste naturellement \u00e0 esp\u00e9rer que la situation \u00e9conomique n'oblige pas le Conseil f\u00e9d\u00e9ral \u00e0 devoir soumettre des plans d'assainissement budg\u00e9taire.</p>\n</pd_text>","MeetingCouncilAbbreviation":"S","MeetingDate":"20190919","MeetingVerbalixOid":3186,"IdSession":"5019","SpeakerFirstName":"Guy","SpeakerLastName":"Parmelin","SpeakerFullName":"Parmelin Guy","SpeakerFunction":"BR-M","CouncilId":99,"CouncilName":"Bundesrat","CantonId":22,"CantonName":"Waadt","CantonAbbreviation":"VD","ParlGroupName":null,"ParlGroupAbbreviation":null,"SortOrder":3,"Start":"\/Date(1568897778963)\/","End":"\/Date(1568897879967)\/","Function":"BR-M","DisplaySpeaker":true,"LanguageOfText":"FR","Modified":"\/Date(1592564813633)\/","StartTimeWithTimezone":"\/Date(1568897778963+0120)\/","EndTimeWithTimezone":"\/Date(1568897879967+0120)\/","VoteBusinessNumber":null,"VoteBusinessShortNumber":null,"VoteBusinessTitle":null},{"__metadata":{"id":"https://ws.parlament.ch/OData.svc/Transcript(ID=251974L,Language='DE')","uri":"https://ws.parlament.ch/OData.svc/Transcript(ID=251974L,Language='DE')","type":"itsystems.Pd.DataServices.DataModel.Transcript"},"Subjects":{"__deferred":{"uri":"https://ws.parlament.ch/OData.svc/Transcript(ID=251974L,Language='DE')/Subjects"}},"MembersCouncil":{"__deferred":{"uri":"https://ws.parlament.ch/OData.svc/Transcript(ID=251974L,Language='DE')/MembersCouncil"}},"Businesses":{"__deferred":{"uri":"https://ws.parlament.ch/OData.svc/Transcript(ID=251974L,Language='DE')/Businesses"}},"ID":"251974","Language":"DE","IdSubject":"47261","VoteId":null,"PersonNumber":3871,"Type":1,"Text":"<pd_text><p>Ich fasse mich kurz. Ihre Kommission hat heute Morgen getagt und beantragt Ihnen mit 11 zu 2 Stimmen, dem Nationalrat zu folgen. Es geht um die Frage, ob f\u00fcr die Exportf\u00f6rderung 90,5 Millionen oder 94 Millionen Franken zur Verf\u00fcgung stehen sollen. 90,5 Millionen entsprechen der Version des Nationalrates und des Bundesrates, 94 Millionen Franken sind die bisherige Version des St\u00e4nderates. [PAGE 819] </p>\n<p>Ihre Kommission ist bereit, dem Nationalrat zu folgen und die Differenz zu beseitigen, allerdings mit einem gewissen Unwohlsein und unter der Voraussetzung, dass folgende Bedingung k\u00fcnftig eingehalten wird: Die Kommission wurde informiert, dass der Bundesrat das letzte Mal 89 Millionen Franken vorgeschlagen hatte. Das Parlament sprach 94 Millionen Franken, also 5 Millionen Franken mehr. Trotzdem hat der Bundesrat in seiner Finanzplanung immer 89 Millionen Franken beibehalten, auch nachdem der Parlamentsbeschluss vorlag, dies unabh\u00e4ngig von sp\u00e4teren Sparrunden, f\u00fcr die nat\u00fcrlich das Parlament selber verantwortlich ist. Diese haben dann dazu gef\u00fchrt, dass weitere 4,5 Millionen Franken weniger ausgegeben wurden. Es geht der Kommission um den ersten Teil. Wir erwarten, wenn jetzt im Sinne des Nationalrates \"nur\" 90,4 Millionen Franken gesprochen werden, dass diese dann in der Folge auch durch den Bundesrat gesprochen werden und zur Verf\u00fcgung stehen und er nicht an den tieferen Betr\u00e4gen gem\u00e4ss anderen Antr\u00e4gen festh\u00e4lt, wie das vor vier Jahren geschehen ist.</p>\n<p>In diesem Sinne beantrage ich Ihnen, dem Nationalrat zu folgen.</p>\n</pd_text>","MeetingCouncilAbbreviation":"S","MeetingDate":"20190919","MeetingVerbalixOid":3186,"IdSession":"5019","SpeakerFirstName":"Pirmin","SpeakerLastName":"Bischof","SpeakerFullName":"Bischof Pirmin","SpeakerFunction":"Mit-M","CouncilId":2,"CouncilName":"St\u00e4nderat","CantonId":11,"CantonName":"Solothurn","CantonAbbreviation":"SO","ParlGroupName":"CVP-Fraktion","ParlGroupAbbreviation":"M-E","SortOrder":2,"Start":"\/Date(1568897645233)\/","End":"\/Date(1568897778963)\/","Function":"*","DisplaySpeaker":true,"LanguageOfText":"DE","Modified":"\/Date(1592564813633)\/","StartTimeWithTimezone":"\/Date(1568897645233+0120)\/","EndTimeWithTimezone":"\/Date(1568897778963+0120)\/","VoteBusinessNumber":null,"VoteBusinessShortNumber":null,"VoteBusinessTitle":null}]},"ID":"47261","Language":"DE","IdMeeting":"4243","VerbalixOid":601214,"SortOrder":13,"Modified":"\/Date(1592564813633)\/"}}