{"d":{"__metadata":{"id":"https://ws.parlament.ch/OData.svc/Subject(ID=47426L,Language='DE')","uri":"https://ws.parlament.ch/OData.svc/Subject(ID=47426L,Language='DE')","type":"itsystems.Pd.DataServices.DataModel.Subject"},"Meetings":{"__metadata":{"id":"https://ws.parlament.ch/OData.svc/Meeting(ID=4255L,Language='DE')","uri":"https://ws.parlament.ch/OData.svc/Meeting(ID=4255L,Language='DE')","type":"itsystems.Pd.DataServices.DataModel.Meeting"},"Sessions":{"__deferred":{"uri":"https://ws.parlament.ch/OData.svc/Meeting(ID=4255L,Language='DE')/Sessions"}},"Subjects":{"__deferred":{"uri":"https://ws.parlament.ch/OData.svc/Meeting(ID=4255L,Language='DE')/Subjects"}},"ID":"4255","Language":"DE","MeetingNumber":14,"IdSession":5019,"SessionNumber":19,"SessionName":"Herbstsession 2019","Council":2,"CouncilName":"St\u00e4nderat","CouncilAbbreviation":"SR","Date":"\/Date(1569456000000)\/","Begin":"1500","Modified":"\/Date(1571311842117)\/","LegislativePeriodNumber":50,"PublicationStatus":"final","MeetingOrderText":"Vierzehnte Sitzung","SortOrder":14,"Location":"S"},"SubjectsBusiness":{"results":[{"__metadata":{"id":"https://ws.parlament.ch/OData.svc/SubjectBusiness(BusinessNumber=20120414,IdSubject=47426L,Language='DE')","uri":"https://ws.parlament.ch/OData.svc/SubjectBusiness(BusinessNumber=20120414,IdSubject=47426L,Language='DE')","type":"itsystems.Pd.DataServices.DataModel.SubjectBusiness"},"Subjects":{"__deferred":{"uri":"https://ws.parlament.ch/OData.svc/SubjectBusiness(BusinessNumber=20120414,IdSubject=47426L,Language='DE')/Subjects"}},"Businesses":{"__deferred":{"uri":"https://ws.parlament.ch/OData.svc/SubjectBusiness(BusinessNumber=20120414,IdSubject=47426L,Language='DE')/Businesses"}},"IdSubject":"47426","BusinessNumber":20120414,"Language":"DE","BusinessShortNumber":"12.414","Title":"Herausl\u00f6sung der technischen Parameter aus dem BVG","SortOrder":1,"PublishedNotes":"Vorpr\u00fcfung - Examen pr\u00e9alable\n","Modified":"\/Date(1447069536610)\/","TitleDE":"Parlamentarische Initiative\nBortoluzzi Toni.\nHerausl\u00f6sung\nder technischen Parameter\naus dem BVG","TitleFR":"Initiative parlementaire\nBortoluzzi Toni.\nLes param\u00e8tres techniques\nn'ont pas leur place\ndans la LPP","TitleIT":null},{"__metadata":{"id":"https://ws.parlament.ch/OData.svc/SubjectBusiness(BusinessNumber=20163350,IdSubject=47426L,Language='DE')","uri":"https://ws.parlament.ch/OData.svc/SubjectBusiness(BusinessNumber=20163350,IdSubject=47426L,Language='DE')","type":"itsystems.Pd.DataServices.DataModel.SubjectBusiness"},"Subjects":{"__deferred":{"uri":"https://ws.parlament.ch/OData.svc/SubjectBusiness(BusinessNumber=20163350,IdSubject=47426L,Language='DE')/Subjects"}},"Businesses":{"__deferred":{"uri":"https://ws.parlament.ch/OData.svc/SubjectBusiness(BusinessNumber=20163350,IdSubject=47426L,Language='DE')/Businesses"}},"IdSubject":"47426","BusinessNumber":20163350,"Language":"DE","BusinessShortNumber":"16.3350","Title":"Entpolitisierung der technischen Parameter im BVG","SortOrder":2,"PublishedNotes":"Sistierung - Suspension\n","Modified":"\/Date(1467903220726)\/","TitleDE":"Motion SGK-NR.\nEntpolitisierung\nder technischen Parameter im BVG","TitleFR":"Motion CSSS-CN.\nD\u00e9politiser\nles param\u00e8tres techniques de la LPP","TitleIT":null}]},"Transcripts":{"results":[{"__metadata":{"id":"https://ws.parlament.ch/OData.svc/Transcript(ID=253336L,Language='DE')","uri":"https://ws.parlament.ch/OData.svc/Transcript(ID=253336L,Language='DE')","type":"itsystems.Pd.DataServices.DataModel.Transcript"},"Subjects":{"__deferred":{"uri":"https://ws.parlament.ch/OData.svc/Transcript(ID=253336L,Language='DE')/Subjects"}},"MembersCouncil":{"__deferred":{"uri":"https://ws.parlament.ch/OData.svc/Transcript(ID=253336L,Language='DE')/MembersCouncil"}},"Businesses":{"__deferred":{"uri":"https://ws.parlament.ch/OData.svc/Transcript(ID=253336L,Language='DE')/Businesses"}},"ID":"253336","Language":"DE","IdSubject":"47426","VoteId":null,"PersonNumber":3915,"Type":1,"Text":"<pd_text><p><b>Le pr\u00e9sident</b> (Fournier Jean-Ren\u00e9, pr\u00e9sident): Vous avez re\u00e7u deux rapports \u00e9crits de la commission. La commission propose, par 8 voix contre 0 et 1 abstention, de ne par donner suite \u00e0 l'initiative 12.414 et, \u00e0 l'unanimit\u00e9, de maintenir la suspension de l'examen de la motion 16.3350.</p>\n</pd_text>","MeetingCouncilAbbreviation":"S","MeetingDate":"20190926","MeetingVerbalixOid":3198,"IdSession":"5019","SpeakerFirstName":"Jean-Ren\u00e9","SpeakerLastName":"Fournier","SpeakerFullName":"Fournier Jean-Ren\u00e9","SpeakerFunction":"P-M","CouncilId":2,"CouncilName":"St\u00e4nderat","CantonId":23,"CantonName":"Wallis","CantonAbbreviation":"VS","ParlGroupName":"CVP-Fraktion","ParlGroupAbbreviation":"M-E","SortOrder":1,"Start":"\/Date(1569517290543)\/","End":"\/Date(1569517314317)\/","Function":"P-M","DisplaySpeaker":false,"LanguageOfText":null,"Modified":"\/Date(1686842458530)\/","StartTimeWithTimezone":"\/Date(1569517290543+0120)\/","EndTimeWithTimezone":"\/Date(1569517314317+0120)\/","VoteBusinessNumber":null,"VoteBusinessShortNumber":null,"VoteBusinessTitle":null},{"__metadata":{"id":"https://ws.parlament.ch/OData.svc/Transcript(ID=253337L,Language='DE')","uri":"https://ws.parlament.ch/OData.svc/Transcript(ID=253337L,Language='DE')","type":"itsystems.Pd.DataServices.DataModel.Transcript"},"Subjects":{"__deferred":{"uri":"https://ws.parlament.ch/OData.svc/Transcript(ID=253337L,Language='DE')/Subjects"}},"MembersCouncil":{"__deferred":{"uri":"https://ws.parlament.ch/OData.svc/Transcript(ID=253337L,Language='DE')/MembersCouncil"}},"Businesses":{"__deferred":{"uri":"https://ws.parlament.ch/OData.svc/Transcript(ID=253337L,Language='DE')/Businesses"}},"ID":"253337","Language":"DE","IdSubject":"47426","VoteId":null,"PersonNumber":3915,"Type":1,"Text":"<pd_text><p><b>Le pr\u00e9sident</b> (Fournier Jean-Ren\u00e9, pr\u00e9sident): Merci beaucoup, cher coll\u00e8gue Konrad Graber.[GZ]</p>\n<p>[VS]</p>\n<p>[VS]</p>\n<p><b>12.414</b> [GZ]</p>\n<p><i>Der Initiative wird keine Folge gegeben </i>[GZ]</p>\n<p><i>Il n'est pas donn\u00e9 suite \u00e0 l'initiative</i></p>\n<p>[VS]</p>\n<p>[VS]</p>\n<p><b>16.3350</b>[GZ]</p>\n<p><i>Die Behandlung des Gesch\u00e4ftes wird sistiert</i>[GZ]</p>\n<p><i>Le traitement de l'objet est suspendu </i></p>\n</pd_text>","MeetingCouncilAbbreviation":"S","MeetingDate":"20190926","MeetingVerbalixOid":3198,"IdSession":"5019","SpeakerFirstName":"Jean-Ren\u00e9","SpeakerLastName":"Fournier","SpeakerFullName":"Fournier Jean-Ren\u00e9","SpeakerFunction":"P-M","CouncilId":2,"CouncilName":"St\u00e4nderat","CantonId":23,"CantonName":"Wallis","CantonAbbreviation":"VS","ParlGroupName":"CVP-Fraktion","ParlGroupAbbreviation":"M-E","SortOrder":3,"Start":"\/Date(1569517521427)\/","End":"\/Date(1569517568720)\/","Function":"P-M","DisplaySpeaker":false,"LanguageOfText":null,"Modified":"\/Date(1686842458530)\/","StartTimeWithTimezone":"\/Date(1569517521427+0120)\/","EndTimeWithTimezone":"\/Date(1569517568720+0120)\/","VoteBusinessNumber":null,"VoteBusinessShortNumber":null,"VoteBusinessTitle":null},{"__metadata":{"id":"https://ws.parlament.ch/OData.svc/Transcript(ID=253540L,Language='DE')","uri":"https://ws.parlament.ch/OData.svc/Transcript(ID=253540L,Language='DE')","type":"itsystems.Pd.DataServices.DataModel.Transcript"},"Subjects":{"__deferred":{"uri":"https://ws.parlament.ch/OData.svc/Transcript(ID=253540L,Language='DE')/Subjects"}},"MembersCouncil":{"__deferred":{"uri":"https://ws.parlament.ch/OData.svc/Transcript(ID=253540L,Language='DE')/MembersCouncil"}},"Businesses":{"__deferred":{"uri":"https://ws.parlament.ch/OData.svc/Transcript(ID=253540L,Language='DE')/Businesses"}},"ID":"253540","Language":"DE","IdSubject":"47426","VoteId":null,"PersonNumber":3921,"Type":1,"Text":"<pd_text><p>Es geht hier in beiden Vorst\u00f6ssen um dasselbe: Die parlamentarische Initiative und die Motion verfolgen materiell das Ziel, die Regelung \u00fcber den Mindestumwandlungssatz und den Mindestzinssatz aus dem BVG herauszul\u00f6sen. Dazu gab es auch schon verschiedentlich Diskussionen. </p>\n<p>Der Umwandlungssatz ist eh politisch in Diskussion. Ich erinnere an zwei Volksabstimmungen, so an die Volksabstimmung, bei der damals der Umwandlungssatz von 6,8 auf 6,4 Prozent reduziert werden sollte - das wurde abgelehnt -, dann an die Volksabstimmung im Zusammenhang mit der Altersvorsorge 2020 von 6,8 Prozent auf 6 Prozent; auch in einem Gesamtpaket wurde diese Reduktion abgelehnt. Kalkulatorisch, wenn man das versicherungsmathematisch berechnen w\u00fcrde, w\u00e4re es wahrscheinlich so, dass sich der Umwandlungssatz unter 6 Prozent einpendeln w\u00fcrde.</p>\n<p>Ihre Kommission sah sich mit zwei Vorst\u00f6ssen mit dem gleichen Ziel konfrontiert, mit einer parlamentarischen Initiative und mit einer Motion. Wir sind generell in der Kommission jeweils der Auffassung, dass man nicht auf zwei Gleisen fahren sollte. Wir haben uns deshalb entschieden, der parlamentarischen Initiative Bortoluzzi keine Folge zu geben. Hingegen beantragen wir, die Motion 16.3350 unserer Schwesterkommission zu sistieren. Sie sollte sistiert werden, weil das Thema wieder auf den Tisch kommt. Es gab dazu bereits einmal einen Vorstoss unseres Kollegen Peter Hegglin, der [PAGE 989] wie in der vorliegenden Motion verlangte, dass man das System des Umwandlungssatzes aus der Gesetzgebung herausbricht und eine Anlehnung an die Lebenserwartung vornimmt.</p>\n<p>Da sieht die Kommission in den folgenden AHV- und BVG-Diskussionen eine erneute Gelegenheit zur Erw\u00e4gung dieses Vorschlages. In unserer Kommission wurde die Forderung gestellt, dass dies mit der Reform im Zusammenhang mit der anstehenden BVG-Revision, wo ein partnerschaftlicher Kompromiss auf dem Tisch liegt, der aber vom Gewerbeverband wiederum bek\u00e4mpft wird, in diesem Rahmen in voller Breite abgehandelt wird und man alle m\u00f6glichen Varianten mit ihren Vor- und Nachteilen skizzieren w\u00fcrde. Es wurde in der Kommission aber auch bereits eine gewisse Opposition angemeldet, was nicht erstaunt bei diesem politisch sehr umstrittenen Thema. </p>\n<p>Zusammengefasst beantrage ich Ihnen im Namen der Kommission, dass man der Initiative keine Folge gibt; die Kommission hat das mit 8 zu 0 Stimmen bei 1 Enthaltung beschlossen. Den Antrag, die Motion unserer Schwesterkommission zu sistieren, haben wir mit 9 Stimmen einstimmig beschlossen.</p>\n<p>Pour terminer, j'aimerais vous remercier de votre bonne coop\u00e9ration. Je vous souhaite une excellente sant\u00e9 et beaucoup de patience pour prendre vos d\u00e9cisions \u00e0 l'avenir.</p>\n</pd_text>","MeetingCouncilAbbreviation":"S","MeetingDate":"20190926","MeetingVerbalixOid":3198,"IdSession":"5019","SpeakerFirstName":"Konrad","SpeakerLastName":"Graber","SpeakerFullName":"Graber Konrad","SpeakerFunction":"Mit-M","CouncilId":2,"CouncilName":"St\u00e4nderat","CantonId":3,"CantonName":"Luzern","CantonAbbreviation":"LU","ParlGroupName":"CVP-Fraktion","ParlGroupAbbreviation":"M-E","SortOrder":2,"Start":"\/Date(1569517314317)\/","End":"\/Date(1569517521427)\/","Function":"*","DisplaySpeaker":true,"LanguageOfText":"DE","Modified":"\/Date(1686842458530)\/","StartTimeWithTimezone":"\/Date(1569517314317+0120)\/","EndTimeWithTimezone":"\/Date(1569517521427+0120)\/","VoteBusinessNumber":null,"VoteBusinessShortNumber":null,"VoteBusinessTitle":null}]},"ID":"47426","Language":"DE","IdMeeting":"4255","VerbalixOid":603665,"SortOrder":7,"Modified":"\/Date(1686842458530)\/"}}