{"d":{"__metadata":{"id":"https://ws.parlament.ch/OData.svc/Subject(ID=47434L,Language='DE')","uri":"https://ws.parlament.ch/OData.svc/Subject(ID=47434L,Language='DE')","type":"itsystems.Pd.DataServices.DataModel.Subject"},"Meetings":{"__metadata":{"id":"https://ws.parlament.ch/OData.svc/Meeting(ID=4255L,Language='DE')","uri":"https://ws.parlament.ch/OData.svc/Meeting(ID=4255L,Language='DE')","type":"itsystems.Pd.DataServices.DataModel.Meeting"},"Sessions":{"__deferred":{"uri":"https://ws.parlament.ch/OData.svc/Meeting(ID=4255L,Language='DE')/Sessions"}},"Subjects":{"__deferred":{"uri":"https://ws.parlament.ch/OData.svc/Meeting(ID=4255L,Language='DE')/Subjects"}},"ID":"4255","Language":"DE","MeetingNumber":14,"IdSession":5019,"SessionNumber":19,"SessionName":"Herbstsession 2019","Council":2,"CouncilName":"St\u00e4nderat","CouncilAbbreviation":"SR","Date":"\/Date(1569456000000)\/","Begin":"1500","Modified":"\/Date(1571311842117)\/","LegislativePeriodNumber":50,"PublicationStatus":"final","MeetingOrderText":"Vierzehnte Sitzung","SortOrder":14,"Location":"S"},"SubjectsBusiness":{"results":[{"__metadata":{"id":"https://ws.parlament.ch/OData.svc/SubjectBusiness(BusinessNumber=20192009,IdSubject=47434L,Language='DE')","uri":"https://ws.parlament.ch/OData.svc/SubjectBusiness(BusinessNumber=20192009,IdSubject=47434L,Language='DE')","type":"itsystems.Pd.DataServices.DataModel.SubjectBusiness"},"Subjects":{"__deferred":{"uri":"https://ws.parlament.ch/OData.svc/SubjectBusiness(BusinessNumber=20192009,IdSubject=47434L,Language='DE')/Subjects"}},"Businesses":{"__deferred":{"uri":"https://ws.parlament.ch/OData.svc/SubjectBusiness(BusinessNumber=20192009,IdSubject=47434L,Language='DE')/Businesses"}},"IdSubject":"47434","BusinessNumber":20192009,"Language":"DE","BusinessShortNumber":"19.2009","Title":"N\u00e4chte ohne Flugl\u00e4rm!","SortOrder":1,"PublishedNotes":null,"Modified":"\/Date(1576703695893)\/","TitleDE":"Petition Klug - Koalition\nLuftverkehr, Umwelt und Gesundheit.\nN\u00e4chte ohne Flugl\u00e4rm!","TitleFR":"P\u00e9tition Cesar - Coalition\nenvironnement et sant\u00e9\npour un transport a\u00e9rien responsable.\nDes nuits sans bruit d'avions!","TitleIT":null}]},"Transcripts":{"results":[{"__metadata":{"id":"https://ws.parlament.ch/OData.svc/Transcript(ID=253359L,Language='DE')","uri":"https://ws.parlament.ch/OData.svc/Transcript(ID=253359L,Language='DE')","type":"itsystems.Pd.DataServices.DataModel.Transcript"},"Subjects":{"__deferred":{"uri":"https://ws.parlament.ch/OData.svc/Transcript(ID=253359L,Language='DE')/Subjects"}},"MembersCouncil":{"__deferred":{"uri":"https://ws.parlament.ch/OData.svc/Transcript(ID=253359L,Language='DE')/MembersCouncil"}},"Businesses":{"__deferred":{"uri":"https://ws.parlament.ch/OData.svc/Transcript(ID=253359L,Language='DE')/Businesses"}},"ID":"253359","Language":"DE","IdSubject":"47434","VoteId":null,"PersonNumber":3915,"Type":1,"Text":"<pd_text><p><b>Le pr\u00e9sident</b> (Fournier Jean-Ren\u00e9, pr\u00e9sident): Vous avez re\u00e7u un rapport \u00e9crit de la commission. La commission propose, sans opposition, de ne pas donner suite \u00e0 la p\u00e9tition.</p>\n</pd_text>","MeetingCouncilAbbreviation":"S","MeetingDate":"20190926","MeetingVerbalixOid":3198,"IdSession":"5019","SpeakerFirstName":"Jean-Ren\u00e9","SpeakerLastName":"Fournier","SpeakerFullName":"Fournier Jean-Ren\u00e9","SpeakerFunction":"P-M","CouncilId":2,"CouncilName":"St\u00e4nderat","CantonId":23,"CantonName":"Wallis","CantonAbbreviation":"VS","ParlGroupName":"CVP-Fraktion","ParlGroupAbbreviation":"M-E","SortOrder":1,"Start":"\/Date(1569517714083)\/","End":"\/Date(1569517735643)\/","Function":"P-M","DisplaySpeaker":false,"LanguageOfText":null,"Modified":"\/Date(1686842458547)\/","StartTimeWithTimezone":"\/Date(1569517714083+0120)\/","EndTimeWithTimezone":"\/Date(1569517735643+0120)\/","VoteBusinessNumber":null,"VoteBusinessShortNumber":null,"VoteBusinessTitle":null},{"__metadata":{"id":"https://ws.parlament.ch/OData.svc/Transcript(ID=253360L,Language='DE')","uri":"https://ws.parlament.ch/OData.svc/Transcript(ID=253360L,Language='DE')","type":"itsystems.Pd.DataServices.DataModel.Transcript"},"Subjects":{"__deferred":{"uri":"https://ws.parlament.ch/OData.svc/Transcript(ID=253360L,Language='DE')/Subjects"}},"MembersCouncil":{"__deferred":{"uri":"https://ws.parlament.ch/OData.svc/Transcript(ID=253360L,Language='DE')/MembersCouncil"}},"Businesses":{"__deferred":{"uri":"https://ws.parlament.ch/OData.svc/Transcript(ID=253360L,Language='DE')/Businesses"}},"ID":"253360","Language":"DE","IdSubject":"47434","VoteId":null,"PersonNumber":3915,"Type":1,"Text":"<pd_text><p><b>Le pr\u00e9sident</b> (Fournier Jean-Ren\u00e9, pr\u00e9sident): Merci, cher coll\u00e8gue Janiak.[GZ]</p>\n<p>[VS][GZ]</p>\n<p><i>Der Petition wird keine Folge gegeben </i>[GZ]</p>\n<p><i>Il n'est pas donn\u00e9 suite \u00e0 la p\u00e9tition</i></p>\n</pd_text>","MeetingCouncilAbbreviation":"S","MeetingDate":"20190926","MeetingVerbalixOid":3198,"IdSession":"5019","SpeakerFirstName":"Jean-Ren\u00e9","SpeakerLastName":"Fournier","SpeakerFullName":"Fournier Jean-Ren\u00e9","SpeakerFunction":"P-M","CouncilId":2,"CouncilName":"St\u00e4nderat","CantonId":23,"CantonName":"Wallis","CantonAbbreviation":"VS","ParlGroupName":"CVP-Fraktion","ParlGroupAbbreviation":"M-E","SortOrder":3,"Start":"\/Date(1569517757707)\/","End":"\/Date(1569517763387)\/","Function":"P-M","DisplaySpeaker":false,"LanguageOfText":null,"Modified":"\/Date(1686842458547)\/","StartTimeWithTimezone":"\/Date(1569517757707+0120)\/","EndTimeWithTimezone":"\/Date(1569517763387+0120)\/","VoteBusinessNumber":null,"VoteBusinessShortNumber":null,"VoteBusinessTitle":null},{"__metadata":{"id":"https://ws.parlament.ch/OData.svc/Transcript(ID=253509L,Language='DE')","uri":"https://ws.parlament.ch/OData.svc/Transcript(ID=253509L,Language='DE')","type":"itsystems.Pd.DataServices.DataModel.Transcript"},"Subjects":{"__deferred":{"uri":"https://ws.parlament.ch/OData.svc/Transcript(ID=253509L,Language='DE')/Subjects"}},"MembersCouncil":{"__deferred":{"uri":"https://ws.parlament.ch/OData.svc/Transcript(ID=253509L,Language='DE')/MembersCouncil"}},"Businesses":{"__deferred":{"uri":"https://ws.parlament.ch/OData.svc/Transcript(ID=253509L,Language='DE')/Businesses"}},"ID":"253509","Language":"DE","IdSubject":"47434","VoteId":null,"PersonNumber":477,"Type":1,"Text":"<pd_text><p>Nachdem Herr Noser es mir heute Vormittag mit seinem Ordnungsantrag zum Gesch\u00e4ft 16.077 verunm\u00f6glicht hat, mich ein letztes Mal inhaltlich im Rat zu \u00e4ussern, ergreife ich jetzt das Wort. Ich danke Ihnen f\u00fcr die Zusammenarbeit, und ich hoffe, dass ich in den letzten Jahren nicht zu viele von Ihnen ge\u00e4rgert habe. Ich habe mich immer sehr gefreut, mit Ihnen zusammenzuarbeiten. Vielen Dank. </p>\n</pd_text>","MeetingCouncilAbbreviation":"S","MeetingDate":"20190926","MeetingVerbalixOid":3198,"IdSession":"5019","SpeakerFirstName":"Claude","SpeakerLastName":"Janiak","SpeakerFullName":"Janiak Claude","SpeakerFunction":"Mit-M","CouncilId":2,"CouncilName":"St\u00e4nderat","CantonId":13,"CantonName":"Basel-Landschaft","CantonAbbreviation":"BL","ParlGroupName":"Sozialdemokratische Fraktion","ParlGroupAbbreviation":"S","SortOrder":2,"Start":"\/Date(1569517735643)\/","End":"\/Date(1569517757707)\/","Function":"*","DisplaySpeaker":true,"LanguageOfText":"DE","Modified":"\/Date(1686842458547)\/","StartTimeWithTimezone":"\/Date(1569517735643+0120)\/","EndTimeWithTimezone":"\/Date(1569517757707+0120)\/","VoteBusinessNumber":null,"VoteBusinessShortNumber":null,"VoteBusinessTitle":null}]},"ID":"47434","Language":"DE","IdMeeting":"4255","VerbalixOid":603705,"SortOrder":15,"Modified":"\/Date(1686842458547)\/"}}