{"d":{"__metadata":{"id":"https://ws.parlament.ch/OData.svc/Subject(ID=4779L,Language='DE')","uri":"https://ws.parlament.ch/OData.svc/Subject(ID=4779L,Language='DE')","type":"itsystems.Pd.DataServices.DataModel.Subject"},"Meetings":{"__metadata":{"id":"https://ws.parlament.ch/OData.svc/Meeting(ID=336L,Language='DE')","uri":"https://ws.parlament.ch/OData.svc/Meeting(ID=336L,Language='DE')","type":"itsystems.Pd.DataServices.DataModel.Meeting"},"Sessions":{"__deferred":{"uri":"https://ws.parlament.ch/OData.svc/Meeting(ID=336L,Language='DE')/Sessions"}},"Subjects":{"__deferred":{"uri":"https://ws.parlament.ch/OData.svc/Meeting(ID=336L,Language='DE')/Subjects"}},"ID":"336","Language":"DE","MeetingNumber":17,"IdSession":4615,"SessionNumber":15,"SessionName":"Herbstsession 2002","Council":1,"CouncilName":"Nationalrat","CouncilAbbreviation":"NR","Date":"\/Date(1033689600000)\/","Begin":"0800","Modified":"\/Date(1447069812273)\/","LegislativePeriodNumber":46,"PublicationStatus":"final","MeetingOrderText":"Siebzehnte Sitzung","SortOrder":17,"Location":"N"},"SubjectsBusiness":{"results":[{"__metadata":{"id":"https://ws.parlament.ch/OData.svc/SubjectBusiness(BusinessNumber=20010065,IdSubject=4779L,Language='DE')","uri":"https://ws.parlament.ch/OData.svc/SubjectBusiness(BusinessNumber=20010065,IdSubject=4779L,Language='DE')","type":"itsystems.Pd.DataServices.DataModel.SubjectBusiness"},"Subjects":{"__deferred":{"uri":"https://ws.parlament.ch/OData.svc/SubjectBusiness(BusinessNumber=20010065,IdSubject=4779L,Language='DE')/Subjects"}},"Businesses":{"__deferred":{"uri":"https://ws.parlament.ch/OData.svc/SubjectBusiness(BusinessNumber=20010065,IdSubject=4779L,Language='DE')/Businesses"}},"IdSubject":"4779","BusinessNumber":20010065,"Language":"DE","BusinessShortNumber":"01.065","Title":"Armeereform XXI und Revision Milit\u00e4rgesetzgebung","SortOrder":1,"PublishedNotes":"Schlussabstimmung - Vote final\n","Modified":"\/Date(1447069144800)\/","TitleDE":"Armeereform XXI\nund Revision\nder Milit\u00e4rgesetzgebung","TitleFR":"R\u00e9forme Arm\u00e9e XXI\net r\u00e9vision\nde la l\u00e9gislation militaire","TitleIT":null}]},"Transcripts":{"results":[{"__metadata":{"id":"https://ws.parlament.ch/OData.svc/Transcript(ID=26427L,Language='DE')","uri":"https://ws.parlament.ch/OData.svc/Transcript(ID=26427L,Language='DE')","type":"itsystems.Pd.DataServices.DataModel.Transcript"},"Subjects":{"__deferred":{"uri":"https://ws.parlament.ch/OData.svc/Transcript(ID=26427L,Language='DE')/Subjects"}},"MembersCouncil":{"__deferred":{"uri":"https://ws.parlament.ch/OData.svc/Transcript(ID=26427L,Language='DE')/MembersCouncil"}},"Businesses":{"__deferred":{"uri":"https://ws.parlament.ch/OData.svc/Transcript(ID=26427L,Language='DE')/Businesses"}},"ID":"26427","Language":"DE","IdSubject":"4779","VoteId":"2891","PersonNumber":null,"Type":2,"Text":"<pd_text><p><i>Abstimmung - Vote </i></p>\n<p>[NAM]</p>\n<p>F\u00fcr Annahme des Entwurfes .... 125 Stimmen</p>\n<p>Dagegen .... 35 Stimmen</p>\n</pd_text>","MeetingCouncilAbbreviation":"N","MeetingDate":"20021004","MeetingVerbalixOid":973,"IdSession":"4615","SpeakerFirstName":null,"SpeakerLastName":null,"SpeakerFullName":"","SpeakerFunction":null,"CouncilId":null,"CouncilName":null,"CantonId":null,"CantonName":null,"CantonAbbreviation":null,"ParlGroupName":null,"ParlGroupAbbreviation":null,"SortOrder":13,"Start":null,"End":null,"Function":null,"DisplaySpeaker":null,"LanguageOfText":"DE","Modified":"\/Date(1774878174986)\/","StartTimeWithTimezone":null,"EndTimeWithTimezone":null,"VoteBusinessNumber":20010065,"VoteBusinessShortNumber":"01.065","VoteBusinessTitle":"Armeereform XXI\nund Revision\nder Milit\u00e4rgesetzgebung"},{"__metadata":{"id":"https://ws.parlament.ch/OData.svc/Transcript(ID=26428L,Language='DE')","uri":"https://ws.parlament.ch/OData.svc/Transcript(ID=26428L,Language='DE')","type":"itsystems.Pd.DataServices.DataModel.Transcript"},"Subjects":{"__deferred":{"uri":"https://ws.parlament.ch/OData.svc/Transcript(ID=26428L,Language='DE')/Subjects"}},"MembersCouncil":{"__deferred":{"uri":"https://ws.parlament.ch/OData.svc/Transcript(ID=26428L,Language='DE')/MembersCouncil"}},"Businesses":{"__deferred":{"uri":"https://ws.parlament.ch/OData.svc/Transcript(ID=26428L,Language='DE')/Businesses"}},"ID":"26428","Language":"DE","IdSubject":"4779","VoteId":null,"PersonNumber":352,"Type":1,"Text":"<pd_text><p>Im Namen der SVP-Fraktion stelle ich fest, dass dieses Gesetz kein gutes Gesetz ist - davon sind wir nach wie vor \u00fcberzeugt -, dass damit kein gen\u00fcgendes Fundament f\u00fcr eine solide, eigenst\u00e4ndige Landesverteidigung geschaffen wird. Es beruht zumindest zum Teil auf Fiktionen, die gar nie Wirklichkeit werden. Das ist schon jetzt absehbar. Es gibt ein starkes Argument f\u00fcr dieses Gesetz, n\u00e4mlich die Tatsache, dass die \"Armee 95\" sp\u00e4testens im Jahr 2004 nicht mehr operabel ist, und das f\u00fchrt dazu - das wissen wir -, dass wir diesen sauren Brocken jetzt schlucken m\u00fcssen.</p>\n<p>Wir stellen dazu aber Folgendes fest: Zustande gekommen ist dieses Gesetz durch ein erstaunliches neues Dream-Team aus  Armeeplanern und aus solchen, die w\u00e4hrend Jahren die Armee halbieren oder abschaffen wollten und heute die Mehrheit f\u00fcr dieses Gesetz beschaffen werden. Das sind nicht alle, aber sie haben hier eine entscheidende Rolle gespielt. Sie betrachten dieses Gesetz offenbar als einen Etappensieg, als eine M\u00f6glichkeit, via Berufsarmee auf dem Weg der Armeeabschaffung weiterzukommen. Das nehmen wir zur Kenntnis. </p>\n<p>Wir nehmen aber auch zur Kenntnis, dass dieses Gesetz umgesetzt werden muss, und daf\u00fcr wird der Bund Geld ben\u00f6tigen. Wenn es um diese Kredite geht, dann wird dieses Dream-Team zusammenbrechen, und der Bundesrat wird feststellen, dass er auf diejenigen, die jetzt mit diesem Gesetz M\u00fche haben, angewiesen ist, wenn er f\u00fcr seine Kredite eine Mehrheit bekommen will. Das wird f\u00fcr die Reparaturarbeit an dieser \"Armee XXI\", die sofort beginnen wird, von entscheidender Bedeutung sein. Dort werden wir darauf einwirken, dass die Reparaturen in unserem Sinne Schritt f\u00fcr Schritt erfolgen.</p>\n</pd_text>","MeetingCouncilAbbreviation":"N","MeetingDate":"20021004","MeetingVerbalixOid":973,"IdSession":"4615","SpeakerFirstName":"Ulrich","SpeakerLastName":"Schl\u00fcer","SpeakerFullName":"Schl\u00fcer Ulrich","SpeakerFunction":"","CouncilId":1,"CouncilName":"Nationalrat","CantonId":1,"CantonName":"Z\u00fcrich","CantonAbbreviation":"ZH","ParlGroupName":"Fraktion der Schweizerischen Volkspartei","ParlGroupAbbreviation":"V","SortOrder":1,"Start":"\/Date(1033723484850)\/","End":"\/Date(1033723650709)\/","Function":"","DisplaySpeaker":true,"LanguageOfText":"DE","Modified":"\/Date(1774878174951)\/","StartTimeWithTimezone":"\/Date(1033723484850+0120)\/","EndTimeWithTimezone":"\/Date(1033723650710+0120)\/","VoteBusinessNumber":null,"VoteBusinessShortNumber":null,"VoteBusinessTitle":null},{"__metadata":{"id":"https://ws.parlament.ch/OData.svc/Transcript(ID=26429L,Language='DE')","uri":"https://ws.parlament.ch/OData.svc/Transcript(ID=26429L,Language='DE')","type":"itsystems.Pd.DataServices.DataModel.Transcript"},"Subjects":{"__deferred":{"uri":"https://ws.parlament.ch/OData.svc/Transcript(ID=26429L,Language='DE')/Subjects"}},"MembersCouncil":{"__deferred":{"uri":"https://ws.parlament.ch/OData.svc/Transcript(ID=26429L,Language='DE')/MembersCouncil"}},"Businesses":{"__deferred":{"uri":"https://ws.parlament.ch/OData.svc/Transcript(ID=26429L,Language='DE')/Businesses"}},"ID":"26429","Language":"DE","IdSubject":"4779","VoteId":null,"PersonNumber":101,"Type":1,"Text":"<pd_text><p>Dass mir ausgerechnet die Armee einen Auftritt als Teil eines Dream-Teams erlaubt, h\u00e4tte ich eigentlich nicht erwartet. Wir haben als SP-Fraktion R\u00fcckweisung zum Armeeleitbild beantragt und diese R\u00fcckweisung damit begr\u00fcndet, dass das Gesamtkonzept \"Armee XXI\" nicht auf einem risikobasierten Auftrag beruht, nach [PAGE 1707] wie vor von der Wahrscheinlichkeit eines grossen Krieges und eines Landesverteidigungsauftrages an die Schweizer Armee ausgeht und diesen Landesverteidigungsauftrag ins Zentrum r\u00fcckt. Wir erachten dies nicht nur als nicht zukunftstr\u00e4chtig, sondern auch als einen bereits f\u00fcr die heutige Situation untauglichen Auftrag an die Armee.</p>\n<p>Wir haben im Verlauf der Detailberatung in den wesentlichen Punkten die Mehrheiten unterst\u00fctzt und wurden damit, wie Herr Schl\u00fcer richtig gesagt hat, zur Mehrheitsbeschafferin in den Einzelfragen. Wir haben dies getan, weil \"Armee XXI\" ein Schritt in die richtige Richtung ist. F\u00fcr uns ist dieser Schritt in die richtige Richtung aber nicht der ausreichende Schritt. Wir h\u00e4tten uns gew\u00fcnscht, dass diese \"Armee XXI\" einen weiteren Schritt in Richtung Solidarit\u00e4t der Schweiz mit einem System der kollektiven Sicherheit unter der Herrschaft der Uno und der OECD tut. Dieser Schritt ist f\u00fcr uns also nicht gen\u00fcgend, und wir gehen deshalb davon aus, dass \"Armee XXI\" nicht von langer Lebensdauer sein wird. Sie werden in den n\u00e4chsten Jahren nicht darum herum kommen, sich die Frage der Miliztauglichkeit und der Milizsinnhaftigkeit der Schweizer Armee zu stellen.</p>\n<p>Die SP-Fraktion stimmt deshalb hier in dieser Schlussabstimmung teilweise zu und enth\u00e4lt sich teilweise der Stimme.</p>\n</pd_text>","MeetingCouncilAbbreviation":"N","MeetingDate":"20021004","MeetingVerbalixOid":973,"IdSession":"4615","SpeakerFirstName":"Barbara","SpeakerLastName":"Haering","SpeakerFullName":"Haering Barbara","SpeakerFunction":"","CouncilId":1,"CouncilName":"Nationalrat","CantonId":1,"CantonName":"Z\u00fcrich","CantonAbbreviation":"ZH","ParlGroupName":"Sozialdemokratische Fraktion","ParlGroupAbbreviation":"S","SortOrder":2,"Start":"\/Date(1033723650709)\/","End":"\/Date(1033723789881)\/","Function":"","DisplaySpeaker":true,"LanguageOfText":"DE","Modified":"\/Date(1774878174954)\/","StartTimeWithTimezone":"\/Date(1033723650710+0120)\/","EndTimeWithTimezone":"\/Date(1033723789880+0120)\/","VoteBusinessNumber":null,"VoteBusinessShortNumber":null,"VoteBusinessTitle":null},{"__metadata":{"id":"https://ws.parlament.ch/OData.svc/Transcript(ID=26430L,Language='DE')","uri":"https://ws.parlament.ch/OData.svc/Transcript(ID=26430L,Language='DE')","type":"itsystems.Pd.DataServices.DataModel.Transcript"},"Subjects":{"__deferred":{"uri":"https://ws.parlament.ch/OData.svc/Transcript(ID=26430L,Language='DE')/Subjects"}},"MembersCouncil":{"__deferred":{"uri":"https://ws.parlament.ch/OData.svc/Transcript(ID=26430L,Language='DE')/MembersCouncil"}},"Businesses":{"__deferred":{"uri":"https://ws.parlament.ch/OData.svc/Transcript(ID=26430L,Language='DE')/Businesses"}},"ID":"26430","Language":"DE","IdSubject":"4779","VoteId":null,"PersonNumber":457,"Type":1,"Text":"<pd_text><p>Lors du d\u00e9bat d'entr\u00e9e en mati\u00e8re, et \u00e0 la lecture des diff\u00e9rents rapports du Conseil f\u00e9d\u00e9ral, on a pu dire que nous \u00e9tions d'accord sur l'analyse des risques et la qualification des dangers qui menacent la population. Les risques sont essentiellement \u00e0 caract\u00e8re civil. Avec \"Arm\u00e9e XXI\", la priorit\u00e9 est de donner une r\u00e9ponse \u00e0 caract\u00e8re essentiellement militaire.</p>\n<p>Nous pensons que sur le fond, on se trompe au niveau de la strat\u00e9gie, on se trompe au niveau des priorit\u00e9s d'investissements; c'est la raison pour laquelle le groupe \u00e9cologiste refusera la loi qui nous est propos\u00e9e.</p>\n</pd_text>","MeetingCouncilAbbreviation":"N","MeetingDate":"20021004","MeetingVerbalixOid":973,"IdSession":"4615","SpeakerFirstName":"Fernand","SpeakerLastName":"Cuche","SpeakerFullName":"Cuche Fernand","SpeakerFunction":"","CouncilId":1,"CouncilName":"Nationalrat","CantonId":24,"CantonName":"Neuenburg","CantonAbbreviation":"NE","ParlGroupName":"Gr\u00fcne Fraktion","ParlGroupAbbreviation":"G","SortOrder":3,"Start":"\/Date(1033723789881)\/","End":"\/Date(1033723838115)\/","Function":"","DisplaySpeaker":true,"LanguageOfText":"FR","Modified":"\/Date(1774878174957)\/","StartTimeWithTimezone":"\/Date(1033723789880+0120)\/","EndTimeWithTimezone":"\/Date(1033723838117+0120)\/","VoteBusinessNumber":null,"VoteBusinessShortNumber":null,"VoteBusinessTitle":null},{"__metadata":{"id":"https://ws.parlament.ch/OData.svc/Transcript(ID=26431L,Language='DE')","uri":"https://ws.parlament.ch/OData.svc/Transcript(ID=26431L,Language='DE')","type":"itsystems.Pd.DataServices.DataModel.Transcript"},"Subjects":{"__deferred":{"uri":"https://ws.parlament.ch/OData.svc/Transcript(ID=26431L,Language='DE')/Subjects"}},"MembersCouncil":{"__deferred":{"uri":"https://ws.parlament.ch/OData.svc/Transcript(ID=26431L,Language='DE')/MembersCouncil"}},"Businesses":{"__deferred":{"uri":"https://ws.parlament.ch/OData.svc/Transcript(ID=26431L,Language='DE')/Businesses"}},"ID":"26431","Language":"DE","IdSubject":"4779","VoteId":null,"PersonNumber":318,"Type":1,"Text":"<pd_text><p>Die FDP-Fraktion hat diesen Prozess mitgestaltet und daran mitgearbeitet. Es war ein langwieriger Prozess. Auch wenn wir sehen, dass die L\u00f6sung gut ist, sind gewisse M\u00e4ngel aus dem Kompromiss vorhanden - M\u00e4ngel aber, die man nach dem n\u00e4chsten Bericht des Bundesrates bei einer kommenden Diskussion beheben kann. </p>\n<p>Deshalb unterst\u00fctzen wir das Milit\u00e4rgesetz ganz klar, und wir bitten Sie, dieser Milit\u00e4rgesetzrevision, wie sie jetzt vorliegt und wie sie in die richtige Richtung, in die richtige Zukunft der \"Armee XXI\", weist, anzunehmen.</p>\n</pd_text>","MeetingCouncilAbbreviation":"N","MeetingDate":"20021004","MeetingVerbalixOid":973,"IdSession":"4615","SpeakerFirstName":"Eduard","SpeakerLastName":"Engelberger","SpeakerFullName":"Engelberger Eduard","SpeakerFunction":"","CouncilId":1,"CouncilName":"Nationalrat","CantonId":7,"CantonName":"Nidwalden","CantonAbbreviation":"NW","ParlGroupName":"Freisinnig-demokratische Fraktion","ParlGroupAbbreviation":"RL","SortOrder":4,"Start":"\/Date(1033723838115)\/","End":"\/Date(1033723897678)\/","Function":"","DisplaySpeaker":true,"LanguageOfText":"DE","Modified":"\/Date(1774878174959)\/","StartTimeWithTimezone":"\/Date(1033723838117+0120)\/","EndTimeWithTimezone":"\/Date(1033723897677+0120)\/","VoteBusinessNumber":null,"VoteBusinessShortNumber":null,"VoteBusinessTitle":null},{"__metadata":{"id":"https://ws.parlament.ch/OData.svc/Transcript(ID=26432L,Language='DE')","uri":"https://ws.parlament.ch/OData.svc/Transcript(ID=26432L,Language='DE')","type":"itsystems.Pd.DataServices.DataModel.Transcript"},"Subjects":{"__deferred":{"uri":"https://ws.parlament.ch/OData.svc/Transcript(ID=26432L,Language='DE')/Subjects"}},"MembersCouncil":{"__deferred":{"uri":"https://ws.parlament.ch/OData.svc/Transcript(ID=26432L,Language='DE')/MembersCouncil"}},"Businesses":{"__deferred":{"uri":"https://ws.parlament.ch/OData.svc/Transcript(ID=26432L,Language='DE')/Businesses"}},"ID":"26432","Language":"DE","IdSubject":"4779","VoteId":null,"PersonNumber":315,"Type":1,"Text":"<pd_text><p>Die CVP-Fraktion wird der Armeereform zustimmen. Wir haben bereits dem Armeeleitbild zugestimmt. Wir sind der Meinung, dass diese Armeereform in die richtige Richtung geht, sie gibt eine glaubw\u00fcrdige Antwort auf die neuen sicherheitspolitischen Risiken. Die Armee ist so, wie sie jetzt aufgegleist ist, die richtige Antwort auch im Hinblick auf die weitere Entwicklung. Deshalb wird die CVP-Fraktion zustimmen.</p>\n</pd_text>","MeetingCouncilAbbreviation":"N","MeetingDate":"20021004","MeetingVerbalixOid":973,"IdSession":"4615","SpeakerFirstName":"Toni","SpeakerLastName":"Eberhard","SpeakerFullName":"Eberhard Toni","SpeakerFunction":"","CouncilId":1,"CouncilName":"Nationalrat","CantonId":5,"CantonName":"Schwyz","CantonAbbreviation":"SZ","ParlGroupName":"Christlichdemokratische Fraktion","ParlGroupAbbreviation":"M-E","SortOrder":5,"Start":"\/Date(1033723897678)\/","End":"\/Date(1033723935818)\/","Function":"","DisplaySpeaker":true,"LanguageOfText":"DE","Modified":"\/Date(1774878174962)\/","StartTimeWithTimezone":"\/Date(1033723897677+0120)\/","EndTimeWithTimezone":"\/Date(1033723935817+0120)\/","VoteBusinessNumber":null,"VoteBusinessShortNumber":null,"VoteBusinessTitle":null},{"__metadata":{"id":"https://ws.parlament.ch/OData.svc/Transcript(ID=26433L,Language='DE')","uri":"https://ws.parlament.ch/OData.svc/Transcript(ID=26433L,Language='DE')","type":"itsystems.Pd.DataServices.DataModel.Transcript"},"Subjects":{"__deferred":{"uri":"https://ws.parlament.ch/OData.svc/Transcript(ID=26433L,Language='DE')/Subjects"}},"MembersCouncil":{"__deferred":{"uri":"https://ws.parlament.ch/OData.svc/Transcript(ID=26433L,Language='DE')/MembersCouncil"}},"Businesses":{"__deferred":{"uri":"https://ws.parlament.ch/OData.svc/Transcript(ID=26433L,Language='DE')/Businesses"}},"ID":"26433","Language":"DE","IdSubject":"4779","VoteId":null,"PersonNumber":341,"Type":1,"Text":"<pd_text><p><b>1. Bundesgesetz \u00fcber die Armee und die Milit\u00e4rverwaltung (Armee XXI) </b></p>\n<p><b>1. Loi f\u00e9d\u00e9rale sur l'arm\u00e9e et l'administration militaire (Arm\u00e9e XXI) </b></p>\n</pd_text>","MeetingCouncilAbbreviation":"N","MeetingDate":"20021004","MeetingVerbalixOid":973,"IdSession":"4615","SpeakerFirstName":"Liliane","SpeakerLastName":"Maury Pasquier","SpeakerFullName":"Maury Pasquier Liliane","SpeakerFunction":"P-F","CouncilId":1,"CouncilName":"Nationalrat","CantonId":25,"CantonName":"Genf","CantonAbbreviation":"GE","ParlGroupName":"Sozialdemokratische Fraktion","ParlGroupAbbreviation":"S","SortOrder":6,"Start":"\/Date(1033723935818)\/","End":"\/Date(1033724101280)\/","Function":"","DisplaySpeaker":false,"LanguageOfText":null,"Modified":"\/Date(1774878174965)\/","StartTimeWithTimezone":"\/Date(1033723935817+0120)\/","EndTimeWithTimezone":"\/Date(1033724101280+0120)\/","VoteBusinessNumber":null,"VoteBusinessShortNumber":null,"VoteBusinessTitle":null},{"__metadata":{"id":"https://ws.parlament.ch/OData.svc/Transcript(ID=26434L,Language='DE')","uri":"https://ws.parlament.ch/OData.svc/Transcript(ID=26434L,Language='DE')","type":"itsystems.Pd.DataServices.DataModel.Transcript"},"Subjects":{"__deferred":{"uri":"https://ws.parlament.ch/OData.svc/Transcript(ID=26434L,Language='DE')/Subjects"}},"MembersCouncil":{"__deferred":{"uri":"https://ws.parlament.ch/OData.svc/Transcript(ID=26434L,Language='DE')/MembersCouncil"}},"Businesses":{"__deferred":{"uri":"https://ws.parlament.ch/OData.svc/Transcript(ID=26434L,Language='DE')/Businesses"}},"ID":"26434","Language":"DE","IdSubject":"4779","VoteId":"2888","PersonNumber":null,"Type":2,"Text":"<pd_text><p><i>Abstimmung - Vote </i></p>\n<p>[NAM]</p>\n<p>F\u00fcr Annahme des Entwurfes .... 112 Stimmen</p>\n<p>Dagegen .... 37 Stimmen</p>\n</pd_text>","MeetingCouncilAbbreviation":"N","MeetingDate":"20021004","MeetingVerbalixOid":973,"IdSession":"4615","SpeakerFirstName":null,"SpeakerLastName":null,"SpeakerFullName":"","SpeakerFunction":null,"CouncilId":null,"CouncilName":null,"CantonId":null,"CantonName":null,"CantonAbbreviation":null,"ParlGroupName":null,"ParlGroupAbbreviation":null,"SortOrder":7,"Start":"\/Date(1033724101280)\/","End":"\/Date(1033724101280)\/","Function":null,"DisplaySpeaker":null,"LanguageOfText":"DE","Modified":"\/Date(1774878174968)\/","StartTimeWithTimezone":"\/Date(1033724101280+0120)\/","EndTimeWithTimezone":"\/Date(1033724101280+0120)\/","VoteBusinessNumber":20010065,"VoteBusinessShortNumber":"01.065","VoteBusinessTitle":"Armeereform XXI\nund Revision\nder Milit\u00e4rgesetzgebung"},{"__metadata":{"id":"https://ws.parlament.ch/OData.svc/Transcript(ID=26435L,Language='DE')","uri":"https://ws.parlament.ch/OData.svc/Transcript(ID=26435L,Language='DE')","type":"itsystems.Pd.DataServices.DataModel.Transcript"},"Subjects":{"__deferred":{"uri":"https://ws.parlament.ch/OData.svc/Transcript(ID=26435L,Language='DE')/Subjects"}},"MembersCouncil":{"__deferred":{"uri":"https://ws.parlament.ch/OData.svc/Transcript(ID=26435L,Language='DE')/MembersCouncil"}},"Businesses":{"__deferred":{"uri":"https://ws.parlament.ch/OData.svc/Transcript(ID=26435L,Language='DE')/Businesses"}},"ID":"26435","Language":"DE","IdSubject":"4779","VoteId":null,"PersonNumber":null,"Type":3,"Text":"<pd_text><p><b>2. Bundesbeschluss \u00fcber die Verwaltung der Armee </b></p>\n<p><b>2. Arr\u00eat\u00e9 f\u00e9d\u00e9ral concernant l'administration de l'arm\u00e9e </b></p>\n</pd_text>","MeetingCouncilAbbreviation":"N","MeetingDate":"20021004","MeetingVerbalixOid":973,"IdSession":"4615","SpeakerFirstName":null,"SpeakerLastName":null,"SpeakerFullName":"","SpeakerFunction":null,"CouncilId":null,"CouncilName":null,"CantonId":null,"CantonName":null,"CantonAbbreviation":null,"ParlGroupName":null,"ParlGroupAbbreviation":null,"SortOrder":8,"Start":null,"End":null,"Function":null,"DisplaySpeaker":null,"LanguageOfText":"DE","Modified":"\/Date(1774878174970)\/","StartTimeWithTimezone":null,"EndTimeWithTimezone":null,"VoteBusinessNumber":null,"VoteBusinessShortNumber":null,"VoteBusinessTitle":null},{"__metadata":{"id":"https://ws.parlament.ch/OData.svc/Transcript(ID=26436L,Language='DE')","uri":"https://ws.parlament.ch/OData.svc/Transcript(ID=26436L,Language='DE')","type":"itsystems.Pd.DataServices.DataModel.Transcript"},"Subjects":{"__deferred":{"uri":"https://ws.parlament.ch/OData.svc/Transcript(ID=26436L,Language='DE')/Subjects"}},"MembersCouncil":{"__deferred":{"uri":"https://ws.parlament.ch/OData.svc/Transcript(ID=26436L,Language='DE')/MembersCouncil"}},"Businesses":{"__deferred":{"uri":"https://ws.parlament.ch/OData.svc/Transcript(ID=26436L,Language='DE')/Businesses"}},"ID":"26436","Language":"DE","IdSubject":"4779","VoteId":"2889","PersonNumber":null,"Type":2,"Text":"<pd_text><p><i>Abstimmung - Vote </i></p>\n<p>[NAM]</p>\n<p>F\u00fcr Annahme des Entwurfes .... 143 Stimmen</p>\n<p>Dagegen .... 12 Stimmen</p>\n</pd_text>","MeetingCouncilAbbreviation":"N","MeetingDate":"20021004","MeetingVerbalixOid":973,"IdSession":"4615","SpeakerFirstName":null,"SpeakerLastName":null,"SpeakerFullName":"","SpeakerFunction":null,"CouncilId":null,"CouncilName":null,"CantonId":null,"CantonName":null,"CantonAbbreviation":null,"ParlGroupName":null,"ParlGroupAbbreviation":null,"SortOrder":9,"Start":null,"End":null,"Function":null,"DisplaySpeaker":null,"LanguageOfText":"DE","Modified":"\/Date(1774878174973)\/","StartTimeWithTimezone":null,"EndTimeWithTimezone":null,"VoteBusinessNumber":20010065,"VoteBusinessShortNumber":"01.065","VoteBusinessTitle":"Armeereform XXI\nund Revision\nder Milit\u00e4rgesetzgebung"},{"__metadata":{"id":"https://ws.parlament.ch/OData.svc/Transcript(ID=26437L,Language='DE')","uri":"https://ws.parlament.ch/OData.svc/Transcript(ID=26437L,Language='DE')","type":"itsystems.Pd.DataServices.DataModel.Transcript"},"Subjects":{"__deferred":{"uri":"https://ws.parlament.ch/OData.svc/Transcript(ID=26437L,Language='DE')/Subjects"}},"MembersCouncil":{"__deferred":{"uri":"https://ws.parlament.ch/OData.svc/Transcript(ID=26437L,Language='DE')/MembersCouncil"}},"Businesses":{"__deferred":{"uri":"https://ws.parlament.ch/OData.svc/Transcript(ID=26437L,Language='DE')/Businesses"}},"ID":"26437","Language":"DE","IdSubject":"4779","VoteId":null,"PersonNumber":null,"Type":3,"Text":"<pd_text><p><b>3. Verordnung der Bundesversammlung \u00fcber die Organisation der Armee </b></p>\n<p><b>3. Ordonnance de l'Assembl\u00e9e f\u00e9d\u00e9rale sur l'organisation de l'arm\u00e9e </b></p>\n</pd_text>","MeetingCouncilAbbreviation":"N","MeetingDate":"20021004","MeetingVerbalixOid":973,"IdSession":"4615","SpeakerFirstName":null,"SpeakerLastName":null,"SpeakerFullName":"","SpeakerFunction":null,"CouncilId":null,"CouncilName":null,"CantonId":null,"CantonName":null,"CantonAbbreviation":null,"ParlGroupName":null,"ParlGroupAbbreviation":null,"SortOrder":10,"Start":null,"End":null,"Function":null,"DisplaySpeaker":null,"LanguageOfText":"DE","Modified":"\/Date(1774878174976)\/","StartTimeWithTimezone":null,"EndTimeWithTimezone":null,"VoteBusinessNumber":null,"VoteBusinessShortNumber":null,"VoteBusinessTitle":null},{"__metadata":{"id":"https://ws.parlament.ch/OData.svc/Transcript(ID=26438L,Language='DE')","uri":"https://ws.parlament.ch/OData.svc/Transcript(ID=26438L,Language='DE')","type":"itsystems.Pd.DataServices.DataModel.Transcript"},"Subjects":{"__deferred":{"uri":"https://ws.parlament.ch/OData.svc/Transcript(ID=26438L,Language='DE')/Subjects"}},"MembersCouncil":{"__deferred":{"uri":"https://ws.parlament.ch/OData.svc/Transcript(ID=26438L,Language='DE')/MembersCouncil"}},"Businesses":{"__deferred":{"uri":"https://ws.parlament.ch/OData.svc/Transcript(ID=26438L,Language='DE')/Businesses"}},"ID":"26438","Language":"DE","IdSubject":"4779","VoteId":"2890","PersonNumber":null,"Type":2,"Text":"<pd_text><p><i>Abstimmung - Vote </i></p>\n<p>[NAM]</p>\n<p>F\u00fcr Annahme des Entwurfes .... 109 Stimmen</p>\n<p>Dagegen .... 32 Stimmen</p>\n</pd_text>","MeetingCouncilAbbreviation":"N","MeetingDate":"20021004","MeetingVerbalixOid":973,"IdSession":"4615","SpeakerFirstName":null,"SpeakerLastName":null,"SpeakerFullName":"","SpeakerFunction":null,"CouncilId":null,"CouncilName":null,"CantonId":null,"CantonName":null,"CantonAbbreviation":null,"ParlGroupName":null,"ParlGroupAbbreviation":null,"SortOrder":11,"Start":null,"End":null,"Function":null,"DisplaySpeaker":null,"LanguageOfText":"DE","Modified":"\/Date(1774878174978)\/","StartTimeWithTimezone":null,"EndTimeWithTimezone":null,"VoteBusinessNumber":20010065,"VoteBusinessShortNumber":"01.065","VoteBusinessTitle":"Armeereform XXI\nund Revision\nder Milit\u00e4rgesetzgebung"},{"__metadata":{"id":"https://ws.parlament.ch/OData.svc/Transcript(ID=26439L,Language='DE')","uri":"https://ws.parlament.ch/OData.svc/Transcript(ID=26439L,Language='DE')","type":"itsystems.Pd.DataServices.DataModel.Transcript"},"Subjects":{"__deferred":{"uri":"https://ws.parlament.ch/OData.svc/Transcript(ID=26439L,Language='DE')/Subjects"}},"MembersCouncil":{"__deferred":{"uri":"https://ws.parlament.ch/OData.svc/Transcript(ID=26439L,Language='DE')/MembersCouncil"}},"Businesses":{"__deferred":{"uri":"https://ws.parlament.ch/OData.svc/Transcript(ID=26439L,Language='DE')/Businesses"}},"ID":"26439","Language":"DE","IdSubject":"4779","VoteId":null,"PersonNumber":null,"Type":3,"Text":"<pd_text><p><b>4. Bundesgesetz \u00fcber den Wehrpflichtersatz </b></p>\n<p><b>4. Loi f\u00e9d\u00e9rale sur la taxe d'exemption de l'obligation de servir </b></p>\n</pd_text>","MeetingCouncilAbbreviation":"N","MeetingDate":"20021004","MeetingVerbalixOid":973,"IdSession":"4615","SpeakerFirstName":null,"SpeakerLastName":null,"SpeakerFullName":"","SpeakerFunction":null,"CouncilId":null,"CouncilName":null,"CantonId":null,"CantonName":null,"CantonAbbreviation":null,"ParlGroupName":null,"ParlGroupAbbreviation":null,"SortOrder":12,"Start":null,"End":null,"Function":null,"DisplaySpeaker":null,"LanguageOfText":"DE","Modified":"\/Date(1774878174981)\/","StartTimeWithTimezone":null,"EndTimeWithTimezone":null,"VoteBusinessNumber":null,"VoteBusinessShortNumber":null,"VoteBusinessTitle":null}]},"ID":"4779","Language":"DE","IdMeeting":"336","VerbalixOid":68760,"SortOrder":137,"Modified":"\/Date(1774878174948)\/"}}