{"d":{"__metadata":{"id":"https://ws.parlament.ch/OData.svc/Subject(ID=4781L,Language='DE')","uri":"https://ws.parlament.ch/OData.svc/Subject(ID=4781L,Language='DE')","type":"itsystems.Pd.DataServices.DataModel.Subject"},"Meetings":{"__metadata":{"id":"https://ws.parlament.ch/OData.svc/Meeting(ID=336L,Language='DE')","uri":"https://ws.parlament.ch/OData.svc/Meeting(ID=336L,Language='DE')","type":"itsystems.Pd.DataServices.DataModel.Meeting"},"Sessions":{"__deferred":{"uri":"https://ws.parlament.ch/OData.svc/Meeting(ID=336L,Language='DE')/Sessions"}},"Subjects":{"__deferred":{"uri":"https://ws.parlament.ch/OData.svc/Meeting(ID=336L,Language='DE')/Subjects"}},"ID":"336","Language":"DE","MeetingNumber":17,"IdSession":4615,"SessionNumber":15,"SessionName":"Herbstsession 2002","Council":1,"CouncilName":"Nationalrat","CouncilAbbreviation":"NR","Date":"\/Date(1033689600000)\/","Begin":"0800","Modified":"\/Date(1447069812273)\/","LegislativePeriodNumber":46,"PublicationStatus":"final","MeetingOrderText":"Siebzehnte Sitzung","SortOrder":17,"Location":"N"},"SubjectsBusiness":{"results":[{"__metadata":{"id":"https://ws.parlament.ch/OData.svc/SubjectBusiness(BusinessNumber=20000403,IdSubject=4781L,Language='DE')","uri":"https://ws.parlament.ch/OData.svc/SubjectBusiness(BusinessNumber=20000403,IdSubject=4781L,Language='DE')","type":"itsystems.Pd.DataServices.DataModel.SubjectBusiness"},"Subjects":{"__deferred":{"uri":"https://ws.parlament.ch/OData.svc/SubjectBusiness(BusinessNumber=20000403,IdSubject=4781L,Language='DE')/Subjects"}},"Businesses":{"__deferred":{"uri":"https://ws.parlament.ch/OData.svc/SubjectBusiness(BusinessNumber=20000403,IdSubject=4781L,Language='DE')/Businesses"}},"IdSubject":"4781","BusinessNumber":20000403,"Language":"DE","BusinessShortNumber":"00.403","Title":"Anstossfinanzierung f\u00fcr familienerg\u00e4nzende Betreuungspl\u00e4tze","SortOrder":1,"PublishedNotes":"Schlussabstimmung - Vote final\n","Modified":"\/Date(1447069114400)\/","TitleDE":"Parlamentarische Initiative\nFehr Jacqueline.\nAnstossfinanzierung\nf\u00fcr familienerg\u00e4nzende\nBetreuungspl\u00e4tze","TitleFR":"Initiative parlementaire\nFehr Jacqueline.\nIncitation financi\u00e8re pour la cr\u00e9ation\nde places d'accueil pour enfants\nen dehors du cadre familial","TitleIT":null}]},"Transcripts":{"results":[{"__metadata":{"id":"https://ws.parlament.ch/OData.svc/Transcript(ID=26441L,Language='DE')","uri":"https://ws.parlament.ch/OData.svc/Transcript(ID=26441L,Language='DE')","type":"itsystems.Pd.DataServices.DataModel.Transcript"},"Subjects":{"__deferred":{"uri":"https://ws.parlament.ch/OData.svc/Transcript(ID=26441L,Language='DE')/Subjects"}},"MembersCouncil":{"__deferred":{"uri":"https://ws.parlament.ch/OData.svc/Transcript(ID=26441L,Language='DE')/MembersCouncil"}},"Businesses":{"__deferred":{"uri":"https://ws.parlament.ch/OData.svc/Transcript(ID=26441L,Language='DE')/Businesses"}},"ID":"26441","Language":"DE","IdSubject":"4781","VoteId":"2883","PersonNumber":null,"Type":2,"Text":"<pd_text><p><i>Abstimmung - Vote </i></p>\n<p>[NAM]</p>\n<p>F\u00fcr Annahme des Entwurfes .... 120 Stimmen</p>\n<p>Dagegen .... 58 Stimmen</p>\n</pd_text>","MeetingCouncilAbbreviation":"N","MeetingDate":"20021004","MeetingVerbalixOid":973,"IdSession":"4615","SpeakerFirstName":null,"SpeakerLastName":null,"SpeakerFullName":"","SpeakerFunction":null,"CouncilId":null,"CouncilName":null,"CantonId":null,"CantonName":null,"CantonAbbreviation":null,"ParlGroupName":null,"ParlGroupAbbreviation":null,"SortOrder":2,"Start":"\/Date(1033723326465)\/","End":"\/Date(1033723326465)\/","Function":null,"DisplaySpeaker":null,"LanguageOfText":"DE","Modified":"\/Date(1774878174919)\/","StartTimeWithTimezone":"\/Date(1033723326467+0120)\/","EndTimeWithTimezone":"\/Date(1033723326467+0120)\/","VoteBusinessNumber":20000403,"VoteBusinessShortNumber":"00.403","VoteBusinessTitle":"Parlamentarische Initiative\nFehr Jacqueline.\nAnstossfinanzierung\nf\u00fcr familienerg\u00e4nzende\nBetreuungspl\u00e4tze"},{"__metadata":{"id":"https://ws.parlament.ch/OData.svc/Transcript(ID=26442L,Language='DE')","uri":"https://ws.parlament.ch/OData.svc/Transcript(ID=26442L,Language='DE')","type":"itsystems.Pd.DataServices.DataModel.Transcript"},"Subjects":{"__deferred":{"uri":"https://ws.parlament.ch/OData.svc/Transcript(ID=26442L,Language='DE')/Subjects"}},"MembersCouncil":{"__deferred":{"uri":"https://ws.parlament.ch/OData.svc/Transcript(ID=26442L,Language='DE')/MembersCouncil"}},"Businesses":{"__deferred":{"uri":"https://ws.parlament.ch/OData.svc/Transcript(ID=26442L,Language='DE')/Businesses"}},"ID":"26442","Language":"DE","IdSubject":"4781","VoteId":null,"PersonNumber":341,"Type":1,"Text":"<pd_text><p><b>1. Bundesgesetz \u00fcber Finanzhilfen f\u00fcr familienerg\u00e4nzende Kinderbetreuung </b></p>\n<p><b>1. Loi f\u00e9d\u00e9rale sur les aides financi\u00e8res \u00e0 l'accueil extra-familial pour enfants </b></p>\n</pd_text>","MeetingCouncilAbbreviation":"N","MeetingDate":"20021004","MeetingVerbalixOid":973,"IdSession":"4615","SpeakerFirstName":"Liliane","SpeakerLastName":"Maury Pasquier","SpeakerFullName":"Maury Pasquier Liliane","SpeakerFunction":"P-F","CouncilId":1,"CouncilName":"Nationalrat","CantonId":25,"CantonName":"Genf","CantonAbbreviation":"GE","ParlGroupName":"Sozialdemokratische Fraktion","ParlGroupAbbreviation":"S","SortOrder":1,"Start":"\/Date(1033723283699)\/","End":"\/Date(1033723326465)\/","Function":"","DisplaySpeaker":false,"LanguageOfText":null,"Modified":"\/Date(1774878174914)\/","StartTimeWithTimezone":"\/Date(1033723283700+0120)\/","EndTimeWithTimezone":"\/Date(1033723326467+0120)\/","VoteBusinessNumber":null,"VoteBusinessShortNumber":null,"VoteBusinessTitle":null}]},"ID":"4781","Language":"DE","IdMeeting":"336","VerbalixOid":68763,"SortOrder":133,"Modified":"\/Date(1774878174911)\/"}}