{"d":{"__metadata":{"id":"https://ws.parlament.ch/OData.svc/Subject(ID=48235L,Language='DE')","uri":"https://ws.parlament.ch/OData.svc/Subject(ID=48235L,Language='DE')","type":"itsystems.Pd.DataServices.DataModel.Subject"},"Meetings":{"__metadata":{"id":"https://ws.parlament.ch/OData.svc/Meeting(ID=4286L,Language='DE')","uri":"https://ws.parlament.ch/OData.svc/Meeting(ID=4286L,Language='DE')","type":"itsystems.Pd.DataServices.DataModel.Meeting"},"Sessions":{"__deferred":{"uri":"https://ws.parlament.ch/OData.svc/Meeting(ID=4286L,Language='DE')/Sessions"}},"Subjects":{"__deferred":{"uri":"https://ws.parlament.ch/OData.svc/Meeting(ID=4286L,Language='DE')/Subjects"}},"ID":"4286","Language":"DE","MeetingNumber":13,"IdSession":5101,"SessionNumber":1,"SessionName":"Wintersession 2019","Council":1,"CouncilName":"Nationalrat","CouncilAbbreviation":"NR","Date":"\/Date(1576800000000)\/","Begin":"0800","Modified":"\/Date(1579612212913)\/","LegislativePeriodNumber":51,"PublicationStatus":"final","MeetingOrderText":"Dreizehnte Sitzung","SortOrder":13,"Location":"N"},"SubjectsBusiness":{"results":[{"__metadata":{"id":"https://ws.parlament.ch/OData.svc/SubjectBusiness(BusinessNumber=20192009,IdSubject=48235L,Language='DE')","uri":"https://ws.parlament.ch/OData.svc/SubjectBusiness(BusinessNumber=20192009,IdSubject=48235L,Language='DE')","type":"itsystems.Pd.DataServices.DataModel.SubjectBusiness"},"Subjects":{"__deferred":{"uri":"https://ws.parlament.ch/OData.svc/SubjectBusiness(BusinessNumber=20192009,IdSubject=48235L,Language='DE')/Subjects"}},"Businesses":{"__deferred":{"uri":"https://ws.parlament.ch/OData.svc/SubjectBusiness(BusinessNumber=20192009,IdSubject=48235L,Language='DE')/Businesses"}},"IdSubject":"48235","BusinessNumber":20192009,"Language":"DE","BusinessShortNumber":"19.2009","Title":"N\u00e4chte ohne Flugl\u00e4rm!","SortOrder":1,"PublishedNotes":null,"Modified":"\/Date(1576703695893)\/","TitleDE":"Petition Klug - Koalition\nLuftverkehr, Umwelt und Gesundheit.\nN\u00e4chte ohne Flugl\u00e4rm!","TitleFR":"P\u00e9tition Cesar - Coalition\nenvironnement et sant\u00e9\npour un transport a\u00e9rien responsable.\nDes nuits sans bruit d'avions!","TitleIT":null}]},"Transcripts":{"results":[{"__metadata":{"id":"https://ws.parlament.ch/OData.svc/Transcript(ID=257078L,Language='DE')","uri":"https://ws.parlament.ch/OData.svc/Transcript(ID=257078L,Language='DE')","type":"itsystems.Pd.DataServices.DataModel.Transcript"},"Subjects":{"__deferred":{"uri":"https://ws.parlament.ch/OData.svc/Transcript(ID=257078L,Language='DE')/Subjects"}},"MembersCouncil":{"__deferred":{"uri":"https://ws.parlament.ch/OData.svc/Transcript(ID=257078L,Language='DE')/MembersCouncil"}},"Businesses":{"__deferred":{"uri":"https://ws.parlament.ch/OData.svc/Transcript(ID=257078L,Language='DE')/Businesses"}},"ID":"257078","Language":"DE","IdSubject":"48235","VoteId":null,"PersonNumber":1346,"Type":1,"Text":"<pd_text><p><b>La pr\u00e9sidente</b> (Moret Isabelle, pr\u00e9sidente): Vous avez re\u00e7u un rapport \u00e9crit de la commission. La commission propose de ne pas donner suite \u00e0 la p\u00e9tition. [GZ]</p>\n<p>[VS][GZ]</p>\n<p><i>Der Petition wird keine Folge gegeben </i>[GZ]</p>\n<p><i>Il n'est pas donn\u00e9 suite \u00e0 la p\u00e9tition [PAGE 2425] </i></p>\n</pd_text>","MeetingCouncilAbbreviation":"N","MeetingDate":"20191220","MeetingVerbalixOid":3229,"IdSession":"5101","SpeakerFirstName":"Isabelle","SpeakerLastName":"Moret","SpeakerFullName":"Moret Isabelle","SpeakerFunction":"P-F","CouncilId":1,"CouncilName":"Nationalrat","CantonId":22,"CantonName":"Waadt","CantonAbbreviation":"VD","ParlGroupName":"FDP-Liberale Fraktion","ParlGroupAbbreviation":"RL","SortOrder":1,"Start":"\/Date(1576831911292)\/","End":"\/Date(1576831933244)\/","Function":"P-F","DisplaySpeaker":false,"LanguageOfText":null,"Modified":"\/Date(1774951743314)\/","StartTimeWithTimezone":"\/Date(1576831911293+0060)\/","EndTimeWithTimezone":"\/Date(1576831933243+0060)\/","VoteBusinessNumber":null,"VoteBusinessShortNumber":null,"VoteBusinessTitle":null}]},"ID":"48235","Language":"DE","IdMeeting":"4286","VerbalixOid":609989,"SortOrder":9,"Modified":"\/Date(1774951743307)\/"}}