{"d":{"__metadata":{"id":"https://ws.parlament.ch/OData.svc/Subject(ID=4836L,Language='DE')","uri":"https://ws.parlament.ch/OData.svc/Subject(ID=4836L,Language='DE')","type":"itsystems.Pd.DataServices.DataModel.Subject"},"Meetings":{"__metadata":{"id":"https://ws.parlament.ch/OData.svc/Meeting(ID=336L,Language='DE')","uri":"https://ws.parlament.ch/OData.svc/Meeting(ID=336L,Language='DE')","type":"itsystems.Pd.DataServices.DataModel.Meeting"},"Sessions":{"__deferred":{"uri":"https://ws.parlament.ch/OData.svc/Meeting(ID=336L,Language='DE')/Sessions"}},"Subjects":{"__deferred":{"uri":"https://ws.parlament.ch/OData.svc/Meeting(ID=336L,Language='DE')/Subjects"}},"ID":"336","Language":"DE","MeetingNumber":17,"IdSession":4615,"SessionNumber":15,"SessionName":"Herbstsession 2002","Council":1,"CouncilName":"Nationalrat","CouncilAbbreviation":"NR","Date":"\/Date(1033689600000)\/","Begin":"0800","Modified":"\/Date(1447069812273)\/","LegislativePeriodNumber":46,"PublicationStatus":"final","MeetingOrderText":"Siebzehnte Sitzung","SortOrder":17,"Location":"N"},"SubjectsBusiness":{"results":[{"__metadata":{"id":"https://ws.parlament.ch/OData.svc/SubjectBusiness(BusinessNumber=20020025,IdSubject=4836L,Language='DE')","uri":"https://ws.parlament.ch/OData.svc/SubjectBusiness(BusinessNumber=20020025,IdSubject=4836L,Language='DE')","type":"itsystems.Pd.DataServices.DataModel.SubjectBusiness"},"Subjects":{"__deferred":{"uri":"https://ws.parlament.ch/OData.svc/SubjectBusiness(BusinessNumber=20020025,IdSubject=4836L,Language='DE')/Subjects"}},"Businesses":{"__deferred":{"uri":"https://ws.parlament.ch/OData.svc/SubjectBusiness(BusinessNumber=20020025,IdSubject=4836L,Language='DE')/Businesses"}},"IdSubject":"4836","BusinessNumber":20020025,"Language":"DE","BusinessShortNumber":"02.025","Title":"Grenz\u00fcberschreitende Zusammenarbeit zwischen Gebietsk\u00f6rperschaften oder Beh\u00f6rden. Zusatzprotokoll","SortOrder":1,"PublishedNotes":"Zweitrat - Deuxi\u00e8me Conseil\n","Modified":"\/Date(1447069172226)\/","TitleDE":"Grenz\u00fcberschreitende Zusammenarbeit\nzwischen\nGebietsk\u00f6rperschaften oder Beh\u00f6rden.\nZusatzprotokoll","TitleFR":"Coop\u00e9ration transfrontali\u00e8re\ndes collectivit\u00e9s\nou autorit\u00e9s territoriales.\nProtocole additionnel","TitleIT":null}]},"Transcripts":{"results":[{"__metadata":{"id":"https://ws.parlament.ch/OData.svc/Transcript(ID=26512L,Language='DE')","uri":"https://ws.parlament.ch/OData.svc/Transcript(ID=26512L,Language='DE')","type":"itsystems.Pd.DataServices.DataModel.Transcript"},"Subjects":{"__deferred":{"uri":"https://ws.parlament.ch/OData.svc/Transcript(ID=26512L,Language='DE')/Subjects"}},"MembersCouncil":{"__deferred":{"uri":"https://ws.parlament.ch/OData.svc/Transcript(ID=26512L,Language='DE')/MembersCouncil"}},"Businesses":{"__deferred":{"uri":"https://ws.parlament.ch/OData.svc/Transcript(ID=26512L,Language='DE')/Businesses"}},"ID":"26512","Language":"DE","IdSubject":"4836","VoteId":"2931","PersonNumber":null,"Type":2,"Text":"<pd_text><p><i>Gesamtabstimmung - Vote sur l'ensemble</i></p>\n<p>[NAM]</p>\n<p>F\u00fcr Annahme des Entwurfes .... 173 Stimmen</p>\n<p>(Einstimmigkeit)</p>\n</pd_text>","MeetingCouncilAbbreviation":"N","MeetingDate":"20021004","MeetingVerbalixOid":973,"IdSession":"4615","SpeakerFirstName":null,"SpeakerLastName":null,"SpeakerFullName":"","SpeakerFunction":null,"CouncilId":null,"CouncilName":null,"CantonId":null,"CantonName":null,"CantonAbbreviation":null,"ParlGroupName":null,"ParlGroupAbbreviation":null,"SortOrder":2,"Start":"\/Date(1033721902958)\/","End":"\/Date(1033721902958)\/","Function":null,"DisplaySpeaker":null,"LanguageOfText":"DE","Modified":"\/Date(1774878174241)\/","StartTimeWithTimezone":"\/Date(1033721902957+0120)\/","EndTimeWithTimezone":"\/Date(1033721902957+0120)\/","VoteBusinessNumber":20020025,"VoteBusinessShortNumber":"02.025","VoteBusinessTitle":"Grenz\u00fcberschreitende Zusammenarbeit\nzwischen\nGebietsk\u00f6rperschaften oder Beh\u00f6rden.\nZusatzprotokoll"},{"__metadata":{"id":"https://ws.parlament.ch/OData.svc/Transcript(ID=26513L,Language='DE')","uri":"https://ws.parlament.ch/OData.svc/Transcript(ID=26513L,Language='DE')","type":"itsystems.Pd.DataServices.DataModel.Transcript"},"Subjects":{"__deferred":{"uri":"https://ws.parlament.ch/OData.svc/Transcript(ID=26513L,Language='DE')/Subjects"}},"MembersCouncil":{"__deferred":{"uri":"https://ws.parlament.ch/OData.svc/Transcript(ID=26513L,Language='DE')/MembersCouncil"}},"Businesses":{"__deferred":{"uri":"https://ws.parlament.ch/OData.svc/Transcript(ID=26513L,Language='DE')/Businesses"}},"ID":"26513","Language":"DE","IdSubject":"4836","VoteId":null,"PersonNumber":341,"Type":1,"Text":"<pd_text><p>La commission propose, \u00e0 l'unanimit\u00e9, d'approuver l'arr\u00eat\u00e9 f\u00e9d\u00e9ral.</p>\n<p>[VS]</p>\n<p><i>Eintreten wird ohne Gegenantrag beschlossen</i></p>\n<p><i>L'entr\u00e9e en mati\u00e8re est d\u00e9cid\u00e9e sans opposition</i></p>\n<p>[VS]</p>\n<p><b>Bundesbeschluss betreffend das Protokoll Nr. 2 zum Europ\u00e4ischen Rahmen\u00fcbereinkommen \u00fcber die grenz\u00fcberschreitende Zusammenarbeit zwischen Gebietsk\u00f6rperschaften oder Beh\u00f6rden betreffend die interterritoriale Zusammenarbeit </b></p>\n<p><b>Arr\u00eat\u00e9 f\u00e9d\u00e9ral concernant le Protocole No 2 \u00e0 la Convention-cadre europ\u00e9enne sur la coop\u00e9ration transfrontali\u00e8re des collectivit\u00e9s ou autorit\u00e9s territoriales relatif \u00e0 la coop\u00e9ration interterritoriale </b></p>\n<p>[VS]</p>\n<p><i>Detailberatung - Examen de d\u00e9tail</i></p>\n<p>[VS]</p>\n<p><b>Titel und Ingress, Art. 1, 2</b></p>\n<p><i>Antrag der Kommission</i></p>\n<p>Zustimmung zum Beschluss des St\u00e4nderates</p>\n<p>[VS]</p>\n<p><b>Titre et pr\u00e9ambule, art. 1, 2</b></p>\n<p><i>Proposition de la commission</i></p>\n<p>Adh\u00e9rer \u00e0 la d\u00e9cision du Conseil des Etats</p>\n<p>[VS]</p>\n<p><i>Angenommen - Adopt\u00e9</i></p>\n</pd_text>","MeetingCouncilAbbreviation":"N","MeetingDate":"20021004","MeetingVerbalixOid":973,"IdSession":"4615","SpeakerFirstName":"Liliane","SpeakerLastName":"Maury Pasquier","SpeakerFullName":"Maury Pasquier Liliane","SpeakerFunction":"P-F","CouncilId":1,"CouncilName":"Nationalrat","CantonId":25,"CantonName":"Genf","CantonAbbreviation":"GE","ParlGroupName":"Sozialdemokratische Fraktion","ParlGroupAbbreviation":"S","SortOrder":1,"Start":"\/Date(1033721795911)\/","End":"\/Date(1033721902958)\/","Function":"","DisplaySpeaker":true,"LanguageOfText":"FR","Modified":"\/Date(1774878174236)\/","StartTimeWithTimezone":"\/Date(1033721795910+0120)\/","EndTimeWithTimezone":"\/Date(1033721902957+0120)\/","VoteBusinessNumber":null,"VoteBusinessShortNumber":null,"VoteBusinessTitle":null}]},"ID":"4836","Language":"DE","IdMeeting":"336","VerbalixOid":68689,"SortOrder":6,"Modified":"\/Date(1774878174233)\/"}}