{"d":{"__metadata":{"id":"https://ws.parlament.ch/OData.svc/Subject(ID=49190L,Language='DE')","uri":"https://ws.parlament.ch/OData.svc/Subject(ID=49190L,Language='DE')","type":"itsystems.Pd.DataServices.DataModel.Subject"},"Meetings":{"__metadata":{"id":"https://ws.parlament.ch/OData.svc/Meeting(ID=4332L,Language='DE')","uri":"https://ws.parlament.ch/OData.svc/Meeting(ID=4332L,Language='DE')","type":"itsystems.Pd.DataServices.DataModel.Meeting"},"Sessions":{"__deferred":{"uri":"https://ws.parlament.ch/OData.svc/Meeting(ID=4332L,Language='DE')/Sessions"}},"Subjects":{"__deferred":{"uri":"https://ws.parlament.ch/OData.svc/Meeting(ID=4332L,Language='DE')/Subjects"}},"ID":"4332","Language":"DE","MeetingNumber":6,"IdSession":5104,"SessionNumber":4,"SessionName":"Sommersession 2020","Council":2,"CouncilName":"St\u00e4nderat","CouncilAbbreviation":"SR","Date":"\/Date(1591660800000)\/","Begin":"0815","Modified":"\/Date(1593421430730)\/","LegislativePeriodNumber":51,"PublicationStatus":"final","MeetingOrderText":"Sechste Sitzung","SortOrder":6,"Location":"S"},"SubjectsBusiness":{"results":[{"__metadata":{"id":"https://ws.parlament.ch/OData.svc/SubjectBusiness(BusinessNumber=20203460,IdSubject=49190L,Language='DE')","uri":"https://ws.parlament.ch/OData.svc/SubjectBusiness(BusinessNumber=20203460,IdSubject=49190L,Language='DE')","type":"itsystems.Pd.DataServices.DataModel.SubjectBusiness"},"Subjects":{"__deferred":{"uri":"https://ws.parlament.ch/OData.svc/SubjectBusiness(BusinessNumber=20203460,IdSubject=49190L,Language='DE')/Subjects"}},"Businesses":{"__deferred":{"uri":"https://ws.parlament.ch/OData.svc/SubjectBusiness(BusinessNumber=20203460,IdSubject=49190L,Language='DE')/Businesses"}},"IdSubject":"49190","BusinessNumber":20203460,"Language":"DE","BusinessShortNumber":"20.3460","Title":"Gesch\u00e4ftsmieten in der Gastronomie und bei anderen von der Schliessung betroffenen Betrieben. Die Mieter sollen nur 40 Prozent der Miete schulden","SortOrder":1,"PublishedNotes":"Fortsetzung - Suite\n","Modified":"\/Date(1591193849700)\/","TitleDE":"Motion WAK-S.\nGesch\u00e4ftsmieten in der Gastronomie\nund bei anderen von der Schliessung\nbetroffenen Betrieben.\nDie Mieter sollen nur 40 Prozent\nder Miete schulden","TitleFR":"Motion CER-E.\nLoyers commerciaux des restaurants\net autres \u00e9tablissements concern\u00e9s\npar la fermeture.\nPour que les locataires\nne doivent que 40 pour cent\nde leur loyer","TitleIT":null}]},"Transcripts":{"results":[{"__metadata":{"id":"https://ws.parlament.ch/OData.svc/Transcript(ID=262803L,Language='DE')","uri":"https://ws.parlament.ch/OData.svc/Transcript(ID=262803L,Language='DE')","type":"itsystems.Pd.DataServices.DataModel.Transcript"},"Subjects":{"__deferred":{"uri":"https://ws.parlament.ch/OData.svc/Transcript(ID=262803L,Language='DE')/Subjects"}},"MembersCouncil":{"__deferred":{"uri":"https://ws.parlament.ch/OData.svc/Transcript(ID=262803L,Language='DE')/MembersCouncil"}},"Businesses":{"__deferred":{"uri":"https://ws.parlament.ch/OData.svc/Transcript(ID=262803L,Language='DE')/Businesses"}},"ID":"262803","Language":"DE","IdSubject":"49190","VoteId":null,"PersonNumber":1267,"Type":1,"Text":"<pd_text><p>Ich habe noch folgende Mitteilung zu machen: Gestern, bei der Abstimmung \u00fcber die Motion 20.3460 der WAK-S, \"Gesch\u00e4ftsmieten in der Gastronomie und bei anderen von der Schliessung betroffenen Betrieben. Die Mieter sollen nur 40 Prozent der Miete schulden\", gab es eine Wortmeldung, in der die Frage gestellt wurde, ob die Motion des Nationalrates 20.3451 tats\u00e4chlich gleichlautend sei und ob dementsprechend gem\u00e4ss Artikel 121 Absatz 5 des Parlamentsgesetzes die Voraussetzung daf\u00fcr erf\u00fcllt sei, dass der Bundesrat mit der Annahme beider Motionen beauftragt w\u00fcrde, sie umzusetzen.</p>\n<p>Ich habe gestern die Abstimmung durchgef\u00fchrt und gesagt, dass die erste Analyse ergeben habe, dass tats\u00e4chlich zwei gleichlautende Motionen vorl\u00e4gen. Ich habe aber noch vertiefte Abkl\u00e4rungen machen lassen. Nach R\u00fccksprache mit dem Rechtsdienst und dem Sekretariat der Kommissionen f\u00fcr Wirtschaft und Abgaben kann ich heute best\u00e4tigen: Jawohl, diese beiden Motionen sind gleichlautend. Sie tragen einen identischen Titel und haben einen identischen Text. Es gibt, wie Kollege F\u00e4ssler zu Recht festgestellt hat, allerdings eine Differenz, und zwar in der Klammerbemerkung beim Verweis auf die Covid-19-Verordnung 2. Dabei handelt es sich offensichtlich um einen Fehler, der in der WAK-S unbemerkt geblieben ist. Aber aus den Protokollen und den Medienmitteilungen ist klar ersichtlich, dass es immer die Absicht der WAK-S war, eine Kommissionsmotion einzureichen, die gleichlautend wie jene der WAK-N ist. Die Voten sowohl in der Kommissionssitzung vom 19. M\u00e4rz wie auch gestern hier im Rat sowie die ver\u00f6ffentlichte Medienmitteilung der WAK-S sind klar. Ich zitiere aus der Medienmitteilung: \"Es ist der WAK-S jedoch wichtig, nun rasch eine L\u00f6sung vorlegen zu k\u00f6nnen. Sie hat deshalb mit 8 zu 4 Stimmen (ohne Enthaltungen) entschieden, ihrem Rat eine Motion (20.3460) zu beantragen, die mit der neuen Motion 20.3451 der WAK-N identisch ist.\" Das war der Wille der Kommission.</p>\n<p>Tats\u00e4chlich trifft es zu, dass der Text mit Ausnahme des Verweises auf die Covid-19-Verordnung 2 v\u00f6llig identisch ist. [PAGE 449] Beim einen Verweis, demjenigen auf Artikel 6 Absatz 2 betreffend die von der Schliessung betroffenen \u00f6ffentlich zug\u00e4nglichen Einrichtungen, sind die Fassungen der Verordnung des Bundesrates vom 19. M\u00e4rz und vom 21. M\u00e4rz w\u00f6rtlich identisch. Bei Artikel 10a gibt es tats\u00e4chlich eine textliche Differenz. Diese Differenz besteht aber nur in der Wortwahl. Im Inhalt, in der materiellen Umschreibung des Sachverhaltes, sind die Fassungen gleich. Ich habe mich auch dar\u00fcber noch orientieren lassen.</p>\n<p>In der Version vom 19. M\u00e4rz steht: \"Gesundheitseinrichtungen wie Spit\u00e4ler und Kliniken, Arztpraxen und Zahnarztpraxen m\u00fcssen auf nicht dringend angezeigte medizinische Eingriffe und Therapien verzichten.\" Der Bundesrat hat dann am 21. M\u00e4rz neu Folgendes formuliert: \"Gesundheitseinrichtungen nach Artikel 6 Absatz 3 Buchstabe m\" - das sind die gleichen Einrichtungen -, \"insbesondere Spit\u00e4ler und Kliniken, Arztpraxen und Zahnarztpraxen, ist es verboten, nicht dringend angezeigte medizinische Untersuchungen, Behandlungen und Therapien (Eingriffe) durchzuf\u00fchren.\" Gem\u00e4ss der einen Version mussten sie also verzichten, gem\u00e4ss der anderen wurde es ihnen verboten. Materiell ist das genau der gleiche Sachverhalt.</p>\n<p>Dementsprechend geht es hier darum festzuhalten, dass der Auftrag an den Bundesrat klar ist. Die Voraussetzungen f\u00fcr die Regelung sind in beiden Versionen der Covid-19-Verordnung 2 identisch. Dementsprechend liegen gleichlautende Kommissionsmotionen vor. Auch wenn man den franz\u00f6sischen Text des Parlamentsgesetzes anschaut, sieht man, dass von \"teneur identique\" gesprochen wird, die Voraussetzungen also erf\u00fcllt sind.</p>\n<p>Ich danke aber f\u00fcr den Hinweis. Kollege F\u00e4ssler hat seri\u00f6s gearbeitet, und er hat mir gesagt, er sei mit dieser Analyse und mit diesen Schlussfolgerungen einverstanden. Damit ist der Bundesrat durch die Annahme der beiden Motionen 20.3451 und 20.3460 beauftragt worden, diese Kommissionsmotionen umzusetzen und uns einen Gesetzentwurf zu unterbreiten. Diese Information dient der Kl\u00e4rung.[GZ]</p>\n<p>[VS][GZ]</p>\n<p>[VS][GZ]</p>\n<p>[VS][GZ]</p>\n<p><i>Schluss der Sitzung um 13.00 Uhr </i>[GZ]</p>\n<p><i>La s\u00e9ance est lev\u00e9e \u00e0 13 h 00 </i>[PAGE 450]<i> </i></p>\n<p>[VS]</p>\n<p>[VS]</p>\n<p>[VS]</p>\n<p>[VS]</p>\n</pd_text>","MeetingCouncilAbbreviation":"S","MeetingDate":"20200609","MeetingVerbalixOid":3275,"IdSession":"5104","SpeakerFirstName":"Hans","SpeakerLastName":"St\u00f6ckli","SpeakerFullName":"St\u00f6ckli Hans","SpeakerFunction":"P-M","CouncilId":2,"CouncilName":"St\u00e4nderat","CantonId":2,"CantonName":"Bern","CantonAbbreviation":"BE","ParlGroupName":"Sozialdemokratische Fraktion","ParlGroupAbbreviation":"S","SortOrder":1,"Start":"\/Date(1591707085147)\/","End":"\/Date(1591707466640)\/","Function":"P-M","DisplaySpeaker":true,"LanguageOfText":"DE","Modified":"\/Date(1686908438100)\/","StartTimeWithTimezone":"\/Date(1591707085147+0120)\/","EndTimeWithTimezone":"\/Date(1591707466640+0120)\/","VoteBusinessNumber":null,"VoteBusinessShortNumber":null,"VoteBusinessTitle":null}]},"ID":"49190","Language":"DE","IdMeeting":"4332","VerbalixOid":619425,"SortOrder":9,"Modified":"\/Date(1686908438100)\/"}}