{"d":{"__metadata":{"id":"https://ws.parlament.ch/OData.svc/Subject(ID=49462L,Language='DE')","uri":"https://ws.parlament.ch/OData.svc/Subject(ID=49462L,Language='DE')","type":"itsystems.Pd.DataServices.DataModel.Subject"},"Meetings":{"__metadata":{"id":"https://ws.parlament.ch/OData.svc/Meeting(ID=4352L,Language='DE')","uri":"https://ws.parlament.ch/OData.svc/Meeting(ID=4352L,Language='DE')","type":"itsystems.Pd.DataServices.DataModel.Meeting"},"Sessions":{"__deferred":{"uri":"https://ws.parlament.ch/OData.svc/Meeting(ID=4352L,Language='DE')/Sessions"}},"Subjects":{"__deferred":{"uri":"https://ws.parlament.ch/OData.svc/Meeting(ID=4352L,Language='DE')/Subjects"}},"ID":"4352","Language":"DE","MeetingNumber":14,"IdSession":5104,"SessionNumber":4,"SessionName":"Sommersession 2020","Council":2,"CouncilName":"St\u00e4nderat","CouncilAbbreviation":"SR","Date":"\/Date(1592524800000)\/","Begin":"0815","Modified":"\/Date(1594129387137)\/","LegislativePeriodNumber":51,"PublicationStatus":"final","MeetingOrderText":"Vierzehnte Sitzung","SortOrder":14,"Location":"S"},"SubjectsBusiness":{"results":[{"__metadata":{"id":"https://ws.parlament.ch/OData.svc/SubjectBusiness(BusinessNumber=20200008,IdSubject=49462L,Language='DE')","uri":"https://ws.parlament.ch/OData.svc/SubjectBusiness(BusinessNumber=20200008,IdSubject=49462L,Language='DE')","type":"itsystems.Pd.DataServices.DataModel.SubjectBusiness"},"Subjects":{"__deferred":{"uri":"https://ws.parlament.ch/OData.svc/SubjectBusiness(BusinessNumber=20200008,IdSubject=49462L,Language='DE')/Subjects"}},"Businesses":{"__deferred":{"uri":"https://ws.parlament.ch/OData.svc/SubjectBusiness(BusinessNumber=20200008,IdSubject=49462L,Language='DE')/Businesses"}},"IdSubject":"49462","BusinessNumber":20200008,"Language":"DE","BusinessShortNumber":"20.008","Title":"Aussenwirtschaftspolitik 2019. Bericht","SortOrder":1,"PublishedNotes":"Schlussabstimmung - Vote final\n","Modified":"\/Date(1580481847160)\/","TitleDE":"Aussenwirtschaftspolitik.\nBericht 2019","TitleFR":"Politique \u00e9conomique ext\u00e9rieure.\nRapport 2019","TitleIT":null}]},"Transcripts":{"results":[{"__metadata":{"id":"https://ws.parlament.ch/OData.svc/Transcript(ID=265091L,Language='DE')","uri":"https://ws.parlament.ch/OData.svc/Transcript(ID=265091L,Language='DE')","type":"itsystems.Pd.DataServices.DataModel.Transcript"},"Subjects":{"__deferred":{"uri":"https://ws.parlament.ch/OData.svc/Transcript(ID=265091L,Language='DE')/Subjects"}},"MembersCouncil":{"__deferred":{"uri":"https://ws.parlament.ch/OData.svc/Transcript(ID=265091L,Language='DE')/MembersCouncil"}},"Businesses":{"__deferred":{"uri":"https://ws.parlament.ch/OData.svc/Transcript(ID=265091L,Language='DE')/Businesses"}},"ID":"265091","Language":"DE","IdSubject":"49462","VoteId":"3652","PersonNumber":null,"Type":2,"Text":"<pd_text><p><i>Abstimmung - Vote </i>[GZ]</p>\n<p>[NAM][GZ]</p>\n<p>F\u00fcr Annahme des Entwurfes ... 45 Stimmen [GZ]</p>\n<p>(Einstimmigkeit) [GZ]</p>\n<p>(0 Enthaltungen)</p>\n<p>[VS]</p>\n</pd_text>","MeetingCouncilAbbreviation":"S","MeetingDate":"20200619","MeetingVerbalixOid":3295,"IdSession":"5104","SpeakerFirstName":null,"SpeakerLastName":null,"SpeakerFullName":"","SpeakerFunction":null,"CouncilId":null,"CouncilName":null,"CantonId":null,"CantonName":null,"CantonAbbreviation":null,"ParlGroupName":null,"ParlGroupAbbreviation":null,"SortOrder":2,"Start":"\/Date(1592556129247)\/","End":"\/Date(1592556157117)\/","Function":null,"DisplaySpeaker":null,"LanguageOfText":null,"Modified":"\/Date(1631557183743)\/","StartTimeWithTimezone":"\/Date(1592556129247+0120)\/","EndTimeWithTimezone":"\/Date(1592556157117+0120)\/","VoteBusinessNumber":20200008,"VoteBusinessShortNumber":"20.008","VoteBusinessTitle":"Aussenwirtschaftspolitik.\nBericht 2019"},{"__metadata":{"id":"https://ws.parlament.ch/OData.svc/Transcript(ID=265092L,Language='DE')","uri":"https://ws.parlament.ch/OData.svc/Transcript(ID=265092L,Language='DE')","type":"itsystems.Pd.DataServices.DataModel.Transcript"},"Subjects":{"__deferred":{"uri":"https://ws.parlament.ch/OData.svc/Transcript(ID=265092L,Language='DE')/Subjects"}},"MembersCouncil":{"__deferred":{"uri":"https://ws.parlament.ch/OData.svc/Transcript(ID=265092L,Language='DE')/MembersCouncil"}},"Businesses":{"__deferred":{"uri":"https://ws.parlament.ch/OData.svc/Transcript(ID=265092L,Language='DE')/Businesses"}},"ID":"265092","Language":"DE","IdSubject":"49462","VoteId":"3653","PersonNumber":null,"Type":2,"Text":"<pd_text><p><i>Abstimmung - Vote </i>[GZ]</p>\n<p>[NAM][GZ]</p>\n<p>F\u00fcr Annahme des Entwurfes ... 45 Stimmen [GZ]</p>\n<p>(Einstimmigkeit) [GZ]</p>\n<p>(0 Enthaltungen)</p>\n<p>[VS]</p>\n</pd_text>","MeetingCouncilAbbreviation":"S","MeetingDate":"20200619","MeetingVerbalixOid":3295,"IdSession":"5104","SpeakerFirstName":null,"SpeakerLastName":null,"SpeakerFullName":"","SpeakerFunction":null,"CouncilId":null,"CouncilName":null,"CantonId":null,"CantonName":null,"CantonAbbreviation":null,"ParlGroupName":null,"ParlGroupAbbreviation":null,"SortOrder":4,"Start":"\/Date(1592556176920)\/","End":"\/Date(1592556176920)\/","Function":null,"DisplaySpeaker":null,"LanguageOfText":null,"Modified":"\/Date(1631557183743)\/","StartTimeWithTimezone":"\/Date(1592556176920+0120)\/","EndTimeWithTimezone":"\/Date(1592556176920+0120)\/","VoteBusinessNumber":20200008,"VoteBusinessShortNumber":"20.008","VoteBusinessTitle":"Aussenwirtschaftspolitik.\nBericht 2019"},{"__metadata":{"id":"https://ws.parlament.ch/OData.svc/Transcript(ID=265093L,Language='DE')","uri":"https://ws.parlament.ch/OData.svc/Transcript(ID=265093L,Language='DE')","type":"itsystems.Pd.DataServices.DataModel.Transcript"},"Subjects":{"__deferred":{"uri":"https://ws.parlament.ch/OData.svc/Transcript(ID=265093L,Language='DE')/Subjects"}},"MembersCouncil":{"__deferred":{"uri":"https://ws.parlament.ch/OData.svc/Transcript(ID=265093L,Language='DE')/MembersCouncil"}},"Businesses":{"__deferred":{"uri":"https://ws.parlament.ch/OData.svc/Transcript(ID=265093L,Language='DE')/Businesses"}},"ID":"265093","Language":"DE","IdSubject":"49462","VoteId":"3654","PersonNumber":null,"Type":2,"Text":"<pd_text><p><i>Abstimmung - Vote </i>[GZ]</p>\n<p>[NAM][GZ]</p>\n<p>F\u00fcr Annahme des Entwurfes ... 45 Stimmen [GZ]</p>\n<p>(Einstimmigkeit) [GZ]</p>\n<p>(0 Enthaltungen)</p>\n</pd_text>","MeetingCouncilAbbreviation":"S","MeetingDate":"20200619","MeetingVerbalixOid":3295,"IdSession":"5104","SpeakerFirstName":null,"SpeakerLastName":null,"SpeakerFullName":"","SpeakerFunction":null,"CouncilId":null,"CouncilName":null,"CantonId":null,"CantonName":null,"CantonAbbreviation":null,"ParlGroupName":null,"ParlGroupAbbreviation":null,"SortOrder":6,"Start":"\/Date(1592556201260)\/","End":"\/Date(1592556246057)\/","Function":null,"DisplaySpeaker":null,"LanguageOfText":null,"Modified":"\/Date(1631557183743)\/","StartTimeWithTimezone":"\/Date(1592556201260+0120)\/","EndTimeWithTimezone":"\/Date(1592556246057+0120)\/","VoteBusinessNumber":20200008,"VoteBusinessShortNumber":"20.008","VoteBusinessTitle":"Aussenwirtschaftspolitik.\nBericht 2019"},{"__metadata":{"id":"https://ws.parlament.ch/OData.svc/Transcript(ID=265214L,Language='DE')","uri":"https://ws.parlament.ch/OData.svc/Transcript(ID=265214L,Language='DE')","type":"itsystems.Pd.DataServices.DataModel.Transcript"},"Subjects":{"__deferred":{"uri":"https://ws.parlament.ch/OData.svc/Transcript(ID=265214L,Language='DE')/Subjects"}},"MembersCouncil":{"__deferred":{"uri":"https://ws.parlament.ch/OData.svc/Transcript(ID=265214L,Language='DE')/MembersCouncil"}},"Businesses":{"__deferred":{"uri":"https://ws.parlament.ch/OData.svc/Transcript(ID=265214L,Language='DE')/Businesses"}},"ID":"265214","Language":"DE","IdSubject":"49462","VoteId":null,"PersonNumber":1267,"Type":1,"Text":"<pd_text><p><b>1.</b>[NB]<b>Bundesbeschluss \u00fcber die Genehmigung des Landwirtschaftsabkommens zwischen der Schweiz und Israel sowie der \u00c4nderung des Protokolls A \u00fcber landwirtschaftliche Verarbeitungserzeugnisse zum Freihandelsabkommen zwischen den EFTA-Staaten und Israel</b>[GZ]</p>\n<p><b>1.</b>[NB]<b>Arr\u00eat\u00e9 f\u00e9d\u00e9ral portant approbation de l'accord agricole entre la Suisse et Isra\u00ebl et de la modification du protocole A sur les produits agricoles transform\u00e9s de l'accord de libre-\u00e9change entre les Etats de l'AELE et Isra\u00ebl</b></p>\n</pd_text>","MeetingCouncilAbbreviation":"S","MeetingDate":"20200619","MeetingVerbalixOid":3295,"IdSession":"5104","SpeakerFirstName":"Hans","SpeakerLastName":"St\u00f6ckli","SpeakerFullName":"St\u00f6ckli Hans","SpeakerFunction":"P-M","CouncilId":2,"CouncilName":"St\u00e4nderat","CantonId":2,"CantonName":"Bern","CantonAbbreviation":"BE","ParlGroupName":"Sozialdemokratische Fraktion","ParlGroupAbbreviation":"S","SortOrder":1,"Start":"\/Date(1592556105873)\/","End":"\/Date(1592556129247)\/","Function":"P-M","DisplaySpeaker":false,"LanguageOfText":null,"Modified":"\/Date(1631557183743)\/","StartTimeWithTimezone":"\/Date(1592556105873+0120)\/","EndTimeWithTimezone":"\/Date(1592556129247+0120)\/","VoteBusinessNumber":null,"VoteBusinessShortNumber":null,"VoteBusinessTitle":null},{"__metadata":{"id":"https://ws.parlament.ch/OData.svc/Transcript(ID=265216L,Language='DE')","uri":"https://ws.parlament.ch/OData.svc/Transcript(ID=265216L,Language='DE')","type":"itsystems.Pd.DataServices.DataModel.Transcript"},"Subjects":{"__deferred":{"uri":"https://ws.parlament.ch/OData.svc/Transcript(ID=265216L,Language='DE')/Subjects"}},"MembersCouncil":{"__deferred":{"uri":"https://ws.parlament.ch/OData.svc/Transcript(ID=265216L,Language='DE')/MembersCouncil"}},"Businesses":{"__deferred":{"uri":"https://ws.parlament.ch/OData.svc/Transcript(ID=265216L,Language='DE')/Businesses"}},"ID":"265216","Language":"DE","IdSubject":"49462","VoteId":null,"PersonNumber":1267,"Type":1,"Text":"<pd_text><p><b>2.</b>[NB]<b>Bundesbeschluss \u00fcber die Genehmigung des Handelsabkommens zwischen der Schweiz und dem Vereinigten K\u00f6nigreich und des Zusatzabkommens \u00fcber die Einbeziehung Liechtensteins in das Handelsabkommen</b>[GZ]</p>\n<p><b>2.</b>[NB]<b>Arr\u00eat\u00e9 f\u00e9d\u00e9ral portant approbation de l'accord commercial entre la Suisse et le Royaume-Uni et de l'accord additionnel en vue d'\u00e9tendre au Liechtenstein certaines dispositions de l'accord commercial</b></p>\n</pd_text>","MeetingCouncilAbbreviation":"S","MeetingDate":"20200619","MeetingVerbalixOid":3295,"IdSession":"5104","SpeakerFirstName":"Hans","SpeakerLastName":"St\u00f6ckli","SpeakerFullName":"St\u00f6ckli Hans","SpeakerFunction":"P-M","CouncilId":2,"CouncilName":"St\u00e4nderat","CantonId":2,"CantonName":"Bern","CantonAbbreviation":"BE","ParlGroupName":"Sozialdemokratische Fraktion","ParlGroupAbbreviation":"S","SortOrder":3,"Start":"\/Date(1592556157117)\/","End":"\/Date(1592556176920)\/","Function":"P-M","DisplaySpeaker":false,"LanguageOfText":null,"Modified":"\/Date(1631557183743)\/","StartTimeWithTimezone":"\/Date(1592556157117+0120)\/","EndTimeWithTimezone":"\/Date(1592556176920+0120)\/","VoteBusinessNumber":null,"VoteBusinessShortNumber":null,"VoteBusinessTitle":null},{"__metadata":{"id":"https://ws.parlament.ch/OData.svc/Transcript(ID=265218L,Language='DE')","uri":"https://ws.parlament.ch/OData.svc/Transcript(ID=265218L,Language='DE')","type":"itsystems.Pd.DataServices.DataModel.Transcript"},"Subjects":{"__deferred":{"uri":"https://ws.parlament.ch/OData.svc/Transcript(ID=265218L,Language='DE')/Subjects"}},"MembersCouncil":{"__deferred":{"uri":"https://ws.parlament.ch/OData.svc/Transcript(ID=265218L,Language='DE')/MembersCouncil"}},"Businesses":{"__deferred":{"uri":"https://ws.parlament.ch/OData.svc/Transcript(ID=265218L,Language='DE')/Businesses"}},"ID":"265218","Language":"DE","IdSubject":"49462","VoteId":null,"PersonNumber":1267,"Type":1,"Text":"<pd_text><p><b>3.</b>[NB]<b>Bundesbeschluss \u00fcber die Genehmigung des Abkommens zwischen der Schweiz und der T\u00fcrkei im Rahmen des Allgemeinen Pr\u00e4ferenzensystems</b>[GZ]</p>\n<p><b>3.</b>[NB]<b>Arr\u00eat\u00e9 f\u00e9d\u00e9ral portant approbation de l'accord entre la Suisse et la Turquie dans le cadre du Syst\u00e8me g\u00e9n\u00e9ralis\u00e9 de pr\u00e9f\u00e9rences</b></p>\n</pd_text>","MeetingCouncilAbbreviation":"S","MeetingDate":"20200619","MeetingVerbalixOid":3295,"IdSession":"5104","SpeakerFirstName":"Hans","SpeakerLastName":"St\u00f6ckli","SpeakerFullName":"St\u00f6ckli Hans","SpeakerFunction":"P-M","CouncilId":2,"CouncilName":"St\u00e4nderat","CantonId":2,"CantonName":"Bern","CantonAbbreviation":"BE","ParlGroupName":"Sozialdemokratische Fraktion","ParlGroupAbbreviation":"S","SortOrder":5,"Start":"\/Date(1592556176920)\/","End":"\/Date(1592556201260)\/","Function":"P-M","DisplaySpeaker":false,"LanguageOfText":null,"Modified":"\/Date(1631557183743)\/","StartTimeWithTimezone":"\/Date(1592556176920+0120)\/","EndTimeWithTimezone":"\/Date(1592556201260+0120)\/","VoteBusinessNumber":null,"VoteBusinessShortNumber":null,"VoteBusinessTitle":null}]},"ID":"49462","Language":"DE","IdMeeting":"4352","VerbalixOid":622558,"SortOrder":29,"Modified":"\/Date(1631557183743)\/"}}