{"d":{"__metadata":{"id":"https://ws.parlament.ch/OData.svc/Subject(ID=50070L,Language='DE')","uri":"https://ws.parlament.ch/OData.svc/Subject(ID=50070L,Language='DE')","type":"itsystems.Pd.DataServices.DataModel.Subject"},"Meetings":{"__metadata":{"id":"https://ws.parlament.ch/OData.svc/Meeting(ID=4375L,Language='DE')","uri":"https://ws.parlament.ch/OData.svc/Meeting(ID=4375L,Language='DE')","type":"itsystems.Pd.DataServices.DataModel.Meeting"},"Sessions":{"__deferred":{"uri":"https://ws.parlament.ch/OData.svc/Meeting(ID=4375L,Language='DE')/Sessions"}},"Subjects":{"__deferred":{"uri":"https://ws.parlament.ch/OData.svc/Meeting(ID=4375L,Language='DE')/Subjects"}},"ID":"4375","Language":"DE","MeetingNumber":12,"IdSession":5105,"SessionNumber":5,"SessionName":"Herbstsession 2020","Council":1,"CouncilName":"Nationalrat","CouncilAbbreviation":"NR","Date":"\/Date(1600300800000)\/","Begin":"1500","Modified":"\/Date(1603181782190)\/","LegislativePeriodNumber":51,"PublicationStatus":"final","MeetingOrderText":"Zw\u00f6lfte Sitzung","SortOrder":12,"Location":"N"},"SubjectsBusiness":{"results":[{"__metadata":{"id":"https://ws.parlament.ch/OData.svc/SubjectBusiness(BusinessNumber=20200049,IdSubject=50070L,Language='DE')","uri":"https://ws.parlament.ch/OData.svc/SubjectBusiness(BusinessNumber=20200049,IdSubject=50070L,Language='DE')","type":"itsystems.Pd.DataServices.DataModel.SubjectBusiness"},"Subjects":{"__deferred":{"uri":"https://ws.parlament.ch/OData.svc/SubjectBusiness(BusinessNumber=20200049,IdSubject=50070L,Language='DE')/Subjects"}},"Businesses":{"__deferred":{"uri":"https://ws.parlament.ch/OData.svc/SubjectBusiness(BusinessNumber=20200049,IdSubject=50070L,Language='DE')/Businesses"}},"IdSubject":"50070","BusinessNumber":20200049,"Language":"DE","BusinessShortNumber":"20.049","Title":"Kantonsverfassungen Glarus, Thurgau und Genf. Gew\u00e4hrleistung","SortOrder":1,"PublishedNotes":"Zweitrat - Deuxi\u00e8me Conseil\n","Modified":"\/Date(1598258872176)\/","TitleDE":"Kantonsverfassungen\n(GL, TG, GE).\nGew\u00e4hrleistung","TitleFR":"Constitutions cantonales\n(GL, TG, GE).\nGarantie","TitleIT":null}]},"Transcripts":{"results":[{"__metadata":{"id":"https://ws.parlament.ch/OData.svc/Transcript(ID=268994L,Language='DE')","uri":"https://ws.parlament.ch/OData.svc/Transcript(ID=268994L,Language='DE')","type":"itsystems.Pd.DataServices.DataModel.Transcript"},"Subjects":{"__deferred":{"uri":"https://ws.parlament.ch/OData.svc/Transcript(ID=268994L,Language='DE')/Subjects"}},"MembersCouncil":{"__deferred":{"uri":"https://ws.parlament.ch/OData.svc/Transcript(ID=268994L,Language='DE')/MembersCouncil"}},"Businesses":{"__deferred":{"uri":"https://ws.parlament.ch/OData.svc/Transcript(ID=268994L,Language='DE')/Businesses"}},"ID":"268994","Language":"DE","IdSubject":"50070","VoteId":null,"PersonNumber":1346,"Type":1,"Text":"<pd_text><p><b>La pr\u00e9sidente</b> (Moret Isabelle, pr\u00e9sidente): Vous avez re\u00e7u un rapport \u00e9crit de la commission.</p>\n<p>[VS]</p>\n<p><i>Eintreten ist obligatorisch </i>[GZ]</p>\n<p><i>L'entr\u00e9e en mati\u00e8re est acquise de plein droit</i></p>\n<p>[VS]</p>\n<p>[VS]</p>\n<p><b>Bundesbeschluss \u00fcber die Gew\u00e4hrleistung der ge\u00e4nderten Verfassungen der Kantone Glarus, Thurgau und Genf</b>[GZ]</p>\n<p><b>Arr\u00eat\u00e9 f\u00e9d\u00e9ral concernant la garantie des constitutions r\u00e9vis\u00e9es des cantons de Glaris, de Thurgovie et de Gen\u00e8ve</b>[GZ]</p>\n<p>[VS][GZ]</p>\n<p><i>Detailberatung - Discussion par article </i>[GZ]</p>\n<p>[VS][GZ]</p>\n<p><b>Titel und Ingress, Art. 1-4</b>[GZ]</p>\n<p><i>Antrag der Kommission </i>[GZ]</p>\n<p>Zustimmung zum Beschluss des St\u00e4nderates</p>\n<p>[VS]</p>\n<p><b>Titre et pr\u00e9ambule, art. 1-4</b>[GZ]</p>\n<p><i>Proposition de la commission </i>[GZ]</p>\n<p>Adh\u00e9rer \u00e0 la d\u00e9cision du Conseil des Etats[GZ]</p>\n<p>[VS][GZ]</p>\n<p><i>Angenommen - Adopt\u00e9</i></p>\n<p>[VS]</p>\n<p><b>La pr\u00e9sidente</b> (Moret Isabelle, pr\u00e9sidente): L'entr\u00e9e en mati\u00e8re \u00e9tant acquise de plein droit, il n'y a pas de vote sur l'ensemble. [PAGE 1649] </p>\n</pd_text>","MeetingCouncilAbbreviation":"N","MeetingDate":"20200917","MeetingVerbalixOid":3318,"IdSession":"5105","SpeakerFirstName":"Isabelle","SpeakerLastName":"Moret","SpeakerFullName":"Moret Isabelle","SpeakerFunction":"P-F","CouncilId":1,"CouncilName":"Nationalrat","CantonId":22,"CantonName":"Waadt","CantonAbbreviation":"VD","ParlGroupName":"FDP-Liberale Fraktion","ParlGroupAbbreviation":"RL","SortOrder":1,"Start":"\/Date(1600361062305)\/","End":"\/Date(1600361111137)\/","Function":"P-F","DisplaySpeaker":false,"LanguageOfText":null,"Modified":"\/Date(1774877099590)\/","StartTimeWithTimezone":"\/Date(1600361062307+0120)\/","EndTimeWithTimezone":"\/Date(1600361111137+0120)\/","VoteBusinessNumber":null,"VoteBusinessShortNumber":null,"VoteBusinessTitle":null}]},"ID":"50070","Language":"DE","IdMeeting":"4375","VerbalixOid":628523,"SortOrder":10,"Modified":"\/Date(1774877099587)\/"}}