{"d":{"__metadata":{"id":"https://ws.parlament.ch/OData.svc/Subject(ID=50243L,Language='DE')","uri":"https://ws.parlament.ch/OData.svc/Subject(ID=50243L,Language='DE')","type":"itsystems.Pd.DataServices.DataModel.Subject"},"Meetings":{"__metadata":{"id":"https://ws.parlament.ch/OData.svc/Meeting(ID=4379L,Language='DE')","uri":"https://ws.parlament.ch/OData.svc/Meeting(ID=4379L,Language='DE')","type":"itsystems.Pd.DataServices.DataModel.Meeting"},"Sessions":{"__deferred":{"uri":"https://ws.parlament.ch/OData.svc/Meeting(ID=4379L,Language='DE')/Sessions"}},"Subjects":{"__deferred":{"uri":"https://ws.parlament.ch/OData.svc/Meeting(ID=4379L,Language='DE')/Subjects"}},"ID":"4379","Language":"DE","MeetingNumber":11,"IdSession":5105,"SessionNumber":5,"SessionName":"Herbstsession 2020","Council":2,"CouncilName":"St\u00e4nderat","CouncilAbbreviation":"SR","Date":"\/Date(1600732800000)\/","Begin":"0815","Modified":"\/Date(1602575096327)\/","LegislativePeriodNumber":51,"PublicationStatus":"final","MeetingOrderText":"Elfte Sitzung","SortOrder":11,"Location":"S"},"SubjectsBusiness":{"results":[{"__metadata":{"id":"https://ws.parlament.ch/OData.svc/SubjectBusiness(BusinessNumber=20190079,IdSubject=50243L,Language='DE')","uri":"https://ws.parlament.ch/OData.svc/SubjectBusiness(BusinessNumber=20190079,IdSubject=50243L,Language='DE')","type":"itsystems.Pd.DataServices.DataModel.SubjectBusiness"},"Subjects":{"__deferred":{"uri":"https://ws.parlament.ch/OData.svc/SubjectBusiness(BusinessNumber=20190079,IdSubject=50243L,Language='DE')/Subjects"}},"Businesses":{"__deferred":{"uri":"https://ws.parlament.ch/OData.svc/SubjectBusiness(BusinessNumber=20190079,IdSubject=50243L,Language='DE')/Businesses"}},"IdSubject":"50243","BusinessNumber":20190079,"Language":"DE","BusinessShortNumber":"19.079","Title":"Programme \"SUPERB\" und \"ERP Systeme V/ar\". Verpflichtungskredite","SortOrder":1,"PublishedNotes":"Zweitrat - Deuxi\u00e8me Conseil\n","Modified":"\/Date(1592429812356)\/","TitleDE":"Programme Superb\nund ERP Systeme V/ar.\nVerpflichtungskredite","TitleFR":"Programmes Superb\net Syst\u00e8mes ERP D/ar.\nCr\u00e9dits d'engagement","TitleIT":null}]},"Transcripts":{"results":[{"__metadata":{"id":"https://ws.parlament.ch/OData.svc/Transcript(ID=269562L,Language='DE')","uri":"https://ws.parlament.ch/OData.svc/Transcript(ID=269562L,Language='DE')","type":"itsystems.Pd.DataServices.DataModel.Transcript"},"Subjects":{"__deferred":{"uri":"https://ws.parlament.ch/OData.svc/Transcript(ID=269562L,Language='DE')/Subjects"}},"MembersCouncil":{"__deferred":{"uri":"https://ws.parlament.ch/OData.svc/Transcript(ID=269562L,Language='DE')/MembersCouncil"}},"Businesses":{"__deferred":{"uri":"https://ws.parlament.ch/OData.svc/Transcript(ID=269562L,Language='DE')/Businesses"}},"ID":"269562","Language":"DE","IdSubject":"50243","VoteId":"3893","PersonNumber":null,"Type":2,"Text":"<pd_text><p><i>Ausgabenbremse - Frein aux d\u00e9penses</i>[GZ]</p>\n<p>[VS][GZ]</p>\n<p><i>Abstimmung - Vote </i>[GZ]</p>\n<p>[NAM][GZ]</p>\n<p>F\u00fcr Annahme der Ausgabe ... 29 Stimmen [GZ]</p>\n<p>(Einstimmigkeit)</p>\n<p>(0 Enthaltungen)</p>\n<p>[VS]</p>\n<p><i>Das qualifizierte Mehr ist erreicht</i>[GZ]</p>\n<p><i>La majorit\u00e9 qualifi\u00e9e est acquise</i></p>\n</pd_text>","MeetingCouncilAbbreviation":"S","MeetingDate":"20200922","MeetingVerbalixOid":3322,"IdSession":"5105","SpeakerFirstName":null,"SpeakerLastName":null,"SpeakerFullName":"","SpeakerFunction":null,"CouncilId":null,"CouncilName":null,"CantonId":null,"CantonName":null,"CantonAbbreviation":null,"ParlGroupName":null,"ParlGroupAbbreviation":null,"SortOrder":5,"Start":"\/Date(1600770210983)\/","End":"\/Date(1600770210983)\/","Function":null,"DisplaySpeaker":null,"LanguageOfText":null,"Modified":"\/Date(1664268937617)\/","StartTimeWithTimezone":"\/Date(1600770210983+0120)\/","EndTimeWithTimezone":"\/Date(1600770210983+0120)\/","VoteBusinessNumber":20190079,"VoteBusinessShortNumber":"19.079","VoteBusinessTitle":"Programme Superb\nund ERP Systeme V/ar.\nVerpflichtungskredite"},{"__metadata":{"id":"https://ws.parlament.ch/OData.svc/Transcript(ID=269566L,Language='DE')","uri":"https://ws.parlament.ch/OData.svc/Transcript(ID=269566L,Language='DE')","type":"itsystems.Pd.DataServices.DataModel.Transcript"},"Subjects":{"__deferred":{"uri":"https://ws.parlament.ch/OData.svc/Transcript(ID=269566L,Language='DE')/Subjects"}},"MembersCouncil":{"__deferred":{"uri":"https://ws.parlament.ch/OData.svc/Transcript(ID=269566L,Language='DE')/MembersCouncil"}},"Businesses":{"__deferred":{"uri":"https://ws.parlament.ch/OData.svc/Transcript(ID=269566L,Language='DE')/Businesses"}},"ID":"269566","Language":"DE","IdSubject":"50243","VoteId":"3894","PersonNumber":null,"Type":2,"Text":"<pd_text><p><i>Gesamtabstimmung - Vote sur l'ensemble </i>[GZ]</p>\n<p>[NAM][GZ]</p>\n<p>F\u00fcr Annahme des Entwurfes ... 32 Stimmen [GZ]</p>\n<p>(Einstimmigkeit) [GZ]</p>\n<p>(1 Enthaltung) [PAGE 970] </p>\n</pd_text>","MeetingCouncilAbbreviation":"S","MeetingDate":"20200922","MeetingVerbalixOid":3322,"IdSession":"5105","SpeakerFirstName":null,"SpeakerLastName":null,"SpeakerFullName":"","SpeakerFunction":null,"CouncilId":null,"CouncilName":null,"CantonId":null,"CantonName":null,"CantonAbbreviation":null,"ParlGroupName":null,"ParlGroupAbbreviation":null,"SortOrder":11,"Start":"\/Date(1600770359050)\/","End":"\/Date(1600770415680)\/","Function":null,"DisplaySpeaker":null,"LanguageOfText":null,"Modified":"\/Date(1664268937617)\/","StartTimeWithTimezone":"\/Date(1600770359050+0120)\/","EndTimeWithTimezone":"\/Date(1600770415680+0120)\/","VoteBusinessNumber":20190079,"VoteBusinessShortNumber":"19.079","VoteBusinessTitle":"Programme Superb\nund ERP Systeme V/ar.\nVerpflichtungskredite"},{"__metadata":{"id":"https://ws.parlament.ch/OData.svc/Transcript(ID=269568L,Language='DE')","uri":"https://ws.parlament.ch/OData.svc/Transcript(ID=269568L,Language='DE')","type":"itsystems.Pd.DataServices.DataModel.Transcript"},"Subjects":{"__deferred":{"uri":"https://ws.parlament.ch/OData.svc/Transcript(ID=269568L,Language='DE')/Subjects"}},"MembersCouncil":{"__deferred":{"uri":"https://ws.parlament.ch/OData.svc/Transcript(ID=269568L,Language='DE')/MembersCouncil"}},"Businesses":{"__deferred":{"uri":"https://ws.parlament.ch/OData.svc/Transcript(ID=269568L,Language='DE')/Businesses"}},"ID":"269568","Language":"DE","IdSubject":"50243","VoteId":null,"PersonNumber":4139,"Type":1,"Text":"<pd_text><p><i>Eintreten wird ohne Gegenantrag beschlossen </i>[GZ]</p>\n<p><i>L'entr\u00e9e en mati\u00e8re est d\u00e9cid\u00e9e sans opposition</i></p>\n<p>[VS]</p>\n<p>[VS]</p>\n<p><b>Bundesbeschluss \u00fcber die Verpflichtungskredite f\u00fcr die Programme Superb und ERP Systeme V/ar zur Modernisierung von Supportprozessen der Bundesverwaltung beziehungsweise von einsatzrelevanten SAP-Systemen im VBS</b>[GZ]</p>\n<p><b>Arr\u00eat\u00e9 f\u00e9d\u00e9ral concernant les cr\u00e9dits d'engagement en faveur des programmes Superb et Syst\u00e8mes ERP D/ar visant \u00e0 moderniser les processus de soutien de l'administration f\u00e9d\u00e9rale et des syst\u00e8mes SAP du DDPS destin\u00e9s \u00e0 la gestion des engagements</b>[GZ]</p>\n<p>[VS][GZ]</p>\n<p><i>Detailberatung - Discussion par article </i>[GZ]</p>\n<p>[VS][GZ]</p>\n<p><b>Titel und Ingress</b>[GZ]</p>\n<p><i>Antrag der Kommission </i>[GZ]</p>\n<p>Zustimmung zum Beschluss des Nationalrates</p>\n<p>[VS]</p>\n<p><b>Titre et pr\u00e9ambule</b>[GZ]</p>\n<p><i>Proposition de la commission </i>[GZ]</p>\n<p>Adh\u00e9rer \u00e0 la d\u00e9cision du Conseil national[GZ]</p>\n<p>[VS][GZ]</p>\n<p><i>Angenommen - Adopt\u00e9</i></p>\n<p>[VS]</p>\n<p><b>Art.</b>[NB]<b>1</b>[GZ]</p>\n<p><i>Antrag der Kommission </i>[GZ]</p>\n<p>Zustimmung zum Beschluss des Nationalrates</p>\n<p><i>Proposition de la commission </i>[GZ]</p>\n<p>Adh\u00e9rer \u00e0 la d\u00e9cision du Conseil national[GZ]</p>\n<p>[VS][GZ]</p>\n<p><i>Angenommen - Adopt\u00e9</i></p>\n</pd_text>","MeetingCouncilAbbreviation":"S","MeetingDate":"20200922","MeetingVerbalixOid":3322,"IdSession":"5105","SpeakerFirstName":"Thomas","SpeakerLastName":"Hefti","SpeakerFullName":"Hefti Thomas","SpeakerFunction":"2VP-M","CouncilId":2,"CouncilName":"St\u00e4nderat","CantonId":8,"CantonName":"Glarus","CantonAbbreviation":"GL","ParlGroupName":"FDP-Liberale Fraktion","ParlGroupAbbreviation":"RL","SortOrder":4,"Start":"\/Date(1600770176007)\/","End":"\/Date(1600770210983)\/","Function":"2VP-M","DisplaySpeaker":false,"LanguageOfText":null,"Modified":"\/Date(1664268937600)\/","StartTimeWithTimezone":"\/Date(1600770176007+0120)\/","EndTimeWithTimezone":"\/Date(1600770210983+0120)\/","VoteBusinessNumber":null,"VoteBusinessShortNumber":null,"VoteBusinessTitle":null},{"__metadata":{"id":"https://ws.parlament.ch/OData.svc/Transcript(ID=269569L,Language='DE')","uri":"https://ws.parlament.ch/OData.svc/Transcript(ID=269569L,Language='DE')","type":"itsystems.Pd.DataServices.DataModel.Transcript"},"Subjects":{"__deferred":{"uri":"https://ws.parlament.ch/OData.svc/Transcript(ID=269569L,Language='DE')/Subjects"}},"MembersCouncil":{"__deferred":{"uri":"https://ws.parlament.ch/OData.svc/Transcript(ID=269569L,Language='DE')/MembersCouncil"}},"Businesses":{"__deferred":{"uri":"https://ws.parlament.ch/OData.svc/Transcript(ID=269569L,Language='DE')/Businesses"}},"ID":"269569","Language":"DE","IdSubject":"50243","VoteId":null,"PersonNumber":4139,"Type":1,"Text":"<pd_text><p><b>Art.</b>[NB]<b>2 </b>[GZ]</p>\n<p><i>Antrag der Kommission </i>[GZ]</p>\n<p>Zustimmung zum Beschluss des Nationalrates</p>\n<p><i>Proposition de la commission </i>[GZ]</p>\n<p>Adh\u00e9rer \u00e0 la d\u00e9cision du Conseil national</p>\n</pd_text>","MeetingCouncilAbbreviation":"S","MeetingDate":"20200922","MeetingVerbalixOid":3322,"IdSession":"5105","SpeakerFirstName":"Thomas","SpeakerLastName":"Hefti","SpeakerFullName":"Hefti Thomas","SpeakerFunction":"2VP-M","CouncilId":2,"CouncilName":"St\u00e4nderat","CantonId":8,"CantonName":"Glarus","CantonAbbreviation":"GL","ParlGroupName":"FDP-Liberale Fraktion","ParlGroupAbbreviation":"RL","SortOrder":6,"Start":"\/Date(1600770210983)\/","End":"\/Date(1600770251800)\/","Function":"2VP-M","DisplaySpeaker":false,"LanguageOfText":null,"Modified":"\/Date(1664268937617)\/","StartTimeWithTimezone":"\/Date(1600770210983+0120)\/","EndTimeWithTimezone":"\/Date(1600770251800+0120)\/","VoteBusinessNumber":null,"VoteBusinessShortNumber":null,"VoteBusinessTitle":null},{"__metadata":{"id":"https://ws.parlament.ch/OData.svc/Transcript(ID=269571L,Language='DE')","uri":"https://ws.parlament.ch/OData.svc/Transcript(ID=269571L,Language='DE')","type":"itsystems.Pd.DataServices.DataModel.Transcript"},"Subjects":{"__deferred":{"uri":"https://ws.parlament.ch/OData.svc/Transcript(ID=269571L,Language='DE')/Subjects"}},"MembersCouncil":{"__deferred":{"uri":"https://ws.parlament.ch/OData.svc/Transcript(ID=269571L,Language='DE')/MembersCouncil"}},"Businesses":{"__deferred":{"uri":"https://ws.parlament.ch/OData.svc/Transcript(ID=269571L,Language='DE')/Businesses"}},"ID":"269571","Language":"DE","IdSubject":"50243","VoteId":null,"PersonNumber":4139,"Type":1,"Text":"<pd_text><p><i>Angenommen - Adopt\u00e9</i></p>\n<p>[VS]</p>\n<p><b>Art.</b>[NB]<b>3,</b>[NB]<b>4 </b>[GZ]</p>\n<p><i>Antrag der Kommission </i>[GZ]</p>\n<p>Zustimmung zum Beschluss des Nationalrates</p>\n<p><i>Proposition de la commission </i>[GZ]</p>\n<p>Adh\u00e9rer \u00e0 la d\u00e9cision du Conseil national</p>\n</pd_text>","MeetingCouncilAbbreviation":"S","MeetingDate":"20200922","MeetingVerbalixOid":3322,"IdSession":"5105","SpeakerFirstName":"Thomas","SpeakerLastName":"Hefti","SpeakerFullName":"Hefti Thomas","SpeakerFunction":"2VP-M","CouncilId":2,"CouncilName":"St\u00e4nderat","CantonId":8,"CantonName":"Glarus","CantonAbbreviation":"GL","ParlGroupName":"FDP-Liberale Fraktion","ParlGroupAbbreviation":"RL","SortOrder":8,"Start":"\/Date(1600770291017)\/","End":"\/Date(1600770308097)\/","Function":"2VP-M","DisplaySpeaker":false,"LanguageOfText":null,"Modified":"\/Date(1664268937617)\/","StartTimeWithTimezone":"\/Date(1600770291017+0120)\/","EndTimeWithTimezone":"\/Date(1600770308097+0120)\/","VoteBusinessNumber":null,"VoteBusinessShortNumber":null,"VoteBusinessTitle":null},{"__metadata":{"id":"https://ws.parlament.ch/OData.svc/Transcript(ID=269572L,Language='DE')","uri":"https://ws.parlament.ch/OData.svc/Transcript(ID=269572L,Language='DE')","type":"itsystems.Pd.DataServices.DataModel.Transcript"},"Subjects":{"__deferred":{"uri":"https://ws.parlament.ch/OData.svc/Transcript(ID=269572L,Language='DE')/Subjects"}},"MembersCouncil":{"__deferred":{"uri":"https://ws.parlament.ch/OData.svc/Transcript(ID=269572L,Language='DE')/MembersCouncil"}},"Businesses":{"__deferred":{"uri":"https://ws.parlament.ch/OData.svc/Transcript(ID=269572L,Language='DE')/Businesses"}},"ID":"269572","Language":"DE","IdSubject":"50243","VoteId":null,"PersonNumber":4139,"Type":1,"Text":"<pd_text><p><i>Angenommen - Adopt\u00e9</i></p>\n<p>[VS]</p>\n<p><b>Art. 5; Anhang </b>[GZ]</p>\n<p><i>Antrag der Kommission </i>[GZ]</p>\n<p>Zustimmung zum Beschluss des Nationalrates</p>\n<p>[VS]</p>\n<p><b>Art. 5; annexe</b>[GZ]</p>\n<p><i>Proposition de la commission </i>[GZ]</p>\n<p>Adh\u00e9rer \u00e0 la d\u00e9cision du Conseil national[GZ]</p>\n<p>[VS][GZ]</p>\n<p><i>Angenommen - Adopt\u00e9</i></p>\n<p>[VS]</p>\n</pd_text>","MeetingCouncilAbbreviation":"S","MeetingDate":"20200922","MeetingVerbalixOid":3322,"IdSession":"5105","SpeakerFirstName":"Thomas","SpeakerLastName":"Hefti","SpeakerFullName":"Hefti Thomas","SpeakerFunction":"2VP-M","CouncilId":2,"CouncilName":"St\u00e4nderat","CantonId":8,"CantonName":"Glarus","CantonAbbreviation":"GL","ParlGroupName":"FDP-Liberale Fraktion","ParlGroupAbbreviation":"RL","SortOrder":10,"Start":"\/Date(1600770324410)\/","End":"\/Date(1600770359050)\/","Function":"2VP-M","DisplaySpeaker":false,"LanguageOfText":null,"Modified":"\/Date(1664268937617)\/","StartTimeWithTimezone":"\/Date(1600770324410+0120)\/","EndTimeWithTimezone":"\/Date(1600770359050+0120)\/","VoteBusinessNumber":null,"VoteBusinessShortNumber":null,"VoteBusinessTitle":null},{"__metadata":{"id":"https://ws.parlament.ch/OData.svc/Transcript(ID=269579L,Language='DE')","uri":"https://ws.parlament.ch/OData.svc/Transcript(ID=269579L,Language='DE')","type":"itsystems.Pd.DataServices.DataModel.Transcript"},"Subjects":{"__deferred":{"uri":"https://ws.parlament.ch/OData.svc/Transcript(ID=269579L,Language='DE')/Subjects"}},"MembersCouncil":{"__deferred":{"uri":"https://ws.parlament.ch/OData.svc/Transcript(ID=269579L,Language='DE')/MembersCouncil"}},"Businesses":{"__deferred":{"uri":"https://ws.parlament.ch/OData.svc/Transcript(ID=269579L,Language='DE')/Businesses"}},"ID":"269579","Language":"DE","IdSubject":"50243","VoteId":null,"PersonNumber":4139,"Type":1,"Text":"<pd_text><p><b>Pr\u00e4sident</b> (Hefti Thomas, zweiter Vizepr\u00e4sident): K\u00f6nnen wir Eintreten beschliessen?</p>\n</pd_text>","MeetingCouncilAbbreviation":"S","MeetingDate":"20200922","MeetingVerbalixOid":3322,"IdSession":"5105","SpeakerFirstName":"Thomas","SpeakerLastName":"Hefti","SpeakerFullName":"Hefti Thomas","SpeakerFunction":"2VP-M","CouncilId":2,"CouncilName":"St\u00e4nderat","CantonId":8,"CantonName":"Glarus","CantonAbbreviation":"GL","ParlGroupName":"FDP-Liberale Fraktion","ParlGroupAbbreviation":"RL","SortOrder":2,"Start":"\/Date(1600769950520)\/","End":"\/Date(1600769967327)\/","Function":"2VP-M","DisplaySpeaker":false,"LanguageOfText":null,"Modified":"\/Date(1664268937600)\/","StartTimeWithTimezone":"\/Date(1600769950520+0120)\/","EndTimeWithTimezone":"\/Date(1600769967327+0120)\/","VoteBusinessNumber":null,"VoteBusinessShortNumber":null,"VoteBusinessTitle":null},{"__metadata":{"id":"https://ws.parlament.ch/OData.svc/Transcript(ID=269589L,Language='DE')","uri":"https://ws.parlament.ch/OData.svc/Transcript(ID=269589L,Language='DE')","type":"itsystems.Pd.DataServices.DataModel.Transcript"},"Subjects":{"__deferred":{"uri":"https://ws.parlament.ch/OData.svc/Transcript(ID=269589L,Language='DE')/Subjects"}},"MembersCouncil":{"__deferred":{"uri":"https://ws.parlament.ch/OData.svc/Transcript(ID=269589L,Language='DE')/MembersCouncil"}},"Businesses":{"__deferred":{"uri":"https://ws.parlament.ch/OData.svc/Transcript(ID=269589L,Language='DE')/Businesses"}},"ID":"269589","Language":"DE","IdSubject":"50243","VoteId":null,"PersonNumber":146,"Type":1,"Text":"<pd_text><p>Wenn Sie das beschliessen, freue ich mich nat\u00fcrlich. Es ist ein wichtiges Projekt, es geht um 560 Millionen Franken, davon 320 Millionen f\u00fcr die zentrale Bundesverwaltung und 240 Millionen f\u00fcr den Spezialteil des VBS. Superb ist eigentlich die Abl\u00f6sung der Software der Verwaltung. Es ist aber weit mehr als ein Informatikprojekt. Es ist ein Prozess, der die Verwaltungsarbeit in vielen Teilen neu regelt. Das sind dann auch die Gr\u00fcnde, dass Ihre Schwesterkommission und der Nationalrat zwei Forderungen gestellt haben und den Beschluss erg\u00e4nzt haben. </p>\n<p>Erstens geht es darum, dass die Verpflichtungskredite erst ausgel\u00f6st werden k\u00f6nnen, wenn der Bundesrat eine Weisung verabschiedet, die klarlegt, wer wann zu entscheiden hat. Das haben wir inzwischen gemacht; es geht eigentlich darum, festzulegen, wer in Diskussionsf\u00e4llen schlussendlich entscheidet. Weil es eben nicht nur Informatik ist, sondern auch Prozesse definiert werden, ist es wichtig, dass Silos innerhalb der Verwaltung aufgel\u00f6st werden k\u00f6nnen und jemand bei Spezialanwendungen endg\u00fcltig entscheiden kann, ob das notwendig ist oder ob das im Standard der Programme enthalten ist. Das haben wir mit dieser Verordnung, mit dieser Weisung gemacht, die wir Ihnen zugestellt haben. [PAGE 969] </p>\n<p>Das Zweite, das Sie gefordert haben, ist ein Bericht \u00fcber das Einsparungspotenzial, das wir mit dieser Investition dann ausweisen k\u00f6nnen. Daran arbeiten wir, wir werden Ihnen das ebenfalls so darlegen, dass Sie das dann auch kontrollieren k\u00f6nnen. Es ist ja klar: Wenn wir so viel Geld investieren, muss auch ein Effizienzgewinn herausschauen; einerseits durch entsprechende Einsparungen, andererseits durch bessere Transparenz und bessere Daten. Daran arbeiten wir. Wir sind zuversichtlich, dass Sie mit dem Bericht dann auch einverstanden sind, den wir Ihnen Ende Jahr bzw. Mitte des n\u00e4chsten Jahres unterbreiten werden.</p>\n<p>Das sind die Erg\u00e4nzungen, die Sie gemacht haben. Wir sind damit einverstanden. Das Programm l\u00e4uft ja bereits, wir haben die bisherigen Arbeiten aus dem Sammelkredit bezahlt. Wir sind sehr gut unterwegs, sowohl bez\u00fcglich der Termine, trotz Corona-bedingter Pause in diesem Sommer, wie auch bez\u00fcglich der Kosten. </p>\n<p>Wir sind zuversichtlich, dass wir das Projekt erfolgreich beenden k\u00f6nnen, weil es eben langfristige Auswirkungen haben wird. Wir werden Vereinfachungen erzielen in den Querschnitt\u00e4mtern, in der Beschaffung, im Personal und in den Finanzen, insbesondere in Form der digitalen Prozesse. Das wird und muss zu weniger Papier f\u00fchren, zu mehr Transparenz und zu schnellerem Arbeiten. Wie Sie geh\u00f6rt haben, hat der Nationalrat ohne Gegenstimme zugestimmt. </p>\n<p>Ich bitte Sie ebenfalls, der Vorlage zuzustimmen. Sie werden \u00fcber die Finanzkommissionen regelm\u00e4ssig \u00fcber den Stand der Projekte informiert werden, die Finanzkontrolle begleitet das ebenfalls sehr eng. Wir sind \u00fcberzeugt, dass wir hier eine Vorlage haben, die gut unterwegs ist, die jetzt in der Verwaltung eine hohe Akzeptanz hat und die zu Einsparungen und besseren Prozessen f\u00fchren wird.</p>\n</pd_text>","MeetingCouncilAbbreviation":"S","MeetingDate":"20200922","MeetingVerbalixOid":3322,"IdSession":"5105","SpeakerFirstName":"Ueli","SpeakerLastName":"Maurer","SpeakerFullName":"Maurer Ueli","SpeakerFunction":"BR-M","CouncilId":99,"CouncilName":"Bundesrat","CantonId":1,"CantonName":"Z\u00fcrich","CantonAbbreviation":"ZH","ParlGroupName":null,"ParlGroupAbbreviation":null,"SortOrder":3,"Start":"\/Date(1600769967327)\/","End":"\/Date(1600770176007)\/","Function":"BR-M","DisplaySpeaker":true,"LanguageOfText":"DE","Modified":"\/Date(1664268937600)\/","StartTimeWithTimezone":"\/Date(1600769967327+0120)\/","EndTimeWithTimezone":"\/Date(1600770176007+0120)\/","VoteBusinessNumber":null,"VoteBusinessShortNumber":null,"VoteBusinessTitle":null},{"__metadata":{"id":"https://ws.parlament.ch/OData.svc/Transcript(ID=269754L,Language='DE')","uri":"https://ws.parlament.ch/OData.svc/Transcript(ID=269754L,Language='DE')","type":"itsystems.Pd.DataServices.DataModel.Transcript"},"Subjects":{"__deferred":{"uri":"https://ws.parlament.ch/OData.svc/Transcript(ID=269754L,Language='DE')/Subjects"}},"MembersCouncil":{"__deferred":{"uri":"https://ws.parlament.ch/OData.svc/Transcript(ID=269754L,Language='DE')/MembersCouncil"}},"Businesses":{"__deferred":{"uri":"https://ws.parlament.ch/OData.svc/Transcript(ID=269754L,Language='DE')/Businesses"}},"ID":"269754","Language":"DE","IdSubject":"50243","VoteId":null,"PersonNumber":4239,"Type":1,"Text":"<pd_text><p>Der Bundesrat hat an seiner Sitzung vom 13. Dezember 2019 eine Botschaft zur Modernisierung von Supportprozessen der Bundesverwaltung sowie von einsatzrelevanten Systemen im VBS verabschiedet. Beantragt werden zwei Verpflichtungskredite, n\u00e4mlich 320 Millionen Franken f\u00fcr das zivile und 240 Millionen Franken f\u00fcr das milit\u00e4rische Umsetzungsprogramm. Die beiden Programme f\u00fchren zu einem technologischen Generationenwechsel und tragen zur Harmonisierung und Standardisierung von Supportprozessen in der Bundesverwaltung bei. Es handelt sich um eines der gr\u00f6ssten Informatikprojekte der Bundesverwaltung. Als Folge m\u00fcssen in der ganzen Verwaltung die meisten betroffenen Gesch\u00e4ftsprozesse und Anwendungen angepasst bzw. migriert werden.</p>\n<p>Damit die Bundesverwaltung ihre Aufgaben und Dienstleistungen f\u00fcr den Bund erf\u00fcllen kann, ben\u00f6tigt sie IKT-unterst\u00fctzte Anwendungen, von einfachen Datenbanken bis hin zu hochkomplexen Simulations- und Prognosemodellen. Die zivile Bundesverwaltung und die Armee setzen insbesondere im Bereich der Supportprozesse Finanzen, Logistik, Beschaffung, Immobilien und Personalwesen seit rund zwanzig Jahren die Standardsoftware der Firma SAP ein. \u00dcber diese sogenannten Enterprise-Resource-Planning-Systeme, kurz ERP-Systeme genannt, werden beispielsweise j\u00e4hrlich mehrere hunderttausend Lohnabrechnungen, gegen f\u00fcnf Millionen Logistikauftr\u00e4ge und t\u00e4glich bis zu 50[NB]000 Transaktionen im Zahlungsverkehr abgewickelt.</p>\n<p>Das aktuell in der Bundesverwaltung eingesetzte ERP-System wird nur noch bis Ende 2027 - das ist eine Verl\u00e4ngerung, steht in der Botschaft doch noch 2025 - von SAP unterst\u00fctzt, da die Firma neu auf moderne Technologien wie Echtzeitverarbeitung und Cloud-L\u00f6sungen setzt. Ein Wechsel ist f\u00fcr die Bundesverwaltung daher unumg\u00e4nglich.</p>\n<p>Der Bundesrat hat sich bereits am 28. Juni 2017 auf Basis einer umfassenden Marktanalyse entschieden, weiterhin mit SAP zusammenzuarbeiten und die Systeme auf deren neue Technologie S/4HANA zu migrieren. Diese Migration wird f\u00fcr die zivilen ERP-Systeme und die einsatzrelevanten SAP-Systeme der Armee in zwei separaten, aber eng abgestimmten Programmen durchgef\u00fchrt.</p>\n<p>F\u00fcr die Umsetzung der beiden Programme wird mit der Botschaft je ein Verpflichtungskredit beantragt. Die Gesamtkosten werden auf rund 780 Millionen Franken gesch\u00e4tzt. In diesen Gesamtkosten sind die beiden Verpflichtungskredite und die \u00fcber den Personalaufwand verrechneten Eigenleistungen enthalten. Die Kosten wurden unter Einbezug von zahlreichen Fach- und IKT-Experten gesch\u00e4tzt, soweit m\u00f6glich mit Referenzprojekten verglichen und durch Zweitmeinungen zweier Revisionsh\u00e4user validiert.</p>\n<p>Das erste System, also Superb, ist das Programm f\u00fcr die Modernisierung der Informatiksysteme zur Unterst\u00fctzung der Supportprozesse und f\u00fcr den technologischen Generationenwechsel der zivilen SAP-Systeme. Das andere System heisst ERP Systeme V/ar und ist das Programm f\u00fcr die Erneuerung der einsatzrelevanten SAP-Systeme des VBS. Dieses ist notwendig, weil die Armee basierend auf dem Leistungsauftrag 2018 auf ein besonders gesichertes, abkoppelbares und hochfunktionales System auch in ausserordentlichen Lagen zur\u00fcckgreifen k\u00f6nnen muss.</p>\n<p>Der Nationalrat hat den zwei Verpflichtungskrediten am 17.[NB]Juni 2020 als Erstrat mit 189 zu 0 Stimmen bei 1 Enthaltung zugestimmt.</p>\n<p>Dass es diese Nachfolgel\u00f6sungen braucht, war in der vorberatenden Finanzkommission des Nationalrates unbestritten. Bedenken gab es, was die Steuerung \u00fcber die Departemente hinweg betrifft, und nicht vollst\u00e4ndig ausger\u00e4umt werden konnten auch die Vorbehalte, ob effektive Verbesserungen und gemeinsame L\u00f6sungen auch wirklich realisiert w\u00fcrden, die geplanten Synergieeffekte also erreicht w\u00fcrden, weil in der Verwaltung zu sehr in Silos gedacht und umgesetzt werde, anstatt sie als globale Einheit zu betrachten.</p>\n<p>Um diesen Bedenken zu begegnen, empfahl die Finanzkommission des Nationalrates einstimmig die Streichung der Aufteilung der Verpflichtungskredite in je drei Tranchen. Stattdessen verlangte sie in einem neuen Artikel 2 halbj\u00e4hrliche obligatorische Projektrapporte \u00fcber die bundesweiten Nutzen- und Synergiepotenziale sowie die Auswirkungen auf das Personal. Diese Rapporte und die j\u00e4hrlichen Budgetfreigaben w\u00fcrden nach der \u00dcberzeugung der FK-N gen\u00fcgend und ad\u00e4quatere M\u00f6glichkeiten zur Steuerung bieten. In einem neuen Artikel 4 schrieb die FK-N zudem vor, dass vor der tats\u00e4chlichen Freigabe der Kredite eine Weisung[NB]erlassen[NB]werden[NB]m\u00fcsse, welche das Vorgehen im Streitfall regelt. </p>\n<p>Die Eidgen\u00f6ssische Finanzkontrolle hat die Arbeiten am IT-Grossprojekt in den letzten Jahren begleitet. Die Erg\u00e4nzungen des Nationalrates gehen auf ihre Empfehlungen zur\u00fcck. Ich habe es vorhin schon gesagt, der Nationalrat hat dann mit diesen \u00c4nderungen den zwei Verpflichtungskrediten zugestimmt.</p>\n<p>Ihre Finanzkommission hat das Gesch\u00e4ft an der Sitzung vom 24./25. August 2020 behandelt. Zu diesem Zeitpunkt lag die von der FK-N verlangte Weisung bereits vor. Der Bundesrat erf\u00fcllt darin die Forderungen des Nationalrates, indem er mit Beschluss vom 19. August 2020 die Weisungen zum Programm Superb vom 12. Februar 2020 im Sinne der Forderungen des Nationalrates angepasst hat und ein Weisungsrecht des Programmauftraggebers Superb verankert hat, f\u00fcr F\u00e4lle, in denen sich beteiligte \u00c4mter und Departemente nicht einigen k\u00f6nnen. Die Finanzkontrolle zeigte sich mit der vorliegenden Weisung zufrieden.</p>\n<p>Das Gesch\u00e4ft war mit den vom Nationalrat vorgenommenen \u00c4nderungen und der erlassenen Weisung in der FK-S unbestritten. Die Kommission ist von der Notwendigkeit der Kredite \u00fcberzeugt und beantragt Ihnen einstimmig Zustimmung zum Beschluss des Nationalrates.</p>\n</pd_text>","MeetingCouncilAbbreviation":"S","MeetingDate":"20200922","MeetingVerbalixOid":3322,"IdSession":"5105","SpeakerFirstName":"Eva","SpeakerLastName":"Herzog","SpeakerFullName":"Herzog Eva","SpeakerFunction":"Mit-F","CouncilId":2,"CouncilName":"St\u00e4nderat","CantonId":12,"CantonName":"Basel-Stadt","CantonAbbreviation":"BS","ParlGroupName":"Sozialdemokratische Fraktion","ParlGroupAbbreviation":"S","SortOrder":1,"Start":"\/Date(1600769585817)\/","End":"\/Date(1600769950520)\/","Function":"*","DisplaySpeaker":true,"LanguageOfText":"DE","Modified":"\/Date(1664268937600)\/","StartTimeWithTimezone":"\/Date(1600769585817+0120)\/","EndTimeWithTimezone":"\/Date(1600769950520+0120)\/","VoteBusinessNumber":null,"VoteBusinessShortNumber":null,"VoteBusinessTitle":null},{"__metadata":{"id":"https://ws.parlament.ch/OData.svc/Transcript(ID=269756L,Language='DE')","uri":"https://ws.parlament.ch/OData.svc/Transcript(ID=269756L,Language='DE')","type":"itsystems.Pd.DataServices.DataModel.Transcript"},"Subjects":{"__deferred":{"uri":"https://ws.parlament.ch/OData.svc/Transcript(ID=269756L,Language='DE')/Subjects"}},"MembersCouncil":{"__deferred":{"uri":"https://ws.parlament.ch/OData.svc/Transcript(ID=269756L,Language='DE')/MembersCouncil"}},"Businesses":{"__deferred":{"uri":"https://ws.parlament.ch/OData.svc/Transcript(ID=269756L,Language='DE')/Businesses"}},"ID":"269756","Language":"DE","IdSubject":"50243","VoteId":null,"PersonNumber":4239,"Type":1,"Text":"<pd_text><p>Nur kurz: Das ist eben dieser Artikel, den ich vorhin erw\u00e4hnt habe. Die Verbesserung, auch aus Sicht Ihrer Finanzkommission, die die Finanzkommission des Nationalrates vorgenommen hat, besteht darin, dass man, anstatt feste Tranchen festzulegen, aufgrund einer halbj\u00e4hrlichen Berichterstattung \u00fcber den Stand des Projektes und auch aufgrund eines Berichtes \u00fcber die Synergien dann quasi eine rollende Planung machen kann, was die Kredite angeht. Wichtig ist also die Berichterstattung, um auf dem neuesten Stand zu sein, und nicht eine k\u00fcnstliche Aufteilung in Tranchen. </p>\n<p>Ich bitte Sie, auch Artikel 2 in der Fassung des Nationalrates zu unterst\u00fctzen. </p>\n</pd_text>","MeetingCouncilAbbreviation":"S","MeetingDate":"20200922","MeetingVerbalixOid":3322,"IdSession":"5105","SpeakerFirstName":"Eva","SpeakerLastName":"Herzog","SpeakerFullName":"Herzog Eva","SpeakerFunction":"Mit-F","CouncilId":2,"CouncilName":"St\u00e4nderat","CantonId":12,"CantonName":"Basel-Stadt","CantonAbbreviation":"BS","ParlGroupName":"Sozialdemokratische Fraktion","ParlGroupAbbreviation":"S","SortOrder":7,"Start":"\/Date(1600770251800)\/","End":"\/Date(1600770291017)\/","Function":"*","DisplaySpeaker":true,"LanguageOfText":"DE","Modified":"\/Date(1664268937617)\/","StartTimeWithTimezone":"\/Date(1600770251800+0120)\/","EndTimeWithTimezone":"\/Date(1600770291017+0120)\/","VoteBusinessNumber":null,"VoteBusinessShortNumber":null,"VoteBusinessTitle":null},{"__metadata":{"id":"https://ws.parlament.ch/OData.svc/Transcript(ID=269757L,Language='DE')","uri":"https://ws.parlament.ch/OData.svc/Transcript(ID=269757L,Language='DE')","type":"itsystems.Pd.DataServices.DataModel.Transcript"},"Subjects":{"__deferred":{"uri":"https://ws.parlament.ch/OData.svc/Transcript(ID=269757L,Language='DE')/Subjects"}},"MembersCouncil":{"__deferred":{"uri":"https://ws.parlament.ch/OData.svc/Transcript(ID=269757L,Language='DE')/MembersCouncil"}},"Businesses":{"__deferred":{"uri":"https://ws.parlament.ch/OData.svc/Transcript(ID=269757L,Language='DE')/Businesses"}},"ID":"269757","Language":"DE","IdSubject":"50243","VoteId":null,"PersonNumber":4239,"Type":1,"Text":"<pd_text><p>Vielleicht ganz kurz, ich habe das vorhin ja schon erw\u00e4hnt: Ich bitte Sie einfach noch einmal, Artikel 3 und vor allem auch Artikel 4 in der Version des Nationalrates zu unterst\u00fctzen. Artikel 4, wie ihn der Nationalrat formuliert hat, ist ein zus\u00e4tzlicher Artikel.</p>\n</pd_text>","MeetingCouncilAbbreviation":"S","MeetingDate":"20200922","MeetingVerbalixOid":3322,"IdSession":"5105","SpeakerFirstName":"Eva","SpeakerLastName":"Herzog","SpeakerFullName":"Herzog Eva","SpeakerFunction":"Mit-F","CouncilId":2,"CouncilName":"St\u00e4nderat","CantonId":12,"CantonName":"Basel-Stadt","CantonAbbreviation":"BS","ParlGroupName":"Sozialdemokratische Fraktion","ParlGroupAbbreviation":"S","SortOrder":9,"Start":"\/Date(1600770308097)\/","End":"\/Date(1600770324410)\/","Function":"*","DisplaySpeaker":true,"LanguageOfText":"DE","Modified":"\/Date(1664268937617)\/","StartTimeWithTimezone":"\/Date(1600770308097+0120)\/","EndTimeWithTimezone":"\/Date(1600770324410+0120)\/","VoteBusinessNumber":null,"VoteBusinessShortNumber":null,"VoteBusinessTitle":null}]},"ID":"50243","Language":"DE","IdMeeting":"4379","VerbalixOid":629549,"SortOrder":6,"Modified":"\/Date(1664268937600)\/"}}