{"d":{"__metadata":{"id":"https://ws.parlament.ch/OData.svc/Subject(ID=50263L,Language='DE')","uri":"https://ws.parlament.ch/OData.svc/Subject(ID=50263L,Language='DE')","type":"itsystems.Pd.DataServices.DataModel.Subject"},"Meetings":{"__metadata":{"id":"https://ws.parlament.ch/OData.svc/Meeting(ID=4379L,Language='DE')","uri":"https://ws.parlament.ch/OData.svc/Meeting(ID=4379L,Language='DE')","type":"itsystems.Pd.DataServices.DataModel.Meeting"},"Sessions":{"__deferred":{"uri":"https://ws.parlament.ch/OData.svc/Meeting(ID=4379L,Language='DE')/Sessions"}},"Subjects":{"__deferred":{"uri":"https://ws.parlament.ch/OData.svc/Meeting(ID=4379L,Language='DE')/Subjects"}},"ID":"4379","Language":"DE","MeetingNumber":11,"IdSession":5105,"SessionNumber":5,"SessionName":"Herbstsession 2020","Council":2,"CouncilName":"St\u00e4nderat","CouncilAbbreviation":"SR","Date":"\/Date(1600732800000)\/","Begin":"0815","Modified":"\/Date(1602575096327)\/","LegislativePeriodNumber":51,"PublicationStatus":"final","MeetingOrderText":"Elfte Sitzung","SortOrder":11,"Location":"S"},"SubjectsBusiness":{"results":[{"__metadata":{"id":"https://ws.parlament.ch/OData.svc/SubjectBusiness(BusinessNumber=20200002,IdSubject=50263L,Language='DE')","uri":"https://ws.parlament.ch/OData.svc/SubjectBusiness(BusinessNumber=20200002,IdSubject=50263L,Language='DE')","type":"itsystems.Pd.DataServices.DataModel.SubjectBusiness"},"Subjects":{"__deferred":{"uri":"https://ws.parlament.ch/OData.svc/SubjectBusiness(BusinessNumber=20200002,IdSubject=50263L,Language='DE')/Subjects"}},"Businesses":{"__deferred":{"uri":"https://ws.parlament.ch/OData.svc/SubjectBusiness(BusinessNumber=20200002,IdSubject=50263L,Language='DE')/Businesses"}},"IdSubject":"50263","BusinessNumber":20200002,"Language":"DE","BusinessShortNumber":"20.002","Title":"Gesch\u00e4ftsbericht 2019 des Bundesgerichtes","SortOrder":1,"PublishedNotes":"Zweitrat - Deuxi\u00e8me Conseil\n","Modified":"\/Date(1599084366390)\/","TitleDE":"Gesch\u00e4ftsbericht\ndes Bundesgerichtes 2019","TitleFR":"Rapport de gestion\ndu Tribunal f\u00e9d\u00e9ral 2019","TitleIT":null}]},"Transcripts":{"results":[{"__metadata":{"id":"https://ws.parlament.ch/OData.svc/Transcript(ID=269701L,Language='DE')","uri":"https://ws.parlament.ch/OData.svc/Transcript(ID=269701L,Language='DE')","type":"itsystems.Pd.DataServices.DataModel.Transcript"},"Subjects":{"__deferred":{"uri":"https://ws.parlament.ch/OData.svc/Transcript(ID=269701L,Language='DE')/Subjects"}},"MembersCouncil":{"__deferred":{"uri":"https://ws.parlament.ch/OData.svc/Transcript(ID=269701L,Language='DE')/MembersCouncil"}},"Businesses":{"__deferred":{"uri":"https://ws.parlament.ch/OData.svc/Transcript(ID=269701L,Language='DE')/Businesses"}},"ID":"269701","Language":"DE","IdSubject":"50263","VoteId":null,"PersonNumber":1267,"Type":1,"Text":"<pd_text><p><b>Meyer</b> Ulrich, pr\u00e9sident du Tribunal f\u00e9d\u00e9ral: Monsieur Sommaruga, rapporteur, a donn\u00e9 un aper\u00e7u repr\u00e9sentatif des activit\u00e9s et des probl\u00e8mes qui ont occup\u00e9 le Tribunal f\u00e9d\u00e9ral en 2019 et au d\u00e9but de 2020.</p>\n<p>Ich versuche, den Themen von St\u00e4nderat Sommaruga, dem Berichterstatter, zu folgen, und beginne mit der Gesch\u00e4ftslast.</p>\n<p>Die Gesch\u00e4ftslast ist in der Tat nach wie vor sehr hoch. Sie ist f\u00fcr ein h\u00f6chstes Gericht, wie es das Bundesgericht gem\u00e4ss Verfassung ist, eindeutig zu hoch. Namentlich im Bereich des Strafrechts finden wir eine enorme Zunahme der Beschwerden. Mehr als ein Viertel aller F\u00e4lle, die das Bundesgericht zu bearbeiten hat, ist mittlerweile strafrechtlicher Natur. Das stellt uns mit Blick auf die Reorganisation des Bundesgerichtes vor grosse Herausforderungen.</p>\n<p>Damit h\u00e4ngt eben auch das Scheitern der Revision des Bundesgerichtsgesetzes zusammen. Dieses Scheitern hat sich im Berichtsjahr 2019 abgezeichnet, und in der Fr\u00fchjahrssession 2020 hat diese Revision endg\u00fcltig ihr Ende genommen. F\u00fcr das Bundesgericht heisst das, dass wir mit den gleichen Parametern, mit den gleichen juristischen Vorgaben, mit den gleichen Eintretensvorschriften auf viele Jahre hinaus weiterarbeiten werden.</p>\n<p>Weiter hat der Herr Berichterstatter die Aufsichtsaufgabe angesprochen, die das Bundesgericht, geteilt mit der Oberaufsicht des Parlamentes, \u00fcber die erstinstanzlichen Gerichte wahrnimmt.</p>\n<p>Erlauben Sie mir, Ihnen zu den Aufsichtsverfahren bez\u00fcglich Bellinzona, also des Bundesstrafgerichtes, einige Informationen zu geben. Es ist klar, dass die im Dezember 2019 in der Presse kolportierten Vorw\u00fcrfe an das Bundesstrafgericht ein aufsichtsrechtliches Einschreiten notwendig machten. Deswegen haben wir schon am 6. Januar 2020 ein aufsichtsrechtliches Verfahren gegen\u00fcber dem Bundesstrafgericht er\u00f6ffnet. Der Bericht vom 5. April 2020 hat auch einen Auftrag des Parlamentes erf\u00fcllt, den uns die Gesch\u00e4ftspr\u00fcfungskommission Ende Januar 2020 erteilt hatte.</p>\n<p>Le r\u00e9sultat de notre enqu\u00eate est important: il est que 95 pour cent de tous les reproches adress\u00e9s au Tribunal p\u00e9nal f\u00e9d\u00e9ral ne se sont pas v\u00e9rifi\u00e9s.</p>\n<p>Wir haben diesen Bericht vom 5. April 2020, der eine Doppelnatur hat: Einerseits ist es unser eigener Bericht, andererseits haben wir mit diesem Bericht einen Auftrag der Gesch\u00e4ftspr\u00fcfungskommission erf\u00fcllt. Ich m\u00f6chte einfach festhalten, dass wir sowohl die Er\u00f6ffnung des Berichtes gegen\u00fcber der betroffenen Institution, dem Bundesstrafgericht, als auch die Aufschaltung des Berichtes auf dem Internet mit Namensnennung entsprechend der eigenen Praxis der Gesch\u00e4ftspr\u00fcfungskommissionen mit den Pr\u00e4sidien der Subkommissionen Bundesanwaltschaft/Gerichte vorg\u00e4ngig abgesprochen hatten.</p>\n<p>Auch wenn nun im Anschluss an unseren Bericht Kritik lautgeworden ist, m\u00f6chte ich einfach sagen, und das ist ein bisschen das Ergebnis meiner acht Jahre T\u00e4tigkeit in der Verwaltungskommission des Bundesgerichtes als Aufsichtsbeh\u00f6rde: Die Oberaufsicht des Parlamentes, welche die Gesch\u00e4ftspr\u00fcfungskommissionen aus\u00fcben, und die direkte Aufsicht des Bundesgerichtes m\u00fcssen zusammenarbeiten: On doit collaborer, travailler de concert. Wir m\u00fcssen hier nicht die Gegens\u00e4tze suchen, sondern das gemeinsame Ziel, n\u00e4mlich sicherzustellen, dass die vier eidgen\u00f6ssischen Gerichte ordnungsgem\u00e4ss funktionieren. Diese Versicherung kann ich Ihnen geben: Alle vier eidgen\u00f6ssischen Gerichte arbeiten ordnungsgem\u00e4ss. Sie sind in ihrer T\u00e4tigkeit einzig dem Recht verpflichtet, wie es in der Verfassung steht.</p>\n<p>Damit h\u00e4tte ich f\u00fcrs Erste geschlossen und stehe Ihnen f\u00fcr allf\u00e4llige Fragen zur Verf\u00fcgung.</p>\n</pd_text>","MeetingCouncilAbbreviation":"S","MeetingDate":"20200922","MeetingVerbalixOid":3322,"IdSession":"5105","SpeakerFirstName":"Hans","SpeakerLastName":"St\u00f6ckli","SpeakerFullName":"St\u00f6ckli Hans","SpeakerFunction":"P-M","CouncilId":2,"CouncilName":"St\u00e4nderat","CantonId":2,"CantonName":"Bern","CantonAbbreviation":"BE","ParlGroupName":"Sozialdemokratische Fraktion","ParlGroupAbbreviation":"S","SortOrder":3,"Start":"\/Date(1600777674253)\/","End":"\/Date(1600777976600)\/","Function":"P-M","DisplaySpeaker":false,"LanguageOfText":null,"Modified":"\/Date(1664268937773)\/","StartTimeWithTimezone":"\/Date(1600777674253+0120)\/","EndTimeWithTimezone":"\/Date(1600777976600+0120)\/","VoteBusinessNumber":null,"VoteBusinessShortNumber":null,"VoteBusinessTitle":null},{"__metadata":{"id":"https://ws.parlament.ch/OData.svc/Transcript(ID=269709L,Language='DE')","uri":"https://ws.parlament.ch/OData.svc/Transcript(ID=269709L,Language='DE')","type":"itsystems.Pd.DataServices.DataModel.Transcript"},"Subjects":{"__deferred":{"uri":"https://ws.parlament.ch/OData.svc/Transcript(ID=269709L,Language='DE')/Subjects"}},"MembersCouncil":{"__deferred":{"uri":"https://ws.parlament.ch/OData.svc/Transcript(ID=269709L,Language='DE')/MembersCouncil"}},"Businesses":{"__deferred":{"uri":"https://ws.parlament.ch/OData.svc/Transcript(ID=269709L,Language='DE')/Businesses"}},"ID":"269709","Language":"DE","IdSubject":"50263","VoteId":null,"PersonNumber":null,"Type":3,"Text":"<pd_text><p><b>Pr\u00e4sident</b> (Hefti Thomas, zweiter Vizepr\u00e4sident): Ich begr\u00fcsse den Pr\u00e4sidenten des Bundesgerichtes, Herrn Ulrich Meyer, und heisse ihn in unserem Rat willkommen.</p>\n</pd_text>","MeetingCouncilAbbreviation":"S","MeetingDate":"20200922","MeetingVerbalixOid":3322,"IdSession":"5105","SpeakerFirstName":null,"SpeakerLastName":null,"SpeakerFullName":"","SpeakerFunction":null,"CouncilId":null,"CouncilName":null,"CantonId":null,"CantonName":null,"CantonAbbreviation":null,"ParlGroupName":null,"ParlGroupAbbreviation":null,"SortOrder":1,"Start":"\/Date(1600777069940)\/","End":"\/Date(1600777097323)\/","Function":null,"DisplaySpeaker":null,"LanguageOfText":"DE","Modified":"\/Date(1664268937757)\/","StartTimeWithTimezone":"\/Date(1600777069940+0120)\/","EndTimeWithTimezone":"\/Date(1600777097323+0120)\/","VoteBusinessNumber":null,"VoteBusinessShortNumber":null,"VoteBusinessTitle":null},{"__metadata":{"id":"https://ws.parlament.ch/OData.svc/Transcript(ID=269712L,Language='DE')","uri":"https://ws.parlament.ch/OData.svc/Transcript(ID=269712L,Language='DE')","type":"itsystems.Pd.DataServices.DataModel.Transcript"},"Subjects":{"__deferred":{"uri":"https://ws.parlament.ch/OData.svc/Transcript(ID=269712L,Language='DE')/Subjects"}},"MembersCouncil":{"__deferred":{"uri":"https://ws.parlament.ch/OData.svc/Transcript(ID=269712L,Language='DE')/MembersCouncil"}},"Businesses":{"__deferred":{"uri":"https://ws.parlament.ch/OData.svc/Transcript(ID=269712L,Language='DE')/Businesses"}},"ID":"269712","Language":"DE","IdSubject":"50263","VoteId":null,"PersonNumber":4204,"Type":1,"Text":"<pd_text><p>Normalerweise interveniere ich nach dem Kommissionssprecher nicht, ich mache das auch jetzt nur sehr ungern. Aber die Umst\u00e4nde, in denen wir uns hier im Parlament jetzt befinden, sind sehr ungew\u00f6hnlich, und morgen behandeln wir ja in der Vereinigten Bundesversammlung ein wichtiges Gesch\u00e4ft. </p>\n<p>Aus diesem Grund richte ich jetzt unverbl\u00fcmt eine direkte Frage an den Herrn Bundesgerichtspr\u00e4sidenten: Wie stehen Sie zu Gesuchen auf Verschiebung der Bundesrichterwahlen?</p>\n</pd_text>","MeetingCouncilAbbreviation":"S","MeetingDate":"20200922","MeetingVerbalixOid":3322,"IdSession":"5105","SpeakerFirstName":"Beat","SpeakerLastName":"Rieder","SpeakerFullName":"Rieder Beat","SpeakerFunction":"Mit-M","CouncilId":2,"CouncilName":"St\u00e4nderat","CantonId":23,"CantonName":"Wallis","CantonAbbreviation":"VS","ParlGroupName":"Die Mitte-Fraktion. Die Mitte. EVP.","ParlGroupAbbreviation":"M-E","SortOrder":5,"Start":"\/Date(1600778099907)\/","End":"\/Date(1600778145097)\/","Function":"Mit-M","DisplaySpeaker":true,"LanguageOfText":"DE","Modified":"\/Date(1664268937773)\/","StartTimeWithTimezone":"\/Date(1600778099907+0120)\/","EndTimeWithTimezone":"\/Date(1600778145097+0120)\/","VoteBusinessNumber":null,"VoteBusinessShortNumber":null,"VoteBusinessTitle":null},{"__metadata":{"id":"https://ws.parlament.ch/OData.svc/Transcript(ID=269713L,Language='DE')","uri":"https://ws.parlament.ch/OData.svc/Transcript(ID=269713L,Language='DE')","type":"itsystems.Pd.DataServices.DataModel.Transcript"},"Subjects":{"__deferred":{"uri":"https://ws.parlament.ch/OData.svc/Transcript(ID=269713L,Language='DE')/Subjects"}},"MembersCouncil":{"__deferred":{"uri":"https://ws.parlament.ch/OData.svc/Transcript(ID=269713L,Language='DE')/MembersCouncil"}},"Businesses":{"__deferred":{"uri":"https://ws.parlament.ch/OData.svc/Transcript(ID=269713L,Language='DE')/Businesses"}},"ID":"269713","Language":"DE","IdSubject":"50263","VoteId":null,"PersonNumber":1267,"Type":1,"Text":"<pd_text><p><b>Meyer</b> Ulrich, Pr\u00e4sident des Bundesgerichtes: Sie wissen, dass unser Staat die Gewaltenteilung kennt, das heisst: Wir haben unsere Rechtsprechung, in welche Sie sich nicht einmischen d\u00fcrfen; wir, auf der anderen Seite, haben Ihnen keine Ratschl\u00e4ge bez\u00fcglich Ihrer parlamentarischen Gesch\u00e4fte zu geben. Das ist die gelebte Gewaltenteilung.</p>\n<p>Wenn Sie mich pers\u00f6nlich fragen, gebe ich Ihnen eine pers\u00f6nliche Antwort: Nach 33 Jahren am Bundesgericht und bald zehn Jahren Zugeh\u00f6rigkeit zum obersten Gericht halte ich als einer, der von Ihnen und Ihren Vorg\u00e4ngern zw\u00f6lfmal gew\u00e4hlt und wiedergew\u00e4hlt worden ist, eine Verschiebung der Wahlen f\u00fcr verfehlt, denn Sie l\u00f6sen mit dieser Verschiebung kein einziges Problem. [PAGE 986] </p>\n</pd_text>","MeetingCouncilAbbreviation":"S","MeetingDate":"20200922","MeetingVerbalixOid":3322,"IdSession":"5105","SpeakerFirstName":"Hans","SpeakerLastName":"St\u00f6ckli","SpeakerFullName":"St\u00f6ckli Hans","SpeakerFunction":"P-M","CouncilId":2,"CouncilName":"St\u00e4nderat","CantonId":2,"CantonName":"Bern","CantonAbbreviation":"BE","ParlGroupName":"Sozialdemokratische Fraktion","ParlGroupAbbreviation":"S","SortOrder":6,"Start":"\/Date(1600778145097)\/","End":"\/Date(1600778206527)\/","Function":"P-M","DisplaySpeaker":false,"LanguageOfText":null,"Modified":"\/Date(1664268937773)\/","StartTimeWithTimezone":"\/Date(1600778145097+0120)\/","EndTimeWithTimezone":"\/Date(1600778206527+0120)\/","VoteBusinessNumber":null,"VoteBusinessShortNumber":null,"VoteBusinessTitle":null},{"__metadata":{"id":"https://ws.parlament.ch/OData.svc/Transcript(ID=269714L,Language='DE')","uri":"https://ws.parlament.ch/OData.svc/Transcript(ID=269714L,Language='DE')","type":"itsystems.Pd.DataServices.DataModel.Transcript"},"Subjects":{"__deferred":{"uri":"https://ws.parlament.ch/OData.svc/Transcript(ID=269714L,Language='DE')/Subjects"}},"MembersCouncil":{"__deferred":{"uri":"https://ws.parlament.ch/OData.svc/Transcript(ID=269714L,Language='DE')/MembersCouncil"}},"Businesses":{"__deferred":{"uri":"https://ws.parlament.ch/OData.svc/Transcript(ID=269714L,Language='DE')/Businesses"}},"ID":"269714","Language":"DE","IdSubject":"50263","VoteId":null,"PersonNumber":1120,"Type":1,"Text":"<pd_text><p>En temps ordinaire, le rapport de gestion du Tribunal f\u00e9d\u00e9ral et des tribunaux f\u00e9d\u00e9raux de premi\u00e8re instance est examin\u00e9 dans le courant du premier semestre de l'ann\u00e9e. Covid-19 oblige, c'est \u00e0 trois mois de la fin de l'ann\u00e9e suivante, c'est-\u00e0-dire 2020, que nous traitons le rapport 2019. Je me permettrai donc, dans mon rapport, de faire quelques remarques sur le suivi en 2020 de certaines questions qui ont \u00e9t\u00e9 abord\u00e9es dans le cadre du traitement du rapport 2019 du Tribunal f\u00e9d\u00e9ral au sein de la Commission de gestion.</p>\n<p>Tout d'abord, il convient de relever que l'activit\u00e9 du Tribunal f\u00e9d\u00e9ral est rest\u00e9e cette ann\u00e9e tr\u00e8s intense, au plus haut niveau, puisque ce ne sont pas moins de 7884 nouvelles affaires qui ont \u00e9t\u00e9 introduites en 2019, soit 86 de plus que l'ann\u00e9e pr\u00e9c\u00e9dente. Le Tribunal f\u00e9d\u00e9ral a, quant \u00e0 lui, statu\u00e9 sur 7937 affaires, contre 8041 l'ann\u00e9e pr\u00e9c\u00e9dente. Bien que moins de jugements aient \u00e9t\u00e9 rendus, le nombre des cas pendants a baiss\u00e9, m\u00eame si c'est de mani\u00e8re marginale, d\u00e8s lors que 2710 cas ont \u00e9t\u00e9 report\u00e9s sur 2020.</p>\n<p>C'est surtout dans la Cour de droit p\u00e9nal, dans les deux Cours de droit civil et les deux Cours de droit public que les affaires restent tr\u00e8s nombreuses. La dur\u00e9e moyenne des proc\u00e9dures s'est r\u00e9duite pour atteindre 140 jours. Pr\u00e9cisons qu'au cours de l'ann\u00e9e 2019, 6 juges sur 38 ont quitt\u00e9 leur fonction, un renouvellement qui a pu \u00eatre absorb\u00e9 sereinement par la juridiction f\u00e9d\u00e9rale.</p>\n<p>Au cours de l'ann\u00e9e sous revue, le Tribunal f\u00e9d\u00e9ral a affirm\u00e9, de mani\u00e8re tr\u00e8s claire, son pouvoir institutionnel. Cela s'est d\u00e9clin\u00e9 dans diff\u00e9rents dossiers, notamment le dossier e-justice quant \u00e0 la comp\u00e9tence du Tribunal f\u00e9d\u00e9ral dans la mise en oeuvre de ce dossier vis-\u00e0-vis de l'Office f\u00e9d\u00e9ral de la justice. Cette volont\u00e9 d'affirmer sa comp\u00e9tence institutionnelle s'est \u00e9galement affirm\u00e9e en mati\u00e8re de clarification des proc\u00e9dures d'autorisation de poursuivre un magistrat.</p>\n<p>Cette volont\u00e9 d'affirmation institutionnelle s'est \u00e9galement manifest\u00e9e \u00e0 l'\u00e9gard du Parlement lors du traitement de la r\u00e9vision de la loi sur le Tribunal f\u00e9d\u00e9ral, qui, malheureusement, en dernier lieu, a abouti \u00e0 un \u00e9chec complet par un refus des deux chambres d'entrer en mati\u00e8re.</p>\n<p>Le dernier point, probablement le plus important du point de vue institutionnel, concerne la comp\u00e9tence de surveillance sur les tribunaux de premi\u00e8re instance. Bien que le diff\u00e9rend quant \u00e0 l'interpr\u00e9tation des comp\u00e9tences respectives de surveillance entre les Commissions de gestion et le Tribunal f\u00e9d\u00e9ral ait d\u00e9but\u00e9 en 2019, c'est au cours de l'ann\u00e9e 2020 qu'il s'est cristallis\u00e9. Les Commissions de gestion, exer\u00e7ant la haute surveillance sur les tribunaux f\u00e9d\u00e9raux, ont d\u00fb rappeler dans une note \u00e0 l'intention de la Commission administrative du Tribunal f\u00e9d\u00e9ral les comp\u00e9tences du Parlement dans le cadre de la loi, pr\u00e9cisant que c'est le Parlement lui-m\u00eame et ses Commissions de gestion qui d\u00e9finissent les comp\u00e9tences dans l'exercice de la haute surveillance sur les tribunaux f\u00e9d\u00e9raux, et non ceux-ci. C'\u00e9tait important dans la mesure o\u00f9 cela permet au Tribunal f\u00e9d\u00e9ral d'exercer uniquement la surveillance des tribunaux de premi\u00e8re instance et de laisser la haute surveillance et le cadre de cette haute surveillance aux Commissions de gestion.</p>\n<p>Si la surveillance du Tribunal administratif f\u00e9d\u00e9ral et du Tribunal f\u00e9d\u00e9ral des brevets par le Tribunal f\u00e9d\u00e9ral s'est d\u00e9roul\u00e9e sans probl\u00e8me particulier, celle du Tribunal p\u00e9nal f\u00e9d\u00e9ral a \u00e9t\u00e9 nettement plus compliqu\u00e9e. Divers articles de presse ont relat\u00e9 les dysfonctionnements du Tribunal p\u00e9nal f\u00e9d\u00e9ral. Les Commissions de gestion ont pris acte de l'existence de s\u00e9rieux probl\u00e8mes au sein de cette juridiction et ont approch\u00e9 le pr\u00e9sident du Tribunal f\u00e9d\u00e9ral pour que la question soit absorb\u00e9e dans son pouvoir de surveillance. En octobre 2019, un \u00e9change a eu lieu entre les sous-commissions Tribunaux et Minist\u00e8re public et le pr\u00e9sident du Tribunal f\u00e9d\u00e9ral. A cette occasion, il assura aux sous-commissions qu'en toute apparence le Tribunal p\u00e9nal f\u00e9d\u00e9ral fonctionnait correctement, selon les exigences l\u00e9gales, et que les prestations \u00e9taient conformes \u00e0 ce qui avait \u00e9t\u00e9 pr\u00e9vu.</p>\n<p>Le pr\u00e9sident du Tribunal f\u00e9d\u00e9ral s'exprimait de mani\u00e8re positive et confiante pour l'avenir. Force a \u00e9t\u00e9 de constater que le feu couvait au Tribunal p\u00e9nal f\u00e9d\u00e9ral, d\u00e8s lors qu'en d\u00e9cembre 2019 il y a eu de nouvelles divulgations critiques dans la presse. Or, les accusations de dysfonctionnement sont toujours pr\u00e9judiciables pour les tribunaux, tout particuli\u00e8rement dans ce cas pour le Tribunal p\u00e9nal f\u00e9d\u00e9ral. Il est d\u00e8s lors important de r\u00e9agir, car ce genre de critique \u00e9branle la confiance dans les institutions.</p>\n<p>La Commission de gestion a donc demand\u00e9 au d\u00e9but du mois de janvier 2020 au Tribunal f\u00e9d\u00e9ral, en sa qualit\u00e9 d'autorit\u00e9 de surveillance du Tribunal p\u00e9nal f\u00e9d\u00e9ral, de clarifier les faits et de calmer les choses.</p>\n<p>Le rapport du Tribunal F\u00e9d\u00e9ral rendu en avril de cette ann\u00e9e et communiqu\u00e9 quasi simultan\u00e9ment \u00e0 la Commission de gestion et \u00e0 la presse a suscit\u00e9 beaucoup de remous. Bien que cela fera l'objet du rapport 2020, il y a lieu de pr\u00e9ciser que les Commissions de gestion ont s\u00e9v\u00e8rement critiqu\u00e9 la publication de ce rapport en raison de l'atteinte \u00e0 la personnalit\u00e9 de diff\u00e9rentes personnes, dont des magistrats, et des conclusions h\u00e2tives quant aux reproches en mati\u00e8re de sexisme et de discrimination. Le dossier n'est toujours pas clos; un rapport compl\u00e9mentaire est attendu encore cette ann\u00e9e de la part du Tribunal f\u00e9d\u00e9ral.</p>\n<p>Toujours au sujet du Tribunal p\u00e9nal f\u00e9d\u00e9ral, il faut rappeler l'entr\u00e9e en fonction de la Cour d'appel et de r\u00e9vision le 1er janvier 2019. Elle a donc conclu son premier exercice \u00e0 la fin [PAGE 985] de l'ann\u00e9e pass\u00e9e. Il est donc malais\u00e9 de faire un premier bilan complet sur son efficacit\u00e9. Certes, le taux de liquidation des affaires est relativement bas, puisqu'il atteint 56 pour cent; toutefois, il faut relever que 70 pour cent des proc\u00e9dures ont \u00e9t\u00e9 introduites dans le deuxi\u00e8me semestre 2019.</p>\n<p>L'ann\u00e9e 2019 n'a pas permis de voir aboutir la solution de la d\u00e9localisation de la Cour d'appel et de r\u00e9vision de la Cour des affaires p\u00e9nales.</p>\n<p>Apparemment, puisque c'est surtout un probl\u00e8me de b\u00e2timent. Les priorit\u00e9s des autorit\u00e9s tessinoises quant \u00e0 la mise \u00e0 disposition d'un nouveau b\u00e2timent am\u00e9nag\u00e9 ne sont pas les m\u00eames que celles des autorit\u00e9s judiciaires et de notre Parlement, qui avait d\u00e9j\u00e0 manifest\u00e9 une position forte lors du d\u00e9bat de l'ann\u00e9e pass\u00e9e sur le rapport de gestion du Tribunal f\u00e9d\u00e9ral 2018. Une solution provisoire de s\u00e9paration \u00e0 l'int\u00e9rieur du b\u00e2timent actuel devrait \u00eatre mise en place encore en 2020. Ce n'est qu'un pis-aller en attendant qu'une solution r\u00e9elle et d\u00e9finitive puisse \u00eatre trouv\u00e9e. Des contacts sont actuellement en cours entre le pr\u00e9sident de la Cour d'appel et de r\u00e9vision et l'Office f\u00e9d\u00e9ral des constructions et de la logistique.</p>\n<p>Je ne prolongerai pas sur le Tribunal administratif f\u00e9d\u00e9ral, sinon pour pr\u00e9ciser que cette instance doit faire \u00e9galement face \u00e0 une charge importante de travail, avec 6965 nouvelles proc\u00e9dures en 2019. La liquidation de 7157 proc\u00e9dures a permis \u00e9galement de r\u00e9duire le nombre de dossiers, mais, comme pour le Tribunal f\u00e9d\u00e9ral, de mani\u00e8re marginale. La dur\u00e9e moyenne des proc\u00e9dures a diminu\u00e9 de 284 \u00e0 264 jours. Dans son activit\u00e9, le Tribunal administratif f\u00e9d\u00e9ral a poursuivi deux projets importants, Equitaf et Digitaf, destin\u00e9s \u00e0 am\u00e9liorer les proc\u00e9dures de r\u00e9partition des dossiers et \u00e0 concr\u00e9tiser la strat\u00e9gie de num\u00e9risation du tribunal.</p>\n<p>Pour conclure, j'\u00e9voquerai rapidement le Tribunal f\u00e9d\u00e9ral des brevets, simplement en disant que dans cette juridiction, les choses roulent et que la qualit\u00e9 de sa jurisprudence semble \u00eatre reconnue par la doctrine et surtout par ceux et celles qui se retrouvent devant cette juridiction.</p>\n<p>Avec ces consid\u00e9rations, je vous invite \u00e0 prendre connaissance du rapport de gestion du Tribunal f\u00e9d\u00e9ral 2019.</p>\n</pd_text>","MeetingCouncilAbbreviation":"S","MeetingDate":"20200922","MeetingVerbalixOid":3322,"IdSession":"5105","SpeakerFirstName":"Carlo","SpeakerLastName":"Sommaruga","SpeakerFullName":"Sommaruga Carlo","SpeakerFunction":"Mit-M","CouncilId":2,"CouncilName":"St\u00e4nderat","CantonId":25,"CantonName":"Genf","CantonAbbreviation":"GE","ParlGroupName":"Sozialdemokratische Fraktion","ParlGroupAbbreviation":"S","SortOrder":2,"Start":"\/Date(1600777097323)\/","End":"\/Date(1600777650647)\/","Function":"*","DisplaySpeaker":true,"LanguageOfText":"FR","Modified":"\/Date(1664268937773)\/","StartTimeWithTimezone":"\/Date(1600777097323+0120)\/","EndTimeWithTimezone":"\/Date(1600777650647+0120)\/","VoteBusinessNumber":null,"VoteBusinessShortNumber":null,"VoteBusinessTitle":null},{"__metadata":{"id":"https://ws.parlament.ch/OData.svc/Transcript(ID=269716L,Language='DE')","uri":"https://ws.parlament.ch/OData.svc/Transcript(ID=269716L,Language='DE')","type":"itsystems.Pd.DataServices.DataModel.Transcript"},"Subjects":{"__deferred":{"uri":"https://ws.parlament.ch/OData.svc/Transcript(ID=269716L,Language='DE')/Subjects"}},"MembersCouncil":{"__deferred":{"uri":"https://ws.parlament.ch/OData.svc/Transcript(ID=269716L,Language='DE')/MembersCouncil"}},"Businesses":{"__deferred":{"uri":"https://ws.parlament.ch/OData.svc/Transcript(ID=269716L,Language='DE')/Businesses"}},"ID":"269716","Language":"DE","IdSubject":"50263","VoteId":null,"PersonNumber":1120,"Type":1,"Text":"<pd_text><p>Permettez-moi une tr\u00e8s br\u00e8ve intervention suite aux paroles du pr\u00e9sident du Tribunal f\u00e9d\u00e9ral.</p>\n<p>Je tiens \u00e0 rappeler que la question de la publication du rapport, qui a \u00e9t\u00e9 \u00e9tabli au d\u00e9but du mois d'avril par la Commission administrative du Tribunal f\u00e9d\u00e9ral, qui a \u00e9t\u00e9 publi\u00e9 sur Internet et diffus\u00e9, avait d\u00e9j\u00e0 \u00e9t\u00e9 discut\u00e9e dans la sous-commission de la Commission de gestion qui s'occupe des tribunaux et du Minist\u00e8re public de la Conf\u00e9d\u00e9ration. A cette occasion, vous aviez indiqu\u00e9, Monsieur le pr\u00e9sident du Tribunal f\u00e9d\u00e9ral, qu'il y avait un accord de la part des pr\u00e9sidents des sous-commissions. Cela avait \u00e9t\u00e9 contest\u00e9 en commission.</p>\n<p>D\u00e8s lors, je tenais \u00e0 le dire ici, puisque vous le r\u00e9affirmez: il n'y avait pas d'accord \u00e0 ce que la publication de ce rapport ait lieu avec les noms des personnes et les reproches ad personam qui y \u00e9taient formul\u00e9s.</p>\n</pd_text>","MeetingCouncilAbbreviation":"S","MeetingDate":"20200922","MeetingVerbalixOid":3322,"IdSession":"5105","SpeakerFirstName":"Carlo","SpeakerLastName":"Sommaruga","SpeakerFullName":"Sommaruga Carlo","SpeakerFunction":"Mit-M","CouncilId":2,"CouncilName":"St\u00e4nderat","CantonId":25,"CantonName":"Genf","CantonAbbreviation":"GE","ParlGroupName":"Sozialdemokratische Fraktion","ParlGroupAbbreviation":"S","SortOrder":4,"Start":"\/Date(1600778022400)\/","End":"\/Date(1600778099907)\/","Function":"*","DisplaySpeaker":true,"LanguageOfText":"FR","Modified":"\/Date(1664268937773)\/","StartTimeWithTimezone":"\/Date(1600778022400+0120)\/","EndTimeWithTimezone":"\/Date(1600778099907+0120)\/","VoteBusinessNumber":null,"VoteBusinessShortNumber":null,"VoteBusinessTitle":null},{"__metadata":{"id":"https://ws.parlament.ch/OData.svc/Transcript(ID=269771L,Language='DE')","uri":"https://ws.parlament.ch/OData.svc/Transcript(ID=269771L,Language='DE')","type":"itsystems.Pd.DataServices.DataModel.Transcript"},"Subjects":{"__deferred":{"uri":"https://ws.parlament.ch/OData.svc/Transcript(ID=269771L,Language='DE')/Subjects"}},"MembersCouncil":{"__deferred":{"uri":"https://ws.parlament.ch/OData.svc/Transcript(ID=269771L,Language='DE')/MembersCouncil"}},"Businesses":{"__deferred":{"uri":"https://ws.parlament.ch/OData.svc/Transcript(ID=269771L,Language='DE')/Businesses"}},"ID":"269771","Language":"DE","IdSubject":"50263","VoteId":null,"PersonNumber":null,"Type":3,"Text":"<pd_text><p><i>Eintreten ist obligatorisch </i>[GZ]</p>\n<p><i>L'entr\u00e9e en mati\u00e8re est acquise de plein droit</i></p>\n<p>[VS]</p>\n<p>[VS]</p>\n<p><b>Bundesbeschluss \u00fcber den Gesch\u00e4ftsbericht des Bundesgerichtes f\u00fcr das Jahr 2019</b>[GZ]</p>\n<p><b>Arr\u00eat\u00e9 f\u00e9d\u00e9ral approuvant le rapport de gestion du Tribunal f\u00e9d\u00e9ral de l'ann\u00e9e 2019</b>[GZ]</p>\n<p>[VS][GZ]</p>\n<p><i>Detailberatung - Discussion par article </i>[GZ]</p>\n<p>[VS][GZ]</p>\n<p><b>Titel und Ingress, Art. 1, 2 </b>[GZ]</p>\n<p><i>Antrag der Kommission </i>[GZ]</p>\n<p>Zustimmung zum Beschluss des Nationalrates</p>\n<p>[VS]</p>\n<p><b>Titre et pr\u00e9ambule, art. 1, 2 </b>[GZ]</p>\n<p><i>Proposition de la commission </i>[GZ]</p>\n<p>Adh\u00e9rer \u00e0 la d\u00e9cision du Conseil national[GZ]</p>\n<p>[VS][GZ]</p>\n<p><i>Angenommen - Adopt\u00e9</i></p>\n<p>[VS]</p>\n<p>[VS]</p>\n<p><b>Pr\u00e4sident</b> (St\u00f6ckli Hans, Pr\u00e4sident): Da Eintreten obligatorisch ist, f\u00fchren wir keine Gesamtabstimmung durch.</p>\n<p>Ich verabschiede den Pr\u00e4sidenten des Bundesgerichtes, Herrn Ulrich Meyer, w\u00fcnsche ihm eine gute restliche Amtszeit und hoffe, dass er danach den verdienten Ruhestand geniessen kann - ohne allzu viel Aufregung.</p>\n</pd_text>","MeetingCouncilAbbreviation":"S","MeetingDate":"20200922","MeetingVerbalixOid":3322,"IdSession":"5105","SpeakerFirstName":null,"SpeakerLastName":null,"SpeakerFullName":"","SpeakerFunction":null,"CouncilId":null,"CouncilName":null,"CantonId":null,"CantonName":null,"CantonAbbreviation":null,"ParlGroupName":null,"ParlGroupAbbreviation":null,"SortOrder":9,"Start":"\/Date(1600778273193)\/","End":"\/Date(1600778404347)\/","Function":null,"DisplaySpeaker":null,"LanguageOfText":"DE","Modified":"\/Date(1664268937790)\/","StartTimeWithTimezone":"\/Date(1600778273193+0120)\/","EndTimeWithTimezone":"\/Date(1600778404347+0120)\/","VoteBusinessNumber":null,"VoteBusinessShortNumber":null,"VoteBusinessTitle":null},{"__metadata":{"id":"https://ws.parlament.ch/OData.svc/Transcript(ID=269813L,Language='DE')","uri":"https://ws.parlament.ch/OData.svc/Transcript(ID=269813L,Language='DE')","type":"itsystems.Pd.DataServices.DataModel.Transcript"},"Subjects":{"__deferred":{"uri":"https://ws.parlament.ch/OData.svc/Transcript(ID=269813L,Language='DE')/Subjects"}},"MembersCouncil":{"__deferred":{"uri":"https://ws.parlament.ch/OData.svc/Transcript(ID=269813L,Language='DE')/MembersCouncil"}},"Businesses":{"__deferred":{"uri":"https://ws.parlament.ch/OData.svc/Transcript(ID=269813L,Language='DE')/Businesses"}},"ID":"269813","Language":"DE","IdSubject":"50263","VoteId":null,"PersonNumber":null,"Type":3,"Text":"<pd_text><p><b>Pr\u00e4sident</b> (St\u00f6ckli Hans, Pr\u00e4sident): M\u00f6chten Sie noch zur Intervention von Herrn Sommaruga Stellung nehmen?</p>\n</pd_text>","MeetingCouncilAbbreviation":"S","MeetingDate":"20200922","MeetingVerbalixOid":3322,"IdSession":"5105","SpeakerFirstName":null,"SpeakerLastName":null,"SpeakerFullName":"","SpeakerFunction":null,"CouncilId":null,"CouncilName":null,"CantonId":null,"CantonName":null,"CantonAbbreviation":null,"ParlGroupName":null,"ParlGroupAbbreviation":null,"SortOrder":7,"Start":"\/Date(1600778206527)\/","End":"\/Date(1600778218537)\/","Function":null,"DisplaySpeaker":null,"LanguageOfText":"DE","Modified":"\/Date(1664268937790)\/","StartTimeWithTimezone":"\/Date(1600778206527+0120)\/","EndTimeWithTimezone":"\/Date(1600778218537+0120)\/","VoteBusinessNumber":null,"VoteBusinessShortNumber":null,"VoteBusinessTitle":null},{"__metadata":{"id":"https://ws.parlament.ch/OData.svc/Transcript(ID=269814L,Language='DE')","uri":"https://ws.parlament.ch/OData.svc/Transcript(ID=269814L,Language='DE')","type":"itsystems.Pd.DataServices.DataModel.Transcript"},"Subjects":{"__deferred":{"uri":"https://ws.parlament.ch/OData.svc/Transcript(ID=269814L,Language='DE')/Subjects"}},"MembersCouncil":{"__deferred":{"uri":"https://ws.parlament.ch/OData.svc/Transcript(ID=269814L,Language='DE')/MembersCouncil"}},"Businesses":{"__deferred":{"uri":"https://ws.parlament.ch/OData.svc/Transcript(ID=269814L,Language='DE')/Businesses"}},"ID":"269814","Language":"DE","IdSubject":"50263","VoteId":null,"PersonNumber":1267,"Type":1,"Text":"<pd_text><p><b>Meyer</b> Ulrich, Pr\u00e4sident des Bundesgerichtes: Ich gebe gerne Antwort darauf. Es wurde ja sehr kritisiert, dass wir diese Namen publiziert haben. Was ist aber unser Bericht? Unser Bericht ist ein Aufsichtsbericht von einer Instanz an eine zweite Instanz, vom Bundesgericht an das Bundesstrafgericht, und gleichzeitig auch ein Bericht zuhanden des Oberaufsichtsorgans. Das ist die erste Feststellung. Es ist nicht ein streitiges Verfahren mit Parteien und Parteirechten, sondern die befragten Personen hatten die Stellung von Auskunftspersonen.</p>\n<p>Der zweite Punkt ist, dass unser Bericht als solcher keine rechtlichen Folgen hat. Nous nous sommes limit\u00e9s \u00e0 exprimer des recommandations. Wenn das Bundesstrafgericht nun diese Empfehlungen umsetzt, es muss das nicht, dann beginnt im Einzugsfeld aller acht Empfehlungen ein neues Verfahren, in dem s\u00e4mtliche Verfahrensgarantien gelten. Ich erw\u00e4hne das Beispiel der Generalsekret\u00e4rin: Wir haben in unserem Bericht empfohlen, das Arbeitsverh\u00e4ltnis mit ihr zu beenden. Das Bundesstrafgericht hat den Grundsatzbeschluss gefasst, dieser Empfehlung zu folgen und das Arbeitsverh\u00e4ltnis zu beenden. Wenn es zur Entlassung der Generalsekret\u00e4rin kommt - jusqu'\u00e0 pr\u00e9sent, cela n'a pas \u00e9t\u00e9 le cas; elle n'est pas licenci\u00e9e -, dann hat die Generalsekret\u00e4rin ein arbeitsrechtliches Verfahren mit s\u00e4mtlichen Rechtsschutzgarantien, bis und mit Bundesverwaltungsgericht. Das wollte ich an die Adresse von Herrn St\u00e4nderat Sommaruga doch sagen. </p>\n</pd_text>","MeetingCouncilAbbreviation":"S","MeetingDate":"20200922","MeetingVerbalixOid":3322,"IdSession":"5105","SpeakerFirstName":"Hans","SpeakerLastName":"St\u00f6ckli","SpeakerFullName":"St\u00f6ckli Hans","SpeakerFunction":"P-M","CouncilId":2,"CouncilName":"St\u00e4nderat","CantonId":2,"CantonName":"Bern","CantonAbbreviation":"BE","ParlGroupName":"Sozialdemokratische Fraktion","ParlGroupAbbreviation":"S","SortOrder":8,"Start":"\/Date(1600778218537)\/","End":"\/Date(1600778273193)\/","Function":"P-M","DisplaySpeaker":false,"LanguageOfText":null,"Modified":"\/Date(1664268937790)\/","StartTimeWithTimezone":"\/Date(1600778218537+0120)\/","EndTimeWithTimezone":"\/Date(1600778273193+0120)\/","VoteBusinessNumber":null,"VoteBusinessShortNumber":null,"VoteBusinessTitle":null}]},"ID":"50263","Language":"DE","IdMeeting":"4379","VerbalixOid":629733,"SortOrder":21,"Modified":"\/Date(1664268937757)\/"}}