{"d":{"__metadata":{"id":"https://ws.parlament.ch/OData.svc/Subject(ID=50272L,Language='DE')","uri":"https://ws.parlament.ch/OData.svc/Subject(ID=50272L,Language='DE')","type":"itsystems.Pd.DataServices.DataModel.Subject"},"Meetings":{"__metadata":{"id":"https://ws.parlament.ch/OData.svc/Meeting(ID=4382L,Language='DE')","uri":"https://ws.parlament.ch/OData.svc/Meeting(ID=4382L,Language='DE')","type":"itsystems.Pd.DataServices.DataModel.Meeting"},"Sessions":{"__deferred":{"uri":"https://ws.parlament.ch/OData.svc/Meeting(ID=4382L,Language='DE')/Sessions"}},"Subjects":{"__deferred":{"uri":"https://ws.parlament.ch/OData.svc/Meeting(ID=4382L,Language='DE')/Subjects"}},"ID":"4382","Language":"DE","MeetingNumber":12,"IdSession":5105,"SessionNumber":5,"SessionName":"Herbstsession 2020","Council":2,"CouncilName":"St\u00e4nderat","CouncilAbbreviation":"SR","Date":"\/Date(1600819200000)\/","Begin":"0915","Modified":"\/Date(1602692249607)\/","LegislativePeriodNumber":51,"PublicationStatus":"final","MeetingOrderText":"Zw\u00f6lfte Sitzung","SortOrder":12,"Location":"S"},"SubjectsBusiness":{"results":[{"__metadata":{"id":"https://ws.parlament.ch/OData.svc/SubjectBusiness(BusinessNumber=20170059,IdSubject=50272L,Language='DE')","uri":"https://ws.parlament.ch/OData.svc/SubjectBusiness(BusinessNumber=20170059,IdSubject=50272L,Language='DE')","type":"itsystems.Pd.DataServices.DataModel.SubjectBusiness"},"Subjects":{"__deferred":{"uri":"https://ws.parlament.ch/OData.svc/SubjectBusiness(BusinessNumber=20170059,IdSubject=50272L,Language='DE')/Subjects"}},"Businesses":{"__deferred":{"uri":"https://ws.parlament.ch/OData.svc/SubjectBusiness(BusinessNumber=20170059,IdSubject=50272L,Language='DE')/Businesses"}},"IdSubject":"50272","BusinessNumber":20170059,"Language":"DE","BusinessShortNumber":"17.059","Title":"Datenschutzgesetz. Totalrevision und \u00c4nderung weiterer Erlasse zum Datenschutz","SortOrder":1,"PublishedNotes":"Differenzen - Divergences\n","Modified":"\/Date(1525802838796)\/","TitleDE":"Datenschutzgesetz.\nTotalrevision und \u00c4nderung weiterer\nErlasse zum Datenschutz","TitleFR":"Loi sur la protection des donn\u00e9es.\nR\u00e9vision totale et modification\nd'autres lois f\u00e9d\u00e9rales","TitleIT":null}]},"Transcripts":{"results":[{"__metadata":{"id":"https://ws.parlament.ch/OData.svc/Transcript(ID=269850L,Language='DE')","uri":"https://ws.parlament.ch/OData.svc/Transcript(ID=269850L,Language='DE')","type":"itsystems.Pd.DataServices.DataModel.Transcript"},"Subjects":{"__deferred":{"uri":"https://ws.parlament.ch/OData.svc/Transcript(ID=269850L,Language='DE')/Subjects"}},"MembersCouncil":{"__deferred":{"uri":"https://ws.parlament.ch/OData.svc/Transcript(ID=269850L,Language='DE')/MembersCouncil"}},"Businesses":{"__deferred":{"uri":"https://ws.parlament.ch/OData.svc/Transcript(ID=269850L,Language='DE')/Businesses"}},"ID":"269850","Language":"DE","IdSubject":"50272","VoteId":null,"PersonNumber":1267,"Type":1,"Text":"<pd_text><p><b>3.</b>[NB]<b>Bundesgesetz \u00fcber den Datenschutz</b>[GZ]</p>\n<p><b>3.</b>[NB]<b>Loi f\u00e9d\u00e9rale sur la protection des donn\u00e9es</b>[GZ]</p>\n<p>[VS][GZ]</p>\n<p><b>Art. 4 Bst. fbis; 5 Abs. 7</b>[GZ]</p>\n<p><i>Antrag der Kommission </i>[GZ]</p>\n<p>Festhalten</p>\n<p>[VS]</p>\n<p><b>Art. 4 let. fbis; 5 al. 7</b>[GZ]</p>\n<p><i>Proposition de la commission </i>[GZ]</p>\n<p>Maintenir</p>\n<p>[VS]</p>\n<p><b>Art. 27 Abs. 2 Bst. c </b>[GZ]</p>\n<p><i>Antrag der Kommission </i>[GZ]</p>\n<p><i>Ziff. 1</i>[GZ]</p>\n<p>Festhalten</p>\n<p><i>Ziff. 3</i>[GZ]</p>\n<p>Zustimmung zum Beschluss des Nationalrates</p>\n<p>[VS]</p>\n<p><b>Art. 27 al. 2 let. c </b>[GZ]</p>\n<p><i>Proposition de la commission </i>[GZ]</p>\n<p><i>Ch. 1 </i>[GZ]</p>\n<p>Maintenir</p>\n<p><i>Ch. 3 </i>[GZ]</p>\n<p>Adh\u00e9rer \u00e0 la d\u00e9cision du Conseil national</p>\n<p>[VS]</p>\n<p><b>Aufhebung und \u00c4nderung anderer Erlasse</b>[GZ]</p>\n<p><b>Abrogation et modification d'autres actes</b>[GZ]</p>\n<p>[VS]</p>\n<p><b>Ziff. II Ziff. 35 Art. 110 Abs. 2; 112 Abs. 2; 113; 114 Abs.</b>[NB]<b>2; Ziff. 36 Art. 76 Abs. 3; 76b Abs. 2; Ziff. 47 Art.</b>[NB]<b>21c Abs.</b>[NB]<b>1bis; Ziff. 59 Art. 96 Abs. 2; Ziff. 60 Art. 94a Abs.</b>[NB]<b>2; Ziff.</b>[NB]<b>66 Art. 23 Abs. 3 </b>[GZ]</p>\n<p><i>Antrag der Kommission </i>[GZ]</p>\n<p>Festhalten</p>\n<p>[VS]</p>\n<p><b>Ch. II ch. 35 art. 110 al. 2; 112 al. 2; 113; 114 al. 2; ch.</b>[NB]<b>36 art.</b>[NB]<b>76 al. 3; 76b al. 2; ch. 47 art. 21c al. 1bis; ch.</b>[NB]<b>59 art.</b>[NB]<b>96 al. 2; ch. 60 art. 94a al. 2; ch. 66 art. 23 al. 3 </b>[GZ]</p>\n<p><i>Proposition de la commission </i>[GZ]</p>\n<p>Maintenir</p>\n<p>[VS]</p>\n<p><b>Pr\u00e4sident</b> (St\u00f6ckli Hans, Pr\u00e4sident): Wir f\u00fchren eine gemeinsame Debatte \u00fcber alle Differenzen.</p>\n</pd_text>","MeetingCouncilAbbreviation":"S","MeetingDate":"20200923","MeetingVerbalixOid":3325,"IdSession":"5105","SpeakerFirstName":"Hans","SpeakerLastName":"St\u00f6ckli","SpeakerFullName":"St\u00f6ckli Hans","SpeakerFunction":"P-M","CouncilId":2,"CouncilName":"St\u00e4nderat","CantonId":2,"CantonName":"Bern","CantonAbbreviation":"BE","ParlGroupName":"Sozialdemokratische Fraktion","ParlGroupAbbreviation":"S","SortOrder":1,"Start":"\/Date(1600852814057)\/","End":"\/Date(1600852871903)\/","Function":"P-M","DisplaySpeaker":false,"LanguageOfText":null,"Modified":"\/Date(1647343045413)\/","StartTimeWithTimezone":"\/Date(1600852814057+0120)\/","EndTimeWithTimezone":"\/Date(1600852871903+0120)\/","VoteBusinessNumber":null,"VoteBusinessShortNumber":null,"VoteBusinessTitle":null},{"__metadata":{"id":"https://ws.parlament.ch/OData.svc/Transcript(ID=269853L,Language='DE')","uri":"https://ws.parlament.ch/OData.svc/Transcript(ID=269853L,Language='DE')","type":"itsystems.Pd.DataServices.DataModel.Transcript"},"Subjects":{"__deferred":{"uri":"https://ws.parlament.ch/OData.svc/Transcript(ID=269853L,Language='DE')/Subjects"}},"MembersCouncil":{"__deferred":{"uri":"https://ws.parlament.ch/OData.svc/Transcript(ID=269853L,Language='DE')/MembersCouncil"}},"Businesses":{"__deferred":{"uri":"https://ws.parlament.ch/OData.svc/Transcript(ID=269853L,Language='DE')/Businesses"}},"ID":"269853","Language":"DE","IdSubject":"50272","VoteId":null,"PersonNumber":1267,"Type":1,"Text":"<pd_text><p><i>Angenommen - Adopt\u00e9</i></p>\n<p>[VS]</p>\n<p><b>Pr\u00e4sident</b> (St\u00f6ckli Hans, Pr\u00e4sident): Das Gesch\u00e4ft geht damit an die Einigungskonferenz.</p>\n</pd_text>","MeetingCouncilAbbreviation":"S","MeetingDate":"20200923","MeetingVerbalixOid":3325,"IdSession":"5105","SpeakerFirstName":"Hans","SpeakerLastName":"St\u00f6ckli","SpeakerFullName":"St\u00f6ckli Hans","SpeakerFunction":"P-M","CouncilId":2,"CouncilName":"St\u00e4nderat","CantonId":2,"CantonName":"Bern","CantonAbbreviation":"BE","ParlGroupName":"Sozialdemokratische Fraktion","ParlGroupAbbreviation":"S","SortOrder":4,"Start":"\/Date(1600853379750)\/","End":"\/Date(1600853516273)\/","Function":"P-M","DisplaySpeaker":false,"LanguageOfText":null,"Modified":"\/Date(1647343045430)\/","StartTimeWithTimezone":"\/Date(1600853379750+0120)\/","EndTimeWithTimezone":"\/Date(1600853516273+0120)\/","VoteBusinessNumber":null,"VoteBusinessShortNumber":null,"VoteBusinessTitle":null},{"__metadata":{"id":"https://ws.parlament.ch/OData.svc/Transcript(ID=269863L,Language='DE')","uri":"https://ws.parlament.ch/OData.svc/Transcript(ID=269863L,Language='DE')","type":"itsystems.Pd.DataServices.DataModel.Transcript"},"Subjects":{"__deferred":{"uri":"https://ws.parlament.ch/OData.svc/Transcript(ID=269863L,Language='DE')/Subjects"}},"MembersCouncil":{"__deferred":{"uri":"https://ws.parlament.ch/OData.svc/Transcript(ID=269863L,Language='DE')/MembersCouncil"}},"Businesses":{"__deferred":{"uri":"https://ws.parlament.ch/OData.svc/Transcript(ID=269863L,Language='DE')/Businesses"}},"ID":"269863","Language":"DE","IdSubject":"50272","VoteId":null,"PersonNumber":4056,"Type":1,"Text":"<pd_text><p>Frau Bundesr\u00e4tin Karin Keller-Sutter hat letzten Donnerstag im Nationalrat die Hoffnung ge\u00e4ussert, dass wir bei diesem Gesch\u00e4ft die Kurve noch kriegen, die Passstrasse sei ja noch nicht ganz \"ausgesch\u00f6pft\". Ich kann Ihnen als Berichterstatter der Kommission sagen, dass sich der Nebel lichtet und der Pass in Sicht ist. Wenn Sie heute den Antr\u00e4gen der Kommission, die einstimmig angenommen worden sind, zustimmen, kommt es heute Mittag zwar noch zu einer Einigungskonferenz, aber deren Ausgang - und damit der Inhalt der Texte f\u00fcr die Schlussabstimmung am Freitag - ist absehbar.</p>\n<p>Wir haben noch zwei Differenzen. Die erste betrifft das Thema, welches die R\u00e4te seit Beginn der Beratungen am meisten besch\u00e4ftigt hat, n\u00e4mlich die Frage, ob in Artikel 4 des totalrevidierten Datenschutzgesetzes nicht nur der Begriff des Profilings, sondern in Buchstabe fbis auch das \"Profiling mit hohem Risiko\" definiert werden soll. </p>\n<p>Nachdem sich der Nationalrat zwischenzeitlich bereit erkl\u00e4rt hatte, in diesem Punkt unserem Rat im Grundsatz entgegenzukommen, hat er nun letzte Woche mit 98 zu 88 Stimmen bei 5 Enthaltungen entschieden, den Kompromissvorschlag unseres Rates abzulehnen. Der Nationalrat m\u00f6chte von einer risikobasierten Differenzierung beim Profiling absehen und hat in der Konsequenz beschlossen, die qualifizierten Rechtsfolgen beim Profiling durch private Datenbearbeiter ersatzlos zu streichen. </p>\n<p>Dies lehnt unsere Kommission einstimmig ab, denn damit w\u00fcrden wir hinter das geltende Schutzniveau zur\u00fcckgehen. Das Ziel muss aber sein, erstens das Schutzniveau mindestens zu halten und zweitens die Angemessenheitspr\u00fcfung durch die europ\u00e4ischen Beh\u00f6rden mit einem positiven Ergebnis abzuschliessen. Die Kommission bleibt zudem bei ihrer Einsch\u00e4tzung, dass mit unserem Vorschlag zugunsten der betroffenen Akteure mehr Rechtssicherheit geschaffen werde, zumal in der Formulierung am bestehenden Recht angekn\u00fcpft wird.</p>\n<p>Ich m\u00f6chte bei diesem Thema eine letzte Bemerkung zum Profiling und zum Verh\u00e4ltnis zum EU-Recht machen: Die Datenschutz-Grundverordnung der EU sieht vor, dass jede Verarbeitung personenbezogener Daten rechtswidrig ist, es sei denn, die betroffene Person habe der Datenbearbeitung zugestimmt oder es liege ein anderer Rechtsgrund vor. Die Konzeption in unserem Recht ist umgekehrt. Die Datenverarbeitung ist grunds\u00e4tzlich zul\u00e4ssig, sofern kein Ausnahmetatbestand vorliegt.</p>\n<p>Noch kurz zur zweiten Differenz: Diese betrifft Artikel 27 Absatz 2 Buchstabe c Ziffer 3, zu finden auf Seite 10 der deutschsprachigen Fahne. Dabei geht es um die Frage, wie alt Daten sein d\u00fcrfen, damit die Bearbeitung dieser Personendaten keine widerrechtliche Pers\u00f6nlichkeitsverletzung darstellt. Der Bundesrat hat vorgeschlagen, dass die Daten nicht \u00e4lter als f\u00fcnf Jahre sein d\u00fcrfen. Unser Rat hatte sich bisher dem Bundesrat angeschlossen, der Nationalrat seinerseits m\u00f6chte den Beizug von bis zu zehn Jahre alten Daten zulassen. Die Kommission hat nun einstimmig entschieden, diese Differenz auszur\u00e4umen, und schl\u00e4gt Ihnen daher vor, in diesem Punkt dem Nationalrat zu folgen. [PAGE 991] </p>\n</pd_text>","MeetingCouncilAbbreviation":"S","MeetingDate":"20200923","MeetingVerbalixOid":3325,"IdSession":"5105","SpeakerFirstName":"Daniel","SpeakerLastName":"F\u00e4ssler","SpeakerFullName":"F\u00e4ssler Daniel","SpeakerFunction":"Mit-M","CouncilId":2,"CouncilName":"St\u00e4nderat","CantonId":16,"CantonName":"Appenzell I.-Rh.","CantonAbbreviation":"AI","ParlGroupName":"Die Mitte-Fraktion. Die Mitte. EVP.","ParlGroupAbbreviation":"M-E","SortOrder":2,"Start":"\/Date(1600852871903)\/","End":"\/Date(1600853108700)\/","Function":"*","DisplaySpeaker":true,"LanguageOfText":"DE","Modified":"\/Date(1647343045430)\/","StartTimeWithTimezone":"\/Date(1600852871903+0120)\/","EndTimeWithTimezone":"\/Date(1600853108700+0120)\/","VoteBusinessNumber":null,"VoteBusinessShortNumber":null,"VoteBusinessTitle":null},{"__metadata":{"id":"https://ws.parlament.ch/OData.svc/Transcript(ID=269887L,Language='DE')","uri":"https://ws.parlament.ch/OData.svc/Transcript(ID=269887L,Language='DE')","type":"itsystems.Pd.DataServices.DataModel.Transcript"},"Subjects":{"__deferred":{"uri":"https://ws.parlament.ch/OData.svc/Transcript(ID=269887L,Language='DE')/Subjects"}},"MembersCouncil":{"__deferred":{"uri":"https://ws.parlament.ch/OData.svc/Transcript(ID=269887L,Language='DE')/MembersCouncil"}},"Businesses":{"__deferred":{"uri":"https://ws.parlament.ch/OData.svc/Transcript(ID=269887L,Language='DE')/Businesses"}},"ID":"269887","Language":"DE","IdSubject":"50272","VoteId":null,"PersonNumber":4062,"Type":1,"Text":"<pd_text><p>Ich danke dem Kommissionssprecher f\u00fcr seine eingehende W\u00fcrdigung des Ergebnisses, das Sie gestern in der SPK-S erzielt haben. Es scheint mir sehr wichtig zu sein. Wir haben, Sie haben es gesagt, diese zwei Differenzen.</p>\n<p>Bei der einen Differenz - wenn ich hinten beginne - zu Artikel 27 Absatz 2 Buchstabe c Ziffer 3 des neuen Datenschutzgesetzes, also bei den Rechtfertigungsgr\u00fcnden, bei der Kreditw\u00fcrdigkeitspr\u00fcfung, schliesst sich Ihre Kommission bei der Frage der Frist der zehn oder eben f\u00fcnf Jahre dem Nationalrat an. Der Bundesrat kann gut damit leben. Nat\u00fcrlich h\u00e4tte er lieber diese f\u00fcnf Jahre gehabt. Aber mit den zehn Jahren kann man auch gut leben.</p>\n<p>Der eigentliche Casus Belli dieser Vorlage, der dar\u00fcber entscheiden wird, ob sie auch die Schlussabstimmung im Nationalrat passieren wird, ist die Frage des Profilings. Ich bin Ihrer Kommission sehr dankbar daf\u00fcr, dass sie ja damals, in einer vorherigen Differenzbereinigungsrunde, gemeinsam mit der Verwaltung einen Kompromiss gefunden hat. Nun ist dieser Kompromiss im Nationalrat nicht durchgekommen. Das Stimmenverh\u00e4ltnis ist jedoch einiges knapper geworden, der Nationalrat hat sich der Fassung des St\u00e4nderates also durchaus etwas angen\u00e4hert.</p>\n<p>Ich m\u00f6chte noch einmal kurz sagen, warum der Bundesrat ganz klar die Fassung der st\u00e4nder\u00e4tlichen Kommission und auch jene, die bis anhin hier im Plenum unterst\u00fctzt wurde, unterst\u00fctzt. Er tut dies zum einen, weil das geltende Schutzniveau im Datenschutzrecht weitgehend gewahrt wird und wir uns gleichzeitig an die modernisierten Datenbearbeitungsmethoden anpassen; wir sind ja nicht mehr im Zeitalter der handschriftlichen Registerkarten, sondern eben im Zeitalter der elektronischen Verkn\u00fcpfung von Daten.</p>\n<p>Zum anderen ist die Legaldefinition Ihrer Fassung ergebnisorientiert. Schliesslich schafft die Legaldefinition auch Rechtssicherheit. Der Ed\u00f6b und die zust\u00e4ndigen Gerichte k\u00f6nnen bei der Auslegung an die fast dreissigj\u00e4hrige Praxis zum Pers\u00f6nlichkeitsprofil ankn\u00fcpfen, nachdem der Kompromiss des St\u00e4nderates das Pers\u00f6nlichkeitsprofil aus dem geltenden Recht \u00fcbernimmt. Das heisst also, wir haben hier eine L\u00f6sung, die auch in der Praxis bereits bekannt ist.</p>\n<p>Ich habe es gesagt: Die L\u00f6sung des Nationalrates - das ist jetzt immer noch eine knappe Mehrheit - will diesen risikobasierten Ansatz aufgeben und die qualifizierten Rechtsfolgen beim Profiling durch private Datenbearbeiter ersatzlos streichen. Ich muss es hier deutlich sagen: Damit wird das Datenschutzniveau, das wir heute im geltenden Recht haben, unterschritten. Wenn diese Fassung sich auch in der Einigungskonferenz durchsetzen sollte, dann d\u00fcrfte die Schlussabstimmung in diesem Gesch\u00e4ft nicht gelingen. </p>\n<p>Ich bin aber zuversichtlich, nachdem Ihre Kommission einstimmig war. Ich bin auch zuversichtlich, dass das Plenum jetzt weiterhin bei der Kompromissvariante des St\u00e4nderates bleibt - heute ist ja die Einigungskonferenz - und dass es auch in der Einigungskonferenz zu einem guten Ergebnis kommt. Schliesslich ist dann damit auch die Schlussabstimmung gew\u00e4hrleistet. </p>\n<p>Ich m\u00f6chte einfach noch einmal sagen, dass es eben wichtig ist, dass wir dieses Datenschutzgesetz einerseits der europ\u00e4ischen Datenschutz-Grundverordnung anpassen, andererseits aber eben auch den heutigen Gegebenheiten. Es ist wichtig, dass dabei das heutige Datenschutzniveau nicht unterschritten wird, damit dann tats\u00e4chlich auch die Angemessenheit gem\u00e4ss dem europ\u00e4ischen Recht erkl\u00e4rt werden kann. Das ist f\u00fcr die KMU-Wirtschaft wesentlich. Wenn Schweizer Betriebe Daten mit Lieferanten, mit Kunden, mit anderen austauschen, dann basiert dies eben auf diesem Datenschutzrecht. Daf\u00fcr braucht es den Angemessenheitsbeschluss der Europ\u00e4ischen Union. </p>\n<p>Ich danke Ihnen, wenn Sie dem Antrag Ihrer Kommission zustimmen.</p>\n</pd_text>","MeetingCouncilAbbreviation":"S","MeetingDate":"20200923","MeetingVerbalixOid":3325,"IdSession":"5105","SpeakerFirstName":"Karin","SpeakerLastName":"Keller-Sutter","SpeakerFullName":"Keller-Sutter Karin","SpeakerFunction":"BR-F","CouncilId":99,"CouncilName":"Bundesrat","CantonId":17,"CantonName":"St. Gallen","CantonAbbreviation":"SG","ParlGroupName":null,"ParlGroupAbbreviation":null,"SortOrder":3,"Start":"\/Date(1600853108700)\/","End":"\/Date(1600853379750)\/","Function":"BR-F","DisplaySpeaker":true,"LanguageOfText":"DE","Modified":"\/Date(1647343045430)\/","StartTimeWithTimezone":"\/Date(1600853108700+0120)\/","EndTimeWithTimezone":"\/Date(1600853379750+0120)\/","VoteBusinessNumber":null,"VoteBusinessShortNumber":null,"VoteBusinessTitle":null}]},"ID":"50272","Language":"DE","IdMeeting":"4382","VerbalixOid":630065,"SortOrder":1,"Modified":"\/Date(1600856129977)\/"}}