{"d":{"__metadata":{"id":"https://ws.parlament.ch/OData.svc/Subject(ID=50295L,Language='DE')","uri":"https://ws.parlament.ch/OData.svc/Subject(ID=50295L,Language='DE')","type":"itsystems.Pd.DataServices.DataModel.Subject"},"Meetings":{"__metadata":{"id":"https://ws.parlament.ch/OData.svc/Meeting(ID=4382L,Language='DE')","uri":"https://ws.parlament.ch/OData.svc/Meeting(ID=4382L,Language='DE')","type":"itsystems.Pd.DataServices.DataModel.Meeting"},"Sessions":{"__deferred":{"uri":"https://ws.parlament.ch/OData.svc/Meeting(ID=4382L,Language='DE')/Sessions"}},"Subjects":{"__deferred":{"uri":"https://ws.parlament.ch/OData.svc/Meeting(ID=4382L,Language='DE')/Subjects"}},"ID":"4382","Language":"DE","MeetingNumber":12,"IdSession":5105,"SessionNumber":5,"SessionName":"Herbstsession 2020","Council":2,"CouncilName":"St\u00e4nderat","CouncilAbbreviation":"SR","Date":"\/Date(1600819200000)\/","Begin":"0915","Modified":"\/Date(1602692249607)\/","LegislativePeriodNumber":51,"PublicationStatus":"final","MeetingOrderText":"Zw\u00f6lfte Sitzung","SortOrder":12,"Location":"S"},"SubjectsBusiness":{"results":[{"__metadata":{"id":"https://ws.parlament.ch/OData.svc/SubjectBusiness(BusinessNumber=20170071,IdSubject=50295L,Language='DE')","uri":"https://ws.parlament.ch/OData.svc/SubjectBusiness(BusinessNumber=20170071,IdSubject=50295L,Language='DE')","type":"itsystems.Pd.DataServices.DataModel.SubjectBusiness"},"Subjects":{"__deferred":{"uri":"https://ws.parlament.ch/OData.svc/SubjectBusiness(BusinessNumber=20170071,IdSubject=50295L,Language='DE')/Subjects"}},"Businesses":{"__deferred":{"uri":"https://ws.parlament.ch/OData.svc/SubjectBusiness(BusinessNumber=20170071,IdSubject=50295L,Language='DE')/Businesses"}},"IdSubject":"50295","BusinessNumber":20170071,"Language":"DE","BusinessShortNumber":"17.071","Title":"Totalrevision des CO2-Gesetzes nach 2020","SortOrder":1,"PublishedNotes":"Differenzen - Divergences\n","Modified":"\/Date(1544008995350)\/","TitleDE":"Totalrevision des CO2-Gesetzes\nnach 2020","TitleFR":"R\u00e9vision totale de la loi sur le CO2\npour la p\u00e9riode post\u00e9rieure \u00e0 2020","TitleIT":null}]},"Transcripts":{"results":[{"__metadata":{"id":"https://ws.parlament.ch/OData.svc/Transcript(ID=270012L,Language='DE')","uri":"https://ws.parlament.ch/OData.svc/Transcript(ID=270012L,Language='DE')","type":"itsystems.Pd.DataServices.DataModel.Transcript"},"Subjects":{"__deferred":{"uri":"https://ws.parlament.ch/OData.svc/Transcript(ID=270012L,Language='DE')/Subjects"}},"MembersCouncil":{"__deferred":{"uri":"https://ws.parlament.ch/OData.svc/Transcript(ID=270012L,Language='DE')/MembersCouncil"}},"Businesses":{"__deferred":{"uri":"https://ws.parlament.ch/OData.svc/Transcript(ID=270012L,Language='DE')/Businesses"}},"ID":"270012","Language":"DE","IdSubject":"50295","VoteId":null,"PersonNumber":1267,"Type":1,"Text":"<pd_text><p><b>Bundesgesetz \u00fcber die Verminderung von Treibhausgasemissionen</b>[GZ]</p>\n<p><b>Loi f\u00e9d\u00e9rale sur la r\u00e9duction des \u00e9missions de gaz \u00e0 effet de serre</b>[GZ]</p>\n<p>[VS][GZ]</p>\n<p><b>Art. 38gquater Abs. 1 </b>[GZ]</p>\n<p><i>Antrag der Einigungskonferenz </i>[GZ]</p>\n<p>Die Abgabe Allgemeine Luftfahrt betr\u00e4gt pro abgehenden Flug mindestens 500 und h\u00f6chstens 3000 Franken.</p>\n<p>[VS]</p>\n<p><b>Art. 38gquater al. 1 </b>[GZ]</p>\n<p><i>Proposition de la Conf\u00e9rence de conciliation </i>[GZ]</p>\n<p>La taxe sur l'aviation g\u00e9n\u00e9rale s'\u00e9l\u00e8ve par vol en partance au minimum \u00e0 500 francs et au maximum \u00e0 3000 francs.</p>\n<p>[VS]</p>\n<p><b>Art. 39 Abs. 2 Bst. g </b>[GZ]</p>\n<p><i>Antrag der Einigungskonferenz </i>[GZ]</p>\n<p>g. Anlagen zur Produktion erneuerbarer Gase.</p>\n<p>[VS]</p>\n<p><b>Art. 39 al. 2 let. g </b>[GZ]</p>\n<p><i>Proposition de la Conf\u00e9rence de conciliation </i>[GZ]</p>\n<p>g. installations servant \u00e0 produire des gaz renouvelables.</p>\n<p>[VS]</p>\n<p><b>Art. 52 Abs. 3 </b>[GZ]</p>\n<p><i>Antrag der Einigungskonferenz </i>[GZ]</p>\n<p>Wer durch fahrl\u00e4ssiges Verhalten sich oder einer anderen Person einen unrechtm\u00e4ssigen Abgabevorteil erwirkt, wird mit Busse bis zum Betrag des unrechtm\u00e4ssigen Vorteils bestraft.</p>\n<p>[VS]</p>\n<p><b>Art. 52 al. 3 </b>[GZ]</p>\n<p><i>Proposition de la Conf\u00e9rence de conciliation </i>[GZ]</p>\n<p>Quiconque obtient un avantage illicite par n\u00e9gligence, pour lui ou pour un tiers, est puni d'une amende pouvant atteindre la valeur de l'avantage illicite.</p>\n<p>[VS]</p>\n<p><b>Art. 53 Abs. 1</b>[GZ]</p>\n<p><i>Antrag der Einigungskonferenz </i>[GZ]</p>\n<p>Sofern die Tat nicht nach einer anderen Bestimmung mit h\u00f6herer Strafe bedroht ist, wird mit Busse bestraft, wer vors\u00e4tzlich oder fahrl\u00e4ssig: [GZ]</p>\n<p>...</p>\n<p>[VS]</p>\n<p><b>Art. 53 al. 1</b>[GZ]</p>\n<p><i>Proposition de la Conf\u00e9rence de conciliation </i>[GZ]</p>\n<p>A moins que l'acte ne soit r\u00e9prim\u00e9 par une autre disposition pr\u00e9voyant une peine plus \u00e9lev\u00e9e, est puni d'une amende quiconque, intentionnellement ou par n\u00e9gligence: [GZ]</p>\n<p>...</p>\n<p>[VS]</p>\n<p><b>Art. 54 Abs. 2 </b>[GZ]</p>\n<p><i>Antrag der Einigungskonferenz </i>[GZ]</p>\n<p>Handelt die T\u00e4terin oder der T\u00e4ter fahrl\u00e4ssig, so ist die Strafe Busse.</p>\n<p>[VS]</p>\n<p><b>Art. 54 al. 2 </b>[GZ]</p>\n<p><i>Proposition de la Conf\u00e9rence de conciliation </i>[GZ]</p>\n<p>Si l'auteur agit par n\u00e9gligence, la peine est une amende.</p>\n<p>[VS]</p>\n<p><b>Art. 55a Abs. 1</b>[GZ]</p>\n<p><i>Antrag der Einigungskonferenz </i>[GZ]</p>\n<p>Mit Busse bis 30[NB]000 Franken wird bestraft, wer vors\u00e4tzlich oder fahrl\u00e4ssig: [GZ]</p>\n<p>...</p>\n<p>[VS]</p>\n<p><b>Art. 55a al. 1 </b>[GZ]</p>\n<p><i>Proposition de la Conf\u00e9rence de conciliation </i>[GZ]</p>\n<p>Est puni d'une amende de 30[NB]000 francs au plus quiconque, intentionnellement ou par n\u00e9gligence:[GZ]</p>\n<p>...</p>\n</pd_text>","MeetingCouncilAbbreviation":"S","MeetingDate":"20200923","MeetingVerbalixOid":3325,"IdSession":"5105","SpeakerFirstName":"Hans","SpeakerLastName":"St\u00f6ckli","SpeakerFullName":"St\u00f6ckli Hans","SpeakerFunction":"P-M","CouncilId":2,"CouncilName":"St\u00e4nderat","CantonId":2,"CantonName":"Bern","CantonAbbreviation":"BE","ParlGroupName":"Sozialdemokratische Fraktion","ParlGroupAbbreviation":"S","SortOrder":1,"Start":"\/Date(1600864634657)\/","End":"\/Date(1600864644990)\/","Function":"P-M","DisplaySpeaker":false,"LanguageOfText":null,"Modified":"\/Date(1647343045600)\/","StartTimeWithTimezone":"\/Date(1600864634657+0120)\/","EndTimeWithTimezone":"\/Date(1600864644990+0120)\/","VoteBusinessNumber":null,"VoteBusinessShortNumber":null,"VoteBusinessTitle":null},{"__metadata":{"id":"https://ws.parlament.ch/OData.svc/Transcript(ID=270016L,Language='DE')","uri":"https://ws.parlament.ch/OData.svc/Transcript(ID=270016L,Language='DE')","type":"itsystems.Pd.DataServices.DataModel.Transcript"},"Subjects":{"__deferred":{"uri":"https://ws.parlament.ch/OData.svc/Transcript(ID=270016L,Language='DE')/Subjects"}},"MembersCouncil":{"__deferred":{"uri":"https://ws.parlament.ch/OData.svc/Transcript(ID=270016L,Language='DE')/MembersCouncil"}},"Businesses":{"__deferred":{"uri":"https://ws.parlament.ch/OData.svc/Transcript(ID=270016L,Language='DE')/Businesses"}},"ID":"270016","Language":"DE","IdSubject":"50295","VoteId":"3905","PersonNumber":null,"Type":2,"Text":"<pd_text><p><i>Abstimmung - Vote </i>[GZ]</p>\n<p>F\u00fcr den Antrag der Einigungskonferenz ... 30 Stimmen[GZ]</p>\n<p>Dagegen ... 4 Stimmen[GZ]</p>\n<p>(8 Enthaltungen)</p>\n</pd_text>","MeetingCouncilAbbreviation":"S","MeetingDate":"20200923","MeetingVerbalixOid":3325,"IdSession":"5105","SpeakerFirstName":null,"SpeakerLastName":null,"SpeakerFullName":"","SpeakerFunction":null,"CouncilId":null,"CouncilName":null,"CantonId":null,"CantonName":null,"CantonAbbreviation":null,"ParlGroupName":null,"ParlGroupAbbreviation":null,"SortOrder":6,"Start":"\/Date(1600865058573)\/","End":"\/Date(1600865136897)\/","Function":null,"DisplaySpeaker":null,"LanguageOfText":null,"Modified":"\/Date(1647343045617)\/","StartTimeWithTimezone":"\/Date(1600865058573+0120)\/","EndTimeWithTimezone":"\/Date(1600865136897+0120)\/","VoteBusinessNumber":20170071,"VoteBusinessShortNumber":"17.071","VoteBusinessTitle":"Totalrevision des CO2-Gesetzes\nnach 2020"},{"__metadata":{"id":"https://ws.parlament.ch/OData.svc/Transcript(ID=270018L,Language='DE')","uri":"https://ws.parlament.ch/OData.svc/Transcript(ID=270018L,Language='DE')","type":"itsystems.Pd.DataServices.DataModel.Transcript"},"Subjects":{"__deferred":{"uri":"https://ws.parlament.ch/OData.svc/Transcript(ID=270018L,Language='DE')/Subjects"}},"MembersCouncil":{"__deferred":{"uri":"https://ws.parlament.ch/OData.svc/Transcript(ID=270018L,Language='DE')/MembersCouncil"}},"Businesses":{"__deferred":{"uri":"https://ws.parlament.ch/OData.svc/Transcript(ID=270018L,Language='DE')/Businesses"}},"ID":"270018","Language":"DE","IdSubject":"50295","VoteId":null,"PersonNumber":1267,"Type":1,"Text":"<pd_text><p><b>Pr\u00e4sident</b> (St\u00f6ckli Hans, Pr\u00e4sident): Ich hoffe, es hat Ihnen auch gutgetan, das sagen zu k\u00f6nnen.</p>\n</pd_text>","MeetingCouncilAbbreviation":"S","MeetingDate":"20200923","MeetingVerbalixOid":3325,"IdSession":"5105","SpeakerFirstName":"Hans","SpeakerLastName":"St\u00f6ckli","SpeakerFullName":"St\u00f6ckli Hans","SpeakerFunction":"P-M","CouncilId":2,"CouncilName":"St\u00e4nderat","CantonId":2,"CantonName":"Bern","CantonAbbreviation":"BE","ParlGroupName":"Sozialdemokratische Fraktion","ParlGroupAbbreviation":"S","SortOrder":4,"Start":"\/Date(1600864975483)\/","End":"\/Date(1600864989327)\/","Function":"P-M","DisplaySpeaker":false,"LanguageOfText":null,"Modified":"\/Date(1647343045600)\/","StartTimeWithTimezone":"\/Date(1600864975483+0120)\/","EndTimeWithTimezone":"\/Date(1600864989327+0120)\/","VoteBusinessNumber":null,"VoteBusinessShortNumber":null,"VoteBusinessTitle":null},{"__metadata":{"id":"https://ws.parlament.ch/OData.svc/Transcript(ID=270027L,Language='DE')","uri":"https://ws.parlament.ch/OData.svc/Transcript(ID=270027L,Language='DE')","type":"itsystems.Pd.DataServices.DataModel.Transcript"},"Subjects":{"__deferred":{"uri":"https://ws.parlament.ch/OData.svc/Transcript(ID=270027L,Language='DE')/Subjects"}},"MembersCouncil":{"__deferred":{"uri":"https://ws.parlament.ch/OData.svc/Transcript(ID=270027L,Language='DE')/MembersCouncil"}},"Businesses":{"__deferred":{"uri":"https://ws.parlament.ch/OData.svc/Transcript(ID=270027L,Language='DE')/Businesses"}},"ID":"270027","Language":"DE","IdSubject":"50295","VoteId":null,"PersonNumber":4207,"Type":1,"Text":"<pd_text><p>Es waren noch drei Pendenzen f\u00fcr die Einigungskonferenz, welche wir gestern Vormittag abgehalten haben, offen. Es betrifft dies Artikel 38gquater - das ist die Thematik der Businessjets -, dann Artikel 39 Absatz 2, wo wir ebenfalls noch eine Erg\u00e4nzung gemacht haben, und die Artikel 52 ff. Heute wurde der Antrag der Einigungskonferenz im Nationalrat mit 138 zu 55 Stimmen bei 4 Enthaltungen angenommen.</p>\n<p>Ich schlage Ihnen vor, dass wir in Anbetracht der Zeit direkt bei Artikel 38gquater einsteigen. Hier hat die st\u00e4nder\u00e4tliche Version obsiegt, die bereits ein Kompromiss war. Die H\u00f6chstsumme ist nun bei 3000 Franken angesetzt, die Mindestsumme bei 500 Franken. Wir sind uns bewusst, dass die H\u00f6chstsumme symbolischen Charakter hat. Es sind aber nur wenige Fl\u00fcge, die von der H\u00f6chstsumme betroffen sind. Die Einigungskonferenz hat dies mit 17 zu 9 Stimmen bei 0 Enthaltungen so beschlossen. Hier hat also die Variante des St\u00e4nderates obsiegt.</p>\n<p>Gerne zu Artikel 39 Absatz 2 Buchstabe g: Hier konzentrieren wir uns auf das Gas. Mit der Streichung der Einspeisung [PAGE 1012] erlauben wir von Bauern produziertes Biogas, welche dieses nicht einspeisen. Dies hier ist eigentlich nur noch ein wenig eine Kosmetik\u00fcbung gewesen, die wir ohne Gegenstimme und somit einstimmig angenommen haben. Es heisst jetzt neu \"Anlagen zur Produktion erneuerbarer Gase\". Das ist alles, was wir hier entsprechend ge\u00e4ndert und finalisiert haben.</p>\n<p>In Artikel 52 geht es um die Hinterziehung der CO2-Abgabe. Die Mehrheit der Einigungskonferenz war der Meinung, dass die Wirkung dieser Bestimmung die Sorgfaltspflicht eigentlich erh\u00f6hen sollte. Gleichzeitig war sie der Meinung, dass der administrative Aufwand gering w\u00e4re. Im geltenden Recht gibt es die Strafbestimmungen schon. Viele Straff\u00e4lle g\u00e4be es ja nicht, hat es vonseiten der Mehrheit geheissen. Die Mehrheit sieht die Problematik der Fahrl\u00e4ssigkeit, ist aber gleichzeitig der Meinung, dass dies dann in einer Gesamtschau angesehen werden m\u00fcsse. Das heisst, die Kommission f\u00fcr Rechtsfragen wird eine entsprechende Gesamtschau machen, wie dies Kollege Jositsch bereits bei der letzten Differenzbereinigung erw\u00e4hnt hat.</p>\n<p>Es war ein \u00e4usserst knappes Resultat. Wir haben mit 13 zu 13 Stimmen mit Stichentscheid des Pr\u00e4sidenten entschieden, bei der nationalr\u00e4tlichen Fassung zu bleiben. Dies war dann eben auch die Mehrheit. Es ist klar, dass sich die Minderheit noch entsprechend ge\u00e4ussert hat. Es war ein knapper Entscheid, aber trotz allem hat man so entschieden. Wir waren in der Mehrheit, wie gesagt, der Auffassung, dass dann die Sorgfaltspflicht ebenfalls erh\u00f6ht w\u00fcrde.</p>\n</pd_text>","MeetingCouncilAbbreviation":"S","MeetingDate":"20200923","MeetingVerbalixOid":3325,"IdSession":"5105","SpeakerFirstName":"Damian","SpeakerLastName":"M\u00fcller","SpeakerFullName":"M\u00fcller Damian","SpeakerFunction":"Mit-M","CouncilId":2,"CouncilName":"St\u00e4nderat","CantonId":3,"CantonName":"Luzern","CantonAbbreviation":"LU","ParlGroupName":"FDP-Liberale Fraktion","ParlGroupAbbreviation":"RL","SortOrder":2,"Start":"\/Date(1600864644990)\/","End":"\/Date(1600864755087)\/","Function":"*","DisplaySpeaker":true,"LanguageOfText":"DE","Modified":"\/Date(1647343045600)\/","StartTimeWithTimezone":"\/Date(1600864644990+0120)\/","EndTimeWithTimezone":"\/Date(1600864755087+0120)\/","VoteBusinessNumber":null,"VoteBusinessShortNumber":null,"VoteBusinessTitle":null},{"__metadata":{"id":"https://ws.parlament.ch/OData.svc/Transcript(ID=270030L,Language='DE')","uri":"https://ws.parlament.ch/OData.svc/Transcript(ID=270030L,Language='DE')","type":"itsystems.Pd.DataServices.DataModel.Transcript"},"Subjects":{"__deferred":{"uri":"https://ws.parlament.ch/OData.svc/Transcript(ID=270030L,Language='DE')/Subjects"}},"MembersCouncil":{"__deferred":{"uri":"https://ws.parlament.ch/OData.svc/Transcript(ID=270030L,Language='DE')/MembersCouncil"}},"Businesses":{"__deferred":{"uri":"https://ws.parlament.ch/OData.svc/Transcript(ID=270030L,Language='DE')/Businesses"}},"ID":"270030","Language":"DE","IdSubject":"50295","VoteId":null,"PersonNumber":512,"Type":1,"Text":"<pd_text><p>Es ist so, wie Herr St\u00e4nderat Rieder gesagt hat: Es wurde in Ihrem Rat aufgebracht, die Frage der Fahrl\u00e4ssigkeit hier zu streichen. Der Bundesrat hat sich daf\u00fcr eingesetzt, dass die Fahrl\u00e4ssigkeit bleibt, weil sie ja bereits im geltenden Recht drin ist. Gleichzeitig wurde gesagt, dass Ihre Kommission f\u00fcr Rechtsfragen diese Fragen anschaut. Herr St\u00e4nderat Rieder sagte, es werde nie ein Gesamtkonzept geben. Aber ich denke, der Entscheid, der jetzt in der Einigungskonferenz gef\u00e4llt wurde, sollte Sie nicht daran hindern und wird Sie auch nicht daran hindern, diese Frage weiterzuverfolgen. Was in diesem Gesetz jetzt besonders schwierig gewesen w\u00e4re, ist die Situation, dass dann f\u00fcr den gleichen Straftatbestand bei einem Gesetz Fahrl\u00e4ssigkeit bestraft worden w\u00e4re und bei einem anderen Gesetz nicht. Das, glaube ich, h\u00e4tte wirklich eine Inkoh\u00e4renz gegeben. Aber in diesem Sinne, denke ich, ist es nicht ein Entscheid, diese Fragen nicht weiterzuverfolgen. Der Bundesrat wird Sie dabei auch unterst\u00fctzen, das habe ich namens des Bundesamtes f\u00fcr Justiz auch bereits so gesagt.</p>\n</pd_text>","MeetingCouncilAbbreviation":"S","MeetingDate":"20200923","MeetingVerbalixOid":3325,"IdSession":"5105","SpeakerFirstName":"Simonetta","SpeakerLastName":"Sommaruga","SpeakerFullName":"Sommaruga Simonetta","SpeakerFunction":"BPR-F","CouncilId":99,"CouncilName":"Bundesrat","CantonId":2,"CantonName":"Bern","CantonAbbreviation":"BE","ParlGroupName":null,"ParlGroupAbbreviation":null,"SortOrder":5,"Start":"\/Date(1600864989327)\/","End":"\/Date(1600865058573)\/","Function":"BPR-F","DisplaySpeaker":true,"LanguageOfText":"DE","Modified":"\/Date(1647343045600)\/","StartTimeWithTimezone":"\/Date(1600864989327+0120)\/","EndTimeWithTimezone":"\/Date(1600865058573+0120)\/","VoteBusinessNumber":null,"VoteBusinessShortNumber":null,"VoteBusinessTitle":null},{"__metadata":{"id":"https://ws.parlament.ch/OData.svc/Transcript(ID=270032L,Language='DE')","uri":"https://ws.parlament.ch/OData.svc/Transcript(ID=270032L,Language='DE')","type":"itsystems.Pd.DataServices.DataModel.Transcript"},"Subjects":{"__deferred":{"uri":"https://ws.parlament.ch/OData.svc/Transcript(ID=270032L,Language='DE')/Subjects"}},"MembersCouncil":{"__deferred":{"uri":"https://ws.parlament.ch/OData.svc/Transcript(ID=270032L,Language='DE')/MembersCouncil"}},"Businesses":{"__deferred":{"uri":"https://ws.parlament.ch/OData.svc/Transcript(ID=270032L,Language='DE')/Businesses"}},"ID":"270032","Language":"DE","IdSubject":"50295","VoteId":null,"PersonNumber":4204,"Type":1,"Text":"<pd_text><p>Man sollte tunlichst auch knappe Entscheide akzeptieren - das mache nat\u00fcrlich auch ich. Aber ich m\u00f6chte zu diesem Entscheid doch zwei, drei Bemerkungen machen. Es war dieser Rat, der in der letzten Legislatur die Fahrl\u00e4ssigkeit im Nebenstrafrecht mehrfach gestrichen hat. Man ist nun von dieser kleinen, kurzen Tradition abgewichen. Es gibt kein Zur\u00fcck: Eine Gesamtschau, wie Herr Kollege M\u00fcller das erw\u00e4hnt hat, wird es zum Ersten im Nebenstrafrecht nie geben. Es geht um Hunderte von Gesetzen und Hunderte von Fahrl\u00e4ssigkeitsbestimmungen. Das m\u00f6chte ich hier klarstellen.</p>\n<p>Zum Zweiten m\u00f6chte ich anmerken, dass es schon ein wenig bizarr gewesen ist, dass der Pr\u00e4sident jenes Rates, der dieses Gesetz in der ersten Lesung versenkt hat, hier den Stichentscheid geben konnte.</p>\n<p>Weiter ist auch bizarr, dass wir hier im CO2-Gesetz die Fahrl\u00e4ssigkeit bestrafen, w\u00e4hrend auf dem Bundesplatz die Klimajugend vors\u00e4tzliche Tatbegehungen vornimmt, die wir durchaus manchmal tolerieren. Aber das ist die Geschichte der Politik. In diesem Sinne: Wir werden sehen, ob das diesem Gesetz in Zukunft guttun wird.</p>\n</pd_text>","MeetingCouncilAbbreviation":"S","MeetingDate":"20200923","MeetingVerbalixOid":3325,"IdSession":"5105","SpeakerFirstName":"Beat","SpeakerLastName":"Rieder","SpeakerFullName":"Rieder Beat","SpeakerFunction":"Mit-M","CouncilId":2,"CouncilName":"St\u00e4nderat","CantonId":23,"CantonName":"Wallis","CantonAbbreviation":"VS","ParlGroupName":"Die Mitte-Fraktion. Die Mitte. EVP.","ParlGroupAbbreviation":"M-E","SortOrder":3,"Start":"\/Date(1600864897547)\/","End":"\/Date(1600864975483)\/","Function":"Mit-M","DisplaySpeaker":true,"LanguageOfText":"DE","Modified":"\/Date(1647343045600)\/","StartTimeWithTimezone":"\/Date(1600864897547+0120)\/","EndTimeWithTimezone":"\/Date(1600864975483+0120)\/","VoteBusinessNumber":null,"VoteBusinessShortNumber":null,"VoteBusinessTitle":null}]},"ID":"50295","Language":"DE","IdMeeting":"4382","VerbalixOid":630310,"SortOrder":12,"Modified":"\/Date(1647343045600)\/"}}