{"d":{"__metadata":{"id":"https://ws.parlament.ch/OData.svc/Subject(ID=50305L,Language='DE')","uri":"https://ws.parlament.ch/OData.svc/Subject(ID=50305L,Language='DE')","type":"itsystems.Pd.DataServices.DataModel.Subject"},"Meetings":{"__metadata":{"id":"https://ws.parlament.ch/OData.svc/Meeting(ID=4384L,Language='DE')","uri":"https://ws.parlament.ch/OData.svc/Meeting(ID=4384L,Language='DE')","type":"itsystems.Pd.DataServices.DataModel.Meeting"},"Sessions":{"__deferred":{"uri":"https://ws.parlament.ch/OData.svc/Meeting(ID=4384L,Language='DE')/Sessions"}},"Subjects":{"__deferred":{"uri":"https://ws.parlament.ch/OData.svc/Meeting(ID=4384L,Language='DE')/Subjects"}},"ID":"4384","Language":"DE","MeetingNumber":17,"IdSession":5105,"SessionNumber":5,"SessionName":"Herbstsession 2020","Council":1,"CouncilName":"Nationalrat","CouncilAbbreviation":"NR","Date":"\/Date(1600905600000)\/","Begin":"0800","Modified":"\/Date(1603354491570)\/","LegislativePeriodNumber":51,"PublicationStatus":"final","MeetingOrderText":"Siebzehnte Sitzung","SortOrder":17,"Location":"N"},"SubjectsBusiness":{"results":[{"__metadata":{"id":"https://ws.parlament.ch/OData.svc/SubjectBusiness(BusinessNumber=20170059,IdSubject=50305L,Language='DE')","uri":"https://ws.parlament.ch/OData.svc/SubjectBusiness(BusinessNumber=20170059,IdSubject=50305L,Language='DE')","type":"itsystems.Pd.DataServices.DataModel.SubjectBusiness"},"Subjects":{"__deferred":{"uri":"https://ws.parlament.ch/OData.svc/SubjectBusiness(BusinessNumber=20170059,IdSubject=50305L,Language='DE')/Subjects"}},"Businesses":{"__deferred":{"uri":"https://ws.parlament.ch/OData.svc/SubjectBusiness(BusinessNumber=20170059,IdSubject=50305L,Language='DE')/Businesses"}},"IdSubject":"50305","BusinessNumber":20170059,"Language":"DE","BusinessShortNumber":"17.059","Title":"Datenschutzgesetz. Totalrevision und \u00c4nderung weiterer Erlasse zum Datenschutz","SortOrder":1,"PublishedNotes":"Differenzen - Divergences\n","Modified":"\/Date(1525802838796)\/","TitleDE":"Datenschutzgesetz.\nTotalrevision und \u00c4nderung weiterer\nErlasse zum Datenschutz","TitleFR":"Loi sur la protection des donn\u00e9es.\nR\u00e9vision totale et modification\nd'autres lois f\u00e9d\u00e9rales","TitleIT":null}]},"Transcripts":{"results":[{"__metadata":{"id":"https://ws.parlament.ch/OData.svc/Transcript(ID=270220L,Language='DE')","uri":"https://ws.parlament.ch/OData.svc/Transcript(ID=270220L,Language='DE')","type":"itsystems.Pd.DataServices.DataModel.Transcript"},"Subjects":{"__deferred":{"uri":"https://ws.parlament.ch/OData.svc/Transcript(ID=270220L,Language='DE')/Subjects"}},"MembersCouncil":{"__deferred":{"uri":"https://ws.parlament.ch/OData.svc/Transcript(ID=270220L,Language='DE')/MembersCouncil"}},"Businesses":{"__deferred":{"uri":"https://ws.parlament.ch/OData.svc/Transcript(ID=270220L,Language='DE')/Businesses"}},"ID":"270220","Language":"DE","IdSubject":"50305","VoteId":null,"PersonNumber":1346,"Type":1,"Text":"<pd_text><p><b>3.</b>[NB]<b>Bundesgesetz \u00fcber den Datenschutz</b>[GZ]</p>\n<p><b>3.</b>[NB]<b>Loi f\u00e9d\u00e9rale sur la protection des donn\u00e9es</b>[GZ]</p>\n<p>[VS][GZ]</p>\n<p><b>Art. 4 Bst. fbis </b>[GZ]</p>\n<p><i>Antrag der Einigungskonferenz </i>[GZ]</p>\n<p>fbis.[NB]Profiling mit hohem Risiko: Profiling, das ein hohes Risiko f\u00fcr die Pers\u00f6nlichkeit oder die Grundrechte der betroffenen Person mit sich bringt, indem es zu einer Verkn\u00fcpfung von Daten f\u00fchrt, die eine Beurteilung wesentlicher Aspekte der Pers\u00f6nlichkeit einer nat\u00fcrlichen Person erlaubt.</p>\n<p>[VS]</p>\n<p><b>Art. 4 let. fbis </b>[GZ]</p>\n<p><i>Proposition de la Conf\u00e9rence de conciliation </i>[GZ]</p>\n<p>fbis.[NB]profilage \u00e0 risque \u00e9lev\u00e9: tout profilage entra\u00eenant un risque \u00e9lev\u00e9 pour la personnalit\u00e9 ou les droits fondamentaux de la personne concern\u00e9e, lorsqu'il conduit \u00e0 un appariement de donn\u00e9es qui permet d'appr\u00e9cier les caract\u00e9ristiques essentielles de la personnalit\u00e9 de la personne physique.</p>\n<p>[VS]</p>\n<p><b>Art. 5 Abs. 7</b>[GZ]</p>\n<p><i>Antrag der Einigungskonferenz </i>[GZ]</p>\n<p>Die Einwilligung muss ausdr\u00fccklich erfolgen f\u00fcr:</p>\n<p>a.[NB]die Bearbeitung von besonders sch\u00fctzenswerten Personendaten;</p>\n<p>b.[NB]ein Profiling mit hohem Risiko durch eine private Person; oder</p>\n<p>c.[NB]ein Profiling durch ein Bundesorgan.</p>\n<p>[VS]</p>\n<p><b>Art. 5 al. 7 </b>[GZ]</p>\n<p><i>Proposition de la Conf\u00e9rence de conciliation </i>[GZ]</p>\n<p>Le consentement doit \u00eatre expr\u00e8s dans les cas suivants:</p>\n<p>a.[NB]il s'agit d'un traitement de donn\u00e9es sensibles;</p>\n<p>b.[NB]il s'agit d'un profilage \u00e0 risque \u00e9lev\u00e9 effectu\u00e9 par une personne priv\u00e9e;</p>\n<p>c.[NB]il s'agit d'un profilage effectu\u00e9 par un organe f\u00e9d\u00e9ral.</p>\n<p>[VS]</p>\n<p><b>Art. 27 Abs. 2 Bst. c Ziff. 1</b>[GZ]</p>\n<p><i>Antrag der Einigungskonferenz </i>[GZ]</p>\n<p>1.[NB]Es handelt sich weder um besonders sch\u00fctzenswerte Personendaten noch um ein Profiling mit hohem Risiko.</p>\n<p>[VS] [PAGE 1817] </p>\n<p><b>Art. 27 al. 2 let. c ch. 1</b>[GZ]</p>\n<p><i>Proposition de la Conf\u00e9rence de conciliation </i>[GZ]</p>\n<p>1.[NB]il ne s'agit pas de donn\u00e9es sensibles ni d'un profilage \u00e0 risque \u00e9lev\u00e9,</p>\n<p>[VS]</p>\n<p><b>Aufhebung und \u00c4nderung anderer Erlasse</b>[GZ]</p>\n<p><b>Abrogation et modification d'autres actes</b>[GZ]</p>\n<p>[VS]</p>\n<p><b>Ziff. II Ziff. 35 Art. 110 Abs. 2</b>[GZ]</p>\n<p><i>Antrag der Einigungskonferenz </i>[GZ]</p>\n<p>Sie darf zu diesem Zweck Informationssysteme f\u00fchren. Sie ist dar\u00fcber hinaus f\u00fcr die Erf\u00fcllung der Aufgaben nach Absatz 1 Buchstaben a bis c und e bis h zum Profiling, einschliesslich zum Profiling mit hohem Risiko, nach DSG befugt.</p>\n<p>[VS]</p>\n<p><b>Ch. II ch. 35 art. 110 al. 2</b>[GZ]</p>\n<p><i>Proposition de la Conf\u00e9rence de conciliation </i>[GZ]</p>\n<p>Elle peut g\u00e9rer des syst\u00e8mes d'information \u00e0 cet effet. Elle est en outre autoris\u00e9e \u00e0 faire du profilage, y compris du profilage \u00e0 risque \u00e9lev\u00e9, au sens de la LPD pour accomplir les t\u00e2ches mentionn\u00e9es \u00e0 l'alin\u00e9a 1 lettres a \u00e0 c et e \u00e0 h.</p>\n<p>[VS]</p>\n<p><b>Ziff. II Ziff. 35 Art. 112 Abs. 2 </b>[GZ]</p>\n<p><i>Antrag der Einigungskonferenz </i>[GZ]</p>\n<p>Es d\u00fcrfen namentlich folgende Daten und Datenverbindungen, einschliesslich besonders sch\u00fctzenswerter Personendaten sowie Daten, die auf einem Profiling, einschliesslich auf einem Profiling mit hohem Risiko, beruhen, bekannt gegeben werden:</p>\n<p>[VS]</p>\n<p><b>Ch. II ch. 35 art. 112 al. 2 </b>[GZ]</p>\n<p><i>Proposition de la Conf\u00e9rence de conciliation </i>[GZ]</p>\n<p>Peuvent en particulier \u00eatre communiqu\u00e9es les donn\u00e9es et connexions de donn\u00e9es suivantes, y compris des donn\u00e9es sensibles et des donn\u00e9es issues d'un profilage y compris d'un profilage \u00e0 risque \u00e9lev\u00e9:</p>\n<p>[VS]</p>\n<p><b>Ziff. II Ziff. 35 Art. 113 </b>[GZ]</p>\n<p><i>Antrag der Einigungskonferenz </i>[GZ]</p>\n<p>Die EZV darf Beh\u00f6rden anderer Staaten sowie supranationaler und internationaler Organisationen (ausl\u00e4ndische Beh\u00f6rden) Daten, einschliesslich besonders sch\u00fctzenswerter Personendaten sowie Daten, die auf einem Profiling, einschliesslich auf einem Profiling mit hohem Risiko, beruhen, im Einzelfall oder im Abrufverfahren nur bekannt geben, sofern ein v\u00f6lkerrechtlicher Vertrag dies vorsieht.</p>\n<p>[VS]</p>\n<p><b>Ch. II ch. 35 art. 113 </b>[GZ]</p>\n<p><i>Proposition de la Conf\u00e9rence de conciliation </i>[GZ]</p>\n<p>L'AFD ne peut communiquer des donn\u00e9es, y compris des donn\u00e9es sensibles et des donn\u00e9es issues d'un profilage y compris d'un profilage \u00e0 risque \u00e9lev\u00e9, \u00e0 des autorit\u00e9s d'autres Etats ainsi qu'\u00e0 des organisations supranationales ou internationales (autorit\u00e9s \u00e9trang\u00e8res), dans des cas d'esp\u00e8ce ou en proc\u00e9dure d'appel, que si un trait\u00e9 international le pr\u00e9voit.</p>\n<p>[VS]</p>\n<p><b>Ziff. II Ziff. 35 Art. 114 Abs. 2 </b>[GZ]</p>\n<p><i>Antrag der Einigungskonferenz </i>[GZ]</p>\n<p>Die inl\u00e4ndischen Beh\u00f6rden geben der EZV Daten, einschliesslich besonders sch\u00fctzenswerter Personendaten sowie Daten, die auf einem Profiling, einschliesslich auf einem Profiling mit hohem Risiko, beruhen, bekannt, sofern dies f\u00fcr den Vollzug der von der EZV anzuwendenden Erlasse notwendig ist.</p>\n<p>[VS]</p>\n<p><b>Ch. II ch. 35 art. 114 al. 2 </b>[GZ]</p>\n<p><i>Proposition de la Conf\u00e9rence de conciliation </i>[GZ]</p>\n<p>Les autorit\u00e9s suisses fournissent \u00e0 l'AFD les donn\u00e9es, y compris des donn\u00e9es sensibles et des donn\u00e9es issues d'un profilage, y compris d'un profilage \u00e0 risque \u00e9lev\u00e9, qui sont n\u00e9cessaires \u00e0 l'ex\u00e9cution des actes l\u00e9gislatifs qu'elle doit appliquer.</p>\n<p>[VS]</p>\n<p><b>Ziff. II Ziff. 36 Art. 76 Abs. 3 </b>[GZ]</p>\n<p><i>Antrag der Einigungskonferenz </i>[GZ]</p>\n<p>Zur Erf\u00fcllung ihrer Aufgaben ist sie \u00fcberdies zum Profiling, einschliesslich zum Profiling mit hohem Risiko, nach dem Datenschutzgesetz vom ... (DSG) befugt:</p>\n<p>a.[NB]f\u00fcr die \u00dcberpr\u00fcfung und Kontrolle;</p>\n<p>b.[NB]f\u00fcr die Feststellung der Steuerpflicht;</p>\n<p>c.[NB]f\u00fcr die Erhebung der Steuer;</p>\n<p>d.[NB]f\u00fcr die Verhinderung und Verfolgung von Widerhandlungen;</p>\n<p>e.[NB]f\u00fcr die Analyse und Erstellung von Risikoprofilen;</p>\n<p>f.[NB]f\u00fcr die Erstellung von Statistiken.</p>\n<p>[VS]</p>\n<p><b>Ch. II ch. 36 art. 76 al. 3 </b>[GZ]</p>\n<p><i>Proposition de la Conf\u00e9rence de conciliation </i>[GZ]</p>\n<p>Elle est \u00e9galement habilit\u00e9e \u00e0 faire du profilage, y compris du profilage \u00e0 risque \u00e9lev\u00e9, au sens de la loi f\u00e9d\u00e9rale du ... sur la protection des donn\u00e9es (LPD) pour l'accomplissement de ses t\u00e2ches:</p>\n<p>a.[NB]de v\u00e9rification et de contr\u00f4le;</p>\n<p>b.[NB]d'assujettissement;</p>\n<p>c.[NB]de perception de l'imp\u00f4t;</p>\n<p>d.[NB]de pr\u00e9vention et de poursuite des infractions;</p>\n<p>e.[NB]d'analyses et d'\u00e9tablissement de profils de risques;</p>\n<p>f.[NB]de statistiques.</p>\n<p>[VS]</p>\n<p><b>Ziff. II Ziff. 36 Art. 76b Abs. 2 </b>[GZ]</p>\n<p><i>Antrag der Einigungskonferenz </i>[GZ]</p>\n<p>Die ESTV darf den in der EZV mit der Erhebung und dem Einzug der Mehrwertsteuer sowie mit der Durchf\u00fchrung von Straf- und Administrativverfahren betrauten Personen die Personendaten aus einem Profiling, einschliesslich aus einem Profiling mit hohem Risiko, nach Artikel 76 Absatz 3 bekannt geben oder im Abrufverfahren zug\u00e4nglich machen, sofern dies f\u00fcr die Erf\u00fcllung von deren Aufgaben n\u00f6tig ist.</p>\n<p>[VS]</p>\n<p><b>Ch. II ch. 36 art. 76b al. 2 </b>[GZ]</p>\n<p><i>Proposition de la Conf\u00e9rence de conciliation </i>[GZ]</p>\n<p>L'AFC peut communiquer les donn\u00e9es personnelles issues d'un profilage, y compris d'un profilage \u00e0 risque \u00e9lev\u00e9, au sens de l'article 76 alin\u00e9a 3, aux collaborateurs de l'AFD charg\u00e9s de la perception et de l'encaissement de la TVA ou de l'ex\u00e9cution des proc\u00e9dures administratives ou p\u00e9nales, ou leur donner acc\u00e8s \u00e0 ces donn\u00e9es en ligne, dans la mesure o\u00f9 l'accomplissement des t\u00e2ches de ces personnes l'exige.</p>\n<p>[VS]</p>\n<p><b>Ziff. II Ziff. 47 Art. 21c Abs. 1bis </b>[GZ]</p>\n<p><i>Antrag der Einigungskonferenz </i>[GZ]</p>\n<p>Zur Beurteilung des Gef\u00e4hrlichkeitsgrades der in Absatz 1 genannten Personen ist Fedpol zum Profiling, einschliesslich zum Profiling mit hohem Risiko, nach dem Bundesgesetz vom ... \u00fcber den Datenschutz (DSG) befugt.</p>\n<p>[VS]</p>\n<p><b>Ch. II ch. 47 art. 21c al. 1bis </b>[GZ]</p>\n<p><i>Proposition de la Conf\u00e9rence de conciliation </i>[GZ]</p>\n<p>Fedpol est habilit\u00e9 \u00e0 faire du profilage, y compris du profilage \u00e0 risque \u00e9lev\u00e9, au sens de de la loi f\u00e9d\u00e9rale du ... sur la protection des donn\u00e9es (LPD) pour \u00e9valuer le menace que repr\u00e9sentent les personnes vis\u00e9es \u00e0 l'alin\u00e9a 1.</p>\n<p>[VS]</p>\n<p><b>Ziff. II Ziff. 59 Art. 96 Abs. 2 </b>[GZ]</p>\n<p><i>Antrag der Einigungskonferenz </i>[GZ]</p>\n<p>Zur Erf\u00fcllung dieser Aufgaben sind sie dar\u00fcber hinaus zum Profiling, einschliesslich zum Profiling mit hohem Risiko, nach dem Datenschutzgesetz vom ... (DSG) und zum Erlass von automatisierten Einzelentscheidungen nach Artikel 19 DSG befugt.</p>\n<p>[VS]</p>\n<p><b>Ch. II ch. 59 art. 96 al. 2</b>[GZ]</p>\n<p><i>Proposition de la Conf\u00e9rence de conciliation </i>[GZ]</p>\n<p>Pour accomplir ces t\u00e2ches, ils sont en outre habilit\u00e9s \u00e0 faire du profilage, y compris du profilage \u00e0 risque \u00e9lev\u00e9, au sens de la loi f\u00e9d\u00e9rale du ... sur la protection des donn\u00e9es (LPD) et \u00e0 rendre des d\u00e9cisions individuelles automatis\u00e9es selon l'article 19 LPD.</p>\n<p>[VS] [PAGE 1818] </p>\n<p><b>Ziff. II Ziff. 60 Art. 94a Abs. 2 </b>[GZ]</p>\n<p><i>Antrag der Einigungskonferenz </i>[GZ]</p>\n<p>Zur Erf\u00fcllung dieser Aufgaben sind sie dar\u00fcber hinaus zum Profiling, einschliesslich zum Profiling mit hohem Risiko, nach dem Datenschutzgesetz vom ... (DSG) und zum Erlass von automatisierten Einzelentscheidungen nach Artikel 19 DSG befugt.</p>\n<p>[VS]</p>\n<p><b>Ch. II ch. 60 art. 94a al. 2 </b>[GZ]</p>\n<p><i>Proposition de la Conf\u00e9rence de conciliation </i>[GZ]</p>\n<p>Pour accomplir ces t\u00e2ches, ils sont en en outre habilit\u00e9s \u00e0 faire du profilage, y compris du profilage \u00e0 risque \u00e9lev\u00e9, au sens de la loi f\u00e9d\u00e9rale du ... sur la protection des donn\u00e9es (LPD)1 et \u00e0 rendre des d\u00e9cisions individuelles automatis\u00e9es selon l'article 19 LPD.</p>\n<p>[VS]</p>\n<p><b>Ziff. II Ziff. 66 Art. 23 Abs. 3 </b>[GZ]</p>\n<p><i>Antrag der Einigungskonferenz </i>[GZ]</p>\n<p>F\u00fcr die Datenbearbeitung zum Zweck nach Absatz 2 Buchstabe e ist die Finma zum Profiling, einschliesslich zum Profiling mit hohem Risiko, nach dem Datenschutzgesetz vom ... befugt.</p>\n<p>[VS]</p>\n<p><b>Ch. II ch. 66 art. 23 al. 3 </b>[GZ]</p>\n<p><i>Proposition de la Conf\u00e9rence de conciliation </i>[GZ]</p>\n<p>Elle est habilit\u00e9e \u00e0 faire du profilage, y compris du profilage \u00e0 risque \u00e9lev\u00e9, au sens de la loi f\u00e9d\u00e9rale du ... sur la protection des donn\u00e9es (LPD) pour l'\u00e9valuation du comportement d'une personne selon l'alinea 2 lettre e.</p>\n</pd_text>","MeetingCouncilAbbreviation":"N","MeetingDate":"20200924","MeetingVerbalixOid":3327,"IdSession":"5105","SpeakerFirstName":"Isabelle","SpeakerLastName":"Moret","SpeakerFullName":"Moret Isabelle","SpeakerFunction":"P-F","CouncilId":1,"CouncilName":"Nationalrat","CantonId":22,"CantonName":"Waadt","CantonAbbreviation":"VD","ParlGroupName":"FDP-Liberale Fraktion","ParlGroupAbbreviation":"RL","SortOrder":1,"Start":"\/Date(1600934650213)\/","End":"\/Date(1600934699974)\/","Function":"P-F","DisplaySpeaker":false,"LanguageOfText":null,"Modified":"\/Date(1774877105264)\/","StartTimeWithTimezone":"\/Date(1600934650213+0120)\/","EndTimeWithTimezone":"\/Date(1600934699973+0120)\/","VoteBusinessNumber":null,"VoteBusinessShortNumber":null,"VoteBusinessTitle":null},{"__metadata":{"id":"https://ws.parlament.ch/OData.svc/Transcript(ID=270221L,Language='DE')","uri":"https://ws.parlament.ch/OData.svc/Transcript(ID=270221L,Language='DE')","type":"itsystems.Pd.DataServices.DataModel.Transcript"},"Subjects":{"__deferred":{"uri":"https://ws.parlament.ch/OData.svc/Transcript(ID=270221L,Language='DE')/Subjects"}},"MembersCouncil":{"__deferred":{"uri":"https://ws.parlament.ch/OData.svc/Transcript(ID=270221L,Language='DE')/MembersCouncil"}},"Businesses":{"__deferred":{"uri":"https://ws.parlament.ch/OData.svc/Transcript(ID=270221L,Language='DE')/Businesses"}},"ID":"270221","Language":"DE","IdSubject":"50305","VoteId":"21482","PersonNumber":null,"Type":2,"Text":"<pd_text><p><i>Abstimmung - Vote </i>[GZ]</p>\n<p>[NAM][GZ]</p>\n<p>F\u00fcr den Antrag der Einigungskonferenz ... 134 Stimmen[GZ]</p>\n<p>Dagegen ... 42 Stimmen[GZ]</p>\n<p>(1 Enthaltung) [PAGE 1819] </p>\n</pd_text>","MeetingCouncilAbbreviation":"N","MeetingDate":"20200924","MeetingVerbalixOid":3327,"IdSession":"5105","SpeakerFirstName":null,"SpeakerLastName":null,"SpeakerFullName":"","SpeakerFunction":null,"CouncilId":null,"CouncilName":null,"CantonId":null,"CantonName":null,"CantonAbbreviation":null,"ParlGroupName":null,"ParlGroupAbbreviation":null,"SortOrder":5,"Start":"\/Date(1600935198884)\/","End":"\/Date(1600935242893)\/","Function":null,"DisplaySpeaker":null,"LanguageOfText":null,"Modified":"\/Date(1774877105279)\/","StartTimeWithTimezone":"\/Date(1600935198883+0120)\/","EndTimeWithTimezone":"\/Date(1600935242893+0120)\/","VoteBusinessNumber":20170059,"VoteBusinessShortNumber":"17.059","VoteBusinessTitle":"Datenschutzgesetz.\nTotalrevision und \u00c4nderung weiterer\nErlasse zum Datenschutz"},{"__metadata":{"id":"https://ws.parlament.ch/OData.svc/Transcript(ID=270238L,Language='DE')","uri":"https://ws.parlament.ch/OData.svc/Transcript(ID=270238L,Language='DE')","type":"itsystems.Pd.DataServices.DataModel.Transcript"},"Subjects":{"__deferred":{"uri":"https://ws.parlament.ch/OData.svc/Transcript(ID=270238L,Language='DE')/Subjects"}},"MembersCouncil":{"__deferred":{"uri":"https://ws.parlament.ch/OData.svc/Transcript(ID=270238L,Language='DE')/MembersCouncil"}},"Businesses":{"__deferred":{"uri":"https://ws.parlament.ch/OData.svc/Transcript(ID=270238L,Language='DE')/Businesses"}},"ID":"270238","Language":"DE","IdSubject":"50305","VoteId":null,"PersonNumber":4208,"Type":1,"Text":"<pd_text><p>Die Einigungskonferenz hat am 23. September getagt, das war gestern. Eine Differenz bestand noch bei Artikel 4 Litera fbis. Das \"Profiling mit hohem Risiko\" war auch da noch ein Thema. </p>\n<p>Die Zukunft wird zeigen, wie sich die Definition des Begriffs \"wesentliche Aspekte der Pers\u00f6nlichkeit\" entwickeln wird. Schon in der Startphase war das ein wichtiges Thema gewesen, und es hat zu emotionalen Diskussionen gef\u00fchrt. Vor allem auch die Wirtschaft hat sich schwergetan, und von den linken Kreisen kam die Forderung nach einer strikteren Regulierung und nach einem zus\u00e4tzlichen Begriff, dem \"Profiling mit hohem Risiko\". Diesen Begriff gibt es so jedoch in der EU-Datenschutzverordnung nicht. </p>\n<p>Die Einigungskonferenz hat sich gestern mit 19 zu 5 Stimmen trotzdem der Version des St\u00e4nderates angeschlossen. Warum? Dies aus vier Gr\u00fcnden:</p>\n<p>1.[NB]Nach wie vor m\u00f6chte auch der St\u00e4nderat f\u00fcr Wirtschaft und Gewerbe, aber vor allem auch f\u00fcr die B\u00fcrger keine neuen Einschr\u00e4nkungen durch den Datenschutz. Es solle bei der aktuellen Praxis bleiben. </p>\n<p>2.[NB]Trotz dem zus\u00e4tzlichen Begriff soll kein Swiss Finish entstehen, das heisst, bei der Bemessung soll man nicht \u00fcber das Moneyhouse-Urteil hinausgehen.</p>\n<p>3.[NB]Der St\u00e4nderat ist dem Nationalrat bei einem wichtigen Punkt, n\u00e4mlich den Rechtfertigungsgr\u00fcnden in Artikel 27 Absatz 2 Buchstabe c Ziffer 3, entgegengekommen. Daten d\u00fcrfen daher nicht \u00e4lter als zehn Jahre sein - urspr\u00fcnglich waren ja nur f\u00fcnf Jahre vorgesehen.</p>\n<p>4.[NB]Die Schweiz - das ist wohl der wichtigste Grund - braucht nun dringend ein modernes Datenschutzgesetz. Das hilft dem B\u00fcrger, das hilft der Wirtschaft, das hilft uns allen. Und zudem sichern wir uns damit die Datenschutzanerkennung der EU.</p>\n<p>Wir bitten Sie daher, diesem Resultat der Einigungskonferenz zuzustimmen.</p>\n<p>Seit 2017 behandeln wir dieses Gesetz, auch sehr emotional, in der Staatspolitischen Kommission des Nationalrates. Ich m\u00f6chte als Sprecher der Kommission allen danken, vor allem Frau Bundesr\u00e4tin Karin Keller-Sutter, aber auch Frau Bundespr\u00e4sidentin Sommaruga, die dieses Gesetz von Anfang an begleitet haben; dem Bundesamt f\u00fcr Justiz, das mit enormem Einsatz auch immer wieder Vorschl\u00e4ge vorbereitet hat und uns entsprechend zur Seite gestanden ist f\u00fcr Fragen und f\u00fcr Antworten. Ich danke aber auch dem Eidgen\u00f6ssischen Datenschutz- und \u00d6ffentlichkeitsbeauftragten, der mit seinen Praxistipps mitgeholfen hat, ein Gesetz zu zimmern, das jetzt mehr oder weniger die Beteiligten bei den meisten Interessen abholen konnte oder wenigstens die mittlere Unzufriedenheit gesichert hat. Schlussendlich danke ich dem SPK-Sekretariat, das ebenfalls mit grossem Aufwand mitgeholfen hat, die entsprechenden Antr\u00e4ge zu formulieren und auch in Nachtarbeit so weit zu koordinieren, dass sie zu einem Resultat f\u00fchren.</p>\n<p>Ich m\u00f6chte aber auch den Fraktionen danken, sowohl den linken wie auch den b\u00fcrgerlichen, die mit kritischen, aber sehr konstruktiven Diskussionen mitgeholfen haben, das Gesetz jetzt in die Endrunde zu bringen. Ganz herzlichen Dank!</p>\n<p>Nun gilt es, in der Schlussabstimmung diesem Gesetz zuzustimmen und damit die EU-Anerkennung unseres Datenschutzniveaus zu sichern. Damit verf\u00fcgen wir wieder \u00fcber einen der Zeit angepassten Datenschutz.</p>\n</pd_text>","MeetingCouncilAbbreviation":"N","MeetingDate":"20200924","MeetingVerbalixOid":3327,"IdSession":"5105","SpeakerFirstName":"Matthias Samuel","SpeakerLastName":"Jauslin","SpeakerFullName":"Jauslin Matthias Samuel","SpeakerFunction":"Mit-M","CouncilId":1,"CouncilName":"Nationalrat","CantonId":19,"CantonName":"Aargau","CantonAbbreviation":"AG","ParlGroupName":"FDP-Liberale Fraktion","ParlGroupAbbreviation":"RL","SortOrder":2,"Start":"\/Date(1600934699974)\/","End":"\/Date(1600934942697)\/","Function":"*","DisplaySpeaker":true,"LanguageOfText":"DE","Modified":"\/Date(1774877105269)\/","StartTimeWithTimezone":"\/Date(1600934699973+0120)\/","EndTimeWithTimezone":"\/Date(1600934942697+0120)\/","VoteBusinessNumber":null,"VoteBusinessShortNumber":null,"VoteBusinessTitle":null},{"__metadata":{"id":"https://ws.parlament.ch/OData.svc/Transcript(ID=270240L,Language='DE')","uri":"https://ws.parlament.ch/OData.svc/Transcript(ID=270240L,Language='DE')","type":"itsystems.Pd.DataServices.DataModel.Transcript"},"Subjects":{"__deferred":{"uri":"https://ws.parlament.ch/OData.svc/Transcript(ID=270240L,Language='DE')/Subjects"}},"MembersCouncil":{"__deferred":{"uri":"https://ws.parlament.ch/OData.svc/Transcript(ID=270240L,Language='DE')/MembersCouncil"}},"Businesses":{"__deferred":{"uri":"https://ws.parlament.ch/OData.svc/Transcript(ID=270240L,Language='DE')/Businesses"}},"ID":"270240","Language":"DE","IdSubject":"50305","VoteId":null,"PersonNumber":4254,"Type":1,"Text":"<pd_text><p>\u00c8 una grande piacere parlare a nome della Conferenza di conciliazione in occasione della giornata del plurilinguismo.</p>\n<p>La Conf\u00e9rence de conciliation s'est r\u00e9unie hier et a analys\u00e9 une nouvelle fois la situation sur la derni\u00e8re divergence qui s\u00e9parait le Conseil national du Conseil des Etats concernant ce fameux article 4 lettre fbis, s'agissant du profilage \u00e0[NB]risque \u00e9lev\u00e9. La Conf\u00e9rence de conciliation vous propose \u00e0 une large majorit\u00e9 de vous rallier \u00e0 la version du Conseil des Etats.</p>\n<p>Vous vous souvenez que le Conseil national craignait un \"Swiss finish\" et une r\u00e9glementation plus restrictive que la situation actuelle, avec cette norme, et plus restrictive \u00e9galement que ce que n'impose la r\u00e9glementation europ\u00e9enne. A l'inverse, une minorit\u00e9 du Conseil national et le Conseil des Etats craignaient que sans cette disposition la situation et la protection des personnes ne soient moins bonnes apr\u00e8s qu'avant, c'est-\u00e0-dire qu'elles soient moins bonnes avec la nouvelle loi qu'avec la loi actuelle et la d\u00e9finition du profil de personnalit\u00e9 qui y figure.</p>\n<p>Devant les assurances du Conseil f\u00e9d\u00e9ral, de l'administration et du Pr\u00e9pos\u00e9 f\u00e9d\u00e9ral \u00e0 la protection des donn\u00e9es que la version du Conseil des Etats n'impliquait ni une complication des proc\u00e9dures ni une augmentation de la protection par rapport \u00e0 la situation actuelle et \u00e0 l'application qui est faite de la[NB]jurisprudence dite \"Moneyhouse\", la Conf\u00e9rence de conciliation a accept\u00e9 de se rallier \u00e0 la version du Conseil des Etats.</p>\n<p>Par 19 voix contre 5 et sans abstention, elle vous propose donc de suivre cette solution et de permettre ainsi \u00e0 cet objet d'arriver \u00e0 bout touchant. Il serait ainsi pr\u00eat pour le vote final.</p>\n<p>Damit sind wir am Ende einer langen Reise. Ein letztes Mal m\u00f6chte ich, wie der Berichterstatter der deutschen Sprache, im Namen der Kommission allen danken, die in diesen Jahren daran gearbeitet haben, und ich bedanke mich mit diesen Worten: Grazia fitg!</p>\n</pd_text>","MeetingCouncilAbbreviation":"N","MeetingDate":"20200924","MeetingVerbalixOid":3327,"IdSession":"5105","SpeakerFirstName":"Damien","SpeakerLastName":"Cottier","SpeakerFullName":"Cottier Damien","SpeakerFunction":"Mit-M","CouncilId":1,"CouncilName":"Nationalrat","CantonId":24,"CantonName":"Neuenburg","CantonAbbreviation":"NE","ParlGroupName":"FDP-Liberale Fraktion","ParlGroupAbbreviation":"RL","SortOrder":3,"Start":"\/Date(1600934950793)\/","End":"\/Date(1600935092683)\/","Function":"*","DisplaySpeaker":true,"LanguageOfText":"IT","Modified":"\/Date(1774877105274)\/","StartTimeWithTimezone":"\/Date(1600934950793+0120)\/","EndTimeWithTimezone":"\/Date(1600935092683+0120)\/","VoteBusinessNumber":null,"VoteBusinessShortNumber":null,"VoteBusinessTitle":null},{"__metadata":{"id":"https://ws.parlament.ch/OData.svc/Transcript(ID=270354L,Language='DE')","uri":"https://ws.parlament.ch/OData.svc/Transcript(ID=270354L,Language='DE')","type":"itsystems.Pd.DataServices.DataModel.Transcript"},"Subjects":{"__deferred":{"uri":"https://ws.parlament.ch/OData.svc/Transcript(ID=270354L,Language='DE')/Subjects"}},"MembersCouncil":{"__deferred":{"uri":"https://ws.parlament.ch/OData.svc/Transcript(ID=270354L,Language='DE')/MembersCouncil"}},"Businesses":{"__deferred":{"uri":"https://ws.parlament.ch/OData.svc/Transcript(ID=270354L,Language='DE')/Businesses"}},"ID":"270354","Language":"DE","IdSubject":"50305","VoteId":null,"PersonNumber":1346,"Type":1,"Text":"<pd_text><p><b>La pr\u00e9sidente</b> (Moret Isabelle, pr\u00e9sidente): Le groupe socialiste et le groupe du centre PDC-PEV-PBD soutiennent la proposition de la Conf\u00e9rence de conciliation. Mme la conseill\u00e8re f\u00e9d\u00e9rale renonce \u00e0 prendre la parole. </p>\n</pd_text>","MeetingCouncilAbbreviation":"N","MeetingDate":"20200924","MeetingVerbalixOid":3327,"IdSession":"5105","SpeakerFirstName":"Isabelle","SpeakerLastName":"Moret","SpeakerFullName":"Moret Isabelle","SpeakerFunction":"P-F","CouncilId":1,"CouncilName":"Nationalrat","CantonId":22,"CantonName":"Waadt","CantonAbbreviation":"VD","ParlGroupName":"FDP-Liberale Fraktion","ParlGroupAbbreviation":"RL","SortOrder":4,"Start":"\/Date(1600935092683)\/","End":"\/Date(1600935198884)\/","Function":"P-F","DisplaySpeaker":false,"LanguageOfText":null,"Modified":"\/Date(1774877105275)\/","StartTimeWithTimezone":"\/Date(1600935092683+0120)\/","EndTimeWithTimezone":"\/Date(1600935198883+0120)\/","VoteBusinessNumber":null,"VoteBusinessShortNumber":null,"VoteBusinessTitle":null}]},"ID":"50305","Language":"DE","IdMeeting":"4384","VerbalixOid":630594,"SortOrder":2,"Modified":"\/Date(1774877105262)\/"}}