{"d":{"__metadata":{"id":"https://ws.parlament.ch/OData.svc/Subject(ID=50319L,Language='DE')","uri":"https://ws.parlament.ch/OData.svc/Subject(ID=50319L,Language='DE')","type":"itsystems.Pd.DataServices.DataModel.Subject"},"Meetings":{"__metadata":{"id":"https://ws.parlament.ch/OData.svc/Meeting(ID=4385L,Language='DE')","uri":"https://ws.parlament.ch/OData.svc/Meeting(ID=4385L,Language='DE')","type":"itsystems.Pd.DataServices.DataModel.Meeting"},"Sessions":{"__deferred":{"uri":"https://ws.parlament.ch/OData.svc/Meeting(ID=4385L,Language='DE')/Sessions"}},"Subjects":{"__deferred":{"uri":"https://ws.parlament.ch/OData.svc/Meeting(ID=4385L,Language='DE')/Subjects"}},"ID":"4385","Language":"DE","MeetingNumber":13,"IdSession":5105,"SessionNumber":5,"SessionName":"Herbstsession 2020","Council":2,"CouncilName":"St\u00e4nderat","CouncilAbbreviation":"SR","Date":"\/Date(1600905600000)\/","Begin":"0815","Modified":"\/Date(1602775822433)\/","LegislativePeriodNumber":51,"PublicationStatus":"final","MeetingOrderText":"Dreizehnte Sitzung","SortOrder":13,"Location":"S"},"SubjectsBusiness":{"results":[{"__metadata":{"id":"https://ws.parlament.ch/OData.svc/SubjectBusiness(BusinessNumber=20170059,IdSubject=50319L,Language='DE')","uri":"https://ws.parlament.ch/OData.svc/SubjectBusiness(BusinessNumber=20170059,IdSubject=50319L,Language='DE')","type":"itsystems.Pd.DataServices.DataModel.SubjectBusiness"},"Subjects":{"__deferred":{"uri":"https://ws.parlament.ch/OData.svc/SubjectBusiness(BusinessNumber=20170059,IdSubject=50319L,Language='DE')/Subjects"}},"Businesses":{"__deferred":{"uri":"https://ws.parlament.ch/OData.svc/SubjectBusiness(BusinessNumber=20170059,IdSubject=50319L,Language='DE')/Businesses"}},"IdSubject":"50319","BusinessNumber":20170059,"Language":"DE","BusinessShortNumber":"17.059","Title":"Datenschutzgesetz. Totalrevision und \u00c4nderung weiterer Erlasse zum Datenschutz","SortOrder":1,"PublishedNotes":"Differenzen - Divergences\n","Modified":"\/Date(1525802838796)\/","TitleDE":"Datenschutzgesetz.\nTotalrevision und \u00c4nderung weiterer\nErlasse zum Datenschutz","TitleFR":"Loi sur la protection des donn\u00e9es.\nR\u00e9vision totale et modification\nd'autres lois f\u00e9d\u00e9rales","TitleIT":null}]},"Transcripts":{"results":[{"__metadata":{"id":"https://ws.parlament.ch/OData.svc/Transcript(ID=270291L,Language='DE')","uri":"https://ws.parlament.ch/OData.svc/Transcript(ID=270291L,Language='DE')","type":"itsystems.Pd.DataServices.DataModel.Transcript"},"Subjects":{"__deferred":{"uri":"https://ws.parlament.ch/OData.svc/Transcript(ID=270291L,Language='DE')/Subjects"}},"MembersCouncil":{"__deferred":{"uri":"https://ws.parlament.ch/OData.svc/Transcript(ID=270291L,Language='DE')/MembersCouncil"}},"Businesses":{"__deferred":{"uri":"https://ws.parlament.ch/OData.svc/Transcript(ID=270291L,Language='DE')/Businesses"}},"ID":"270291","Language":"DE","IdSubject":"50319","VoteId":null,"PersonNumber":4056,"Type":1,"Text":"<pd_text><p>Durante la discussione di ieri sulle rimanenti differenze ho detto, ricalcando le parole della consigliera federale Keller-Sutter nel dibattito della settimana scorsa al Consiglio nazionale, che la nebbia si sta alzando e il passo \u00e8 in vista. Tenendo conto dell'esito della Conferenza di conciliazione oggi posso dire che il passo \u00e8 quasi stato raggiunto.</p>\n<p>Wir haben gestern Vormittag in unserem Rat entschieden, bei einer von zwei Differenzen dem Nationalrat entgegenzukommen und bei der anderen Differenz an unserem fr\u00fcheren Beschluss festzuhalten. Diese Differenz betrifft die Frage, ob in Artikel 4 des totalrevidierten Datenschutzgesetzes nicht nur der Begriff des Profilings definiert werden soll, sondern in Buchstabe fbis auch das Profiling mit hohem Risiko mit den dazugeh\u00f6renden Rechtsfolgen. In der Einigungskonferenz von gestern Mittag wurde mit 19 zu 5 Stimmen bei 0 Enthaltungen entschieden, den beiden R\u00e4ten zu beantragen, die letzte Differenz im Sinne des st\u00e4nder\u00e4tlichen Beschlusses zu bereinigen.</p>\n<p>Im Nationalrat war bei diesem Gesch\u00e4ft verschiedentlich von einem unerw\u00fcnschten Swiss Finish die Rede. Ich m\u00f6chte klarstellen, dass dies nie die Absicht unserer Kommission war. Es ging uns immer darum, mit dem totalrevidierten Gesetz den heutigen Realit\u00e4ten Rechnung zu tragen und beim Datenschutz das geltende Schutzniveau zumindest zu halten. Dieser Intention folgte unsere Kommission auch bei der Formulierung der nun von der Einigungskonferenz \u00fcbernommenen Regelung des Profilings mit hohem Risiko. Damit sollte gew\u00e4hrleistet sein, dass bei der[NB]Angemessenheitspr\u00fcfung durch die europ\u00e4ischen Beh\u00f6rden im Sinne unserer[NB]Wirtschaft ein positives Ergebnis resultiert. Ich berichte Ihnen noch gerne, dass der Nationalrat bei seiner Beratung des Antrages der Einigungskonferenz heute Morgen diesem Antrag mit 134 zu 42 Stimmen bei 1 Enthaltung zugestimmt hat.</p>\n<p>Ich beantrage Ihnen in diesem Sinne, den Antrag der Einigungskonferenz ebenfalls anzunehmen.</p>\n<p>Ganz zum Schluss erlaube ich mir noch, einen Dank an alle Beteiligten auszusprechen, die mitgeholfen haben, dieses anspruchsvolle Gesetzesprojekt nach drei Jahren intensiver Arbeit zum Abschluss zu bringen. Ich danke in diesem Sinne insbesondere der Kommission, dem Departement und dabei vor allem dem Bundesamt f\u00fcr Justiz sowie dem Datenschutzbeauftragten.</p>\n</pd_text>","MeetingCouncilAbbreviation":"S","MeetingDate":"20200924","MeetingVerbalixOid":3328,"IdSession":"5105","SpeakerFirstName":"Daniel","SpeakerLastName":"F\u00e4ssler","SpeakerFullName":"F\u00e4ssler Daniel","SpeakerFunction":"Mit-M","CouncilId":2,"CouncilName":"St\u00e4nderat","CantonId":16,"CantonName":"Appenzell I.-Rh.","CantonAbbreviation":"AI","ParlGroupName":"Die Mitte-Fraktion. Die Mitte. EVP.","ParlGroupAbbreviation":"M-E","SortOrder":2,"Start":"\/Date(1600939879387)\/","End":"\/Date(1600940060033)\/","Function":"*","DisplaySpeaker":true,"LanguageOfText":"IT","Modified":"\/Date(1646738777867)\/","StartTimeWithTimezone":"\/Date(1600939879387+0120)\/","EndTimeWithTimezone":"\/Date(1600940060033+0120)\/","VoteBusinessNumber":null,"VoteBusinessShortNumber":null,"VoteBusinessTitle":null},{"__metadata":{"id":"https://ws.parlament.ch/OData.svc/Transcript(ID=270292L,Language='DE')","uri":"https://ws.parlament.ch/OData.svc/Transcript(ID=270292L,Language='DE')","type":"itsystems.Pd.DataServices.DataModel.Transcript"},"Subjects":{"__deferred":{"uri":"https://ws.parlament.ch/OData.svc/Transcript(ID=270292L,Language='DE')/Subjects"}},"MembersCouncil":{"__deferred":{"uri":"https://ws.parlament.ch/OData.svc/Transcript(ID=270292L,Language='DE')/MembersCouncil"}},"Businesses":{"__deferred":{"uri":"https://ws.parlament.ch/OData.svc/Transcript(ID=270292L,Language='DE')/Businesses"}},"ID":"270292","Language":"DE","IdSubject":"50319","VoteId":"3912","PersonNumber":null,"Type":2,"Text":"<pd_text><p><i>Abstimmung - Vote </i>[GZ]</p>\n<p>F\u00fcr den Antrag der Eingungskonferenz ... 44 Stimmen[GZ]</p>\n<p>(Einstimmigkeit)[GZ]</p>\n<p>(0 Enthaltungen)</p>\n</pd_text>","MeetingCouncilAbbreviation":"S","MeetingDate":"20200924","MeetingVerbalixOid":3328,"IdSession":"5105","SpeakerFirstName":null,"SpeakerLastName":null,"SpeakerFullName":"","SpeakerFunction":null,"CouncilId":null,"CouncilName":null,"CantonId":null,"CantonName":null,"CantonAbbreviation":null,"ParlGroupName":null,"ParlGroupAbbreviation":null,"SortOrder":3,"Start":"\/Date(1600940060033)\/","End":"\/Date(1600940141537)\/","Function":null,"DisplaySpeaker":null,"LanguageOfText":null,"Modified":"\/Date(1646738777867)\/","StartTimeWithTimezone":"\/Date(1600940060033+0120)\/","EndTimeWithTimezone":"\/Date(1600940141537+0120)\/","VoteBusinessNumber":20170059,"VoteBusinessShortNumber":"17.059","VoteBusinessTitle":"Datenschutzgesetz.\nTotalrevision und \u00c4nderung weiterer\nErlasse zum Datenschutz"},{"__metadata":{"id":"https://ws.parlament.ch/OData.svc/Transcript(ID=270336L,Language='DE')","uri":"https://ws.parlament.ch/OData.svc/Transcript(ID=270336L,Language='DE')","type":"itsystems.Pd.DataServices.DataModel.Transcript"},"Subjects":{"__deferred":{"uri":"https://ws.parlament.ch/OData.svc/Transcript(ID=270336L,Language='DE')/Subjects"}},"MembersCouncil":{"__deferred":{"uri":"https://ws.parlament.ch/OData.svc/Transcript(ID=270336L,Language='DE')/MembersCouncil"}},"Businesses":{"__deferred":{"uri":"https://ws.parlament.ch/OData.svc/Transcript(ID=270336L,Language='DE')/Businesses"}},"ID":"270336","Language":"DE","IdSubject":"50319","VoteId":null,"PersonNumber":1267,"Type":1,"Text":"<pd_text><p><b>3.</b>[NB]<b>Bundesgesetz \u00fcber den Datenschutz </b>[GZ]</p>\n<p><b>3.</b>[NB]<b>Loi f\u00e9d\u00e9rale sur la protection des donn\u00e9es </b>[GZ]</p>\n<p>[VS][GZ]</p>\n<p><b>Art. 4 Bst. fbis </b>[GZ]</p>\n<p><i>Antrag der Einigungskonferenz </i>[GZ]</p>\n<p>fbis. Profiling mit hohem Risiko: Profiling, das ein hohes Risiko f\u00fcr die Pers\u00f6nlichkeit oder die Grundrechte der betroffenen Person mit sich bringt, indem es zu einer Verkn\u00fcpfung von Daten f\u00fchrt, die eine Beurteilung wesentlicher Aspekte der Pers\u00f6nlichkeit einer nat\u00fcrlichen Person erlaubt.</p>\n<p>[VS]</p>\n<p><b>Art. 4 let. fbis </b>[GZ]</p>\n<p><i>Proposition de la Conf\u00e9rence de conciliation </i>[GZ]</p>\n<p>fbis. profilage \u00e0 risque \u00e9lev\u00e9: tout profilage entra\u00eenant un risque \u00e9lev\u00e9 pour la personnalit\u00e9 ou les droits fondamentaux de la personne concern\u00e9e, lorsqu'il conduit \u00e0 un appariement de donn\u00e9es qui permet d'appr\u00e9cier les caract\u00e9ristiques essentielles de la personnalit\u00e9 de la personne physique.</p>\n<p>[VS]</p>\n<p><b>Art. 5 Abs. 7 </b>[GZ]</p>\n<p><i>Antrag der Einigungskonferenz </i>[GZ]</p>\n<p>Die Einwilligung muss ausdr\u00fccklich erfolgen f\u00fcr:</p>\n<p>a.[NB]die Bearbeitung von besonders sch\u00fctzenswerten Personendaten;</p>\n<p>b.[NB]ein Profiling mit hohem Risiko durch eine private Person; oder</p>\n<p>c.[NB]ein Profiling durch ein Bundesorgan.</p>\n<p>[VS]</p>\n<p><b>Art. 5 al. 7 </b>[GZ]</p>\n<p><i>Proposition de la Conf\u00e9rence de conciliation </i>[GZ]</p>\n<p>Le consentement doit \u00eatre expr\u00e8s dans les cas suivants:</p>\n<p>a.[NB]il s'agit d'un traitement de donn\u00e9es sensibles;</p>\n<p>b.[NB]il s'agit d'un profilage \u00e0 risque \u00e9lev\u00e9 effectu\u00e9 par une personne priv\u00e9e;</p>\n<p>c.[NB]il s'agit d'un profilage effectu\u00e9 par un organe f\u00e9d\u00e9ral.</p>\n<p>[VS]</p>\n<p><b>Art. 27 Abs. 2 Bst. c Ziff. 1 </b>[GZ]</p>\n<p><i>Antrag der Einigungskonferenz </i>[GZ]</p>\n<p>1.[NB]Es handelt sich weder um besonders sch\u00fctzenswerte Personendaten noch um ein Profiling mit hohem Risiko. [PAGE 1025] </p>\n<p>[VS]</p>\n<p><b>Art. 27 al. 2 let. c ch. 1</b>[GZ]</p>\n<p><i>Proposition de la Conf\u00e9rence de conciliation </i>[GZ]</p>\n<p>1.[NB]il ne s'agit pas de donn\u00e9es sensibles ni d'un profilage \u00e0 risque \u00e9lev\u00e9,</p>\n<p>[VS]</p>\n<p><b>Aufhebung und \u00c4nderung anderer Erlasse</b>[GZ]</p>\n<p><b>Abrogation et modification d'autres actes</b>[GZ]</p>\n<p>[VS]</p>\n<p><b>Ziff. II Ziff. 35 Art. 110 Abs. 2</b>[GZ]</p>\n<p><i>Antrag der Einigungskonferenz </i>[GZ]</p>\n<p>Sie darf zu diesem Zweck Informationssysteme f\u00fchren. Sie ist dar\u00fcber hinaus f\u00fcr die Erf\u00fcllung der Aufgaben nach Absatz 1 Buchstaben a bis c und e bis h zum Profiling, einschliesslich zum Profiling mit hohem Risiko, nach DSG befugt.</p>\n<p>[VS]</p>\n<p><b>Ch. II ch. 35 art. 110 al. 2</b>[GZ]</p>\n<p><i>Proposition de la Conf\u00e9rence de conciliation </i>[GZ]</p>\n<p>Elle peut g\u00e9rer des syst\u00e8mes d'information \u00e0 cet effet. Elle est en outre autoris\u00e9e \u00e0 faire du profilage, y compris du profilage \u00e0 risque \u00e9lev\u00e9, au sens de la LPD pour accomplir les t\u00e2ches mentionn\u00e9es \u00e0 l'alin\u00e9a 1 lettres a \u00e0 c et e \u00e0 h.</p>\n<p>[VS]</p>\n<p><b>Ziff. II Ziff. 35 Art. 112 Abs. 2 </b>[GZ]</p>\n<p><i>Antrag der Einigungskonferenz </i>[GZ]</p>\n<p>Es d\u00fcrfen namentlich folgende Daten und Datenverbindungen, einschliesslich besonders sch\u00fctzenswerter Personendaten sowie Daten, die auf einem Profiling, einschliesslich auf einem Profiling mit hohem Risiko, beruhen, bekannt gegeben werden:</p>\n<p>[VS]</p>\n<p><b>Ch. II ch. 35 art. 112 al. 2 </b>[GZ]</p>\n<p><i>Proposition de la Conf\u00e9rence de conciliation </i>[GZ]</p>\n<p>Peuvent en particulier \u00eatre communiqu\u00e9es les donn\u00e9es et connexions de donn\u00e9es suivantes, y compris des donn\u00e9es sensibles et des donn\u00e9es issues d'un profilage y compris d'un profilage \u00e0 risque \u00e9lev\u00e9:</p>\n<p>[VS]</p>\n<p><b>Ziff. II Ziff. 35 Art. 113 </b>[GZ]</p>\n<p><i>Antrag der Einigungskonferenz </i>[GZ]</p>\n<p>Die EZV darf Beh\u00f6rden anderer Staaten sowie supranationaler und internationaler Organisationen (ausl\u00e4ndische Beh\u00f6rden) Daten, einschliesslich besonders sch\u00fctzenswerter Personendaten sowie Daten, die auf einem Profiling, einschliesslich auf einem Profiling mit hohem Risiko, beruhen, im Einzelfall oder im Abrufverfahren nur bekannt geben, sofern ein v\u00f6lkerrechtlicher Vertrag dies vorsieht.</p>\n<p>[VS]</p>\n<p><b>Ch. II ch. 35 art. 113 </b>[GZ]</p>\n<p><i>Proposition de la Conf\u00e9rence de conciliation </i>[GZ]</p>\n<p>L'AFD ne peut communiquer des donn\u00e9es, y compris des donn\u00e9es sensibles et des donn\u00e9es issues d'un profilage y compris d'un profilage \u00e0 risque \u00e9lev\u00e9, \u00e0 des autorit\u00e9s d'autres Etats ainsi qu'\u00e0 des organisations supranationales ou internationales (autorit\u00e9s \u00e9trang\u00e8res), dans des cas d'esp\u00e8ce ou en proc\u00e9dure d'appel, que si un trait\u00e9 international le pr\u00e9voit.</p>\n<p>[VS]</p>\n<p><b>Ziff. II Ziff. 35 Art. 114 Abs. 2 </b>[GZ]</p>\n<p><i>Antrag der Einigungskonferenz </i>[GZ]</p>\n<p>Die inl\u00e4ndischen Beh\u00f6rden geben der EZV Daten, einschliesslich besonders sch\u00fctzenswerter Personendaten sowie Daten, die auf einem Profiling, einschliesslich auf einem Profiling mit hohem Risiko, beruhen, bekannt, sofern dies f\u00fcr den Vollzug der von der EZV anzuwendenden Erlasse notwendig ist.</p>\n<p>[VS]</p>\n<p><b>Ch. II ch. 35 art. 114 al. 2 </b>[GZ]</p>\n<p><i>Proposition de la Conf\u00e9rence de conciliation </i>[GZ]</p>\n<p>Les autorit\u00e9s suisses fournissent \u00e0 l'AFD les donn\u00e9es, y compris des donn\u00e9es sensibles et des donn\u00e9es issues d'un profilage, y compris d'un profilage \u00e0 risque \u00e9lev\u00e9, qui sont n\u00e9cessaires \u00e0 l'ex\u00e9cution des actes l\u00e9gislatifs qu'elle doit appliquer.</p>\n<p>[VS]</p>\n<p><b>Ziff. II Ziff. 36 Art. 76 Abs. 3 </b>[GZ]</p>\n<p><i>Antrag der Einigungskonferenz </i>[GZ]</p>\n<p>Zur Erf\u00fcllung ihrer Aufgaben ist sie \u00fcberdies zum Profiling, einschliesslich zum Profiling mit hohem Risiko, nach dem Datenschutzgesetz vom ... (DSG) befugt:</p>\n<p>a.[NB]f\u00fcr die \u00dcberpr\u00fcfung und Kontrolle;</p>\n<p>b.[NB]f\u00fcr die Feststellung der Steuerpflicht;</p>\n<p>c.[NB]f\u00fcr die Erhebung der Steuer;</p>\n<p>d.[NB]f\u00fcr die Verhinderung und Verfolgung von Widerhandlungen;</p>\n<p>e.[NB]f\u00fcr die Analyse und Erstellung von Risikoprofilen;</p>\n<p>f.[NB]f\u00fcr die Erstellung von Statistiken.</p>\n<p>[VS]</p>\n<p><b>Ch. II ch. 36 art. 76 al. 3 </b>[GZ]</p>\n<p><i>Proposition de la Conf\u00e9rence de conciliation </i>[GZ]</p>\n<p>Elle est \u00e9galement habilit\u00e9e \u00e0 faire du profilage, y compris du profilage \u00e0 risque \u00e9lev\u00e9, au sens de la loi f\u00e9d\u00e9rale du ... sur la protection des donn\u00e9es (LPD) pour l'accomplissement de ses t\u00e2ches:</p>\n<p>a.[NB]de v\u00e9rification et de contr\u00f4le;</p>\n<p>b.[NB]d'assujettissement;</p>\n<p>c.[NB]de perception de l'imp\u00f4t;</p>\n<p>d.[NB]de pr\u00e9vention et de poursuite des infractions;</p>\n<p>e.[NB]d'analyses et d'\u00e9tablissement de profils de risques;</p>\n<p>f.[NB]de statistiques.</p>\n<p>[VS]</p>\n<p><b>Ziff. II Ziff. 36 Art. 76b Abs. 2 </b>[GZ]</p>\n<p><i>Antrag der Einigungskonferenz </i>[GZ]</p>\n<p>Die ESTV darf den in der EZV mit der Erhebung und dem Einzug der Mehrwertsteuer sowie mit der Durchf\u00fchrung von Straf- und Administrativverfahren betrauten Personen die Personendaten aus einem Profiling, einschliesslich aus einem Profiling mit hohem Risiko, nach Artikel 76 Absatz 3 bekannt geben oder im Abrufverfahren zug\u00e4nglich machen, sofern dies f\u00fcr die Erf\u00fcllung von deren Aufgaben n\u00f6tig ist.</p>\n<p>[VS]</p>\n<p><b>Ch. II ch. 36 art. 76b al. 2 </b>[GZ]</p>\n<p><i>Proposition de la Conf\u00e9rence de conciliation </i>[GZ]</p>\n<p>L'AFC peut communiquer les donn\u00e9es personnelles issues d'un profilage, y compris d'un profilage \u00e0 risque \u00e9lev\u00e9, au sens de l'article 76 alin\u00e9a 3, aux collaborateurs de l'AFD charg\u00e9s de la perception et de l'encaissement de la TVA ou de l'ex\u00e9cution des proc\u00e9dures administratives ou p\u00e9nales, ou leur donner acc\u00e8s \u00e0 ces donn\u00e9es en ligne, dans la mesure o\u00f9 l'accomplissement des t\u00e2ches de ces personnes l'exige.</p>\n<p>[VS]</p>\n<p><b>Ziff. II Ziff. 47 Art. 21c Abs. 1bis </b>[GZ]</p>\n<p><i>Antrag der Einigungskonferenz </i>[GZ]</p>\n<p>Zur Beurteilung des Gef\u00e4hrlichkeitsgrades der in Absatz 1 genannten Personen ist fedpol zum Profiling, einschliesslich zum Profiling mit hohem Risiko, nach dem Bundesgesetz vom ... \u00fcber den Datenschutz (DSG) befugt.</p>\n<p>[VS]</p>\n<p><b>Ch. II ch. 47 art. 21c al. 1bis </b>[GZ]</p>\n<p><i>Proposition de la Conf\u00e9rence de conciliation </i>[GZ]</p>\n<p>Fedpol est habilit\u00e9 \u00e0 faire du profilage, y compris du profilage \u00e0 risque \u00e9lev\u00e9, au sens de de la loi f\u00e9d\u00e9rale du ... sur la protection des donn\u00e9es (LPD) pour \u00e9valuer le menace que repr\u00e9sentent les personnes vis\u00e9es \u00e0 l'alin\u00e9a 1.</p>\n<p>[VS]</p>\n<p><b>Ziff. II Ziff. 59 Art. 96 Abs. 2 </b>[GZ]</p>\n<p><i>Antrag der Einigungskonferenz </i>[GZ]</p>\n<p>Zur Erf\u00fcllung dieser Aufgaben sind sie dar\u00fcber hinaus zum Profiling, einschliesslich zum Profiling mit hohem Risiko, nach dem Datenschutzgesetz vom ... (DSG) und zum Erlass von automatisierten Einzelentscheidungen nach Artikel 19 DSG befugt.</p>\n<p>[VS]</p>\n<p><b>Ch. II ch. 59 art. 96 al. 2</b>[GZ]</p>\n<p><i>Proposition de la Conf\u00e9rence de conciliation </i>[GZ]</p>\n<p>Pour accomplir ces t\u00e2ches, ils sont en outre habilit\u00e9s \u00e0 faire du profilage, y compris du profilage \u00e0 risque \u00e9lev\u00e9, au sens de la loi f\u00e9d\u00e9rale du ... sur la protection des donn\u00e9es (LPD) et \u00e0 rendre des d\u00e9cisions individuelles automatis\u00e9es selon l'article 19 LPD. [PAGE 1026] </p>\n<p>[VS]</p>\n<p><b>Ziff. II Ziff. 60 Art. 94a Abs. 2 </b>[GZ]</p>\n<p><i>Antrag der Einigungskonferenz </i>[GZ]</p>\n<p>Zur Erf\u00fcllung dieser Aufgaben sind sie dar\u00fcber hinaus zum Profiling, einschliesslich zum Profiling mit hohem Risiko, nach dem Datenschutzgesetz vom ... (DSG) und zum Erlass von automatisierten Einzelentscheidungen nach Artikel 19 DSG befugt.</p>\n<p>[VS]</p>\n<p><b>Ch. II ch. 60 art. 94a al. 2 </b>[GZ]</p>\n<p><i>Proposition de la Conf\u00e9rence de conciliation </i>[GZ]</p>\n<p>Pour accomplir ces t\u00e2ches, ils sont en en outre habilit\u00e9s \u00e0 faire du profilage, y compris du profilage \u00e0 risque \u00e9lev\u00e9, au sens de la loi f\u00e9d\u00e9rale du ... sur la protection des donn\u00e9es (LPD)1 et \u00e0 rendre des d\u00e9cisions individuelles automatis\u00e9es selon l'article 19 LPD.</p>\n<p>[VS]</p>\n<p><b>Ziff. II Ziff. 66 Art. 23 Abs. 3 </b>[GZ]</p>\n<p><i>Antrag der Einigungskonferenz </i>[GZ]</p>\n<p>F\u00fcr die Datenbearbeitung zum Zweck nach Absatz 2 Buchstabe e ist die Finma zum Profiling, einschliesslich zum Profiling mit hohem Risiko, nach dem Datenschutzgesetz vom ... befugt.</p>\n<p>[VS]</p>\n<p><b>Ch. II ch. 66 art. 23 al. 3 </b>[GZ]</p>\n<p><i>Proposition de la Conf\u00e9rence de conciliation </i>[GZ]</p>\n<p>Elle est habilit\u00e9e \u00e0 faire du profilage, y compris du profilage \u00e0 risque \u00e9lev\u00e9, au sens de la loi f\u00e9d\u00e9rale du ... sur la protection des donn\u00e9es (LPD) pour l'\u00e9valuation du comportement d'une personne selon l'alinea 2 lettre e.</p>\n</pd_text>","MeetingCouncilAbbreviation":"S","MeetingDate":"20200924","MeetingVerbalixOid":3328,"IdSession":"5105","SpeakerFirstName":"Hans","SpeakerLastName":"St\u00f6ckli","SpeakerFullName":"St\u00f6ckli Hans","SpeakerFunction":"P-M","CouncilId":2,"CouncilName":"St\u00e4nderat","CantonId":2,"CantonName":"Bern","CantonAbbreviation":"BE","ParlGroupName":"Sozialdemokratische Fraktion","ParlGroupAbbreviation":"S","SortOrder":1,"Start":"\/Date(1600939850300)\/","End":"\/Date(1600939879387)\/","Function":"P-M","DisplaySpeaker":false,"LanguageOfText":null,"Modified":"\/Date(1646738777867)\/","StartTimeWithTimezone":"\/Date(1600939850300+0120)\/","EndTimeWithTimezone":"\/Date(1600939879387+0120)\/","VoteBusinessNumber":null,"VoteBusinessShortNumber":null,"VoteBusinessTitle":null}]},"ID":"50319","Language":"DE","IdMeeting":"4385","VerbalixOid":630715,"SortOrder":10,"Modified":"\/Date(1646738777867)\/"}}