{"d":{"__metadata":{"id":"https://ws.parlament.ch/OData.svc/Subject(ID=50365L,Language='DE')","uri":"https://ws.parlament.ch/OData.svc/Subject(ID=50365L,Language='DE')","type":"itsystems.Pd.DataServices.DataModel.Subject"},"Meetings":{"__metadata":{"id":"https://ws.parlament.ch/OData.svc/Meeting(ID=4389L,Language='DE')","uri":"https://ws.parlament.ch/OData.svc/Meeting(ID=4389L,Language='DE')","type":"itsystems.Pd.DataServices.DataModel.Meeting"},"Sessions":{"__deferred":{"uri":"https://ws.parlament.ch/OData.svc/Meeting(ID=4389L,Language='DE')/Sessions"}},"Subjects":{"__deferred":{"uri":"https://ws.parlament.ch/OData.svc/Meeting(ID=4389L,Language='DE')/Subjects"}},"ID":"4389","Language":"DE","MeetingNumber":15,"IdSession":5105,"SessionNumber":5,"SessionName":"Herbstsession 2020","Council":2,"CouncilName":"St\u00e4nderat","CouncilAbbreviation":"SR","Date":"\/Date(1600992000000)\/","Begin":"0815","Modified":"\/Date(1602864156320)\/","LegislativePeriodNumber":51,"PublicationStatus":"final","MeetingOrderText":"F\u00fcnfzehnte Sitzung","SortOrder":15,"Location":"S"},"SubjectsBusiness":{"results":[{"__metadata":{"id":"https://ws.parlament.ch/OData.svc/SubjectBusiness(BusinessNumber=20170059,IdSubject=50365L,Language='DE')","uri":"https://ws.parlament.ch/OData.svc/SubjectBusiness(BusinessNumber=20170059,IdSubject=50365L,Language='DE')","type":"itsystems.Pd.DataServices.DataModel.SubjectBusiness"},"Subjects":{"__deferred":{"uri":"https://ws.parlament.ch/OData.svc/SubjectBusiness(BusinessNumber=20170059,IdSubject=50365L,Language='DE')/Subjects"}},"Businesses":{"__deferred":{"uri":"https://ws.parlament.ch/OData.svc/SubjectBusiness(BusinessNumber=20170059,IdSubject=50365L,Language='DE')/Businesses"}},"IdSubject":"50365","BusinessNumber":20170059,"Language":"DE","BusinessShortNumber":"17.059","Title":"Datenschutzgesetz. Totalrevision und \u00c4nderung weiterer Erlasse zum Datenschutz","SortOrder":1,"PublishedNotes":"Schlussabstimmung - Vote final\n","Modified":"\/Date(1525802838796)\/","TitleDE":"Datenschutzgesetz.\nTotalrevision und \u00c4nderung weiterer\nErlasse zum Datenschutz","TitleFR":"Loi sur la protection des donn\u00e9es.\nR\u00e9vision totale et modification\nd'autres lois f\u00e9d\u00e9rales","TitleIT":null}]},"Transcripts":{"results":[{"__metadata":{"id":"https://ws.parlament.ch/OData.svc/Transcript(ID=270764L,Language='DE')","uri":"https://ws.parlament.ch/OData.svc/Transcript(ID=270764L,Language='DE')","type":"itsystems.Pd.DataServices.DataModel.Transcript"},"Subjects":{"__deferred":{"uri":"https://ws.parlament.ch/OData.svc/Transcript(ID=270764L,Language='DE')/Subjects"}},"MembersCouncil":{"__deferred":{"uri":"https://ws.parlament.ch/OData.svc/Transcript(ID=270764L,Language='DE')/MembersCouncil"}},"Businesses":{"__deferred":{"uri":"https://ws.parlament.ch/OData.svc/Transcript(ID=270764L,Language='DE')/Businesses"}},"ID":"270764","Language":"DE","IdSubject":"50365","VoteId":"3931","PersonNumber":null,"Type":2,"Text":"<pd_text><p><b>3.</b>[NB]<b>Bundesgesetz \u00fcber den Datenschutz </b>[GZ]</p>\n<p><b>3.</b>[NB]<b>Loi f\u00e9d\u00e9rale sur la protection des donn\u00e9es </b>[GZ]</p>\n<p>[VS][GZ]</p>\n<p><i>Abstimmung - Vote </i>[GZ]</p>\n<p>[NAM][GZ]</p>\n<p>F\u00fcr Annahme des Entwurfes ... 44 Stimmen [GZ]</p>\n<p>(Einstimmigkeit)[GZ]</p>\n<p>(0 Enthaltungen) [PAGE 1069] </p>\n</pd_text>","MeetingCouncilAbbreviation":"S","MeetingDate":"20200925","MeetingVerbalixOid":3332,"IdSession":"5105","SpeakerFirstName":null,"SpeakerLastName":null,"SpeakerFullName":"","SpeakerFunction":null,"CouncilId":null,"CouncilName":null,"CantonId":null,"CantonName":null,"CantonAbbreviation":null,"ParlGroupName":null,"ParlGroupAbbreviation":null,"SortOrder":1,"Start":"\/Date(1601022733343)\/","End":"\/Date(1601022733343)\/","Function":null,"DisplaySpeaker":null,"LanguageOfText":null,"Modified":"\/Date(1655456919407)\/","StartTimeWithTimezone":"\/Date(1601022733343+0120)\/","EndTimeWithTimezone":"\/Date(1601022733343+0120)\/","VoteBusinessNumber":20170059,"VoteBusinessShortNumber":"17.059","VoteBusinessTitle":"Datenschutzgesetz.\nTotalrevision und \u00c4nderung weiterer\nErlasse zum Datenschutz"}]},"ID":"50365","Language":"DE","IdMeeting":"4389","VerbalixOid":631452,"SortOrder":2,"Modified":"\/Date(1655456919407)\/"}}