{"d":{"__metadata":{"id":"https://ws.parlament.ch/OData.svc/Subject(ID=50366L,Language='DE')","uri":"https://ws.parlament.ch/OData.svc/Subject(ID=50366L,Language='DE')","type":"itsystems.Pd.DataServices.DataModel.Subject"},"Meetings":{"__metadata":{"id":"https://ws.parlament.ch/OData.svc/Meeting(ID=4389L,Language='DE')","uri":"https://ws.parlament.ch/OData.svc/Meeting(ID=4389L,Language='DE')","type":"itsystems.Pd.DataServices.DataModel.Meeting"},"Sessions":{"__deferred":{"uri":"https://ws.parlament.ch/OData.svc/Meeting(ID=4389L,Language='DE')/Sessions"}},"Subjects":{"__deferred":{"uri":"https://ws.parlament.ch/OData.svc/Meeting(ID=4389L,Language='DE')/Subjects"}},"ID":"4389","Language":"DE","MeetingNumber":15,"IdSession":5105,"SessionNumber":5,"SessionName":"Herbstsession 2020","Council":2,"CouncilName":"St\u00e4nderat","CouncilAbbreviation":"SR","Date":"\/Date(1600992000000)\/","Begin":"0815","Modified":"\/Date(1602864156320)\/","LegislativePeriodNumber":51,"PublicationStatus":"final","MeetingOrderText":"F\u00fcnfzehnte Sitzung","SortOrder":15,"Location":"S"},"SubjectsBusiness":{"results":[{"__metadata":{"id":"https://ws.parlament.ch/OData.svc/SubjectBusiness(BusinessNumber=20170071,IdSubject=50366L,Language='DE')","uri":"https://ws.parlament.ch/OData.svc/SubjectBusiness(BusinessNumber=20170071,IdSubject=50366L,Language='DE')","type":"itsystems.Pd.DataServices.DataModel.SubjectBusiness"},"Subjects":{"__deferred":{"uri":"https://ws.parlament.ch/OData.svc/SubjectBusiness(BusinessNumber=20170071,IdSubject=50366L,Language='DE')/Subjects"}},"Businesses":{"__deferred":{"uri":"https://ws.parlament.ch/OData.svc/SubjectBusiness(BusinessNumber=20170071,IdSubject=50366L,Language='DE')/Businesses"}},"IdSubject":"50366","BusinessNumber":20170071,"Language":"DE","BusinessShortNumber":"17.071","Title":"Totalrevision des CO2-Gesetzes nach 2020","SortOrder":1,"PublishedNotes":"Schlussabstimmung - Vote final\n","Modified":"\/Date(1544008995350)\/","TitleDE":"Totalrevision des CO2-Gesetzes\nnach 2020","TitleFR":"R\u00e9vision totale de la loi sur le CO2\npour la p\u00e9riode post\u00e9rieure \u00e0 2020","TitleIT":null}]},"Transcripts":{"results":[{"__metadata":{"id":"https://ws.parlament.ch/OData.svc/Transcript(ID=270765L,Language='DE')","uri":"https://ws.parlament.ch/OData.svc/Transcript(ID=270765L,Language='DE')","type":"itsystems.Pd.DataServices.DataModel.Transcript"},"Subjects":{"__deferred":{"uri":"https://ws.parlament.ch/OData.svc/Transcript(ID=270765L,Language='DE')/Subjects"}},"MembersCouncil":{"__deferred":{"uri":"https://ws.parlament.ch/OData.svc/Transcript(ID=270765L,Language='DE')/MembersCouncil"}},"Businesses":{"__deferred":{"uri":"https://ws.parlament.ch/OData.svc/Transcript(ID=270765L,Language='DE')/Businesses"}},"ID":"270765","Language":"DE","IdSubject":"50366","VoteId":"3932","PersonNumber":null,"Type":2,"Text":"<pd_text><p><b>Bundesgesetz \u00fcber die Verminderung von Treibhausgasemissionen </b>[GZ]</p>\n<p><b>Loi f\u00e9d\u00e9rale sur la r\u00e9duction des \u00e9missions de gaz \u00e0 effet de serre </b>[GZ]</p>\n<p>[VS][GZ]</p>\n<p><i>Abstimmung - Vote </i>[GZ]</p>\n<p>[NAM][GZ]</p>\n<p>F\u00fcr Annahme des Entwurfes ... 33 Stimmen [GZ]</p>\n<p>Dagegen ... 5 Stimmen [GZ]</p>\n<p>(6 Enthaltungen)</p>\n</pd_text>","MeetingCouncilAbbreviation":"S","MeetingDate":"20200925","MeetingVerbalixOid":3332,"IdSession":"5105","SpeakerFirstName":null,"SpeakerLastName":null,"SpeakerFullName":"","SpeakerFunction":null,"CouncilId":null,"CouncilName":null,"CantonId":null,"CantonName":null,"CantonAbbreviation":null,"ParlGroupName":null,"ParlGroupAbbreviation":null,"SortOrder":1,"Start":null,"End":null,"Function":null,"DisplaySpeaker":null,"LanguageOfText":null,"Modified":"\/Date(1655456919407)\/","StartTimeWithTimezone":null,"EndTimeWithTimezone":null,"VoteBusinessNumber":20170071,"VoteBusinessShortNumber":"17.071","VoteBusinessTitle":"Totalrevision des CO2-Gesetzes\nnach 2020"}]},"ID":"50366","Language":"DE","IdMeeting":"4389","VerbalixOid":631455,"SortOrder":3,"Modified":"\/Date(1655456919407)\/"}}