{"d":{"__metadata":{"id":"https://ws.parlament.ch/OData.svc/Subject(ID=50368L,Language='DE')","uri":"https://ws.parlament.ch/OData.svc/Subject(ID=50368L,Language='DE')","type":"itsystems.Pd.DataServices.DataModel.Subject"},"Meetings":{"__metadata":{"id":"https://ws.parlament.ch/OData.svc/Meeting(ID=4389L,Language='DE')","uri":"https://ws.parlament.ch/OData.svc/Meeting(ID=4389L,Language='DE')","type":"itsystems.Pd.DataServices.DataModel.Meeting"},"Sessions":{"__deferred":{"uri":"https://ws.parlament.ch/OData.svc/Meeting(ID=4389L,Language='DE')/Sessions"}},"Subjects":{"__deferred":{"uri":"https://ws.parlament.ch/OData.svc/Meeting(ID=4389L,Language='DE')/Subjects"}},"ID":"4389","Language":"DE","MeetingNumber":15,"IdSession":5105,"SessionNumber":5,"SessionName":"Herbstsession 2020","Council":2,"CouncilName":"St\u00e4nderat","CouncilAbbreviation":"SR","Date":"\/Date(1600992000000)\/","Begin":"0815","Modified":"\/Date(1602864156320)\/","LegislativePeriodNumber":51,"PublicationStatus":"final","MeetingOrderText":"F\u00fcnfzehnte Sitzung","SortOrder":15,"Location":"S"},"SubjectsBusiness":{"results":[{"__metadata":{"id":"https://ws.parlament.ch/OData.svc/SubjectBusiness(BusinessNumber=20180071,IdSubject=50368L,Language='DE')","uri":"https://ws.parlament.ch/OData.svc/SubjectBusiness(BusinessNumber=20180071,IdSubject=50368L,Language='DE')","type":"itsystems.Pd.DataServices.DataModel.SubjectBusiness"},"Subjects":{"__deferred":{"uri":"https://ws.parlament.ch/OData.svc/SubjectBusiness(BusinessNumber=20180071,IdSubject=50368L,Language='DE')/Subjects"}},"Businesses":{"__deferred":{"uri":"https://ws.parlament.ch/OData.svc/SubjectBusiness(BusinessNumber=20180071,IdSubject=50368L,Language='DE')/Businesses"}},"IdSubject":"50368","BusinessNumber":20180071,"Language":"DE","BusinessShortNumber":"18.071","Title":"Terrorismus und organisierte Kriminalit\u00e4t. \u00dcbereinkommen des Europarates","SortOrder":1,"PublishedNotes":"Schlussabstimmung - Vote final\n","Modified":"\/Date(1572354698833)\/","TitleDE":"Terrorismus\nund organisierte Kriminalit\u00e4t.\n\u00dcbereinkommen des Europarates","TitleFR":"Terrorisme et crime organis\u00e9.\nConvention du Conseil de l'Europe","TitleIT":null}]},"Transcripts":{"results":[{"__metadata":{"id":"https://ws.parlament.ch/OData.svc/Transcript(ID=270770L,Language='DE')","uri":"https://ws.parlament.ch/OData.svc/Transcript(ID=270770L,Language='DE')","type":"itsystems.Pd.DataServices.DataModel.Transcript"},"Subjects":{"__deferred":{"uri":"https://ws.parlament.ch/OData.svc/Transcript(ID=270770L,Language='DE')/Subjects"}},"MembersCouncil":{"__deferred":{"uri":"https://ws.parlament.ch/OData.svc/Transcript(ID=270770L,Language='DE')/MembersCouncil"}},"Businesses":{"__deferred":{"uri":"https://ws.parlament.ch/OData.svc/Transcript(ID=270770L,Language='DE')/Businesses"}},"ID":"270770","Language":"DE","IdSubject":"50368","VoteId":"3934","PersonNumber":null,"Type":2,"Text":"<pd_text><p><b>Bundesbeschluss \u00fcber die Genehmigung und die Umsetzung des \u00dcbereinkommens des Europarates zur Verh\u00fctung des Terrorismus mit dem dazugeh\u00f6rigen Zusatzprotokoll sowie \u00fcber die Verst\u00e4rkung des strafrechtlichen Instrumentariums gegen Terrorismus und organisierte Kriminalit\u00e4t</b>[GZ]</p>\n<p><b>Arr\u00eat\u00e9 f\u00e9d\u00e9ral portant approbation et mise en oeuvre de la Convention du Conseil de l'Europe pour la pr\u00e9vention </b>[PAGE 1070]<b> du terrorisme et de son Protocole additionnel et concernant le renforcement des normes p\u00e9nales contre le terrorisme et le crime organis\u00e9</b>[GZ]</p>\n<p>[VS][GZ]</p>\n<p><i>Abstimmung - Vote </i>[GZ]</p>\n<p>[NAM][GZ]</p>\n<p>F\u00fcr Annahme des Entwurfes ... 37 Stimmen [GZ]</p>\n<p>Dagegen ... 5 Stimmen [GZ]</p>\n<p>(2 Enthaltungen)</p>\n</pd_text>","MeetingCouncilAbbreviation":"S","MeetingDate":"20200925","MeetingVerbalixOid":3332,"IdSession":"5105","SpeakerFirstName":null,"SpeakerLastName":null,"SpeakerFullName":"","SpeakerFunction":null,"CouncilId":null,"CouncilName":null,"CantonId":null,"CantonName":null,"CantonAbbreviation":null,"ParlGroupName":null,"ParlGroupAbbreviation":null,"SortOrder":1,"Start":null,"End":null,"Function":null,"DisplaySpeaker":null,"LanguageOfText":null,"Modified":"\/Date(1655456919407)\/","StartTimeWithTimezone":null,"EndTimeWithTimezone":null,"VoteBusinessNumber":20180071,"VoteBusinessShortNumber":"18.071","VoteBusinessTitle":"Terrorismus\nund organisierte Kriminalit\u00e4t.\n\u00dcbereinkommen des Europarates"}]},"ID":"50368","Language":"DE","IdMeeting":"4389","VerbalixOid":631466,"SortOrder":5,"Modified":"\/Date(1655456919407)\/"}}