{"d":{"__metadata":{"id":"https://ws.parlament.ch/OData.svc/Subject(ID=50377L,Language='DE')","uri":"https://ws.parlament.ch/OData.svc/Subject(ID=50377L,Language='DE')","type":"itsystems.Pd.DataServices.DataModel.Subject"},"Meetings":{"__metadata":{"id":"https://ws.parlament.ch/OData.svc/Meeting(ID=4389L,Language='DE')","uri":"https://ws.parlament.ch/OData.svc/Meeting(ID=4389L,Language='DE')","type":"itsystems.Pd.DataServices.DataModel.Meeting"},"Sessions":{"__deferred":{"uri":"https://ws.parlament.ch/OData.svc/Meeting(ID=4389L,Language='DE')/Sessions"}},"Subjects":{"__deferred":{"uri":"https://ws.parlament.ch/OData.svc/Meeting(ID=4389L,Language='DE')/Subjects"}},"ID":"4389","Language":"DE","MeetingNumber":15,"IdSession":5105,"SessionNumber":5,"SessionName":"Herbstsession 2020","Council":2,"CouncilName":"St\u00e4nderat","CouncilAbbreviation":"SR","Date":"\/Date(1600992000000)\/","Begin":"0815","Modified":"\/Date(1602864156320)\/","LegislativePeriodNumber":51,"PublicationStatus":"final","MeetingOrderText":"F\u00fcnfzehnte Sitzung","SortOrder":15,"Location":"S"},"SubjectsBusiness":{"results":[{"__metadata":{"id":"https://ws.parlament.ch/OData.svc/SubjectBusiness(BusinessNumber=20190072,IdSubject=50377L,Language='DE')","uri":"https://ws.parlament.ch/OData.svc/SubjectBusiness(BusinessNumber=20190072,IdSubject=50377L,Language='DE')","type":"itsystems.Pd.DataServices.DataModel.SubjectBusiness"},"Subjects":{"__deferred":{"uri":"https://ws.parlament.ch/OData.svc/SubjectBusiness(BusinessNumber=20190072,IdSubject=50377L,Language='DE')/Subjects"}},"Businesses":{"__deferred":{"uri":"https://ws.parlament.ch/OData.svc/SubjectBusiness(BusinessNumber=20190072,IdSubject=50377L,Language='DE')/Businesses"}},"IdSubject":"50377","BusinessNumber":20190072,"Language":"DE","BusinessShortNumber":"19.072","Title":"Internationale Zusammenarbeit und Mobilit\u00e4t in der Bildung. Bundesgesetz. Totalrevision","SortOrder":1,"PublishedNotes":"Schlussabstimmung - Vote final\n","Modified":"\/Date(1583246308116)\/","TitleDE":"Internationale Zusammenarbeit\nund Mobilit\u00e4t in der Bildung.\nBundesgesetz. Totalrevision","TitleFR":"Coop\u00e9ration et mobilit\u00e9\ninternationales en mati\u00e8re\nde formation.\nLoi f\u00e9d\u00e9rale. R\u00e9vision totale","TitleIT":null}]},"Transcripts":{"results":[{"__metadata":{"id":"https://ws.parlament.ch/OData.svc/Transcript(ID=270779L,Language='DE')","uri":"https://ws.parlament.ch/OData.svc/Transcript(ID=270779L,Language='DE')","type":"itsystems.Pd.DataServices.DataModel.Transcript"},"Subjects":{"__deferred":{"uri":"https://ws.parlament.ch/OData.svc/Transcript(ID=270779L,Language='DE')/Subjects"}},"MembersCouncil":{"__deferred":{"uri":"https://ws.parlament.ch/OData.svc/Transcript(ID=270779L,Language='DE')/MembersCouncil"}},"Businesses":{"__deferred":{"uri":"https://ws.parlament.ch/OData.svc/Transcript(ID=270779L,Language='DE')/Businesses"}},"ID":"270779","Language":"DE","IdSubject":"50377","VoteId":"3943","PersonNumber":null,"Type":2,"Text":"<pd_text><p><b>Bundesgesetz \u00fcber die internationale Zusammenarbeit und Mobilit\u00e4t in der Bildung</b>[GZ]</p>\n<p><b>Loi f\u00e9d\u00e9rale sur la coop\u00e9ration et la mobilit\u00e9 internationales en mati\u00e8re de formation</b>[GZ]</p>\n<p>[VS][GZ]</p>\n<p><i>Abstimmung - Vote </i>[GZ]</p>\n<p>[NAM][GZ]</p>\n<p>F\u00fcr Annahme des Entwurfes ... 44 Stimmen [GZ]</p>\n<p>(Einstimmigkeit)[GZ]</p>\n<p>(0 Enthaltungen)</p>\n</pd_text>","MeetingCouncilAbbreviation":"S","MeetingDate":"20200925","MeetingVerbalixOid":3332,"IdSession":"5105","SpeakerFirstName":null,"SpeakerLastName":null,"SpeakerFullName":"","SpeakerFunction":null,"CouncilId":null,"CouncilName":null,"CantonId":null,"CantonName":null,"CantonAbbreviation":null,"ParlGroupName":null,"ParlGroupAbbreviation":null,"SortOrder":1,"Start":null,"End":null,"Function":null,"DisplaySpeaker":null,"LanguageOfText":null,"Modified":"\/Date(1655456919437)\/","StartTimeWithTimezone":null,"EndTimeWithTimezone":null,"VoteBusinessNumber":20190072,"VoteBusinessShortNumber":"19.072","VoteBusinessTitle":"Internationale Zusammenarbeit\nund Mobilit\u00e4t in der Bildung.\nBundesgesetz. Totalrevision"}]},"ID":"50377","Language":"DE","IdMeeting":"4389","VerbalixOid":631493,"SortOrder":14,"Modified":"\/Date(1655456919437)\/"}}