{"d":{"__metadata":{"id":"https://ws.parlament.ch/OData.svc/Subject(ID=50383L,Language='DE')","uri":"https://ws.parlament.ch/OData.svc/Subject(ID=50383L,Language='DE')","type":"itsystems.Pd.DataServices.DataModel.Subject"},"Meetings":{"__metadata":{"id":"https://ws.parlament.ch/OData.svc/Meeting(ID=4389L,Language='DE')","uri":"https://ws.parlament.ch/OData.svc/Meeting(ID=4389L,Language='DE')","type":"itsystems.Pd.DataServices.DataModel.Meeting"},"Sessions":{"__deferred":{"uri":"https://ws.parlament.ch/OData.svc/Meeting(ID=4389L,Language='DE')/Sessions"}},"Subjects":{"__deferred":{"uri":"https://ws.parlament.ch/OData.svc/Meeting(ID=4389L,Language='DE')/Subjects"}},"ID":"4389","Language":"DE","MeetingNumber":15,"IdSession":5105,"SessionNumber":5,"SessionName":"Herbstsession 2020","Council":2,"CouncilName":"St\u00e4nderat","CouncilAbbreviation":"SR","Date":"\/Date(1600992000000)\/","Begin":"0815","Modified":"\/Date(1602864156320)\/","LegislativePeriodNumber":51,"PublicationStatus":"final","MeetingOrderText":"F\u00fcnfzehnte Sitzung","SortOrder":15,"Location":"S"},"SubjectsBusiness":{"results":[{"__metadata":{"id":"https://ws.parlament.ch/OData.svc/SubjectBusiness(BusinessNumber=20200055,IdSubject=50383L,Language='DE')","uri":"https://ws.parlament.ch/OData.svc/SubjectBusiness(BusinessNumber=20200055,IdSubject=50383L,Language='DE')","type":"itsystems.Pd.DataServices.DataModel.SubjectBusiness"},"Subjects":{"__deferred":{"uri":"https://ws.parlament.ch/OData.svc/SubjectBusiness(BusinessNumber=20200055,IdSubject=50383L,Language='DE')/Subjects"}},"Businesses":{"__deferred":{"uri":"https://ws.parlament.ch/OData.svc/SubjectBusiness(BusinessNumber=20200055,IdSubject=50383L,Language='DE')/Businesses"}},"IdSubject":"50383","BusinessNumber":20200055,"Language":"DE","BusinessShortNumber":"20.055","Title":"Dringliches Bundesgesetz \u00fcber die Unterst\u00fctzung des \u00f6ffentlichen Verkehrs in der Covid-19-Krise","SortOrder":1,"PublishedNotes":"Schlussabstimmung - Vote final\n","Modified":"\/Date(1598256490686)\/","TitleDE":"Dringliches Bundesgesetz\n\u00fcber die Unterst\u00fctzung\ndes \u00f6ffentlichen Verkehrs\nin der Covid-19-Krise","TitleFR":"Loi urgente sur le soutien\ndes transports publics\ndurant la crise du Covid-19","TitleIT":null}]},"Transcripts":{"results":[{"__metadata":{"id":"https://ws.parlament.ch/OData.svc/Transcript(ID=270792L,Language='DE')","uri":"https://ws.parlament.ch/OData.svc/Transcript(ID=270792L,Language='DE')","type":"itsystems.Pd.DataServices.DataModel.Transcript"},"Subjects":{"__deferred":{"uri":"https://ws.parlament.ch/OData.svc/Transcript(ID=270792L,Language='DE')/Subjects"}},"MembersCouncil":{"__deferred":{"uri":"https://ws.parlament.ch/OData.svc/Transcript(ID=270792L,Language='DE')/MembersCouncil"}},"Businesses":{"__deferred":{"uri":"https://ws.parlament.ch/OData.svc/Transcript(ID=270792L,Language='DE')/Businesses"}},"ID":"270792","Language":"DE","IdSubject":"50383","VoteId":"3955","PersonNumber":null,"Type":2,"Text":"<pd_text><p><b>Bundesgesetz \u00fcber die Unterst\u00fctzung des \u00f6ffentlichen Verkehrs in der Covid-19-Krise</b>[GZ]</p>\n<p><b>Loi f\u00e9d\u00e9rale sur le soutien des transports publics durant la crise du Covid-19</b>[GZ]</p>\n<p>[VS][GZ]</p>\n<p><i>Abstimmung - Vote </i>[GZ]</p>\n<p>[NAM][GZ]</p>\n<p>F\u00fcr Annahme des Entwurfes ... 38 Stimmen [GZ]</p>\n<p>Dagegen ... 2 Stimmen [GZ]</p>\n<p>(4 Enthaltungen) [PAGE 1075] </p>\n</pd_text>","MeetingCouncilAbbreviation":"S","MeetingDate":"20200925","MeetingVerbalixOid":3332,"IdSession":"5105","SpeakerFirstName":null,"SpeakerLastName":null,"SpeakerFullName":"","SpeakerFunction":null,"CouncilId":null,"CouncilName":null,"CantonId":null,"CantonName":null,"CantonAbbreviation":null,"ParlGroupName":null,"ParlGroupAbbreviation":null,"SortOrder":1,"Start":null,"End":null,"Function":null,"DisplaySpeaker":null,"LanguageOfText":null,"Modified":"\/Date(1655456919467)\/","StartTimeWithTimezone":null,"EndTimeWithTimezone":null,"VoteBusinessNumber":20200055,"VoteBusinessShortNumber":"20.055","VoteBusinessTitle":"Dringliches Bundesgesetz\n\u00fcber die Unterst\u00fctzung\ndes \u00f6ffentlichen Verkehrs\nin der Covid-19-Krise"}]},"ID":"50383","Language":"DE","IdMeeting":"4389","VerbalixOid":631519,"SortOrder":20,"Modified":"\/Date(1655456919453)\/"}}