{"d":{"__metadata":{"id":"https://ws.parlament.ch/OData.svc/Subject(ID=50812L,Language='DE')","uri":"https://ws.parlament.ch/OData.svc/Subject(ID=50812L,Language='DE')","type":"itsystems.Pd.DataServices.DataModel.Subject"},"Meetings":{"__metadata":{"id":"https://ws.parlament.ch/OData.svc/Meeting(ID=4393L,Language='DE')","uri":"https://ws.parlament.ch/OData.svc/Meeting(ID=4393L,Language='DE')","type":"itsystems.Pd.DataServices.DataModel.Meeting"},"Sessions":{"__deferred":{"uri":"https://ws.parlament.ch/OData.svc/Meeting(ID=4393L,Language='DE')/Sessions"}},"Subjects":{"__deferred":{"uri":"https://ws.parlament.ch/OData.svc/Meeting(ID=4393L,Language='DE')/Subjects"}},"ID":"4393","Language":"DE","MeetingNumber":3,"IdSession":5106,"SessionNumber":6,"SessionName":"Sondersession Oktober 2020","Council":1,"CouncilName":"Nationalrat","CouncilAbbreviation":"NR","Date":"\/Date(1604016000000)\/","Begin":"0800","Modified":"\/Date(1605188012627)\/","LegislativePeriodNumber":51,"PublicationStatus":"final","MeetingOrderText":"Dritte Sitzung","SortOrder":3,"Location":"N"},"SubjectsBusiness":{"results":[{"__metadata":{"id":"https://ws.parlament.ch/OData.svc/SubjectBusiness(BusinessNumber=20150438,IdSubject=50812L,Language='DE')","uri":"https://ws.parlament.ch/OData.svc/SubjectBusiness(BusinessNumber=20150438,IdSubject=50812L,Language='DE')","type":"itsystems.Pd.DataServices.DataModel.SubjectBusiness"},"Subjects":{"__deferred":{"uri":"https://ws.parlament.ch/OData.svc/SubjectBusiness(BusinessNumber=20150438,IdSubject=50812L,Language='DE')/Subjects"}},"Businesses":{"__deferred":{"uri":"https://ws.parlament.ch/OData.svc/SubjectBusiness(BusinessNumber=20150438,IdSubject=50812L,Language='DE')/Businesses"}},"IdSubject":"50812","BusinessNumber":20150438,"Language":"DE","BusinessShortNumber":"15.438","Title":"Eine Regelung f\u00fcr transparentes Lobbying im eidgen\u00f6ssischen Parlament","SortOrder":1,"PublishedNotes":"Differenzen - Divergences\n","Modified":"\/Date(1447069669450)\/","TitleDE":"Parlamentarische Initiative\nBerberat Didier.\nEine Regelung\nf\u00fcr transparentes Lobbying\nim eidgen\u00f6ssischen Parlament","TitleFR":"Initiative parlementaire\nBerberat Didier.\nPour une r\u00e9glementation destin\u00e9e\n\u00e0 instaurer de la transparence\nen mati\u00e8re de lobbyisme\nau Parlement f\u00e9d\u00e9ral","TitleIT":null}]},"Transcripts":{"results":[{"__metadata":{"id":"https://ws.parlament.ch/OData.svc/Transcript(ID=271616L,Language='DE')","uri":"https://ws.parlament.ch/OData.svc/Transcript(ID=271616L,Language='DE')","type":"itsystems.Pd.DataServices.DataModel.Transcript"},"Subjects":{"__deferred":{"uri":"https://ws.parlament.ch/OData.svc/Transcript(ID=271616L,Language='DE')/Subjects"}},"MembersCouncil":{"__deferred":{"uri":"https://ws.parlament.ch/OData.svc/Transcript(ID=271616L,Language='DE')/MembersCouncil"}},"Businesses":{"__deferred":{"uri":"https://ws.parlament.ch/OData.svc/Transcript(ID=271616L,Language='DE')/Businesses"}},"ID":"271616","Language":"DE","IdSubject":"50812","VoteId":null,"PersonNumber":1346,"Type":1,"Text":"<pd_text><p><b>La pr\u00e9sidente</b> (Moret Isabelle, pr\u00e9sidente): L'initiative parlementaire comprend trois projets: la loi sur le Parlement, l'ordonnance sur l'administration du Parlement et le r\u00e8glement du Conseil national. Lors de la session d'hiver 2019, notre conseil a d\u00e9cid\u00e9 d'entrer en mati\u00e8re sur les projets, nous proc\u00e9dons aujourd'hui \u00e0 la discussion par article qui se d\u00e9roulera en deux blocs. La composition de ceux-ci vous a \u00e9t\u00e9 distribu\u00e9e.</p>\n<p>[VS]</p>\n<p>[VS]</p>\n<p><b>Block 1 - Bloc 1</b>[GZ]</p>\n<p><i>Zugang zum Parlamentsgeb\u00e4ude</i>[GZ]</p>\n<p><i>Acc\u00e8s au Palais du Parlement</i></p>\n</pd_text>","MeetingCouncilAbbreviation":"N","MeetingDate":"20201030","MeetingVerbalixOid":3336,"IdSession":"5106","SpeakerFirstName":"Isabelle","SpeakerLastName":"Moret","SpeakerFullName":"Moret Isabelle","SpeakerFunction":"P-F","CouncilId":1,"CouncilName":"Nationalrat","CantonId":22,"CantonName":"Waadt","CantonAbbreviation":"VD","ParlGroupName":"FDP-Liberale Fraktion","ParlGroupAbbreviation":"RL","SortOrder":1,"Start":"\/Date(1604060947806)\/","End":"\/Date(1604061041294)\/","Function":"P-F","DisplaySpeaker":false,"LanguageOfText":null,"Modified":"\/Date(1774877086772)\/","StartTimeWithTimezone":"\/Date(1604060947807+0060)\/","EndTimeWithTimezone":"\/Date(1604061041293+0060)\/","VoteBusinessNumber":null,"VoteBusinessShortNumber":null,"VoteBusinessTitle":null},{"__metadata":{"id":"https://ws.parlament.ch/OData.svc/Transcript(ID=271625L,Language='DE')","uri":"https://ws.parlament.ch/OData.svc/Transcript(ID=271625L,Language='DE')","type":"itsystems.Pd.DataServices.DataModel.Transcript"},"Subjects":{"__deferred":{"uri":"https://ws.parlament.ch/OData.svc/Transcript(ID=271625L,Language='DE')/Subjects"}},"MembersCouncil":{"__deferred":{"uri":"https://ws.parlament.ch/OData.svc/Transcript(ID=271625L,Language='DE')/MembersCouncil"}},"Businesses":{"__deferred":{"uri":"https://ws.parlament.ch/OData.svc/Transcript(ID=271625L,Language='DE')/Businesses"}},"ID":"271625","Language":"DE","IdSubject":"50812","VoteId":null,"PersonNumber":4156,"Type":1,"Text":"<pd_text><p>Notre groupe avait refus\u00e9 d'entrer en mati\u00e8re sur ce projet de loi en d\u00e9cembre dernier. Notre position n'a pas chang\u00e9, nous continuons \u00e0 penser que ce projet n'est pas ad\u00e9quat et surtout qu'il ne r\u00e8glera en rien la situation, qui n'est pas probl\u00e9matique, du lobbyisme. A notre sens, la l\u00e9gislation en vigueur est suffisante et donne satisfaction. Il n'y a pas de raison de l\u00e9gif\u00e9rer dans un domaine qui ne repr\u00e9sente qu'une partie de l'activit\u00e9 du lobbyisme et qui aurait pour cons\u00e9quence de le d\u00e9placer ailleurs. Vous savez tous que le travail des lobbyistes ne se fait pas forc\u00e9ment ici, \u00e0 l'int\u00e9rieur du Palais, et uniquement durant les douze semaines de session o\u00f9 nous sommes pr\u00e9sents, mais qu'il se fait bien plus en amont, d\u00e9j\u00e0 avant les s\u00e9ances de travail en commission.</p>\n<p>Aujourd'hui, il appartient au pouvoir politique de d\u00e9cider quels groupes d'int\u00e9r\u00eats peuvent avoir acc\u00e8s au Palais et c'est bien ainsi. Chaque d\u00e9put\u00e9 de droite, du centre ou de gauche, dispose de deux cartes d'acc\u00e8s, ce qui permet d'avoir une repr\u00e9sentation \u00e9quilibr\u00e9e des groupes d'int\u00e9r\u00eats qui ont acc\u00e8s \u00e0 nos s\u00e9ances.</p>\n<p>Si nous acceptons ce projet de loi tel qu'il nous est pr\u00e9sent\u00e9 aujourd'hui, c'est l'administration qui d\u00e9cidera qui aura acc\u00e8s ou non \u00e0 nos locaux. Ce projet vous autorise \u00e0 donner une carte d'acc\u00e8s \u00e0 un collaborateur personnel et une carte d'acc\u00e8s \u00e0 un membre de votre famille. L\u00e0 encore, on restreint vos droits. Que faire si je veux donner deux cartes \u00e0 des membres de ma famille? Je devrais engager l'un des deux comme collaborateur. Nous sommes capables de choisir nous-m\u00eames comment donner nos cartes et comment en assumer la responsabilit\u00e9.</p>\n<p>Nous avons devant nous un projet de loi qui va cr\u00e9er un monstre bureaucratique et qui sera surtout, au final, totalement incontr\u00f4lable, uniquement pour les douze semaines de session que nous passons dans ce b\u00e2timent. C'est pour cela que je vous invite \u00e0 soutenir mes diff\u00e9rentes minorit\u00e9s qui tentent d'all\u00e9ger un peu ce projet issu de la commission, lequel manque en de nombreux points de coh\u00e9rence.</p>\n<p>Ma premi\u00e8re minorit\u00e9 concerne l'article 69abis alin\u00e9a 3. Ce projet vous autorise uniquement \u00e0 donner une carte \u00e0 votre collaborateur et une carte \u00e0 un membre de votre famille - on ne sait d'ailleurs pas o\u00f9 s'arr\u00eate la famille. On ajoute un alin\u00e9a pour pr\u00e9ciser que l'on ne peut pas accepter pour cela de lib\u00e9ralit\u00e9s en argent ou en nature. Effectivement, si j'engage et r\u00e9mun\u00e8re un collaborateur, je me vois mal lui demander de me payer pour venir travailler avec moi. Je me vois aussi mal demander \u00e0 un membre de ma famille, \u00e0 ma femme, par exemple, de l'argent pour venir me voir au Parlement. Non seulement cet alin\u00e9a introduit un \u00e9l\u00e9ment qui n'est pas contr\u00f4lable, mais en plus, il est inutile.</p>\n<p>Ma deuxi\u00e8me minorit\u00e9 concerne les visiteurs journaliers. L\u00e0 aussi, nous cr\u00e9ons toute une bureaucratie que je vous propose de limiter ainsi: \"Si les visiteurs repr\u00e9sentent des int\u00e9r\u00eats, ils indiquent aussi le nom de leur employeur.\"</p>\n<p>Pour finir, ma derni\u00e8re minorit\u00e9 concerne les r\u00e8gles de d\u00e9ontologie qui, \u00e0 mon sens, n'ont rien \u00e0 faire dans cette loi et qui sont de toute fa\u00e7on r\u00e9gl\u00e9es au sein de la profession. Je rel\u00e8ve que, selon moi, le parlementaire n'a pas besoin d'une loi pour comprendre ou s'informer directement aupr\u00e8s du lobbyiste pour savoir quel int\u00e9r\u00eat ce dernier repr\u00e9sente.</p>\n<p>Pour finir, je vous prie d'accepter ma proposition individuelle afin que le personnel de la Conf\u00e9d\u00e9ration et des secr\u00e9tariats des groupes politiques ne soit pas inscrit dans le registre public.</p>\n</pd_text>","MeetingCouncilAbbreviation":"N","MeetingDate":"20201030","MeetingVerbalixOid":3336,"IdSession":"5106","SpeakerFirstName":"Micha\u00ebl","SpeakerLastName":"Buffat","SpeakerFullName":"Buffat Micha\u00ebl","SpeakerFunction":"Mit-M","CouncilId":1,"CouncilName":"Nationalrat","CantonId":22,"CantonName":"Waadt","CantonAbbreviation":"VD","ParlGroupName":"Fraktion der Schweizerischen Volkspartei","ParlGroupAbbreviation":"V","SortOrder":2,"Start":"\/Date(1604061041294)\/","End":"\/Date(1604061213375)\/","Function":"Mit-M","DisplaySpeaker":true,"LanguageOfText":"FR","Modified":"\/Date(1774877086773)\/","StartTimeWithTimezone":"\/Date(1604061041293+0060)\/","EndTimeWithTimezone":"\/Date(1604061213377+0060)\/","VoteBusinessNumber":null,"VoteBusinessShortNumber":null,"VoteBusinessTitle":null},{"__metadata":{"id":"https://ws.parlament.ch/OData.svc/Transcript(ID=271648L,Language='DE')","uri":"https://ws.parlament.ch/OData.svc/Transcript(ID=271648L,Language='DE')","type":"itsystems.Pd.DataServices.DataModel.Transcript"},"Subjects":{"__deferred":{"uri":"https://ws.parlament.ch/OData.svc/Transcript(ID=271648L,Language='DE')/Subjects"}},"MembersCouncil":{"__deferred":{"uri":"https://ws.parlament.ch/OData.svc/Transcript(ID=271648L,Language='DE')/MembersCouncil"}},"Businesses":{"__deferred":{"uri":"https://ws.parlament.ch/OData.svc/Transcript(ID=271648L,Language='DE')/Businesses"}},"ID":"271648","Language":"DE","IdSubject":"50812","VoteId":null,"PersonNumber":1346,"Type":1,"Text":"<pd_text><p><b>La pr\u00e9sidente</b> (Moret Isabelle, pr\u00e9sidente): Je passe la parole \u00e0 M. Jauslin pour d\u00e9velopper sa proposition de minorit\u00e9. Il s'exprimera \u00e9galement au nom du groupe lib\u00e9ral-radical.</p>\n</pd_text>","MeetingCouncilAbbreviation":"N","MeetingDate":"20201030","MeetingVerbalixOid":3336,"IdSession":"5106","SpeakerFirstName":"Isabelle","SpeakerLastName":"Moret","SpeakerFullName":"Moret Isabelle","SpeakerFunction":"P-F","CouncilId":1,"CouncilName":"Nationalrat","CantonId":22,"CantonName":"Waadt","CantonAbbreviation":"VD","ParlGroupName":"FDP-Liberale Fraktion","ParlGroupAbbreviation":"RL","SortOrder":3,"Start":"\/Date(1604061213375)\/","End":"\/Date(1604061224807)\/","Function":"P-F","DisplaySpeaker":false,"LanguageOfText":null,"Modified":"\/Date(1774877086775)\/","StartTimeWithTimezone":"\/Date(1604061213377+0060)\/","EndTimeWithTimezone":"\/Date(1604061224807+0060)\/","VoteBusinessNumber":null,"VoteBusinessShortNumber":null,"VoteBusinessTitle":null},{"__metadata":{"id":"https://ws.parlament.ch/OData.svc/Transcript(ID=271649L,Language='DE')","uri":"https://ws.parlament.ch/OData.svc/Transcript(ID=271649L,Language='DE')","type":"itsystems.Pd.DataServices.DataModel.Transcript"},"Subjects":{"__deferred":{"uri":"https://ws.parlament.ch/OData.svc/Transcript(ID=271649L,Language='DE')/Subjects"}},"MembersCouncil":{"__deferred":{"uri":"https://ws.parlament.ch/OData.svc/Transcript(ID=271649L,Language='DE')/MembersCouncil"}},"Businesses":{"__deferred":{"uri":"https://ws.parlament.ch/OData.svc/Transcript(ID=271649L,Language='DE')/Businesses"}},"ID":"271649","Language":"DE","IdSubject":"50812","VoteId":null,"PersonNumber":1346,"Type":1,"Text":"<pd_text><p><i>Die Beratung dieses Gesch\u00e4ftes wird unterbrochen </i>[GZ]</p>\n<p><i>Le d\u00e9bat sur cet objet est interrompu </i>[GZ]</p>\n<p>[VS][GZ]</p>\n<p>[VS][GZ]</p>\n<p>[VS][GZ]</p>\n<p><i>Schluss der Sitzung um 13.00 Uhr </i>[GZ]</p>\n<p><i>La s\u00e9ance est lev\u00e9e \u00e0 13 h 00 [PAGE 2067] </i></p>\n<p>[VS]</p>\n<p>[VS]</p>\n<p>[VS]</p>\n<p>[VS]</p>\n</pd_text>","MeetingCouncilAbbreviation":"N","MeetingDate":"20201030","MeetingVerbalixOid":3336,"IdSession":"5106","SpeakerFirstName":"Isabelle","SpeakerLastName":"Moret","SpeakerFullName":"Moret Isabelle","SpeakerFunction":"P-F","CouncilId":1,"CouncilName":"Nationalrat","CantonId":22,"CantonName":"Waadt","CantonAbbreviation":"VD","ParlGroupName":"FDP-Liberale Fraktion","ParlGroupAbbreviation":"RL","SortOrder":12,"Start":"\/Date(1604062584741)\/","End":"\/Date(1604062606984)\/","Function":"P-F","DisplaySpeaker":false,"LanguageOfText":null,"Modified":"\/Date(1774877086795)\/","StartTimeWithTimezone":"\/Date(1604062584740+0060)\/","EndTimeWithTimezone":"\/Date(1604062606983+0060)\/","VoteBusinessNumber":null,"VoteBusinessShortNumber":null,"VoteBusinessTitle":null},{"__metadata":{"id":"https://ws.parlament.ch/OData.svc/Transcript(ID=271652L,Language='DE')","uri":"https://ws.parlament.ch/OData.svc/Transcript(ID=271652L,Language='DE')","type":"itsystems.Pd.DataServices.DataModel.Transcript"},"Subjects":{"__deferred":{"uri":"https://ws.parlament.ch/OData.svc/Transcript(ID=271652L,Language='DE')/Subjects"}},"MembersCouncil":{"__deferred":{"uri":"https://ws.parlament.ch/OData.svc/Transcript(ID=271652L,Language='DE')/MembersCouncil"}},"Businesses":{"__deferred":{"uri":"https://ws.parlament.ch/OData.svc/Transcript(ID=271652L,Language='DE')/Businesses"}},"ID":"271652","Language":"DE","IdSubject":"50812","VoteId":null,"PersonNumber":4229,"Type":1,"Text":"<pd_text><p>Gesch\u00e4tzte Kollegin Marti, ich pers\u00f6nlich unterst\u00fctze diese parlamentarische Initiative. Ich selber habe keine bezahlten Mandate.</p>\n<p>Sie haben vorhin von Transparenz gesprochen. Ich erwarte, wenn man sich schon so einsetzt, wie Sie das machen, dass man die Transparenz auch in diesem Saal aufrechterh\u00e4lt. Ich bitte Sie, Ihre Mandate offenzulegen, denn Sie haben ein bezahltes Mandat.</p>\n</pd_text>","MeetingCouncilAbbreviation":"N","MeetingDate":"20201030","MeetingVerbalixOid":3336,"IdSession":"5106","SpeakerFirstName":"Mike","SpeakerLastName":"Egger","SpeakerFullName":"Egger Mike","SpeakerFunction":"Mit-M","CouncilId":1,"CouncilName":"Nationalrat","CantonId":17,"CantonName":"St. Gallen","CantonAbbreviation":"SG","ParlGroupName":"Fraktion der Schweizerischen Volkspartei","ParlGroupAbbreviation":"V","SortOrder":7,"Start":"\/Date(1604062142714)\/","End":"\/Date(1604062170734)\/","Function":"Mit-M","DisplaySpeaker":true,"LanguageOfText":"DE","Modified":"\/Date(1774877086785)\/","StartTimeWithTimezone":"\/Date(1604062142713+0060)\/","EndTimeWithTimezone":"\/Date(1604062170733+0060)\/","VoteBusinessNumber":null,"VoteBusinessShortNumber":null,"VoteBusinessTitle":null},{"__metadata":{"id":"https://ws.parlament.ch/OData.svc/Transcript(ID=271653L,Language='DE')","uri":"https://ws.parlament.ch/OData.svc/Transcript(ID=271653L,Language='DE')","type":"itsystems.Pd.DataServices.DataModel.Transcript"},"Subjects":{"__deferred":{"uri":"https://ws.parlament.ch/OData.svc/Transcript(ID=271653L,Language='DE')/Subjects"}},"MembersCouncil":{"__deferred":{"uri":"https://ws.parlament.ch/OData.svc/Transcript(ID=271653L,Language='DE')/MembersCouncil"}},"Businesses":{"__deferred":{"uri":"https://ws.parlament.ch/OData.svc/Transcript(ID=271653L,Language='DE')/Businesses"}},"ID":"271653","Language":"DE","IdSubject":"50812","VoteId":null,"PersonNumber":4174,"Type":1,"Text":"<pd_text><p>Sie sehen es an der Nummer des Gesch\u00e4ftes: Die Staatspolitische Kommission br\u00fctet schon l\u00e4nger \u00fcber diesem Thema. Es geht um Lobbyisten und ihren Zugang zu diesem hohen Haus, und dabei d\u00fcrfte das schlechte Gewissen auch die Behandlung des einen oder anderen Punkts in die L\u00e4nge gezogen haben.</p>\n<p>Die meisten hier drinnen gew\u00e4hren dem einen oder anderen Branchen-, Gewerkschafts- oder NGO-Vertreter Eintritt ins Bundeshaus, und dies im vollen Bewusstsein, dass er damit auch Interessenvertreter hofiert - aus welchen Gr\u00fcnden und mit welcher Motivation auch immer. Lobbying im Bundeshaus wird meines Erachtens \u00fcberzeichnet und \u00fcberbewertet. Es findet - sofern es \u00fcberhaupt in einem negativen, unstatthaften Ausmass stattfindet - insbesondere vor den Kommissionssitzungen und ausserhalb des Bundeshauses statt. Diese Kontakte sind also nicht bekannt, und eine regulatorische Erfassung d\u00fcrfte sich als schwierig bis unm\u00f6glich erweisen, denn wir k\u00f6nnen ja kaum pers\u00f6nliche Begegnungen der Parlamentarier gesetzlich erfassen.</p>\n<p>Die Politik kann ohnehin nur jene, die einen Badge haben, oder allenfalls jene, die \u00fcber einen Tagesausweis verf\u00fcgen, regulieren. Daher sind alle Versuche, die Interessenvertreter irgendwie zu binden und zu regulieren, keine Lobbyistengesetze, sondern Bundeshausgesetze, und der vorliegende Entwurf ist auch so eines. Aber nichts ist so offensichtlich wie das Lobbying w\u00e4hrend der Sessionen; jeder sieht, wer wem Einlass ins Bundeshaus gew\u00e4hrt, jeder sieht, wer mit wem in den Hallen spricht. Die Vorlage verliert sich unseres Erachtens in irrelevanten Detailfragen, w\u00e4hrend heisse Eisen nicht angefasst werden.</p>\n<p>Der Ausgangspunkt f\u00fcr diese Vorlage war die parlamentarische Initiative von alt St\u00e4nderat Didier Berberat. Diese wollte die Interessenvertreter ins Parlamentsgesetz aufnehmen und sie so zu einem Teil des Parlamentsbetriebes machen. Damit w\u00e4ren sie quasi institutionalisiert worden, was f\u00fcr die SVP-Fraktion nicht infrage kommt. Das w\u00fcrde die Lobbyisten quasi zu offiziellen Angeh\u00f6rigen des Parlamentsbetriebes machen und damit auf eine h\u00f6here Stufe stellen. Wer diese Vorlage unterst\u00fctzt, der zementiert das Gesch\u00e4ftsmodell der Interessenvertreter. Eine Regulierung in diesem Bereich bringt uns nicht weiter und schafft keinen Mehrwert. Sie bringt aber allenfalls einigen hier das vermeintlich gute Gef\u00fchl, etwas getan zu haben.</p>\n<p>Zur Detailberatung, zuerst zu Artikel 69abis Absatz 3, zur Annahme von Geld- und Sachzuweisungen quasi als Gegenleistung f\u00fcr die Badges: Selbstverst\u00e4ndlich w\u00fcrde es auch die SVP-Fraktion total daneben finden, wenn jemand so etwas tun w\u00fcrde. Aber kennen wir einen solchen Fall? Nein, es ist nicht bekannt, dass jemand Geld nimmt als Gegenleistung f\u00fcr die Erm\u00f6glichung des Zutritts zum Bundeshaus. Die Beweisf\u00fchrung d\u00fcrfte sich zudem als schwierig erweisen, und die Sachleistungen bed\u00fcrften einer genaueren Definition. Dann w\u00e4ren wir wieder bei der Diskussion angelangt, ob man sich von seinen G\u00e4sten ein Drei- oder nur ein Zweigangmen\u00fc in der Galerie des Alpes spendieren lassen darf.</p>\n<p>Dasselbe gilt f\u00fcr die Tagesausweise, also bei Artikel 69b Absatz 9: Bei den Tagesausweisen d\u00fcrfte es eher um den unkomplizierten Besuch von Verwandten, Freunden oder Parteikollegen gehen, die durch die spontane Einlassgew\u00e4hrung durch einen Parlamentarier in diesem ber\u00fchmten Geb\u00e4ude einen Augenschein nehmen d\u00fcrfen. Wir gehen nicht davon aus, dass es sich bei den Tagesg\u00e4sten um bezahlende Besucher mit wirtschaftlichen oder ideologischen Absichten handelt, und wir unterstellen ihnen auch keine solchen Absichten.</p>\n<p>Wenn Sie bei den Bundeshausschl\u00fcsseln nicht in den Verdacht der Vorteilsnahme geraten wollen, dann machen Sie es wie ich und vergeben Sie Ihre zwei Badges einfach aus Prinzip an niemanden.</p>\n<p>Die Einzelantr\u00e4ge Buffat, Nantermod bzw. Gschwind und T\u00f6ngi wird die SVP-Fraktion unterst\u00fctzen, weil sie alle eine realistische Transparenz schaffen und weil diese Antr\u00e4ge sauber zwischen Interessenvertretern, pers\u00f6nlichen Mitarbeitern und Familienangeh\u00f6rigen unterscheiden. Den Einzelantrag Gl\u00e4ttli lehnen wir ab, weil wir entweder den Dauerausweis ganz streichen sollten - was hier drin nat\u00fcrlich chancenlos w\u00e4re - oder aber die Nutzung der Dauerausweise offen halten sollten. Sonst wird es dann wieder kompliziert, und wir w\u00fcrden uns mit Abgrenzungsproblemen herumschlagen.</p>\n</pd_text>","MeetingCouncilAbbreviation":"N","MeetingDate":"20201030","MeetingVerbalixOid":3336,"IdSession":"5106","SpeakerFirstName":"Barbara","SpeakerLastName":"Steinemann","SpeakerFullName":"Steinemann Barbara","SpeakerFunction":"Mit-F","CouncilId":1,"CouncilName":"Nationalrat","CantonId":1,"CantonName":"Z\u00fcrich","CantonAbbreviation":"ZH","ParlGroupName":"Fraktion der Schweizerischen Volkspartei","ParlGroupAbbreviation":"V","SortOrder":5,"Start":"\/Date(1604061518750)\/","End":"\/Date(1604061849398)\/","Function":"Mit-F","DisplaySpeaker":true,"LanguageOfText":"DE","Modified":"\/Date(1774877086781)\/","StartTimeWithTimezone":"\/Date(1604061518750+0060)\/","EndTimeWithTimezone":"\/Date(1604061849397+0060)\/","VoteBusinessNumber":null,"VoteBusinessShortNumber":null,"VoteBusinessTitle":null},{"__metadata":{"id":"https://ws.parlament.ch/OData.svc/Transcript(ID=271654L,Language='DE')","uri":"https://ws.parlament.ch/OData.svc/Transcript(ID=271654L,Language='DE')","type":"itsystems.Pd.DataServices.DataModel.Transcript"},"Subjects":{"__deferred":{"uri":"https://ws.parlament.ch/OData.svc/Transcript(ID=271654L,Language='DE')/Subjects"}},"MembersCouncil":{"__deferred":{"uri":"https://ws.parlament.ch/OData.svc/Transcript(ID=271654L,Language='DE')/MembersCouncil"}},"Businesses":{"__deferred":{"uri":"https://ws.parlament.ch/OData.svc/Transcript(ID=271654L,Language='DE')/Businesses"}},"ID":"271654","Language":"DE","IdSubject":"50812","VoteId":null,"PersonNumber":4228,"Type":1,"Text":"<pd_text><p>Ich bin Pr\u00e4sidentin der Gewerkschaft VPOD Region Basel. Ich erhalte f\u00fcr dieses Pr\u00e4sidium im Jahr 2000 Franken. Das w\u00e4re \u00fcbrigens nicht in unserem Minderheitsantrag enthalten: Dort m\u00fcssen Spenden ab 12[NB]000 Franken offengelegt werden. Ich habe nichts zu verstecken.</p>\n</pd_text>","MeetingCouncilAbbreviation":"N","MeetingDate":"20201030","MeetingVerbalixOid":3336,"IdSession":"5106","SpeakerFirstName":"Samira","SpeakerLastName":"Marti","SpeakerFullName":"Marti Samira","SpeakerFunction":"Mit-F","CouncilId":1,"CouncilName":"Nationalrat","CantonId":13,"CantonName":"Basel-Landschaft","CantonAbbreviation":"BL","ParlGroupName":"Sozialdemokratische Fraktion","ParlGroupAbbreviation":"S","SortOrder":8,"Start":"\/Date(1604062170734)\/","End":"\/Date(1604062190272)\/","Function":"Mit-F","DisplaySpeaker":true,"LanguageOfText":"DE","Modified":"\/Date(1774877086789)\/","StartTimeWithTimezone":"\/Date(1604062170733+0060)\/","EndTimeWithTimezone":"\/Date(1604062190273+0060)\/","VoteBusinessNumber":null,"VoteBusinessShortNumber":null,"VoteBusinessTitle":null},{"__metadata":{"id":"https://ws.parlament.ch/OData.svc/Transcript(ID=271656L,Language='DE')","uri":"https://ws.parlament.ch/OData.svc/Transcript(ID=271656L,Language='DE')","type":"itsystems.Pd.DataServices.DataModel.Transcript"},"Subjects":{"__deferred":{"uri":"https://ws.parlament.ch/OData.svc/Transcript(ID=271656L,Language='DE')/Subjects"}},"MembersCouncil":{"__deferred":{"uri":"https://ws.parlament.ch/OData.svc/Transcript(ID=271656L,Language='DE')/MembersCouncil"}},"Businesses":{"__deferred":{"uri":"https://ws.parlament.ch/OData.svc/Transcript(ID=271656L,Language='DE')/Businesses"}},"ID":"271656","Language":"DE","IdSubject":"50812","VoteId":null,"PersonNumber":4208,"Type":1,"Text":"<pd_text><p>Ich beginne mit der Minderheit Jauslin zu Artikel 69b Absatz 9 des Parlamentsgesetzes. Dort geht es um die Annahme von Geld- und Sachzuwendungen. Ich beantrage Ihnen, den folgenden Text zu streichen: \"Die Annahme von Geld- und Sachzuwendungen f\u00fcr die Ausstellung eines Tagesausweises ist untersagt.\" </p>\n<p>Warum stelle ich diesen Antrag? Der Grund ist, dass dieser Absatz nicht n\u00f6tig ist und uns Parlamentarier alle unter den Generalverdacht stellt, dass wir solche Annahmen machen. Wenn wir den Leitfaden f\u00fcr die Ratsmitglieder genau kennen und wieder einmal hervornehmen, werden wir sehen, dass dort diese Sachlage geregelt ist und dass Sie dort ein gutes Rezept finden, wie Sie sich in solchen F\u00e4llen zu verhalten haben. Als Mitglied des Bundesparlamentes sind Sie Beh\u00f6rde. Daher gilt f\u00fcr Sie und selbstverst\u00e4ndlich auch f\u00fcr mich so oder so das Strafgesetzbuch, und zwar steht dort in Artikel 322sexies unter dem Titel \"Vorteilsnahme\": \"Wer [...] einen nicht geb\u00fchrenden Vorteil fordert, sich versprechen l\u00e4sst oder annimmt, wird mit Freiheitsstrafe bis zu drei Jahren oder Geldstrafe bestraft.\" Das ist also bereits geregelt und braucht keinen weiteren Eintrag in irgendeinem Gesetz oder irgendeiner Verordnung mehr.</p>\n<p>Daher bitte ich Sie, meinem Minderheitsantrag zuzustimmen und diesen Absatz zu streichen. </p>\n<p>Ich leite \u00fcber zur Meinung der FDP-Fraktion, damit ich f\u00fcr den ersten Block nicht mehr ans Rednerpult kommen muss. Eine leise Kritik geht an die Kommission. Wenn ich sehe, wie viele Einzelantr\u00e4ge uns aufs Pult geflattert sind, frage ich mich: Hat die Kommission die Arbeit gemacht, ja oder nein? Ich behaupte hier, sie hat sie nicht abgeschlossen. Auch diese Kritik geht nat\u00fcrlich an uns und an mich selber.</p>\n<p>Es liegen zwei Konzepte vor. Ein Konzept ist jenes der SPK-N, mit zwei Badges, die Sie zur Verf\u00fcgung haben, die[NB]Sie[NB]jedoch nicht mehr an Lobbyisten verteilen k\u00f6nnen, sondern nur noch an Ihre engsten Familienangeh\u00f6rigen oder an Ihre pers\u00f6nliche Mitarbeiterin oder Ihren pers\u00f6nlichen Mitarbeiter. Somit haben Sie da gewisse Einschr\u00e4nkungen. [PAGE 2064] </p>\n<p>Das zweite Konzept ist das Konzept des St\u00e4nderates: Sie haben weiterhin zwei Badges, diese k\u00f6nnen Sie frei verteilen, selbstverst\u00e4ndlich auch an Interessenvertreter oder Lobbyisten. Hier besteht nat\u00fcrlich das Problem - oder nicht das Problem, sondern der Zusatz -, dass die Agentur-Lobbyisten ihre Mandate nachtragen m\u00fcssen. Das ist eigentlich eine Regelung, die durchaus Sinn machen k\u00f6nnte. </p>\n<p>In diesem Block 1 wird das detaillierte Hausrecht geregelt. In Artikel 69b geht es darum, wie wir uns bewegen. D\u00fcrfen wir noch Lobbyisten mit in die Wandelhalle nehmen, ja oder nein? Welche Ziele und welche Vorgaben sind einzuhalten? Und so weiter. Hier darf man sich durchaus fragen: Ist der Lobbyist das Hauptfeindbild von uns Parlamentarierinnen und Parlamentariern? Da frage ich Sie: Ist Lobbying wirklich so schlimm oder geh\u00f6rt das zu unserem System? Wenn ich in die Reihen schaue, dann sehe ich hier nur Lobbyistinnen und Lobbyisten. Alle hier im Saal haben irgendein Interesse, das sie vertreten oder nicht vertreten. Aus diesem Grund m\u00fcsste man fragen: Ist denn diese Vorlage \u00fcberhaupt notwendig? Die FDP-Liberale Fraktion wird trotzdem mehrheitlich \u00fcberall den Mehrheiten folgen. Es wird einzelne Mitglieder geben, die anders stimmen, aber lassen Sie sich davon nicht beeinflussen. Wir werden in der Gesamtabstimmung zu diesem Gesetzentwurf so oder so als Fraktion geteilter Meinung sein. </p>\n<p>Alle Einzelantr\u00e4ge werden wir ablehnen, ausser dem Antrag Buffat, dem wir zustimmen werden; nicht weil er von Herrn Buffat kommt, sondern weil wir dort eine eventuelle Verbesserung sehen, die wir durchaus unterst\u00fctzen k\u00f6nnten.</p>\n<p>Geniessen Sie nun diese Diskussion zu Block 1, und geniessen Sie nachher die Diskussion zu Block 2. Sie werden sehen, wir kommen keinen Schritt weiter, als wir bereits sind. </p>\n</pd_text>","MeetingCouncilAbbreviation":"N","MeetingDate":"20201030","MeetingVerbalixOid":3336,"IdSession":"5106","SpeakerFirstName":"Matthias Samuel","SpeakerLastName":"Jauslin","SpeakerFullName":"Jauslin Matthias Samuel","SpeakerFunction":"Mit-M","CouncilId":1,"CouncilName":"Nationalrat","CantonId":19,"CantonName":"Aargau","CantonAbbreviation":"AG","ParlGroupName":"FDP-Liberale Fraktion","ParlGroupAbbreviation":"RL","SortOrder":4,"Start":"\/Date(1604061224807)\/","End":"\/Date(1604061506445)\/","Function":"Mit-M","DisplaySpeaker":true,"LanguageOfText":"DE","Modified":"\/Date(1774877086777)\/","StartTimeWithTimezone":"\/Date(1604061224807+0060)\/","EndTimeWithTimezone":"\/Date(1604061506447+0060)\/","VoteBusinessNumber":null,"VoteBusinessShortNumber":null,"VoteBusinessTitle":null},{"__metadata":{"id":"https://ws.parlament.ch/OData.svc/Transcript(ID=271657L,Language='DE')","uri":"https://ws.parlament.ch/OData.svc/Transcript(ID=271657L,Language='DE')","type":"itsystems.Pd.DataServices.DataModel.Transcript"},"Subjects":{"__deferred":{"uri":"https://ws.parlament.ch/OData.svc/Transcript(ID=271657L,Language='DE')/Subjects"}},"MembersCouncil":{"__deferred":{"uri":"https://ws.parlament.ch/OData.svc/Transcript(ID=271657L,Language='DE')/MembersCouncil"}},"Businesses":{"__deferred":{"uri":"https://ws.parlament.ch/OData.svc/Transcript(ID=271657L,Language='DE')/Businesses"}},"ID":"271657","Language":"DE","IdSubject":"50812","VoteId":null,"PersonNumber":4249,"Type":1,"Text":"<pd_text><p>Sehr geehrte Kollegin, meine kleine Frage ist losgel\u00f6st von der Initiative: Sie haben vorhin die Lobby-Organisationen, Wirtschaftsverb\u00e4nde, Gesundheitsorganisationen und weitere als ethisch leicht grenzwertig geschildert. Was ist denn mit all den anderen Lobby-Organisationen, die man ja auch aufz\u00e4hlen k\u00f6nnte - die Gewerkschaften, die NGO, die Umweltverb\u00e4nde, die Behindertenorganisationen? Wie sehen Sie das jetzt in der ethischen Einordnung?</p>\n</pd_text>","MeetingCouncilAbbreviation":"N","MeetingDate":"20201030","MeetingVerbalixOid":3336,"IdSession":"5106","SpeakerFirstName":"Marianne","SpeakerLastName":"Binder-Keller","SpeakerFullName":"Binder-Keller Marianne","SpeakerFunction":"Mit-F","CouncilId":1,"CouncilName":"Nationalrat","CantonId":19,"CantonName":"Aargau","CantonAbbreviation":"AG","ParlGroupName":"Die Mitte-Fraktion. Die Mitte. EVP.","ParlGroupAbbreviation":"M-E","SortOrder":9,"Start":"\/Date(1604062190272)\/","End":"\/Date(1604062237838)\/","Function":"Mit-F","DisplaySpeaker":true,"LanguageOfText":"DE","Modified":"\/Date(1774877086789)\/","StartTimeWithTimezone":"\/Date(1604062190273+0060)\/","EndTimeWithTimezone":"\/Date(1604062237837+0060)\/","VoteBusinessNumber":null,"VoteBusinessShortNumber":null,"VoteBusinessTitle":null},{"__metadata":{"id":"https://ws.parlament.ch/OData.svc/Transcript(ID=271658L,Language='DE')","uri":"https://ws.parlament.ch/OData.svc/Transcript(ID=271658L,Language='DE')","type":"itsystems.Pd.DataServices.DataModel.Transcript"},"Subjects":{"__deferred":{"uri":"https://ws.parlament.ch/OData.svc/Transcript(ID=271658L,Language='DE')/Subjects"}},"MembersCouncil":{"__deferred":{"uri":"https://ws.parlament.ch/OData.svc/Transcript(ID=271658L,Language='DE')/MembersCouncil"}},"Businesses":{"__deferred":{"uri":"https://ws.parlament.ch/OData.svc/Transcript(ID=271658L,Language='DE')/Businesses"}},"ID":"271658","Language":"DE","IdSubject":"50812","VoteId":null,"PersonNumber":4228,"Type":1,"Text":"<pd_text><p>Vielen Dank, Frau Kollegin Binder, Sie haben mich falsch verstanden. Ich habe keine ethische Einordnung gemacht. Das ist das grosse Missverst\u00e4ndnis: Wir wissen alle, wof\u00fcr Sie einstehen, wof\u00fcr ich einstehe. Der Punkt ist einfach, dass es auch die anderen wissen sollen, und daf\u00fcr braucht es eben Transparenz. Ich habe die Lobby-Agenturen spezifisch angesprochen, weil es faktisch unterschiedliche Informationen sind, die wir erhalten. Wir erhalten andere Informationen zu direkten Mitarbeitenden von NGO im Vergleich zu Direktmitarbeitenden bei Lobby-Agenturen. Es ist ein anderer Informationsgehalt, wenn man weiss, dass jemand f\u00fcr den WWF unterwegs ist, als wenn man weiss, dass jemand f\u00fcr Farner unterwegs ist. Da sind wir uns wahrscheinlich einig. Darum braucht es die erweiterten Offenlegungspflichten, damit wir wissen, wof\u00fcr sie inhaltlich unterwegs sind - beim WWF, bei Furrerhugi, bei Lobbywatch.</p>\n</pd_text>","MeetingCouncilAbbreviation":"N","MeetingDate":"20201030","MeetingVerbalixOid":3336,"IdSession":"5106","SpeakerFirstName":"Samira","SpeakerLastName":"Marti","SpeakerFullName":"Marti Samira","SpeakerFunction":"Mit-F","CouncilId":1,"CouncilName":"Nationalrat","CantonId":13,"CantonName":"Basel-Landschaft","CantonAbbreviation":"BL","ParlGroupName":"Sozialdemokratische Fraktion","ParlGroupAbbreviation":"S","SortOrder":10,"Start":"\/Date(1604062237838)\/","End":"\/Date(1604062287188)\/","Function":"Mit-F","DisplaySpeaker":true,"LanguageOfText":"DE","Modified":"\/Date(1774877086791)\/","StartTimeWithTimezone":"\/Date(1604062237837+0060)\/","EndTimeWithTimezone":"\/Date(1604062287187+0060)\/","VoteBusinessNumber":null,"VoteBusinessShortNumber":null,"VoteBusinessTitle":null},{"__metadata":{"id":"https://ws.parlament.ch/OData.svc/Transcript(ID=271660L,Language='DE')","uri":"https://ws.parlament.ch/OData.svc/Transcript(ID=271660L,Language='DE')","type":"itsystems.Pd.DataServices.DataModel.Transcript"},"Subjects":{"__deferred":{"uri":"https://ws.parlament.ch/OData.svc/Transcript(ID=271660L,Language='DE')/Subjects"}},"MembersCouncil":{"__deferred":{"uri":"https://ws.parlament.ch/OData.svc/Transcript(ID=271660L,Language='DE')/MembersCouncil"}},"Businesses":{"__deferred":{"uri":"https://ws.parlament.ch/OData.svc/Transcript(ID=271660L,Language='DE')/Businesses"}},"ID":"271660","Language":"DE","IdSubject":"50812","VoteId":null,"PersonNumber":4120,"Type":1,"Text":"<pd_text><p>Die Vorlage, die wir heute beraten, hat, wie schon betont wurde, immer weniger mit dem Inhalt der urspr\u00fcnglichen parlamentarischen Initiative Berberat zu tun. Was wollte diese? Sie wollte faktisch eine Institutionalisierung des Lobby-Systems, der gesamten Branche, als Teil des politischen Systems. Sie wollte ein Akkreditierungssystem mit \u00f6ffentlich einsehbarem Register, das alle Mandate der Profi-Lobbyisten auff\u00fchrt. Klar statuiert wurde auch - und das wird jetzt immer vergessen -, dass die Anzahl Lobbyisten, die im Bundeshaus sind, zu reduzieren sei.</p>\n<p>Wir alle m\u00f6gen in diesem Bereich Professionalit\u00e4t und Transparenz. Was wir heute beraten, schiesst aber weit dar\u00fcber hinaus. Die Branche hat sich in den letzten Jahren stark entwickelt. Die Mitte-Fraktion hat in der Wintersession 2019 mehrheitlich f\u00fcr Nichteintreten gestimmt. Die Mehrheit des Nationalrates hat beschlossen, die Detailberatung durchzuf\u00fchren. Jetzt haben wir hier ein unbefriedigendes Resultat: Wir haben uns noch st\u00e4rker von der Ursprungsidee unseres ehemaligen Kollegen Berberat distanziert. Wir werden konstruktiv bei der Beratung der Linie der Mehrheit der Kommission folgen. Am Ende wird die Mitte-Fraktion die Vorlage aber mehrheitlich ablehnen, weil sie faktisch das System nur verkompliziert und keinen Mehrwert generiert. Tats\u00e4chlich muss man sich die Frage stellen, ob diese Vorlage das Petitum der parlamentarischen Initiative noch realisiert. Aus diesem Blickwinkel kann man vielleicht jetzt auch den generellen Widerstand gegen diese Vorlage aus den tangierten Kreisen lesen und erkl\u00e4ren. Sie haben alle in den letzten Tagen mehrere Briefe, mehrere Telefonanrufe bekommen. Bitte h\u00f6rt damit auf; das beweist, dass etwas schiefgelaufen ist.</p>\n<p>Wenn man absolute Transparenz will, dann muss man zu hundert Prozent konsequent sein. Dies soll f\u00fcr alle gelten, es soll von den Badges der Parlamentarier bis zu den Tagesbesuchern gelten, mit inbegriffen die Familienangeh\u00f6rigen und die Alt-Parlamentarier. Jeder, der ins Bundeshaus kommt und kommen wird, m\u00fcsste seine Interessenbindungen und eventuellen Mandate offenlegen.</p>\n<p>H\u00e4tten wir dann mehr Transparenz? W\u00fcrde das System viel besser funktionieren? Nein! Man vergisst, dass wir ein Milizparlament sind und dass Lobbyismus mehrheitlich ausserhalb des Bundeshauses und zwischen den Sessionen stattfindet. Dazu sind wir selbst, in allen politischen Parteien von rechts bis links, Vertreter von spezifischen Interessen, von Interessengruppen. Die Thematik ist relevant, muss aber bei einer allf\u00e4lligen n\u00e4chsten Revision des Parlamentsrechts aufgenommen werden. An dieser Vorlage noch zu basteln, ist unseri\u00f6s und nicht koh\u00e4rent. Alle Einzelantr\u00e4ge, die gestern und auch heute eingereicht wurden, beweisen, dass diese Vorlage nicht mehr zu korrigieren ist. </p>\n<p>In Block 1 zum Thema \"Zugang zum Parlamentsgeb\u00e4ude\" unterst\u00fctzt die Mitte-Fraktion CVP-EVP-BDP die Linie der Mehrheit. Die vorgeschlagene Regelung ist sehr unbefriedigend, sie ist aber der einzige Weg, um konsequent volle Transparenz - wie gesagt, eine Alibi-Transparenz, weil nur im Bundeshaus g\u00fcltig - herzustellen. Ich betone es nochmals: Diese Reform ist nicht notwendig, sie ist nicht zielf\u00fchrend und auch irref\u00fchrend. </p>\n<p>Zu Block 2 finden wir mehrere \u00c4nderungsvorschl\u00e4ge, die nichts mit der parlamentarischen Initiative zu tun haben. Die [PAGE 2066] Mitte-Fraktion CVP-EVP-BDP unterst\u00fctzt hier die Linie der Mehrheit und lehnt alle Minderheitsantr\u00e4ge, welche weitere Themen in diese Vorlage einbauen m\u00f6chten, konsequent ab.</p>\n<p>Insgesamt ist diese Vorlage so, wie sie sich entwickelt hat, abzulehnen. Einige Themen sind noch relevant, m\u00fcssen aber mit einem anderen Ansatz angegangen werden.</p>\n<p>[VS]</p>\n</pd_text>","MeetingCouncilAbbreviation":"N","MeetingDate":"20201030","MeetingVerbalixOid":3336,"IdSession":"5106","SpeakerFirstName":"Marco","SpeakerLastName":"Romano","SpeakerFullName":"Romano Marco","SpeakerFunction":"Mit-M","CouncilId":1,"CouncilName":"Nationalrat","CantonId":27,"CantonName":"Tessin","CantonAbbreviation":"TI","ParlGroupName":"Die Mitte-Fraktion. Die Mitte. EVP.","ParlGroupAbbreviation":"M-E","SortOrder":11,"Start":"\/Date(1604062287188)\/","End":"\/Date(1604062584741)\/","Function":"Mit-M","DisplaySpeaker":true,"LanguageOfText":"DE","Modified":"\/Date(1774877086793)\/","StartTimeWithTimezone":"\/Date(1604062287187+0060)\/","EndTimeWithTimezone":"\/Date(1604062584740+0060)\/","VoteBusinessNumber":null,"VoteBusinessShortNumber":null,"VoteBusinessTitle":null},{"__metadata":{"id":"https://ws.parlament.ch/OData.svc/Transcript(ID=271661L,Language='DE')","uri":"https://ws.parlament.ch/OData.svc/Transcript(ID=271661L,Language='DE')","type":"itsystems.Pd.DataServices.DataModel.Transcript"},"Subjects":{"__deferred":{"uri":"https://ws.parlament.ch/OData.svc/Transcript(ID=271661L,Language='DE')/Subjects"}},"MembersCouncil":{"__deferred":{"uri":"https://ws.parlament.ch/OData.svc/Transcript(ID=271661L,Language='DE')/MembersCouncil"}},"Businesses":{"__deferred":{"uri":"https://ws.parlament.ch/OData.svc/Transcript(ID=271661L,Language='DE')/Businesses"}},"ID":"271661","Language":"DE","IdSubject":"50812","VoteId":null,"PersonNumber":4228,"Type":1,"Text":"<pd_text><p>Wir alle wissen, dass die gr\u00f6ssten und die einflussreichsten Lobbyisten in diesem Hause wir selbst sind, die Ratsmitglieder. Dutzende unter Ihnen sitzen in m\u00e4chtigen Lobby-Organisationen im Vorstand oder in Pr\u00e4sidien, sitzen in Verwaltungsr\u00e4ten von Konzernen und verhindern damit immer wieder Fortschritte. Der Pr\u00e4sident von Intergenerika verhindert in der Kommission f\u00fcr soziale Sicherheit und Gesundheit g\u00fcnstigere Medikamentenpreise, der Pr\u00e4sident der Erd\u00f6llobby blockiert in der Kommission f\u00fcr Umwelt, Raumplanung und Energie den Kampf gegen den Klimawandel, die Krankenkassenlobby sch\u00fctzt die explodierenden L\u00f6hne ihrer Chefetage. </p>\n<p>Seit 1999 haben die rot-gr\u00fcnen Fraktionen in diesem Bereich Dutzende von Vorschl\u00e4gen f\u00fcr mehr Transparenz gemacht. Alle wurden von der b\u00fcrgerlichen Mehrheit abgelehnt. Externe Studien zeigen uns aber, wie gross der Einfluss der Lobbys hier drinnen ist. Parlamentsmitglieder, also wir selbst, kassieren mindestens 170 Millionen Franken pro Legislatur. Allen voran sind es der Finanzplatz, die Versicherungen und die Krankenkassen, die j\u00e4hrlich gesch\u00e4tzte 6,5 Millionen Franken in uns Parlamentarierinnen und Parlamentarier investieren. Interessant ist, dass 96 Prozent dieses Geldes an die Parteien CVP, FDP und SVP gehen. Es muss also nicht erstaunen, wenn unsere Vorst\u00f6sse zur Transparenz bei der Politikfinanzierung regelm\u00e4ssig keine Mehrheiten finden. Die Bev\u00f6lkerung wird uns wohl via Volksabstimmung helfen m\u00fcssen, diese Verfilzungen sichtbarer zu machen, was ja auch bereits in Kantonen und St\u00e4dten passiert ist. </p>\n<p>Im Wissen darum, dass diese heissen Eisen, wie es Frau Steinemann genannt hat, nicht angefasst werden, hat sich dann alt St\u00e4nderat Didier Berberat von der SP eines anderen Bereichs des Lobbyings angenommen, des Lobbyings durch Interessenvertreterinnen und -vertreter oder auch Lobbyagenturen im Bundeshaus. Im Vergleich zu anderen L\u00e4ndern funktioniert das in der Schweiz - wie ab und zu - anders, aber nicht unbedingt besser. Das EU-Parlament, der Deutsche Bundestag, die Assembl\u00e9e nationale in Frankreich - sie alle kennen das, was Didier Berberat verlangt hat: ein Akkreditierungssystem f\u00fcr Lobbyistinnen und Lobbyisten im [PAGE 2065] Parlamentsgeb\u00e4ude. Das schafft erstens mehr Transparenz und funktioniert zweitens unabh\u00e4ngig von einzelnen Parlamentariern und Parlamentarierinnen. Daf\u00fcr hat sich die SP-Fraktion w\u00e4hrend den letzten f\u00fcnf Jahren der Verhandlungen eingesetzt. Denn dass sich die Zivilgesellschaft oder auch einzelne Gruppierungen im Bundeshaus Geh\u00f6r verschaffen wollen, ist absolut legitim. Wir wollen nicht im stillen K\u00e4mmerlein Gesetze erlassen, sondern im Austausch und auf Augenh\u00f6he mit den Menschen stehen. Nach f\u00fcnf Jahren Verhandlungen m\u00fcssen wir aber festhalten, dass die Mehrheit hier in diesem Saal nicht bereit ist, diesen Systemwechsel zu einem von uns Ratsmitgliedern unabh\u00e4ngigen, transparenten Akkreditierungssystem zu vollziehen.</p>\n<p>Zum vorliegenden Resultat: Zum Konzept der SPK-N zieht die SP-Fraktion ein durchzogenes Fazit. F\u00fcr uns ist vor allem die Ausweitung der Transparenzvorschriften im \u00f6ffentlichen Register zentral. Es ist absolut stossend, dass heute Mitarbeitende von professionellen Lobbyagenturen nicht offenlegen m\u00fcssen, f\u00fcr wen konkret sie im Bundeshaus unterwegs sind. W\u00e4hrend der Lobbyist von Birdlife im Register als Mitarbeiter von Birdlife registriert ist, werden die Berufslobbyisten von Farner Consulting, Furrerhugi und Co. ausschliesslich als deren Mitarbeiter erfasst. Das ist in der Praxis ungen\u00fcgend. Mit der L\u00f6sung der Mehrheit der SPK-N werden wir in Zukunft wissen, dass der Lobbyist von Furrerhugi im Auftrag von Glencore gegen die Konzernverantwortungs-Initiative im Bundeshaus unterwegs ist.</p>\n<p>Die Entkoppelung der Besucher-Badges von den Parlamentsmitgliedern hat hingegen nicht funktioniert. Besuchern bleibt weiterhin der Zugang ins Bundeshaus gew\u00e4hrt, allerdings \u00fcber Tagesausweise. Der Zugang zur Wandelhalle bleibt ihnen versperrt. F\u00fcr die SP-Fraktion war das aber kein Ziel. Lobbying findet statt, das wissen wir alle. Interessenvertretung geh\u00f6rt zur Politik. Das Problem ist die fehlende Transparenz, sind gekaufte Politikerinnen und Politiker und dass das Wirken der grossen Lobbyagenturen beim Status quo absolut unsichtbar bleibt. Darum werden wir unter anderem den Einzelantrag Badran Jacqueline unterst\u00fctzen. F\u00fcr die SP-Fraktion ist es akzeptabel, dass wir im Bereich der Zutrittsausweise nun, nach gescheiterten Verhandlungen, wieder zum Status quo gehen, aber gleichzeitig eben diese Offenlegungspflichten ausweiten, egal ob f\u00fcr Dauer- oder Tagesausweise. </p>\n<p>Den Einzelantrag Buffat zu den Fraktionssekretariaten werden wir unterst\u00fctzen, den Einzelantrag T\u00f6ngi ebenfalls. In der Gesamtabstimmung werden wir dieser Vorlage ohne grosse Begeisterung zustimmen und zur Kenntnis nehmen, dass es dieses Parlament einmal mehr verpasst hat, in Sachen Transparenz wirklich vorw\u00e4rtszumachen. </p>\n</pd_text>","MeetingCouncilAbbreviation":"N","MeetingDate":"20201030","MeetingVerbalixOid":3336,"IdSession":"5106","SpeakerFirstName":"Samira","SpeakerLastName":"Marti","SpeakerFullName":"Marti Samira","SpeakerFunction":"Mit-F","CouncilId":1,"CouncilName":"Nationalrat","CantonId":13,"CantonName":"Basel-Landschaft","CantonAbbreviation":"BL","ParlGroupName":"Sozialdemokratische Fraktion","ParlGroupAbbreviation":"S","SortOrder":6,"Start":"\/Date(1604061849398)\/","End":"\/Date(1604062142714)\/","Function":"Mit-F","DisplaySpeaker":true,"LanguageOfText":"DE","Modified":"\/Date(1774877086785)\/","StartTimeWithTimezone":"\/Date(1604061849397+0060)\/","EndTimeWithTimezone":"\/Date(1604062142713+0060)\/","VoteBusinessNumber":null,"VoteBusinessShortNumber":null,"VoteBusinessTitle":null}]},"ID":"50812","Language":"DE","IdMeeting":"4393","VerbalixOid":633363,"SortOrder":11,"Modified":"\/Date(1774877086770)\/"}}