{"d":{"__metadata":{"id":"https://ws.parlament.ch/OData.svc/Subject(ID=50818L,Language='DE')","uri":"https://ws.parlament.ch/OData.svc/Subject(ID=50818L,Language='DE')","type":"itsystems.Pd.DataServices.DataModel.Subject"},"Meetings":{"__metadata":{"id":"https://ws.parlament.ch/OData.svc/Meeting(ID=4394L,Language='DE')","uri":"https://ws.parlament.ch/OData.svc/Meeting(ID=4394L,Language='DE')","type":"itsystems.Pd.DataServices.DataModel.Meeting"},"Sessions":{"__deferred":{"uri":"https://ws.parlament.ch/OData.svc/Meeting(ID=4394L,Language='DE')/Sessions"}},"Subjects":{"__deferred":{"uri":"https://ws.parlament.ch/OData.svc/Meeting(ID=4394L,Language='DE')/Subjects"}},"ID":"4394","Language":"DE","MeetingNumber":4,"IdSession":5106,"SessionNumber":6,"SessionName":"Sondersession Oktober 2020","Council":1,"CouncilName":"Nationalrat","CouncilAbbreviation":"NR","Date":"\/Date(1604016000000)\/","Begin":"1500","Modified":"\/Date(1605113284570)\/","LegislativePeriodNumber":51,"PublicationStatus":"final","MeetingOrderText":"Vierte Sitzung","SortOrder":4,"Location":"N"},"SubjectsBusiness":{"results":[{"__metadata":{"id":"https://ws.parlament.ch/OData.svc/SubjectBusiness(BusinessNumber=20184311,IdSubject=50818L,Language='DE')","uri":"https://ws.parlament.ch/OData.svc/SubjectBusiness(BusinessNumber=20184311,IdSubject=50818L,Language='DE')","type":"itsystems.Pd.DataServices.DataModel.SubjectBusiness"},"Subjects":{"__deferred":{"uri":"https://ws.parlament.ch/OData.svc/SubjectBusiness(BusinessNumber=20184311,IdSubject=50818L,Language='DE')/Subjects"}},"Businesses":{"__deferred":{"uri":"https://ws.parlament.ch/OData.svc/SubjectBusiness(BusinessNumber=20184311,IdSubject=50818L,Language='DE')/Businesses"}},"IdSubject":"50818","BusinessNumber":20184311,"Language":"DE","BusinessShortNumber":"18.4311","Title":"Recht auf Familienleben. Erweiterter und erleichterter Familiennachzug f\u00fcr Fl\u00fcchtlinge","SortOrder":1,"PublishedNotes":null,"Modified":"\/Date(1551095566750)\/","TitleDE":"Motion Mazzone Lisa.\nRecht auf Familienleben.\nErweiterter und erleichterter\nFamiliennachzug f\u00fcr Fl\u00fcchtlinge","TitleFR":"Motion Mazzone Lisa.\nDroit \u00e0 la vie de famille.\nRegroupement familial \u00e9largi\net facilit\u00e9 pour les r\u00e9fugi\u00e9s","TitleIT":null}]},"Transcripts":{"results":[{"__metadata":{"id":"https://ws.parlament.ch/OData.svc/Transcript(ID=271698L,Language='DE')","uri":"https://ws.parlament.ch/OData.svc/Transcript(ID=271698L,Language='DE')","type":"itsystems.Pd.DataServices.DataModel.Transcript"},"Subjects":{"__deferred":{"uri":"https://ws.parlament.ch/OData.svc/Transcript(ID=271698L,Language='DE')/Subjects"}},"MembersCouncil":{"__deferred":{"uri":"https://ws.parlament.ch/OData.svc/Transcript(ID=271698L,Language='DE')/MembersCouncil"}},"Businesses":{"__deferred":{"uri":"https://ws.parlament.ch/OData.svc/Transcript(ID=271698L,Language='DE')/Businesses"}},"ID":"271698","Language":"DE","IdSubject":"50818","VoteId":null,"PersonNumber":1346,"Type":1,"Text":"<pd_text><p><b>La pr\u00e9sidente</b> (Moret Isabelle, pr\u00e9sidente): La motion Mazzone a \u00e9t\u00e9 reprise par Mme Prelicz-Huber. </p>\n</pd_text>","MeetingCouncilAbbreviation":"N","MeetingDate":"20201030","MeetingVerbalixOid":3337,"IdSession":"5106","SpeakerFirstName":"Isabelle","SpeakerLastName":"Moret","SpeakerFullName":"Moret Isabelle","SpeakerFunction":"P-F","CouncilId":1,"CouncilName":"Nationalrat","CantonId":22,"CantonName":"Waadt","CantonAbbreviation":"VD","ParlGroupName":"FDP-Liberale Fraktion","ParlGroupAbbreviation":"RL","SortOrder":1,"Start":"\/Date(1604074827893)\/","End":"\/Date(1604074845167)\/","Function":"P-F","DisplaySpeaker":false,"LanguageOfText":null,"Modified":"\/Date(1774877087366)\/","StartTimeWithTimezone":"\/Date(1604074827893+0060)\/","EndTimeWithTimezone":"\/Date(1604074845167+0060)\/","VoteBusinessNumber":null,"VoteBusinessShortNumber":null,"VoteBusinessTitle":null},{"__metadata":{"id":"https://ws.parlament.ch/OData.svc/Transcript(ID=271702L,Language='DE')","uri":"https://ws.parlament.ch/OData.svc/Transcript(ID=271702L,Language='DE')","type":"itsystems.Pd.DataServices.DataModel.Transcript"},"Subjects":{"__deferred":{"uri":"https://ws.parlament.ch/OData.svc/Transcript(ID=271702L,Language='DE')/Subjects"}},"MembersCouncil":{"__deferred":{"uri":"https://ws.parlament.ch/OData.svc/Transcript(ID=271702L,Language='DE')/MembersCouncil"}},"Businesses":{"__deferred":{"uri":"https://ws.parlament.ch/OData.svc/Transcript(ID=271702L,Language='DE')/Businesses"}},"ID":"271702","Language":"DE","IdSubject":"50818","VoteId":null,"PersonNumber":3999,"Type":1,"Text":"<pd_text><p>Mit dieser Motion m\u00f6chten wir den Familiennachzug erleichtern und auch den Familienbegriff erweitern, ganz im Sinne von vielen Kulturen. Konkret m\u00f6chten wir erstens, dass vorl\u00e4ufig Aufgenommene, wie die anderen auch, keine dreij\u00e4hrige Karenzfrist haben und dass auch die finanziellen H\u00fcrden abgebaut werden. Zweitens m\u00f6chten wir den Familienbegriff \u00fcber die Kernfamilie hinaus erweitern, auf die Eltern, Grosseltern, Enkel und Geschwister von Fl\u00fcchtlingen. Er umfasst also immer noch die ganz nahe Familie. </p>\n<p>Warum wollen wir das? Wir haben - zum Gl\u00fcck, sage ich - in der Bundesverfassung das Recht auf Familie garantiert. Das soll aber nach unserer Meinung auch f\u00fcr vorl\u00e4ufig aufgenommene Fl\u00fcchtlinge gelten. Sie sollen sich nicht wie heute erst nach drei Jahren darum bem\u00fchen k\u00f6nnen - und dann erst noch mit extrem strengen finanziellen Anforderungen, einer grossen Wohnung und gen\u00fcgend Mitteln. Aufgrund dieser Kriterien haben vorl\u00e4ufig Aufgenommene faktisch keine M\u00f6glichkeit zum Familiennachzug, da sie oft noch Sozialhilfe beziehen, in Tieflohnbereichen arbeiten oder vielleicht eine Ausbildung machen.</p>\n<p>St\u00e4ndig in Sorge um die Familie sein zu m\u00fcssen, ist unmenschlich. Es verhindert auch, dass man sich hier einleben kann. Es kann nicht sein, dass wir Menschen, die sich darum bem\u00fchen, sich hier in die Gesellschaft einzugliedern, das Recht auf Zusammenzug der Familie absprechen, speziell dann nicht, wenn ihre Familien nach wie vor in Krisengebieten sind. Vorl\u00e4ufig Aufgenommene sollen ja ausgeschafft werden, ist in der Begr\u00fcndung des Bundesrates zu lesen. Die Realit\u00e4t ist aber so, dass die meisten f\u00fcr Jahre hier sind, wenn nicht sogar f\u00fcr immer, weil halt Krisen nicht so schnell vorbei sind. </p>\n<p>Die Definition der Kernfamilie zu erweitern, w\u00e4re ebenfalls ganz im Sinne einer guten Fl\u00fcchtlingspolitik und auch im Sinne der Realit\u00e4t vieler Kulturen, weil bei diesen die Menschen zusammenleben, weil man in der Grossfamilie auch auf gegenseitige Unterst\u00fctzung angewiesen ist. </p>\n<p>Wir bitten Sie deshalb sehr, im Sinne der Menschlichkeit und im Sinne einer guten Fl\u00fcchtlingspolitik den Familienbegriff zu erweitern und es vorl\u00e4ufig Aufgenommenen zu erm\u00f6glichen, die Familien hierherzuholen. Und wir bitten Sie, beim Familiennachzug den Familienbegriff f\u00fcr die Migranten und Migrantinnen auf die vorher definierte Grossfamilie auszudehnen.</p>\n<p>Wir bitten Sie, dem Antrag der Minderheit zuzustimmen und damit die Motion anzunehmen.</p>\n</pd_text>","MeetingCouncilAbbreviation":"N","MeetingDate":"20201030","MeetingVerbalixOid":3337,"IdSession":"5106","SpeakerFirstName":"Katharina","SpeakerLastName":"Prelicz-Huber","SpeakerFullName":"Prelicz-Huber Katharina","SpeakerFunction":"Mit-F","CouncilId":1,"CouncilName":"Nationalrat","CantonId":1,"CantonName":"Z\u00fcrich","CantonAbbreviation":"ZH","ParlGroupName":"Gr\u00fcne Fraktion","ParlGroupAbbreviation":"G","SortOrder":2,"Start":"\/Date(1604074845167)\/","End":"\/Date(1604075043125)\/","Function":"Mit-F","DisplaySpeaker":true,"LanguageOfText":"DE","Modified":"\/Date(1774877087369)\/","StartTimeWithTimezone":"\/Date(1604074845167+0060)\/","EndTimeWithTimezone":"\/Date(1604075043127+0060)\/","VoteBusinessNumber":null,"VoteBusinessShortNumber":null,"VoteBusinessTitle":null},{"__metadata":{"id":"https://ws.parlament.ch/OData.svc/Transcript(ID=271704L,Language='DE')","uri":"https://ws.parlament.ch/OData.svc/Transcript(ID=271704L,Language='DE')","type":"itsystems.Pd.DataServices.DataModel.Transcript"},"Subjects":{"__deferred":{"uri":"https://ws.parlament.ch/OData.svc/Transcript(ID=271704L,Language='DE')/Subjects"}},"MembersCouncil":{"__deferred":{"uri":"https://ws.parlament.ch/OData.svc/Transcript(ID=271704L,Language='DE')/MembersCouncil"}},"Businesses":{"__deferred":{"uri":"https://ws.parlament.ch/OData.svc/Transcript(ID=271704L,Language='DE')/Businesses"}},"ID":"271704","Language":"DE","IdSubject":"50818","VoteId":null,"PersonNumber":4062,"Type":1,"Text":"<pd_text><p>Es ist so, dass heute Ehegatten und minderj\u00e4hrige Kinder fr\u00fchestens drei Jahre nach Anordnung der vorl\u00e4ufigen Aufnahme nachgezogen werden, wenn gewisse Voraussetzungen erf\u00fcllt sind. Wie von der Motion\u00e4rin erw\u00e4hnt, geh\u00f6rt dazu insbesondere eine bedarfsgerechte Wohnung, und die betroffenen Personen d\u00fcrfen nicht auf Sozialhilfe oder Erg\u00e4nzungsleistungen angewiesen sein. </p>\n<p>Mit Ausnahme der dreij\u00e4hrigen Wartefrist gelten die gleichen Voraussetzungen auch f\u00fcr den Familiennachzug von Personen mit einer Aufenthalts- oder Niederlassungsbewilligung. Eine Besserstellung von vorl\u00e4ufig Aufgenommenen ist deshalb nicht gerechtfertigt. Wir d\u00fcrfen nicht vergessen, dass es sich bei der vorl\u00e4ufigen Aufnahme um eine Ersatzmassnahme f\u00fcr eine nicht vollziehbare Wegweisung handelt. Die betroffenen Personen m\u00fcssen demnach die Schweiz wieder verlassen, sobald die Wegweisung vollzogen werden kann. Im Gegensatz zu Personen mit einer Aufenthalts- oder Niederlassungsbewilligung haben sie kein gefestigtes Anwesenheitsrecht in der Schweiz. Daher ist die Beibehaltung der dreij\u00e4hrigen Wartefrist gerechtfertigt. </p>\n<p>Die geforderte Ausweitung des Familiennachzuges \u00fcber die Kernfamilie hinaus lehnt der Bundesrat ebenfalls ab, da auch Personen mit einer Aufenthalts- oder Niederlassungsbewilligung aus Drittstaaten nur die Ehegatten und ledigen Kinder unter 18 Jahren nachziehen k\u00f6nnen. </p>\n<p>Der Bundesrat beantragt Ihnen Ablehnung.</p>\n</pd_text>","MeetingCouncilAbbreviation":"N","MeetingDate":"20201030","MeetingVerbalixOid":3337,"IdSession":"5106","SpeakerFirstName":"Karin","SpeakerLastName":"Keller-Sutter","SpeakerFullName":"Keller-Sutter Karin","SpeakerFunction":"BR-F","CouncilId":99,"CouncilName":"Bundesrat","CantonId":17,"CantonName":"St. Gallen","CantonAbbreviation":"SG","ParlGroupName":null,"ParlGroupAbbreviation":null,"SortOrder":3,"Start":"\/Date(1604075043125)\/","End":"\/Date(1604075141469)\/","Function":"BR-F","DisplaySpeaker":true,"LanguageOfText":"DE","Modified":"\/Date(1774877087371)\/","StartTimeWithTimezone":"\/Date(1604075043127+0060)\/","EndTimeWithTimezone":"\/Date(1604075141470+0060)\/","VoteBusinessNumber":null,"VoteBusinessShortNumber":null,"VoteBusinessTitle":null},{"__metadata":{"id":"https://ws.parlament.ch/OData.svc/Transcript(ID=271722L,Language='DE')","uri":"https://ws.parlament.ch/OData.svc/Transcript(ID=271722L,Language='DE')","type":"itsystems.Pd.DataServices.DataModel.Transcript"},"Subjects":{"__deferred":{"uri":"https://ws.parlament.ch/OData.svc/Transcript(ID=271722L,Language='DE')/Subjects"}},"MembersCouncil":{"__deferred":{"uri":"https://ws.parlament.ch/OData.svc/Transcript(ID=271722L,Language='DE')/MembersCouncil"}},"Businesses":{"__deferred":{"uri":"https://ws.parlament.ch/OData.svc/Transcript(ID=271722L,Language='DE')/Businesses"}},"ID":"271722","Language":"DE","IdSubject":"50818","VoteId":"21648","PersonNumber":null,"Type":2,"Text":"<pd_text><p><b>La pr\u00e9sidente</b> (Moret Isabelle, pr\u00e9sidente): Le Conseil f\u00e9d\u00e9ral propose de rejeter la motion. </p>\n<p>[VS]</p>\n<p><i>Abstimmung - Vote </i>[GZ]</p>\n<p>[NAM][GZ]</p>\n<p>F\u00fcr Annahme der Motion ... 62 Stimmen [GZ]</p>\n<p>Dagegen ... 117 Stimmen [GZ]</p>\n<p>(0 Enthaltungen)</p>\n</pd_text>","MeetingCouncilAbbreviation":"N","MeetingDate":"20201030","MeetingVerbalixOid":3337,"IdSession":"5106","SpeakerFirstName":null,"SpeakerLastName":null,"SpeakerFullName":"","SpeakerFunction":null,"CouncilId":null,"CouncilName":null,"CantonId":null,"CantonName":null,"CantonAbbreviation":null,"ParlGroupName":null,"ParlGroupAbbreviation":null,"SortOrder":4,"Start":"\/Date(1604075141469)\/","End":"\/Date(1604075141469)\/","Function":null,"DisplaySpeaker":null,"LanguageOfText":null,"Modified":"\/Date(1774877087375)\/","StartTimeWithTimezone":"\/Date(1604075141470+0060)\/","EndTimeWithTimezone":"\/Date(1604075141470+0060)\/","VoteBusinessNumber":20184311,"VoteBusinessShortNumber":"18.4311","VoteBusinessTitle":"Motion Mazzone Lisa.\nRecht auf Familienleben.\nErweiterter und erleichterter\nFamiliennachzug f\u00fcr Fl\u00fcchtlinge"}]},"ID":"50818","Language":"DE","IdMeeting":"4394","VerbalixOid":633469,"SortOrder":6,"Modified":"\/Date(1774877087365)\/"}}