{"d":{"__metadata":{"id":"https://ws.parlament.ch/OData.svc/Subject(ID=51072L,Language='DE')","uri":"https://ws.parlament.ch/OData.svc/Subject(ID=51072L,Language='DE')","type":"itsystems.Pd.DataServices.DataModel.Subject"},"Meetings":{"__metadata":{"id":"https://ws.parlament.ch/OData.svc/Meeting(ID=4407L,Language='DE')","uri":"https://ws.parlament.ch/OData.svc/Meeting(ID=4407L,Language='DE')","type":"itsystems.Pd.DataServices.DataModel.Meeting"},"Sessions":{"__deferred":{"uri":"https://ws.parlament.ch/OData.svc/Meeting(ID=4407L,Language='DE')/Sessions"}},"Subjects":{"__deferred":{"uri":"https://ws.parlament.ch/OData.svc/Meeting(ID=4407L,Language='DE')/Subjects"}},"ID":"4407","Language":"DE","MeetingNumber":6,"IdSession":5107,"SessionNumber":7,"SessionName":"Wintersession 2020","Council":1,"CouncilName":"Nationalrat","CouncilAbbreviation":"NR","Date":"\/Date(1607299200000)\/","Begin":"1430","Modified":"\/Date(1610458723770)\/","LegislativePeriodNumber":51,"PublicationStatus":"final","MeetingOrderText":"Sechste Sitzung","SortOrder":6,"Location":"N"},"SubjectsBusiness":{"results":[{"__metadata":{"id":"https://ws.parlament.ch/OData.svc/SubjectBusiness(BusinessNumber=20190081,IdSubject=51072L,Language='DE')","uri":"https://ws.parlament.ch/OData.svc/SubjectBusiness(BusinessNumber=20190081,IdSubject=51072L,Language='DE')","type":"itsystems.Pd.DataServices.DataModel.SubjectBusiness"},"Subjects":{"__deferred":{"uri":"https://ws.parlament.ch/OData.svc/SubjectBusiness(BusinessNumber=20190081,IdSubject=51072L,Language='DE')/Subjects"}},"Businesses":{"__deferred":{"uri":"https://ws.parlament.ch/OData.svc/SubjectBusiness(BusinessNumber=20190081,IdSubject=51072L,Language='DE')/Businesses"}},"IdSubject":"51072","BusinessNumber":20190081,"Language":"DE","BusinessShortNumber":"19.081","Title":"ZGB. \u00c4nderung des Geschlechts im Personenstandsregister","SortOrder":1,"PublishedNotes":"Differenzen - Divergences\n","Modified":"\/Date(1589446309403)\/","TitleDE":"ZGB. \u00c4nderung des Geschlechts\nim Personenstandsregister","TitleFR":"CC. Changement de sexe\n\u00e0 l'\u00e9tat civil","TitleIT":null}]},"Transcripts":{"results":[{"__metadata":{"id":"https://ws.parlament.ch/OData.svc/Transcript(ID=273257L,Language='DE')","uri":"https://ws.parlament.ch/OData.svc/Transcript(ID=273257L,Language='DE')","type":"itsystems.Pd.DataServices.DataModel.Transcript"},"Subjects":{"__deferred":{"uri":"https://ws.parlament.ch/OData.svc/Transcript(ID=273257L,Language='DE')/Subjects"}},"MembersCouncil":{"__deferred":{"uri":"https://ws.parlament.ch/OData.svc/Transcript(ID=273257L,Language='DE')/MembersCouncil"}},"Businesses":{"__deferred":{"uri":"https://ws.parlament.ch/OData.svc/Transcript(ID=273257L,Language='DE')/Businesses"}},"ID":"273257","Language":"DE","IdSubject":"51072","VoteId":"21868","PersonNumber":null,"Type":2,"Text":"<pd_text><p><i>Erste Abstimmung - Premier vote</i> [GZ]</p>\n<p>[NAM][GZ]</p>\n<p>F\u00fcr den Antrag der Minderheit I ... 129 Stimmen[GZ]</p>\n<p>F\u00fcr den Antrag der Minderheit II ... 46 Stimmen[GZ]</p>\n<p>(9 Enthaltungen)</p>\n</pd_text>","MeetingCouncilAbbreviation":"N","MeetingDate":"20201207","MeetingVerbalixOid":3350,"IdSession":"5107","SpeakerFirstName":null,"SpeakerLastName":null,"SpeakerFullName":"","SpeakerFunction":null,"CouncilId":null,"CouncilName":null,"CantonId":null,"CantonName":null,"CantonAbbreviation":null,"ParlGroupName":null,"ParlGroupAbbreviation":null,"SortOrder":20,"Start":"\/Date(1607365960790)\/","End":"\/Date(1607366106309)\/","Function":null,"DisplaySpeaker":null,"LanguageOfText":null,"Modified":"\/Date(1774877071858)\/","StartTimeWithTimezone":"\/Date(1607365960790+0060)\/","EndTimeWithTimezone":"\/Date(1607366106310+0060)\/","VoteBusinessNumber":20190081,"VoteBusinessShortNumber":"19.081","VoteBusinessTitle":"ZGB. \u00c4nderung des Geschlechts\nim Personenstandsregister"},{"__metadata":{"id":"https://ws.parlament.ch/OData.svc/Transcript(ID=273258L,Language='DE')","uri":"https://ws.parlament.ch/OData.svc/Transcript(ID=273258L,Language='DE')","type":"itsystems.Pd.DataServices.DataModel.Transcript"},"Subjects":{"__deferred":{"uri":"https://ws.parlament.ch/OData.svc/Transcript(ID=273258L,Language='DE')/Subjects"}},"MembersCouncil":{"__deferred":{"uri":"https://ws.parlament.ch/OData.svc/Transcript(ID=273258L,Language='DE')/MembersCouncil"}},"Businesses":{"__deferred":{"uri":"https://ws.parlament.ch/OData.svc/Transcript(ID=273258L,Language='DE')/Businesses"}},"ID":"273258","Language":"DE","IdSubject":"51072","VoteId":"21869","PersonNumber":null,"Type":2,"Text":"<pd_text><p><i>Zweite Abstimmung - Deuxi\u00e8me vote </i>[GZ]</p>\n<p>[NAM][GZ]</p>\n<p>F\u00fcr den Antrag der Mehrheit ... 93 Stimmen[GZ]</p>\n<p>F\u00fcr den Antrag der Minderheit I ... 81 Stimmen[GZ]</p>\n<p>(11 Enthaltungen)</p>\n</pd_text>","MeetingCouncilAbbreviation":"N","MeetingDate":"20201207","MeetingVerbalixOid":3350,"IdSession":"5107","SpeakerFirstName":null,"SpeakerLastName":null,"SpeakerFullName":"","SpeakerFunction":null,"CouncilId":null,"CouncilName":null,"CantonId":null,"CantonName":null,"CantonAbbreviation":null,"ParlGroupName":null,"ParlGroupAbbreviation":null,"SortOrder":21,"Start":null,"End":null,"Function":null,"DisplaySpeaker":null,"LanguageOfText":null,"Modified":"\/Date(1774877071866)\/","StartTimeWithTimezone":null,"EndTimeWithTimezone":null,"VoteBusinessNumber":20190081,"VoteBusinessShortNumber":"19.081","VoteBusinessTitle":"ZGB. \u00c4nderung des Geschlechts\nim Personenstandsregister"},{"__metadata":{"id":"https://ws.parlament.ch/OData.svc/Transcript(ID=273268L,Language='DE')","uri":"https://ws.parlament.ch/OData.svc/Transcript(ID=273268L,Language='DE')","type":"itsystems.Pd.DataServices.DataModel.Transcript"},"Subjects":{"__deferred":{"uri":"https://ws.parlament.ch/OData.svc/Transcript(ID=273268L,Language='DE')/Subjects"}},"MembersCouncil":{"__deferred":{"uri":"https://ws.parlament.ch/OData.svc/Transcript(ID=273268L,Language='DE')/MembersCouncil"}},"Businesses":{"__deferred":{"uri":"https://ws.parlament.ch/OData.svc/Transcript(ID=273268L,Language='DE')/Businesses"}},"ID":"273268","Language":"DE","IdSubject":"51072","VoteId":null,"PersonNumber":4062,"Type":1,"Text":"<pd_text><p>Wir befinden uns auch bei diesem Gesch\u00e4ft in der Differenzbereinigung. Es geht, Sie haben es geh\u00f6rt, konkret um das Zustimmungserfordernis gem\u00e4ss Artikel 30b Absatz 4 ZGB. </p>\n<p>Der St\u00e4nderat hat als Kompromissl\u00f6sung eine Altersgrenze von 16 Jahren verabschiedet. F\u00fcr j\u00fcngere Kinder und Personen unter umfassender Beistandschaft bleibt das Zustimmungserfordernis bestehen. Es wurde bereits gesagt: Der Nationalrat hatte knapp, mit 100 zu 93 Stimmen bei 2 Enthaltungen, beschlossen, auf das Zustimmungserfordernis gem\u00e4ss Absatz 4 ganz zu verzichten. Ihre Kommission schl\u00e4gt Ihnen, ebenfalls knapp, mit 13 zu 12 Stimmen vor, an diesem Beschluss festzuhalten. </p>\n<p>Wir haben es geh\u00f6rt: Die Vorlage will Menschen mit Transidentit\u00e4t und Menschen mit einer Variante der Geschlechtsentwicklung das Leben erleichtern. Im Kontext dieser Differenzbereinigung scheint es mir wichtig, vielleicht etwas Objektivit\u00e4t in die Diskussion zu bringen und Ihnen noch gewisse Zahlen zu vermitteln. Im Jahr 2019 wurden circa 233 Geschlechts\u00e4nderungen im Personenstandsregister beurkundet; ich sage \"circa\", weil es nicht m\u00f6glich ist, diesen Suchlauf zu hundert Prozent auf die Zahl genau herunterzubrechen. Jetzt aber betrafen von den 233 Geschlechts\u00e4nderungen 207 F\u00e4lle Erwachsene, 19 F\u00e4lle Jugendliche zwischen sechzehn und achtzehn und nur 7 F\u00e4lle Kinder unter sechzehn Jahren. 2020, bis Mitte September, gab es circa 198 Geschlechts\u00e4nderungen, die beurkundet wurden. Davon betroffen waren wiederum 166 Erwachsene, 24 Personen zwischen sechzehn und achtzehn Jahren und nur 8 Kinder unter sechzehn.</p>\n<p>Weshalb sage ich das? Ich sage das, weil es eben in der Praxis nur ganz wenige F\u00e4lle von zivilstandsamtlichen Geschlechts\u00e4nderungen von Kindern unter sechzehn Jahren gibt. 2019 waren es 7 und 2020 bisher 8 F\u00e4lle. Ihre Kommission m\u00f6chte aber nach wie vor ganz auf das Zustimmungserfordernis verzichten. </p>\n<p>Sie wissen, dass der Bundesrat diese L\u00f6sung ablehnt. Diese L\u00f6sung d\u00fcrfte auch im St\u00e4nderat keine Mehrheit finden. Sie haben es geh\u00f6rt: Der St\u00e4nderat hat die L\u00f6sung Ihres Rates mit 27 zu 16 Stimmen abgelehnt. Nun, mit dem Festhalten riskiert man also, dass die ganze Vorlage scheitern k\u00f6nnte. Man w\u00fcrde riskieren, wegen ein paar weniger F\u00e4lle eine Verbesserung f\u00fcr die j\u00e4hrlich 200 Personen zu verhindern. Die Einf\u00fchrung einer Altersgrenze - Herr Nationalrat Flach hat von Willk\u00fcr gesprochen - von sechzehn Jahren ist nicht willk\u00fcrlich. Sondern diese gibt es auch in anderen Rechtsbereichen, beispielsweise beim religi\u00f6sen Bekenntnis, \u00fcber das ein Kind selbstst\u00e4ndig entscheiden kann; hier haben wir das Alter sechzehn Jahre. Dann gibt es mit dem besonderen Schutzalter im Strafrecht, wenn es um einige Sexualdelikte geht, auch dieses Alter. </p>\n<p>Der Bundesrat hat sich in dieser Frage bewegt. Ausgangspunkt bleibt f\u00fcr den Bundesrat, dass Kinder und Jugendliche bei der Geschlechts\u00e4nderungserkl\u00e4rung besonders gesch\u00fctzt werden m\u00fcssen. Auch im Ausland bestehen wegen dieser Schutzbed\u00fcrftigkeit besondere Verfahren. Es gibt keine Rechtsordnung, die wir angeschaut haben, bei welcher nicht ein besonderes Verfahren vorhanden w\u00e4re und die Eltern einfach nicht ber\u00fccksichtigt w\u00fcrden. Das Zustimmungserfordernis der Eltern tr\u00e4gt diesem Bed\u00fcrfnis Rechnung. So schl\u00e4gt es der Entwurf vor. Aber auch f\u00fcr den Bundesrat ist klar, dass dieses Schutzbed\u00fcrfnis bei Jugendlichen zwischen sechzehn und achtzehn weniger ausgepr\u00e4gt ist als bei j\u00fcngeren Kindern. </p>\n<p>Deshalb kann sich der Bundesrat im Interesse der j\u00e4hrlich \u00fcber 200 Betroffenen dem Kompromiss des St\u00e4nderates anschliessen. Ich m\u00f6chte Sie auch bitten, dem St\u00e4nderat zu folgen.</p>\n</pd_text>","MeetingCouncilAbbreviation":"N","MeetingDate":"20201207","MeetingVerbalixOid":3350,"IdSession":"5107","SpeakerFirstName":"Karin","SpeakerLastName":"Keller-Sutter","SpeakerFullName":"Keller-Sutter Karin","SpeakerFunction":"BR-F","CouncilId":99,"CouncilName":"Bundesrat","CantonId":17,"CantonName":"St. Gallen","CantonAbbreviation":"SG","ParlGroupName":null,"ParlGroupAbbreviation":null,"SortOrder":15,"Start":"\/Date(1607365284580)\/","End":"\/Date(1607365562584)\/","Function":"BR-F","DisplaySpeaker":true,"LanguageOfText":"DE","Modified":"\/Date(1774877071838)\/","StartTimeWithTimezone":"\/Date(1607365284580+0060)\/","EndTimeWithTimezone":"\/Date(1607365562583+0060)\/","VoteBusinessNumber":null,"VoteBusinessShortNumber":null,"VoteBusinessTitle":null},{"__metadata":{"id":"https://ws.parlament.ch/OData.svc/Transcript(ID=273315L,Language='DE')","uri":"https://ws.parlament.ch/OData.svc/Transcript(ID=273315L,Language='DE')","type":"itsystems.Pd.DataServices.DataModel.Transcript"},"Subjects":{"__deferred":{"uri":"https://ws.parlament.ch/OData.svc/Transcript(ID=273315L,Language='DE')/Subjects"}},"MembersCouncil":{"__deferred":{"uri":"https://ws.parlament.ch/OData.svc/Transcript(ID=273315L,Language='DE')/MembersCouncil"}},"Businesses":{"__deferred":{"uri":"https://ws.parlament.ch/OData.svc/Transcript(ID=273315L,Language='DE')/Businesses"}},"ID":"273315","Language":"DE","IdSubject":"51072","VoteId":null,"PersonNumber":3867,"Type":1,"Text":"<pd_text><p><b>Schweizerisches Zivilgesetzbuch (\u00c4nderung des Geschlechts im Personenstandsregister)</b>[GZ]</p>\n<p><b>Code civil suisse (Changement de sexe \u00e0 l'\u00e9tat civil)</b>[GZ]</p>\n<p>[VS][GZ]</p>\n<p><b>Art. 30b Abs. 4 </b>[GZ]</p>\n<p><i>Antrag der Mehrheit </i>[GZ]</p>\n<p>Festhalten</p>\n<p>[VS]</p>\n<p><i>Antrag der Minderheit I </i>[GZ]</p>\n<p>(Bregy, Geissb\u00fchler, Kamerzin, L\u00fcscher, Nidegger, Reimann Lukas, Schneeberger, Vogt)[GZ]</p>\n<p>Zustimmung zum Beschluss des St\u00e4nderates</p>\n<p>[VS]</p>\n<p><i>Antrag der Minderheit II </i>[GZ]</p>\n<p>(Tuena, Geissb\u00fchler, Hess Erich, Kamerzin, Nidegger, Reimann Lukas)[GZ]</p>\n<p>Zustimmung zum Entwurf des Bundesrates</p>\n<p>[VS]</p>\n<p><b>Art. 30b al. 4 </b>[GZ]</p>\n<p><i>Proposition de la majorit\u00e9 </i>[GZ]</p>\n<p>Maintenir</p>\n<p>[VS]</p>\n<p><i>Proposition de la minorit\u00e9 I </i>[GZ]</p>\n<p>(Bregy, Geissb\u00fchler, Kamerzin, L\u00fcscher, Nidegger, Reimann Lukas, Schneeberger, Vogt)[GZ]</p>\n<p>Adh\u00e9rer \u00e0 la d\u00e9cision du Conseil des Etats</p>\n<p>[VS]</p>\n<p><i>Proposition de la minorit\u00e9 II </i>[GZ]</p>\n<p>(Tuena, Geissb\u00fchler, Hess Erich, Kamerzin, Nidegger, Reimann Lukas)[GZ]</p>\n<p>Adh\u00e9rer au projet du Conseil f\u00e9d\u00e9ral</p>\n</pd_text>","MeetingCouncilAbbreviation":"N","MeetingDate":"20201207","MeetingVerbalixOid":3350,"IdSession":"5107","SpeakerFirstName":"Andreas","SpeakerLastName":"Aebi","SpeakerFullName":"Aebi Andreas","SpeakerFunction":"P-M","CouncilId":1,"CouncilName":"Nationalrat","CantonId":2,"CantonName":"Bern","CantonAbbreviation":"BE","ParlGroupName":"Fraktion der Schweizerischen Volkspartei","ParlGroupAbbreviation":"V","SortOrder":1,"Start":"\/Date(1607363711948)\/","End":"\/Date(1607363766759)\/","Function":"P-M","DisplaySpeaker":false,"LanguageOfText":null,"Modified":"\/Date(1774877071773)\/","StartTimeWithTimezone":"\/Date(1607363711947+0060)\/","EndTimeWithTimezone":"\/Date(1607363766760+0060)\/","VoteBusinessNumber":null,"VoteBusinessShortNumber":null,"VoteBusinessTitle":null},{"__metadata":{"id":"https://ws.parlament.ch/OData.svc/Transcript(ID=273318L,Language='DE')","uri":"https://ws.parlament.ch/OData.svc/Transcript(ID=273318L,Language='DE')","type":"itsystems.Pd.DataServices.DataModel.Transcript"},"Subjects":{"__deferred":{"uri":"https://ws.parlament.ch/OData.svc/Transcript(ID=273318L,Language='DE')/Subjects"}},"MembersCouncil":{"__deferred":{"uri":"https://ws.parlament.ch/OData.svc/Transcript(ID=273318L,Language='DE')/MembersCouncil"}},"Businesses":{"__deferred":{"uri":"https://ws.parlament.ch/OData.svc/Transcript(ID=273318L,Language='DE')/Businesses"}},"ID":"273318","Language":"DE","IdSubject":"51072","VoteId":null,"PersonNumber":4297,"Type":1,"Text":"<pd_text><p>Le 24 septembre dernier, j'\u00e9tais tr\u00e8s fier de faire partie d'une assembl\u00e9e qui avait vot\u00e9, \u00e0 une tr\u00e8s large majorit\u00e9, en faveur de la facilitation administrative de la proc\u00e9dure de changement de genre \u00e0 l'\u00e9tat civil. Surtout, nous avions d\u00e9cid\u00e9 de biffer l'alin\u00e9a 4 qui voulait soumettre les mineurs concern\u00e9s au consentement parental, ce qui repr\u00e9sentait un durcissement par rapport \u00e0 la situation actuelle.</p>\n<p>Malheureusement, la majorit\u00e9 des membres du Conseil des Etats n'a pas suivi la d\u00e9cision de notre conseil et le Conseil des Etats s'est prononc\u00e9 en faveur du maintien de cet alin\u00e9a, tout en fixant \u00e0 16 ans la limite d'\u00e2ge n\u00e9cessaire au consentement.</p>\n<p>Les Verts partagent l'avis de nombreuses associations, telle Pro Familia, pour qui l'alin\u00e9a 4 repr\u00e9sente un retour en arri\u00e8re par rapport \u00e0 la situation actuelle o\u00f9 la capacit\u00e9 de discernement est suffisante pour entreprendre des d\u00e9marches qui rel\u00e8vent pleinement de la sph\u00e8re intime. [PAGE 2320] </p>\n<p>Il s'agit pour nous non seulement d'un imp\u00e9ratif \u00e9thique, mais aussi d'une protection indispensable pour les jeunes concern\u00e9s. En effet, le maintien de l'alin\u00e9a 4 est vecteur de risques. Il renforcerait encore les possibles conflits familiaux, les brimades, la sursuicidalit\u00e9 chez ces jeunes que notre soci\u00e9t\u00e9 a pourtant le devoir de soutenir et de prot\u00e9ger.</p>\n<p>Ces risques persisteraient m\u00eame en adoptant la version du Conseil des Etats, car les limites d'\u00e2ge sont arbitraires et, dans la majorit\u00e9 des cas, la construction de l'identit\u00e9 de genre se manifeste bien avant les 16 ans. Pensez \u00e0 nos adolescentes et adolescents se destinant \u00e0 l'apprentissage, qui devraient entreprendre toutes leurs d\u00e9marches, professionnelles et administratives, avec des documents officiels et un pr\u00e9nom ne correspondant pas \u00e0 leur identit\u00e9, ni \u00e9ventuellement \u00e0 leur apparence.</p>\n<p>Se retrouver dans une telle situation face \u00e0 un employeur et des coll\u00e8gues les obligera \u00e0 d\u00e9voiler un fragment sensible de leur intimit\u00e9, ce qui est totalement inad\u00e9quat dans un cadre professionnel, mais aussi r\u00e9duira leurs chances d'embauche et augmentera les risques de discrimination et de stigmatisation \u00e0 leur encontre. Notre devoir, dans ce conseil, n'est pas d'inventer de nouveaux obstacles pour ces jeunes qui traversent des situations souvent difficiles, mais bien de les prot\u00e9ger contre la transphobie, en leur permettant de r\u00e9aliser leur changement intime et identitaire, et cela quel que soit le niveau de compr\u00e9hension et l'acceptation de leurs parents.</p>\n<p>Les Verts vous invitent donc \u00e0 suivre la majorit\u00e9 de la Commission des affaires juridiques en rejetant les deux propositions des minorit\u00e9s I (Bregy) et II (Tuena).</p>\n</pd_text>","MeetingCouncilAbbreviation":"N","MeetingDate":"20201207","MeetingVerbalixOid":3350,"IdSession":"5107","SpeakerFirstName":"Nicolas","SpeakerLastName":"Walder","SpeakerFullName":"Walder Nicolas","SpeakerFunction":"Mit-M","CouncilId":1,"CouncilName":"Nationalrat","CantonId":25,"CantonName":"Genf","CantonAbbreviation":"GE","ParlGroupName":"Gr\u00fcne Fraktion","ParlGroupAbbreviation":"G","SortOrder":11,"Start":"\/Date(1607364694946)\/","End":"\/Date(1607364834813)\/","Function":"Mit-M","DisplaySpeaker":true,"LanguageOfText":"FR","Modified":"\/Date(1774877071819)\/","StartTimeWithTimezone":"\/Date(1607364694947+0060)\/","EndTimeWithTimezone":"\/Date(1607364834813+0060)\/","VoteBusinessNumber":null,"VoteBusinessShortNumber":null,"VoteBusinessTitle":null},{"__metadata":{"id":"https://ws.parlament.ch/OData.svc/Transcript(ID=273357L,Language='DE')","uri":"https://ws.parlament.ch/OData.svc/Transcript(ID=273357L,Language='DE')","type":"itsystems.Pd.DataServices.DataModel.Transcript"},"Subjects":{"__deferred":{"uri":"https://ws.parlament.ch/OData.svc/Transcript(ID=273357L,Language='DE')/Subjects"}},"MembersCouncil":{"__deferred":{"uri":"https://ws.parlament.ch/OData.svc/Transcript(ID=273357L,Language='DE')/MembersCouncil"}},"Businesses":{"__deferred":{"uri":"https://ws.parlament.ch/OData.svc/Transcript(ID=273357L,Language='DE')/Businesses"}},"ID":"273357","Language":"DE","IdSubject":"51072","VoteId":null,"PersonNumber":4230,"Type":1,"Text":"<pd_text><p>Kollege Portmann, ich glaube, Sie haben das Gesetz nicht verstanden. Nicht nur diejenigen, die sich im falschen Geschlecht f\u00fchlen, k\u00f6nnen diese \u00c4nderung verlangen. Jeder Schweizerb\u00fcrger kann auf das Zivilstandsamt gehen und sagen: \"Ich m\u00f6chte ein anderes Geschlecht eintragen lassen.\" Wenn Sie das in der Stadt Z\u00fcrich machen, merkt niemand etwas, niemand nimmt davon Kenntnis. Genau bei diesem Punkt sagen wir: Wir wollen Minderj\u00e4hrige vor diesem Schritt sch\u00fctzen. Herr Portmann, Sie d\u00fcrfen nach diesem Gesetz auch mehr als einmal im Leben das Geschlecht \u00e4ndern. Genau hier wollen wir f\u00fcr Minderj\u00e4hrige einen Schutz, damit nicht voreilig Dinge gemacht werden.</p>\n</pd_text>","MeetingCouncilAbbreviation":"N","MeetingDate":"20201207","MeetingVerbalixOid":3350,"IdSession":"5107","SpeakerFirstName":"Philipp Matthias","SpeakerLastName":"Bregy","SpeakerFullName":"Bregy Philipp Matthias","SpeakerFunction":"Mit-M","CouncilId":1,"CouncilName":"Nationalrat","CantonId":23,"CantonName":"Wallis","CantonAbbreviation":"VS","ParlGroupName":"Die Mitte-Fraktion. Die Mitte. EVP.","ParlGroupAbbreviation":"M-E","SortOrder":4,"Start":"\/Date(1607363953186)\/","End":"\/Date(1607363995491)\/","Function":"Mit-M","DisplaySpeaker":true,"LanguageOfText":"DE","Modified":"\/Date(1774877071785)\/","StartTimeWithTimezone":"\/Date(1607363953187+0060)\/","EndTimeWithTimezone":"\/Date(1607363995490+0060)\/","VoteBusinessNumber":null,"VoteBusinessShortNumber":null,"VoteBusinessTitle":null},{"__metadata":{"id":"https://ws.parlament.ch/OData.svc/Transcript(ID=273360L,Language='DE')","uri":"https://ws.parlament.ch/OData.svc/Transcript(ID=273360L,Language='DE')","type":"itsystems.Pd.DataServices.DataModel.Transcript"},"Subjects":{"__deferred":{"uri":"https://ws.parlament.ch/OData.svc/Transcript(ID=273360L,Language='DE')/Subjects"}},"MembersCouncil":{"__deferred":{"uri":"https://ws.parlament.ch/OData.svc/Transcript(ID=273360L,Language='DE')/MembersCouncil"}},"Businesses":{"__deferred":{"uri":"https://ws.parlament.ch/OData.svc/Transcript(ID=273360L,Language='DE')/Businesses"}},"ID":"273360","Language":"DE","IdSubject":"51072","VoteId":null,"PersonNumber":4141,"Type":1,"Text":"<pd_text><p>Herr Kollege Bregy, Sie haben gesagt, dass Sie nicht glauben, dass die Betroffenen diese M\u00f6glichkeit missbrauchen w\u00fcrden, sondern andere. Sie haben aber nicht gesagt, wer die anderen sind. Sagen Sie mir bitte, wer jemandem eine Geschlechts\u00e4nderung aufzwingen soll. Wer soll das sein, die Eltern, die Lehrer, die Politiker, die Polizei? Wer soll einem Jugendlichen eine Geschlechts\u00e4nderung aufzwingen? Was meinen Sie, wenn Sie sagen, Sie w\u00fcrden nicht glauben, dass die Betroffenen selber diese M\u00f6glichkeit missbrauchen w\u00fcrden? Bitte sagen Sie mir genau, an wen Sie da denken. Ich verstehe das nicht.</p>\n</pd_text>","MeetingCouncilAbbreviation":"N","MeetingDate":"20201207","MeetingVerbalixOid":3350,"IdSession":"5107","SpeakerFirstName":"Hans-Peter","SpeakerLastName":"Portmann","SpeakerFullName":"Portmann Hans-Peter","SpeakerFunction":"Mit-M","CouncilId":1,"CouncilName":"Nationalrat","CantonId":1,"CantonName":"Z\u00fcrich","CantonAbbreviation":"ZH","ParlGroupName":"FDP-Liberale Fraktion","ParlGroupAbbreviation":"RL","SortOrder":3,"Start":"\/Date(1607363907479)\/","End":"\/Date(1607363953186)\/","Function":"Mit-M","DisplaySpeaker":true,"LanguageOfText":"DE","Modified":"\/Date(1774877071782)\/","StartTimeWithTimezone":"\/Date(1607363907480+0060)\/","EndTimeWithTimezone":"\/Date(1607363953187+0060)\/","VoteBusinessNumber":null,"VoteBusinessShortNumber":null,"VoteBusinessTitle":null},{"__metadata":{"id":"https://ws.parlament.ch/OData.svc/Transcript(ID=273363L,Language='DE')","uri":"https://ws.parlament.ch/OData.svc/Transcript(ID=273363L,Language='DE')","type":"itsystems.Pd.DataServices.DataModel.Transcript"},"Subjects":{"__deferred":{"uri":"https://ws.parlament.ch/OData.svc/Transcript(ID=273363L,Language='DE')/Subjects"}},"MembersCouncil":{"__deferred":{"uri":"https://ws.parlament.ch/OData.svc/Transcript(ID=273363L,Language='DE')/MembersCouncil"}},"Businesses":{"__deferred":{"uri":"https://ws.parlament.ch/OData.svc/Transcript(ID=273363L,Language='DE')/Businesses"}},"ID":"273363","Language":"DE","IdSubject":"51072","VoteId":null,"PersonNumber":4230,"Type":1,"Text":"<pd_text><p>Die Mitte-Fraktion CVP-EVP-BDP ist diesem Projekt in der ersten Debatte sehr kritisch gegen\u00fcbergestanden. Wir sind der Meinung, dass Missbrauch nicht ausgeschlossen ist. Und zwar, das wollen wir hier betonen, glauben wir nicht, dass es bei den wirklich Betroffenen zu Missbrauch kommt, sondern bei jenen, die diese Regelung nutzen, um sie eben zu missbrauchen. </p>\n<p>Die Mitte-Fraktion hatte auch zu den Minderj\u00e4hrigen, die das Geschlecht wechseln wollen, eine klare Position. Hier waren wir klar der Meinung, dass es bei Unter-18-J\u00e4hrigen der Zustimmung der Eltern bedarf. Warum? Mit dem heute hier pr\u00e4sentierten Gesetz ist eine massive Erleichterung m\u00f6glich. Sie k\u00f6nnen hingehen, dem Zivilstandsbeamten sagen, dass Sie Ihr Geschlecht wechseln m\u00f6chten, und dieser muss ein anderes eintragen. Diese Leichtigkeit ist wichtig f\u00fcr die Direktbetroffenen. Sie \u00f6ffnet aber auch T\u00fcr und Tor f\u00fcr gewisse Missbr\u00e4uche. Darum ist klar, dass es bei Minderj\u00e4hrigen die Zustimmung der Eltern braucht. Es ist ein wichtiger Entscheid, ein Entscheid, der nicht zu einem Spielball werden soll. </p>\n<p>Wir sind aber bereit, der Idee des St\u00e4nderates zu folgen und von der Vorgabe 18 Jahre zur\u00fcck auf 16 Jahre zu gehen. Damit nehmen wir nicht die Vollj\u00e4hrigkeit, aber wir tragen dem Aspekt Rechnung, dass man in einem Alter, in dem man solche Entscheide wirklich treffen kann, diese auch trifft. </p>\n<p>Wir haben hier ein Gesetz, das die Dinge zu Recht erleichtert. Aber es soll bei Minderj\u00e4hrigen oder eben, im Falle meiner Minderheit, bei den Unter-16-J\u00e4hrigen die Zustimmung der Eltern erfordern.</p>\n<p>In diesem Sinne beantrage ich Ihnen die Unterst\u00fctzung meiner Minderheit. Folgen Sie der Mitte-Fraktion und auch der Meinung des St\u00e4nderates!</p>\n</pd_text>","MeetingCouncilAbbreviation":"N","MeetingDate":"20201207","MeetingVerbalixOid":3350,"IdSession":"5107","SpeakerFirstName":"Philipp Matthias","SpeakerLastName":"Bregy","SpeakerFullName":"Bregy Philipp Matthias","SpeakerFunction":"Mit-M","CouncilId":1,"CouncilName":"Nationalrat","CantonId":23,"CantonName":"Wallis","CantonAbbreviation":"VS","ParlGroupName":"Die Mitte-Fraktion. Die Mitte. EVP.","ParlGroupAbbreviation":"M-E","SortOrder":2,"Start":"\/Date(1607363766759)\/","End":"\/Date(1607363907479)\/","Function":"Mit-M","DisplaySpeaker":true,"LanguageOfText":"DE","Modified":"\/Date(1774877071779)\/","StartTimeWithTimezone":"\/Date(1607363766760+0060)\/","EndTimeWithTimezone":"\/Date(1607363907480+0060)\/","VoteBusinessNumber":null,"VoteBusinessShortNumber":null,"VoteBusinessTitle":null},{"__metadata":{"id":"https://ws.parlament.ch/OData.svc/Transcript(ID=273365L,Language='DE')","uri":"https://ws.parlament.ch/OData.svc/Transcript(ID=273365L,Language='DE')","type":"itsystems.Pd.DataServices.DataModel.Transcript"},"Subjects":{"__deferred":{"uri":"https://ws.parlament.ch/OData.svc/Transcript(ID=273365L,Language='DE')/Subjects"}},"MembersCouncil":{"__deferred":{"uri":"https://ws.parlament.ch/OData.svc/Transcript(ID=273365L,Language='DE')/MembersCouncil"}},"Businesses":{"__deferred":{"uri":"https://ws.parlament.ch/OData.svc/Transcript(ID=273365L,Language='DE')/Businesses"}},"ID":"273365","Language":"DE","IdSubject":"51072","VoteId":null,"PersonNumber":4262,"Type":1,"Text":"<pd_text><p>Herzlichen Dank f\u00fcr diese sehr philosophische Frage, Herr K\u00f6ppel. Es ist so, dass wir seit etwa dreissig Jahren wissen, dass es so etwas wie die Geschlechtsidentit\u00e4t gibt, die sich vom sogenannten biologischen Geschlecht unterscheiden kann. Judith Butler w\u00e4re dazu eine gute Lekt\u00fcre f\u00fcr Sie, die ich Ihnen empfehlen kann. Sie zeigt genau das auf. Es gibt Menschen, bei denen die Geschlechtsidentit\u00e4t nicht mit dem biologischen Geschlecht \u00fcbereinstimmt. Das ist eine Realit\u00e4t. Es gibt diese Menschen. Wir reden von etwa 12[NB]000 in der Schweiz. Es sind also nicht gerade wenige.</p>\n<p>Genau darum sollten wir das auch respektieren. Denn es ist ihr Wille. Dementsprechend w\u00fcrde ich Sie bitten, ab jetzt von \"Elliot\" Page zu sprechen. Das ist der Wille und der Wunsch dieser Person, den ich respektieren w\u00fcrde.</p>\n</pd_text>","MeetingCouncilAbbreviation":"N","MeetingDate":"20201207","MeetingVerbalixOid":3350,"IdSession":"5107","SpeakerFirstName":"Tamara","SpeakerLastName":"Funiciello","SpeakerFullName":"Funiciello Tamara","SpeakerFunction":"Mit-F","CouncilId":1,"CouncilName":"Nationalrat","CantonId":2,"CantonName":"Bern","CantonAbbreviation":"BE","ParlGroupName":"Sozialdemokratische Fraktion","ParlGroupAbbreviation":"S","SortOrder":8,"Start":"\/Date(1607364554063)\/","End":"\/Date(1607364605672)\/","Function":"Mit-F","DisplaySpeaker":true,"LanguageOfText":"DE","Modified":"\/Date(1774877071807)\/","StartTimeWithTimezone":"\/Date(1607364554063+0060)\/","EndTimeWithTimezone":"\/Date(1607364605673+0060)\/","VoteBusinessNumber":null,"VoteBusinessShortNumber":null,"VoteBusinessTitle":null},{"__metadata":{"id":"https://ws.parlament.ch/OData.svc/Transcript(ID=273367L,Language='DE')","uri":"https://ws.parlament.ch/OData.svc/Transcript(ID=273367L,Language='DE')","type":"itsystems.Pd.DataServices.DataModel.Transcript"},"Subjects":{"__deferred":{"uri":"https://ws.parlament.ch/OData.svc/Transcript(ID=273367L,Language='DE')/Subjects"}},"MembersCouncil":{"__deferred":{"uri":"https://ws.parlament.ch/OData.svc/Transcript(ID=273367L,Language='DE')/MembersCouncil"}},"Businesses":{"__deferred":{"uri":"https://ws.parlament.ch/OData.svc/Transcript(ID=273367L,Language='DE')/Businesses"}},"ID":"273367","Language":"DE","IdSubject":"51072","VoteId":null,"PersonNumber":4313,"Type":1,"Text":"<pd_text><p>Gesch\u00e4tzte Frau Kollegin Funiciello, ich habe zuhause eben einen Paul - er ist knapp vierzehn Jahre alt -, wie Sie ihn beschrieben haben, nur: Mein Paul, der ist, denke ich, im richtigen K\u00f6rper zur Welt gekommen. Aber was ich feststelle, ist, selbstverst\u00e4ndlich, dass Findungsprozesse stattfinden. Es gibt Kollegen, die lange Haare und auch R\u00f6cke tragen, umgekehrt gilt das Gleiche. <i>(Zwischenruf des Pr\u00e4sidenten: Bitte stellen Sie die Frage!)</i> Ich habe aber wirklich M\u00fche zu verstehen, warum Sie mir die Verantwortung als Mutter nehmen wollen, mitentscheiden zu k\u00f6nnen, was mit meinem Sohn Paul passiert, bis er die Vollj\u00e4hrigkeit erlangt hat.</p>\n</pd_text>","MeetingCouncilAbbreviation":"N","MeetingDate":"20201207","MeetingVerbalixOid":3350,"IdSession":"5107","SpeakerFirstName":"Maja","SpeakerLastName":"Riniker","SpeakerFullName":"Riniker Maja","SpeakerFunction":"Mit-F","CouncilId":1,"CouncilName":"Nationalrat","CantonId":19,"CantonName":"Aargau","CantonAbbreviation":"AG","ParlGroupName":"FDP-Liberale Fraktion","ParlGroupAbbreviation":"RL","SortOrder":9,"Start":"\/Date(1607364605672)\/","End":"\/Date(1607364653041)\/","Function":"Mit-F","DisplaySpeaker":true,"LanguageOfText":"DE","Modified":"\/Date(1774877071810)\/","StartTimeWithTimezone":"\/Date(1607364605673+0060)\/","EndTimeWithTimezone":"\/Date(1607364653040+0060)\/","VoteBusinessNumber":null,"VoteBusinessShortNumber":null,"VoteBusinessTitle":null},{"__metadata":{"id":"https://ws.parlament.ch/OData.svc/Transcript(ID=273368L,Language='DE')","uri":"https://ws.parlament.ch/OData.svc/Transcript(ID=273368L,Language='DE')","type":"itsystems.Pd.DataServices.DataModel.Transcript"},"Subjects":{"__deferred":{"uri":"https://ws.parlament.ch/OData.svc/Transcript(ID=273368L,Language='DE')/Subjects"}},"MembersCouncil":{"__deferred":{"uri":"https://ws.parlament.ch/OData.svc/Transcript(ID=273368L,Language='DE')/MembersCouncil"}},"Businesses":{"__deferred":{"uri":"https://ws.parlament.ch/OData.svc/Transcript(ID=273368L,Language='DE')/Businesses"}},"ID":"273368","Language":"DE","IdSubject":"51072","VoteId":null,"PersonNumber":4262,"Type":1,"Text":"<pd_text><p>Ich nehme Ihnen diese Verantwortung \u00fcberhaupt nicht weg, das ist \u00fcberhaupt nicht das Ziel dieser Vorlage. Die einzige Diskussion ist: K\u00f6nnen Sie wirklich sagen, dass Paul ein Paul ist oder nicht? In Ihrem Fall ist das so, aber das ist nicht bei allen so. Diese Menschen wissen eigentlich sehr fr\u00fch, was ihre Geschlechtsidentit\u00e4t ist. Das ist etwas, was sehr schwierig nachzuvollziehen ist. Daf\u00fcr gibt es auch Spezialistinnen und Spezialisten, daf\u00fcr gibt es auch Organisationen, die helfen k\u00f6nnen. Ich w\u00fcrde allen Menschen, die in dieser Situation sind, raten, sich an diese Organisationen zu wenden.</p>\n</pd_text>","MeetingCouncilAbbreviation":"N","MeetingDate":"20201207","MeetingVerbalixOid":3350,"IdSession":"5107","SpeakerFirstName":"Tamara","SpeakerLastName":"Funiciello","SpeakerFullName":"Funiciello Tamara","SpeakerFunction":"Mit-F","CouncilId":1,"CouncilName":"Nationalrat","CantonId":2,"CantonName":"Bern","CantonAbbreviation":"BE","ParlGroupName":"Sozialdemokratische Fraktion","ParlGroupAbbreviation":"S","SortOrder":10,"Start":"\/Date(1607364653041)\/","End":"\/Date(1607364694946)\/","Function":"Mit-F","DisplaySpeaker":true,"LanguageOfText":"DE","Modified":"\/Date(1774877071813)\/","StartTimeWithTimezone":"\/Date(1607364653040+0060)\/","EndTimeWithTimezone":"\/Date(1607364694947+0060)\/","VoteBusinessNumber":null,"VoteBusinessShortNumber":null,"VoteBusinessTitle":null},{"__metadata":{"id":"https://ws.parlament.ch/OData.svc/Transcript(ID=273373L,Language='DE')","uri":"https://ws.parlament.ch/OData.svc/Transcript(ID=273373L,Language='DE')","type":"itsystems.Pd.DataServices.DataModel.Transcript"},"Subjects":{"__deferred":{"uri":"https://ws.parlament.ch/OData.svc/Transcript(ID=273373L,Language='DE')/Subjects"}},"MembersCouncil":{"__deferred":{"uri":"https://ws.parlament.ch/OData.svc/Transcript(ID=273373L,Language='DE')/MembersCouncil"}},"Businesses":{"__deferred":{"uri":"https://ws.parlament.ch/OData.svc/Transcript(ID=273373L,Language='DE')/Businesses"}},"ID":"273373","Language":"DE","IdSubject":"51072","VoteId":null,"PersonNumber":4262,"Type":1,"Text":"<pd_text><p>Vielleicht haben Sie es verfolgt: US-Schauspieler Elliot Page hat sich als Transmensch geoutet. Die Zeitungen weltweit waren voll davon, die Kommentarspalten auch. Der Schauspieler schrieb in seinem Post, in dem er sich outete: \"Ich bin gl\u00fccklich, an diesem Punkt in meinem Leben zu sein. Aber ich habe Angst.\" Das ist das Gef\u00fchl, das Transmenschen vor jedem Coming-out versp\u00fcren: Sie sind gl\u00fccklich, endlich zu sein und zu zeigen, wer sie wirklich sind; sie haben Angst davor, wie sich die Gesellschaft, ihr Umfeld sich ihnen gegen\u00fcber verhalten wird, wenn sie sich outen.</p>\n<p>Wir haben heute die M\u00f6glichkeit, einem Teil dieser Menschen diese Angst zu nehmen. Wir k\u00f6nnen ihnen erm\u00f6glichen, sich zu outen, wenn sie es m\u00f6chten. Das geht aber nicht, wenn wir ihnen irgendeine willk\u00fcrliche Altersgrenze in dieses Gesetz schreiben, eine Altersgrenze ohne jeden Bezug zur Lebensrealit\u00e4t der Menschen. Wenn Jugendliche erst ab 16 Jahren selbstbestimmt die M\u00f6glichkeit erhalten, ihren Personenstand zu \u00e4ndern, wie das der St\u00e4nderat will, dann ist es schlicht und einfach zu sp\u00e4t. Wieso? </p>\n<p>Gehen wir wieder zur Transfrau Anna, die amtlich noch Paul heisst, die ich Ihnen als Beispiel in unserer ersten Debatte gebracht habe. Anna ist vierzehnj\u00e4hrig, beginnt bald einen neuen Lebensabschnitt, wenn sie aus der Schule kommt. Sie sollte sp\u00e4testens jetzt eine Schnupperlehre machen und eine Lehrstelle suchen. Nur wenn Anna die M\u00f6glichkeit hat, ihren Namens- und Geschlechtseintrag \u00e4ndern zu lassen, hat sie die gleichen Chancen auf eine Lehrstelle wie ihre Kolleginnen. Dann muss sie bei der Bewerbung keine Angst haben, diskriminiert zu werden, weil sie trans ist. Sie muss keine Angst haben, von den neuen Kolleginnen und Kollegen nach ihren Genitalien gefragt oder gemobbt zu werden, sondern sie kann schlicht und einfach in eine neue Umgebung kommen, wo sie selber w\u00e4hlen kann, ob, wem und wann sie sagt, dass sie trans ist. Vielleicht beginnt f\u00fcr Anna ein Lebensabschnitt ohne Angst. </p>\n<p>Anna h\u00e4tte kein Problem mit Absatz 4 - den wir gerne gestrichen h\u00e4tten, womit wir der Mehrheit der Kommission gefolgt w\u00e4ren -, wenn ihre Eltern sie unterst\u00fctzen w\u00fcrden. Aber sie hat dieses Gl\u00fcck nicht. Die Eltern sind geschieden, sie wohnt bei der Mutter. Diese hat nach einiger Zeit verstanden, dass sich ihre Tochter das nicht ausgesucht hat, dass es keine Phase ist, dass es \u00fcbrigens auch kein Missbrauch ist und dass sie richtig aufbl\u00fcht, seit sie als M\u00e4dchen lebt. Anna ist heute nicht mehr der traurige Paul von fr\u00fcher. Sie bringt bessere Schulnoten nachhause und hat Freundinnen. Doch ihr Vater, bei dem sie jede zweite Woche verbringt, setzt sie massiv unter Druck, weiter als Paul zu leben. Er droht ihr, sie d\u00fcrfe nicht mehr zu ihm kommen, wenn sie M\u00e4dchenkleider tr\u00fcge, und er verw\u00f6hnt sie mit Geschenken, wenn sie Bubenkleider anhat.</p>\n<p>Wenn wir heute entscheiden, dass Anna die Zustimmung der Eltern braucht, dann entscheiden wir, dass sie noch mehrere Jahre Diskriminierung, Mobbing, Beschimpfung usw. ertragen soll. Aber selbstverst\u00e4ndlich erm\u00f6glichen wir damit nicht, dass Minderj\u00e4hrige aus Spass den Eintrag \u00e4ndern, denn selbstverst\u00e4ndlich k\u00f6nnen das nur - ich betone: nur - die Jugendlichen machen, die urteilsf\u00e4hig sind und deren Geschlechtsidentit\u00e4t nicht mit dem Register \u00fcbereinstimmt. Das sind hohe, aber ausreichende H\u00fcrden.</p>\n<p>Nun kann man sagen, dass es wenige F\u00e4lle wie den von Anna gibt, dass die Realit\u00e4t die ist, dass wenige junge Menschen diesen Schritt tun. Dazu drei Punkte:</p>\n<p>1.[NB]Die Realit\u00e4t zeigt vor allem, dass die Suizidrate von Transjugendlichen vierzigmal so hoch ist wie die von Cisjugendlichen - vierzigmal! Wenn diese Gesetzes\u00e4nderung auch nur eine einzige Person vom Suizid abh\u00e4lt, dann sollten wir sie machen. F\u00e4lle von Missbr\u00e4uchen kenne ich keine, Suizid\u00fcberlebende kenne ich einige.</p>\n<p>2.[NB]Aktuell sind es nicht viele F\u00e4lle, weil die meisten noch viel zu viel Angst haben, sich zu outen. Zum Gl\u00fcck haben aber immer mehr den Mut, diesen Schritt zu machen, sich selbst zu sein und so zu leben. Herzlichen Dank an dieser Stelle an Elliot Page!</p>\n<p>3.[NB]Die \u00c4nderungen, die wir hier diskutieren, sind Menschenrechte. Menschenrechte hat man ungeachtet des Alters und ungeachtet davon, wie viele andere der gleichen Minderheit angeh\u00f6ren. </p>\n<p>Ich bitte Sie im Namen der SP-Fraktion: Folgen Sie nochmals Ihrer Kommission f\u00fcr Rechtsfragen. Nehmen wir Menschen ein bisschen Angst, schr\u00e4nken wir ihre Menschenrechte nicht einfach ein, und erm\u00f6glichen wir ihnen ein selbstbestimmtes Leben. </p>\n</pd_text>","MeetingCouncilAbbreviation":"N","MeetingDate":"20201207","MeetingVerbalixOid":3350,"IdSession":"5107","SpeakerFirstName":"Tamara","SpeakerLastName":"Funiciello","SpeakerFullName":"Funiciello Tamara","SpeakerFunction":"Mit-F","CouncilId":1,"CouncilName":"Nationalrat","CantonId":2,"CantonName":"Bern","CantonAbbreviation":"BE","ParlGroupName":"Sozialdemokratische Fraktion","ParlGroupAbbreviation":"S","SortOrder":6,"Start":"\/Date(1607364208132)\/","End":"\/Date(1607364516798)\/","Function":"Mit-F","DisplaySpeaker":true,"LanguageOfText":"DE","Modified":"\/Date(1774877071801)\/","StartTimeWithTimezone":"\/Date(1607364208133+0060)\/","EndTimeWithTimezone":"\/Date(1607364516797+0060)\/","VoteBusinessNumber":null,"VoteBusinessShortNumber":null,"VoteBusinessTitle":null},{"__metadata":{"id":"https://ws.parlament.ch/OData.svc/Transcript(ID=273374L,Language='DE')","uri":"https://ws.parlament.ch/OData.svc/Transcript(ID=273374L,Language='DE')","type":"itsystems.Pd.DataServices.DataModel.Transcript"},"Subjects":{"__deferred":{"uri":"https://ws.parlament.ch/OData.svc/Transcript(ID=273374L,Language='DE')/Subjects"}},"MembersCouncil":{"__deferred":{"uri":"https://ws.parlament.ch/OData.svc/Transcript(ID=273374L,Language='DE')/MembersCouncil"}},"Businesses":{"__deferred":{"uri":"https://ws.parlament.ch/OData.svc/Transcript(ID=273374L,Language='DE')/Businesses"}},"ID":"273374","Language":"DE","IdSubject":"51072","VoteId":null,"PersonNumber":74,"Type":1,"Text":"<pd_text><p>Die Mehrheit der FDP-Liberalen Fraktion unterst\u00fctzt hier die Mehrheit. Eine starke Minderheit wird sich f\u00fcr einen der Minderheitsantr\u00e4ge aussprechen. </p>\n<p>Was sind die Argumente f\u00fcr den Antrag der Mehrheit? Wir wissen, dass es zum Gl\u00fcck relativ wenige F\u00e4lle gibt, in denen junge Menschen sich nicht getrauen, in denen junge Menschen nicht \u00fcber ein gen\u00fcgend gutes Verh\u00e4ltnis zu ihren Eltern verf\u00fcgen, um diese schwerwiegende Thematik offen zu besprechen, so, wie es eigentlich der Norm entsprechen sollte. Das ist der Grund, weshalb wir finden, dass hier eine Ausnahme von der \u00fcblichen Regel gemacht werden kann, dass solche, die noch nicht m\u00fcndig sind, eben die Zustimmung ihrer Eltern oder gesetzlichen Vertreter brauchen. Wir wissen, dass es auch F\u00e4lle gibt, die tragisch geendet haben oder in denen sich tragische Ereignisse innerhalb der Familie abspielen. </p>\n<p>Sollte die Mehrheit am Ende des Tages in beiden R\u00e4ten obsiegen, dann k\u00f6nnte man ja, um sich noch besser abzusichern, in der Verordnung festschreiben, dass die Anmeldung f\u00fcr eine Geschlechts\u00e4nderung in zwei Etappen erfolgen m\u00fcsste, also mit einer zwischengeschalteten Bedenkzeit. Das k\u00f6nnte vielleicht die Skepsis noch etwas beseitigen, die hier besteht. </p>\n</pd_text>","MeetingCouncilAbbreviation":"N","MeetingDate":"20201207","MeetingVerbalixOid":3350,"IdSession":"5107","SpeakerFirstName":"Christoph","SpeakerLastName":"Eymann","SpeakerFullName":"Eymann Christoph","SpeakerFunction":"Mit-M","CouncilId":1,"CouncilName":"Nationalrat","CantonId":12,"CantonName":"Basel-Stadt","CantonAbbreviation":"BS","ParlGroupName":"FDP-Liberale Fraktion","ParlGroupAbbreviation":"RL","SortOrder":13,"Start":"\/Date(1607364990009)\/","End":"\/Date(1607365090177)\/","Function":"Mit-M","DisplaySpeaker":true,"LanguageOfText":"DE","Modified":"\/Date(1774877071825)\/","StartTimeWithTimezone":"\/Date(1607364990010+0060)\/","EndTimeWithTimezone":"\/Date(1607365090177+0060)\/","VoteBusinessNumber":null,"VoteBusinessShortNumber":null,"VoteBusinessTitle":null},{"__metadata":{"id":"https://ws.parlament.ch/OData.svc/Transcript(ID=273375L,Language='DE')","uri":"https://ws.parlament.ch/OData.svc/Transcript(ID=273375L,Language='DE')","type":"itsystems.Pd.DataServices.DataModel.Transcript"},"Subjects":{"__deferred":{"uri":"https://ws.parlament.ch/OData.svc/Transcript(ID=273375L,Language='DE')/Subjects"}},"MembersCouncil":{"__deferred":{"uri":"https://ws.parlament.ch/OData.svc/Transcript(ID=273375L,Language='DE')/MembersCouncil"}},"Businesses":{"__deferred":{"uri":"https://ws.parlament.ch/OData.svc/Transcript(ID=273375L,Language='DE')/Businesses"}},"ID":"273375","Language":"DE","IdSubject":"51072","VoteId":null,"PersonNumber":4175,"Type":1,"Text":"<pd_text><p>Ich beantrage Ihnen, die Minderheit II (Tuena) zu unterst\u00fctzen. Es ist \u00fcbrigens der urspr\u00fcngliche Entwurf des Bundesrates. Ich kann Ihnen sagen: Der Bundesrat hat hier sehr wohl etwas \u00fcberlegt. Wir haben das in der Kommission lange und intensiv diskutiert. Ich bin sicher, dass diese bundesr\u00e4tliche L\u00f6sung - sprich: diese Tuena-L\u00f6sung - die richtige L\u00f6sung ist.</p>\n<p>Herr Bregy, wenn ich Ihnen vorhin richtig zugeh\u00f6rt habe, dann ist Ihre Argumentation bzw. Ihr Antrag weder Fisch noch Vogel. Sie sagen einfach: Ja, damit wir im St\u00e4nderat eine Chance haben, schliessen wir uns der Variante des St\u00e4nderates an. Sie haben aber bei der Beantwortung der Frage von Herrn Portmann immer gesagt: Wir wollen nicht, dass dies Minderj\u00e4hrige selber tun k\u00f6nnen, sondern wir wollen, dass hier ein gesetzlicher Vertreter sein Okay geben muss. Ihr Antrag, Herr Bregy, w\u00e4re aber, dass ein Minderj\u00e4hriger - mindestens einer ab 16 Jahren aufw\u00e4rts - dies selber tun kann.</p>\n<p>Nun, noch viel weniger Verst\u00e4ndnis habe ich f\u00fcr die Mehrheit der Kommission, welche vorschl\u00e4gt, dass man Artikel 30b Absatz 4 g\u00e4nzlich streichen soll. Das heisst, dass jede Person, egal welchen Alters - ich wiederhole das, damit Sie das richtig verstehen: jede Person, egal welchen Alters -, sagen kann: Ich f\u00fchle mich jetzt nicht wohl mit meinem Geschlecht, und ich will mein Geschlecht entsprechend beim Zivilstandsamt \u00e4ndern. </p>\n<p>Der grosse Teil der SVP-Fraktion ist definitiv der Meinung, dass es wichtig ist, dass der gesetzliche Vertreter hier mindestens mitunterschreibt, damit die Diskussion hierzu in der Familie auch entsprechend stattfinden kann.</p>\n<p>Es ist ja nicht so, dass wir mit diesem Gesetz irgendetwas erschweren oder dergleichen. Aber wir wollen doch nicht, dass dieser Druck - und ich kann Ihnen sagen, dieser Druck kann tats\u00e4chlich entstehen, vor allem bei ganz jungen Menschen, auf dem Pausenplatz usw. - dazu ben\u00fctzt wird, dass ein Jugendlicher, ein junger Mensch, von sich aus sagt: \"Ich will jetzt nicht mehr Mauro sein, sondern ich will neu Maura sein.\"</p>\n<p>Ich bitte Sie daher, die Minderheit II (Tuena) zu unterst\u00fctzen. [PAGE 2319] </p>\n</pd_text>","MeetingCouncilAbbreviation":"N","MeetingDate":"20201207","MeetingVerbalixOid":3350,"IdSession":"5107","SpeakerFirstName":"Mauro","SpeakerLastName":"Tuena","SpeakerFullName":"Tuena Mauro","SpeakerFunction":"Mit-M","CouncilId":1,"CouncilName":"Nationalrat","CantonId":1,"CantonName":"Z\u00fcrich","CantonAbbreviation":"ZH","ParlGroupName":"Fraktion der Schweizerischen Volkspartei","ParlGroupAbbreviation":"V","SortOrder":5,"Start":"\/Date(1607363995491)\/","End":"\/Date(1607364208132)\/","Function":"Mit-M","DisplaySpeaker":true,"LanguageOfText":"DE","Modified":"\/Date(1774877071791)\/","StartTimeWithTimezone":"\/Date(1607363995490+0060)\/","EndTimeWithTimezone":"\/Date(1607364208133+0060)\/","VoteBusinessNumber":null,"VoteBusinessShortNumber":null,"VoteBusinessTitle":null},{"__metadata":{"id":"https://ws.parlament.ch/OData.svc/Transcript(ID=273376L,Language='DE')","uri":"https://ws.parlament.ch/OData.svc/Transcript(ID=273376L,Language='DE')","type":"itsystems.Pd.DataServices.DataModel.Transcript"},"Subjects":{"__deferred":{"uri":"https://ws.parlament.ch/OData.svc/Transcript(ID=273376L,Language='DE')/Subjects"}},"MembersCouncil":{"__deferred":{"uri":"https://ws.parlament.ch/OData.svc/Transcript(ID=273376L,Language='DE')/MembersCouncil"}},"Businesses":{"__deferred":{"uri":"https://ws.parlament.ch/OData.svc/Transcript(ID=273376L,Language='DE')/Businesses"}},"ID":"273376","Language":"DE","IdSubject":"51072","VoteId":null,"PersonNumber":4270,"Type":1,"Text":"<pd_text><p>Ce projet visant \u00e0 simplifier les modifications de sexe \u00e0 l'\u00e9tat civil, que nous avons soutenu lors de la session d'automne, ne fait pas l'objet de nombreuses divergences avec le Conseil des Etats. Ces divergences se sont concentr\u00e9es sur le point sur lequel notre commission puis notre conseil, ont d\u00e9cid\u00e9 de s'\u00e9carter du projet du Conseil f\u00e9d\u00e9ral. Il s'agit de la n\u00e9cessit\u00e9, ou non, du consentement parental pour les mineurs s'agissant du changement de sexe \u00e0 l'\u00e9tat civil.</p>\n<p>Le Conseil f\u00e9d\u00e9ral \u00e9tait d'avis qu'un tel consentement \u00e9tait n\u00e9cessaire. La majorit\u00e9 de la Commission des affaires juridiques de m\u00eame que notre conseil, lors de la derni\u00e8re session ordinaire, ont au contraire consid\u00e9r\u00e9 qu'il s'agissait d'un choix intime, strictement personnel et que le consentement [PAGE 2322] parental pouvait cr\u00e9er des tensions aigu\u00ebs dans les familles concern\u00e9es.</p>\n<p>Le Conseil des Etats a adopt\u00e9 une nouvelle solution, \u00e0 savoir de n'exiger ce consentement des parents que pour les mineurs de moins de 16 ans.</p>\n<p>La majorit\u00e9 de la commission a d\u00e9cid\u00e9, dans sa s\u00e9ance du 3 d\u00e9cembre dernier, de maintenir la position de notre conseil. Par 13 voix contre 12, la commission a ainsi d\u00e9cid\u00e9 d'\u00e9carter la version du Conseil des Etats, version qui est d\u00e9fendue actuellement par la minorit\u00e9 I (Bregy). La commission a d'ailleurs aussi repouss\u00e9, par 19 voix contre 6, la proposition de suivre la version initiale du Conseil f\u00e9d\u00e9ral, que d\u00e9fend la minorit\u00e9 II (Tuena).</p>\n<p>En effet, pour la majorit\u00e9, la limite imagin\u00e9e par le Conseil des Etats \u00e0 16 ans est un mauvais compromis. Elle cr\u00e9e une norme rigide l\u00e0 o\u00f9 les principes g\u00e9n\u00e9raux du droit, \u00e0 savoir la capacit\u00e9 de discernement, suffisent amplement. En outre, elle oublie que, pour les mineurs concern\u00e9s, qui ont longuement m\u00fbri leur conviction, il est ind\u00e9niablement positif de pouvoir effectuer la d\u00e9marche seuls avant de commencer, par exemple, un apprentissage.</p>\n<p>Une solution telle que celle du Conseil des Etats perd aussi de vue un certain droit \u00e0 l'autod\u00e9termination de genre de la personne et fait fi de la souffrance extr\u00eame dans certaines situations - cela a \u00e9t\u00e9 rappel\u00e9 par les pr\u00e9c\u00e9dents orateurs -, avec notamment un taux de suicides particuli\u00e8rement \u00e9lev\u00e9 chez les jeunes trans.</p>\n<p>D\u00e8s lors, et pour les raisons qui pr\u00e9c\u00e8dent, la majorit\u00e9 de la commission vous prie d'\u00e9carter les deux minorit\u00e9s et d'en rester \u00e0 la version de notre conseil, \u00e0 savoir que le consentement des parents ne doit pas \u00eatre une condition au changement de sexe \u00e0 l'\u00e9tat civil - on souligne que ce projet se limite aux registres de l'\u00e9tat civil et qu'il ne r\u00e8gle que cela. Les principes g\u00e9n\u00e9raux du droit suffisent \u00e0 r\u00e9gler la question.</p>\n</pd_text>","MeetingCouncilAbbreviation":"N","MeetingDate":"20201207","MeetingVerbalixOid":3350,"IdSession":"5107","SpeakerFirstName":"Baptiste","SpeakerLastName":"Hurni","SpeakerFullName":"Hurni Baptiste","SpeakerFunction":"Mit-M","CouncilId":1,"CouncilName":"Nationalrat","CantonId":24,"CantonName":"Neuenburg","CantonAbbreviation":"NE","ParlGroupName":"Sozialdemokratische Fraktion","ParlGroupAbbreviation":"S","SortOrder":19,"Start":"\/Date(1607365802029)\/","End":"\/Date(1607365960790)\/","Function":"*","DisplaySpeaker":true,"LanguageOfText":"FR","Modified":"\/Date(1774877071853)\/","StartTimeWithTimezone":"\/Date(1607365802030+0060)\/","EndTimeWithTimezone":"\/Date(1607365960790+0060)\/","VoteBusinessNumber":null,"VoteBusinessShortNumber":null,"VoteBusinessTitle":null},{"__metadata":{"id":"https://ws.parlament.ch/OData.svc/Transcript(ID=273378L,Language='DE')","uri":"https://ws.parlament.ch/OData.svc/Transcript(ID=273378L,Language='DE')","type":"itsystems.Pd.DataServices.DataModel.Transcript"},"Subjects":{"__deferred":{"uri":"https://ws.parlament.ch/OData.svc/Transcript(ID=273378L,Language='DE')/Subjects"}},"MembersCouncil":{"__deferred":{"uri":"https://ws.parlament.ch/OData.svc/Transcript(ID=273378L,Language='DE')/MembersCouncil"}},"Businesses":{"__deferred":{"uri":"https://ws.parlament.ch/OData.svc/Transcript(ID=273378L,Language='DE')/Businesses"}},"ID":"273378","Language":"DE","IdSubject":"51072","VoteId":null,"PersonNumber":1139,"Type":1,"Text":"<pd_text><p>Gem\u00e4ss diesem neuen Gesetz reicht es, wenn eine urteilsf\u00e4hige Person diese Erkl\u00e4rung abgibt, aber selbstverst\u00e4ndlich muss der Zivilstandsbeamte oder die Zivilstandsbeamtin pr\u00fcfen, ob das Kind, die Jugendliche, der Jugendliche entsprechend urteilsf\u00e4hig ist. Wie ich eben aus der Praxis zitiert habe: Diese Urteilsf\u00e4higkeitspr\u00fcfungen werden von Fachleuten gemacht - Herr Bregy, es w\u00e4re nett, wenn Sie sich meine Antwort anh\u00f6ren w\u00fcrden. Von dem her hatten wir die Urteilsf\u00e4higkeit als Kriterium und nicht einfach ein willk\u00fcrliches Alter.</p>\n</pd_text>","MeetingCouncilAbbreviation":"N","MeetingDate":"20201207","MeetingVerbalixOid":3350,"IdSession":"5107","SpeakerFirstName":"Christa","SpeakerLastName":"Markwalder","SpeakerFullName":"Markwalder Christa","SpeakerFunction":"Mit-F","CouncilId":1,"CouncilName":"Nationalrat","CantonId":2,"CantonName":"Bern","CantonAbbreviation":"BE","ParlGroupName":"FDP-Liberale Fraktion","ParlGroupAbbreviation":"RL","SortOrder":18,"Start":"\/Date(1607365760851)\/","End":"\/Date(1607365802029)\/","Function":"*","DisplaySpeaker":true,"LanguageOfText":"DE","Modified":"\/Date(1774877071850)\/","StartTimeWithTimezone":"\/Date(1607365760850+0060)\/","EndTimeWithTimezone":"\/Date(1607365802030+0060)\/","VoteBusinessNumber":null,"VoteBusinessShortNumber":null,"VoteBusinessTitle":null},{"__metadata":{"id":"https://ws.parlament.ch/OData.svc/Transcript(ID=273381L,Language='DE')","uri":"https://ws.parlament.ch/OData.svc/Transcript(ID=273381L,Language='DE')","type":"itsystems.Pd.DataServices.DataModel.Transcript"},"Subjects":{"__deferred":{"uri":"https://ws.parlament.ch/OData.svc/Transcript(ID=273381L,Language='DE')/Subjects"}},"MembersCouncil":{"__deferred":{"uri":"https://ws.parlament.ch/OData.svc/Transcript(ID=273381L,Language='DE')/MembersCouncil"}},"Businesses":{"__deferred":{"uri":"https://ws.parlament.ch/OData.svc/Transcript(ID=273381L,Language='DE')/Businesses"}},"ID":"273381","Language":"DE","IdSubject":"51072","VoteId":null,"PersonNumber":4166,"Type":1,"Text":"<pd_text><p>Gesch\u00e4tzte Kollegin Funiciello, Sie haben das Beispiel der Schauspielerin Ellen Page erw\u00e4hnt, die ja nach wie vor biologisch eine Frau ist und jetzt sagt, sie sei ein Mann. Meine Frage an Sie ist: Wie definieren Sie die Begriffe Mann und Frau, wenn Sie diese Begriffe unabh\u00e4ngig von den biologischen Geschlechtsmerkmalen bestimmen? Was ist eine Frau, was ist ein Mann, wenn das unabh\u00e4ngig von der biologischen Beschaffenheit des K\u00f6rpers definiert werden soll?</p>\n</pd_text>","MeetingCouncilAbbreviation":"N","MeetingDate":"20201207","MeetingVerbalixOid":3350,"IdSession":"5107","SpeakerFirstName":"Roger","SpeakerLastName":"K\u00f6ppel","SpeakerFullName":"K\u00f6ppel Roger","SpeakerFunction":"Mit-M","CouncilId":1,"CouncilName":"Nationalrat","CantonId":1,"CantonName":"Z\u00fcrich","CantonAbbreviation":"ZH","ParlGroupName":"Fraktion der Schweizerischen Volkspartei","ParlGroupAbbreviation":"V","SortOrder":7,"Start":"\/Date(1607364516798)\/","End":"\/Date(1607364554063)\/","Function":"Mit-M","DisplaySpeaker":true,"LanguageOfText":"DE","Modified":"\/Date(1774877071804)\/","StartTimeWithTimezone":"\/Date(1607364516797+0060)\/","EndTimeWithTimezone":"\/Date(1607364554063+0060)\/","VoteBusinessNumber":null,"VoteBusinessShortNumber":null,"VoteBusinessTitle":null},{"__metadata":{"id":"https://ws.parlament.ch/OData.svc/Transcript(ID=273382L,Language='DE')","uri":"https://ws.parlament.ch/OData.svc/Transcript(ID=273382L,Language='DE')","type":"itsystems.Pd.DataServices.DataModel.Transcript"},"Subjects":{"__deferred":{"uri":"https://ws.parlament.ch/OData.svc/Transcript(ID=273382L,Language='DE')/Subjects"}},"MembersCouncil":{"__deferred":{"uri":"https://ws.parlament.ch/OData.svc/Transcript(ID=273382L,Language='DE')/MembersCouncil"}},"Businesses":{"__deferred":{"uri":"https://ws.parlament.ch/OData.svc/Transcript(ID=273382L,Language='DE')/Businesses"}},"ID":"273382","Language":"DE","IdSubject":"51072","VoteId":null,"PersonNumber":1139,"Type":1,"Text":"<pd_text><p>Sie haben es geh\u00f6rt, es verbleibt bei dieser Vorlage noch eine, f\u00fcr die betroffenen Personen aber wichtige Differenz, n\u00e4mlich die Frage, ob bei der Erkl\u00e4rung zur \u00c4nderung des Geschlechts auf dem Zivilstandsamt im minderj\u00e4hrigen Alter noch die Zustimmung der gesetzlichen Vertretung erforderlich ist. </p>\n<p>Der Nationalrat hat im Sinn der Selbstbestimmung und Eigenverantwortung urteilsf\u00e4higer Menschen mit Transidentit\u00e4t oder einer Variante der Geschlechtsentwicklung auf eine solche H\u00fcrde verzichtet, dies im Wissen darum, dass es bei Familien, die ihre Kinder auf diesem schwierigen Weg konstruktiv begleiten, keine Probleme gibt und deshalb gesetzgeberisch auch keine neuen H\u00fcrden aufgestellt werden sollen. </p>\n<p>Der St\u00e4nderat hat nun als Kompromissl\u00f6sung die Einverst\u00e4ndniserkl\u00e4rung der gesetzlichen Vertretung eingef\u00fcgt, sofern die erkl\u00e4rende Person das sechzehnte Altersjahr noch nicht vollendet hat. Dieses Entgegenkommen sch\u00e4tzt die Kommission f\u00fcr Rechtsfragen des Nationalrates, doch die Mehrheit ist \u00fcberzeugt, dass die realen Probleme von jungen Menschen mit Transidentit\u00e4t oder von intergeschlechtlichen Menschen damit nicht gemildert werden, vor allem nicht, wenn sie nicht auf verst\u00e4ndnisvolle Eltern z\u00e4hlen k\u00f6nnen.</p>\n<p>So schreibt heute eine mit konkreten F\u00e4llen betraute Kinderanw\u00e4ltin aus Bern: \"Die H\u00fcrden an die Urteilsf\u00e4higkeit sind sehr hoch. Die Urteilsf\u00e4higkeit wird von Fachleuten gepr\u00fcft. Unabh\u00e4ngig davon, ob das Kind oder die jugendliche Person 12- oder 16-j\u00e4hrig ist, \u00e4ndert dies nichts daran, dass jeder Einzelfall einzeln gepr\u00fcft werden sollte, auch bei 17-j\u00e4hrigen Jugendlichen. Jegliche Altersgrenze, auch eine vom Bundesgericht festgelegte, w\u00e4re willk\u00fcrlich. Die Selbstbestimmung oder auch die Freiheit muss einer vermeintlichen Rechtssicherheit vorgehen.\"</p>\n<p>Transidentit\u00e4t ist kein Ph\u00e4nomen der Pubert\u00e4t, sondern zeigt sich schon im fr\u00fchkindlichen Alter. Je l\u00e4nger Jugendliche zuwarten m\u00fcssen, desto l\u00e4nger k\u00f6nnen sich f\u00fcr Betroffene auch Probleme anh\u00e4ufen, was sich bedauerlicherweise in einer sehr hohen Suizidrate von Betroffenen zeigt. Wenn wir die Erkl\u00e4rung auf Geschlechts\u00e4nderung gegen\u00fcber den Zivilstands\u00e4mtern niederschwellig regeln, haben wir f\u00fcr die Betroffenen, im Sinne der Selbstbestimmung und neuer Lebensperspektiven, vieles gewonnen. Ich bitte Sie deshalb, auf die Stimmen aus der Praxis zu h\u00f6ren und entsprechend den Lebensrealit\u00e4ten zu legiferieren. </p>\n<p>Die Kommission f\u00fcr Rechtsfragen des Nationalrates hat mit einer knappen Mehrheit von 13 zu 12 Stimmen entschieden, an Ihrem Beschluss festzuhalten, und ich bitte Sie im Namen der Mehrheit, diesem Entscheid zu folgen.</p>\n</pd_text>","MeetingCouncilAbbreviation":"N","MeetingDate":"20201207","MeetingVerbalixOid":3350,"IdSession":"5107","SpeakerFirstName":"Christa","SpeakerLastName":"Markwalder","SpeakerFullName":"Markwalder Christa","SpeakerFunction":"Mit-F","CouncilId":1,"CouncilName":"Nationalrat","CantonId":2,"CantonName":"Bern","CantonAbbreviation":"BE","ParlGroupName":"FDP-Liberale Fraktion","ParlGroupAbbreviation":"RL","SortOrder":16,"Start":"\/Date(1607365562584)\/","End":"\/Date(1607365742752)\/","Function":"*","DisplaySpeaker":true,"LanguageOfText":"DE","Modified":"\/Date(1774877071844)\/","StartTimeWithTimezone":"\/Date(1607365562583+0060)\/","EndTimeWithTimezone":"\/Date(1607365742753+0060)\/","VoteBusinessNumber":null,"VoteBusinessShortNumber":null,"VoteBusinessTitle":null},{"__metadata":{"id":"https://ws.parlament.ch/OData.svc/Transcript(ID=273384L,Language='DE')","uri":"https://ws.parlament.ch/OData.svc/Transcript(ID=273384L,Language='DE')","type":"itsystems.Pd.DataServices.DataModel.Transcript"},"Subjects":{"__deferred":{"uri":"https://ws.parlament.ch/OData.svc/Transcript(ID=273384L,Language='DE')/Subjects"}},"MembersCouncil":{"__deferred":{"uri":"https://ws.parlament.ch/OData.svc/Transcript(ID=273384L,Language='DE')/MembersCouncil"}},"Businesses":{"__deferred":{"uri":"https://ws.parlament.ch/OData.svc/Transcript(ID=273384L,Language='DE')/Businesses"}},"ID":"273384","Language":"DE","IdSubject":"51072","VoteId":null,"PersonNumber":4315,"Type":1,"Text":"<pd_text><p>Wir befinden uns in der Schlussetappe dieser Vorlage. Sie soll Menschen mit Transidentit\u00e4t und Menschen mit einer Variante der Geschlechtsentwicklung die \u00c4nderung ihres Geschlechts und Vornamens im Personenstandsregister erleichtern. </p>\n<p>Mit der Variante der Mehrheit - gem\u00e4ss Nationalrat - stellt das Gesetz insgesamt eine Verbesserung gegen\u00fcber dem Status quo dar. Die gr\u00fcne Fraktion unterst\u00fctzt die Kommissionsmehrheit. Es scheint uns wichtig, dass kein Mindestalter f\u00fcr die \u00c4nderung im Personenstandsregister im Gesetz verankert wird. Bereits heute stellen alle minderj\u00e4hrigen urteilsf\u00e4higen Personen diese Gesuche selbstst\u00e4ndig und ohne Zutun der gesetzlichen Vertretung. Ein Zustimmungserfordernis[NB]der gesetzlichen Vertretung, wie das die Minderheiten[NB]I (Bregy) und II (Tuena) fordern, br\u00e4chte aus unserer Sicht eine Verschlechterung zuungunsten urteilsf\u00e4higer Minderj\u00e4hriger und Personen unter umfassender Beistandschaft. Es erh\u00f6ht, wie wir bereits geh\u00f6rt haben, das Risiko von innerfamili\u00e4ren Konflikten, Mobbing und Suizid. </p>\n<p>Von Expertinnen und Experten wissen wir, dass es eine riesige Bandbreite an Entwicklungen und Zeitpunkten gibt, an denen sich Kinder und Jugendliche ihrer Transidentit\u00e4t bewusst werden. Transkinder und ihre Familien k\u00f6nnen dies bereits im Alter von drei Jahren wahrnehmen, viele merken es mit f\u00fcnf, der Durchschnitt liegt etwa bei acht Jahren. Das Festmachen eines bestimmten Alters erachten wir als schwierig. Mit sechzehn beginnt f\u00fcr viele Jugendlichen ein neuer Lebensabschnitt: Sie beginnen die Berufslehre oder eine weiterf\u00fchrende Schule. </p>\n<p>Wir haben in der Kommission die Zahlen der Geschlechts\u00e4nderungen in den Jahren 2019 und 2020 im Hinblick auf das Alter der Betroffenen erfahren. Es ist mir bewusst, dass wir hier f\u00fcr eine Minderheit argumentieren. Es ist aber wichtig, dass wir das Ziel der Gesetzesrevision konsequent verfolgen und das Selbstbestimmungsrecht von Transmenschen auf der ganzen Linie st\u00e4rken. </p>\n<p>Lassen wir urteilsf\u00e4hige Menschen \u00fcber ihre Eintragung im Register bestimmen! Setzen wir keine Alterslimite! Folgen wir der Mehrheit der Kommission f\u00fcr Rechtsfragen, und streichen wir Artikel 30b Absatz 4!</p>\n</pd_text>","MeetingCouncilAbbreviation":"N","MeetingDate":"20201207","MeetingVerbalixOid":3350,"IdSession":"5107","SpeakerFirstName":"Florence","SpeakerLastName":"Brenzikofer","SpeakerFullName":"Brenzikofer Florence","SpeakerFunction":"Mit-F","CouncilId":1,"CouncilName":"Nationalrat","CantonId":13,"CantonName":"Basel-Landschaft","CantonAbbreviation":"BL","ParlGroupName":"Gr\u00fcne Fraktion","ParlGroupAbbreviation":"G","SortOrder":12,"Start":"\/Date(1607364834813)\/","End":"\/Date(1607364990009)\/","Function":"Mit-F","DisplaySpeaker":true,"LanguageOfText":"DE","Modified":"\/Date(1774877071823)\/","StartTimeWithTimezone":"\/Date(1607364834813+0060)\/","EndTimeWithTimezone":"\/Date(1607364990010+0060)\/","VoteBusinessNumber":null,"VoteBusinessShortNumber":null,"VoteBusinessTitle":null},{"__metadata":{"id":"https://ws.parlament.ch/OData.svc/Transcript(ID=273385L,Language='DE')","uri":"https://ws.parlament.ch/OData.svc/Transcript(ID=273385L,Language='DE')","type":"itsystems.Pd.DataServices.DataModel.Transcript"},"Subjects":{"__deferred":{"uri":"https://ws.parlament.ch/OData.svc/Transcript(ID=273385L,Language='DE')/Subjects"}},"MembersCouncil":{"__deferred":{"uri":"https://ws.parlament.ch/OData.svc/Transcript(ID=273385L,Language='DE')/MembersCouncil"}},"Businesses":{"__deferred":{"uri":"https://ws.parlament.ch/OData.svc/Transcript(ID=273385L,Language='DE')/Businesses"}},"ID":"273385","Language":"DE","IdSubject":"51072","VoteId":null,"PersonNumber":4230,"Type":1,"Text":"<pd_text><p>Frau Kollegin Markwalder, Sie haben jetzt von einer Pr\u00fcfung der Urteilsf\u00e4higkeit gesprochen. M\u00fcssen Sie nicht best\u00e4tigen, dass es zuk\u00fcnftig nur einer einfachen Erkl\u00e4rung bedarf und dass nach dieser neuen gesetzlichen Regelung keine Pr\u00fcfung der Urteilsf\u00e4higkeit mehr stattfindet?</p>\n</pd_text>","MeetingCouncilAbbreviation":"N","MeetingDate":"20201207","MeetingVerbalixOid":3350,"IdSession":"5107","SpeakerFirstName":"Philipp Matthias","SpeakerLastName":"Bregy","SpeakerFullName":"Bregy Philipp Matthias","SpeakerFunction":"Mit-M","CouncilId":1,"CouncilName":"Nationalrat","CantonId":23,"CantonName":"Wallis","CantonAbbreviation":"VS","ParlGroupName":"Die Mitte-Fraktion. Die Mitte. EVP.","ParlGroupAbbreviation":"M-E","SortOrder":17,"Start":"\/Date(1607365742752)\/","End":"\/Date(1607365760851)\/","Function":"Mit-M","DisplaySpeaker":true,"LanguageOfText":"DE","Modified":"\/Date(1774877071847)\/","StartTimeWithTimezone":"\/Date(1607365742753+0060)\/","EndTimeWithTimezone":"\/Date(1607365760850+0060)\/","VoteBusinessNumber":null,"VoteBusinessShortNumber":null,"VoteBusinessTitle":null},{"__metadata":{"id":"https://ws.parlament.ch/OData.svc/Transcript(ID=273405L,Language='DE')","uri":"https://ws.parlament.ch/OData.svc/Transcript(ID=273405L,Language='DE')","type":"itsystems.Pd.DataServices.DataModel.Transcript"},"Subjects":{"__deferred":{"uri":"https://ws.parlament.ch/OData.svc/Transcript(ID=273405L,Language='DE')/Subjects"}},"MembersCouncil":{"__deferred":{"uri":"https://ws.parlament.ch/OData.svc/Transcript(ID=273405L,Language='DE')/MembersCouncil"}},"Businesses":{"__deferred":{"uri":"https://ws.parlament.ch/OData.svc/Transcript(ID=273405L,Language='DE')/Businesses"}},"ID":"273405","Language":"DE","IdSubject":"51072","VoteId":null,"PersonNumber":4059,"Type":1,"Text":"<pd_text><p>Die Gr\u00fcnliberalen sind eigentlich der Meinung, dass im Gesetz \u00fcberall von Menschen gesprochen werden sollte und dass die Unterscheidung, ob es eine Frau oder ein Mann ist, sich nur dort im Gesetz niederschlagen soll, wo es auch tats\u00e4chlich biologisch einen Grund daf\u00fcr gibt. </p>\n<p>Wir behandeln dieses Gesetz nun in der letzten Runde. Das Gesetz erm\u00f6glicht es - eben jetzt noch, in dieser Phase, wo wir diese Unterscheidung offensichtlich noch brauchen -, das Geschlecht im Personenstandsregister auf einem vereinfachten Weg \u00e4ndern zu lassen. Wir sind jetzt ganz am Ende dieser Diskussion, und ich finde es wichtig, dass wir hier noch einmal ein R\u00e9sum\u00e9 ziehen, was wir erreicht haben. Diese Vorlage ist eine gute Sache. Sie haben es geh\u00f6rt: Die betroffenen Menschen sind in ihrer Situation geplagt, sie haben ein schweres Leben, bis sie sich outen und das auch \u00f6ffentlich machen k\u00f6nnen.</p>\n<p>Ich bitte Sie deshalb, hier weiterhin der Mehrheit zu folgen. Was der St\u00e4nderat gemacht hat, indem er die Altersgrenze bei 16 Jahren ansetzte, ist einfach willk\u00fcrlich. Wir sollten darauf abstellen, dass jemand in seinem Entscheid klar ist, und das h\u00e4ngt nicht vom Alter ab. M\u00e4dchen und Jungen, das wissen wir, entwickeln sich unterschiedlich. Es geht um eine Frage, die sich - je nachdem - an einem ganz anderen Punkt des Lebens stellt.</p>\n<p>Wir kommen jetzt in die Adventszeit. Da erlaube ich mir, Ihnen zwei Filme ans Herz zu legen. Schauen Sie sich wieder einmal \"Drei Haseln\u00fcsse f\u00fcr Aschenbr\u00f6del\" an. Darin sehen Sie die M\u00e4nner-, die Frauen- und die T\u00f6chtersymbolik. Wenn Sie sich diesen herzerw\u00e4rmenden Film angeschaut haben, dann achten Sie in der Mediathek von Arte auf den Film \"Ein M\u00e4dchen\". Sasha, ein Junge, der drei Jahre alt ist, weiss, dass er eigentlich ein M\u00e4dchen ist. Diese Dokumentation ist wirklich sehr empfehlenswert, weil sie genau das aufzeigt, woran die Mehrheit hier auch festhalten will. Diese Menschen gibt es eben tats\u00e4chlich. Es sind nicht viele. Aber sie sind im falschen K\u00f6rper geboren, und sie erfahren das irgendwann im Laufe ihres Lebens, meistens schon dann, wenn sie recht jung sind.</p>\n<p>Darum macht es Sinn, dass wir die selbstbestimmte \u00c4nderung im Zivilstandsregister eben nicht an ein fixes Mindestalter h\u00e4ngen und sie vor allem nicht daran h\u00e4ngen, dass die Eltern, die allenfalls halt nur mit \"Drei Haseln\u00fcsse f\u00fcr Aschenbr\u00f6del\" aufgewachsen sind, sich nur an diesem Bild festhalten und glauben, sie m\u00fcssten sich hier sch\u00fctzend vor ihr Kind stellen. Es braucht beides: Es braucht immer die ganze Familie, und es braucht auch die Gesellschaft. Und ich glaube, es braucht auch uns alle, dass wir hier diesen Menschen die T\u00fcr aufmachen, damit sie sich entsprechend so eintragen lassen k\u00f6nnen, wie sie sich f\u00fchlen, und dann halt eben auch ein Teil unserer Gesellschaft sind. </p>\n<p>Ich bitte Sie namens der gr\u00fcnliberalen Fraktion, gem\u00e4ss der Mehrheit festzuhalten. Nachher ist es wichtig, dass wir dieses Gesetz noch durchbringen, damit wir es verabschieden k\u00f6nnen, damit die vereinfachte Registrierung im Register m\u00f6glich wird - m\u00f6glichst bald. [PAGE 2321] </p>\n</pd_text>","MeetingCouncilAbbreviation":"N","MeetingDate":"20201207","MeetingVerbalixOid":3350,"IdSession":"5107","SpeakerFirstName":"Beat","SpeakerLastName":"Flach","SpeakerFullName":"Flach Beat","SpeakerFunction":"Mit-M","CouncilId":1,"CouncilName":"Nationalrat","CantonId":19,"CantonName":"Aargau","CantonAbbreviation":"AG","ParlGroupName":"Gr\u00fcnliberale Fraktion","ParlGroupAbbreviation":"GL","SortOrder":14,"Start":"\/Date(1607365090177)\/","End":"\/Date(1607365284580)\/","Function":"Mit-M","DisplaySpeaker":true,"LanguageOfText":"DE","Modified":"\/Date(1774877071832)\/","StartTimeWithTimezone":"\/Date(1607365090177+0060)\/","EndTimeWithTimezone":"\/Date(1607365284580+0060)\/","VoteBusinessNumber":null,"VoteBusinessShortNumber":null,"VoteBusinessTitle":null}]},"ID":"51072","Language":"DE","IdMeeting":"4407","VerbalixOid":635703,"SortOrder":174,"Modified":"\/Date(1774877071770)\/"}}