{"d":{"__metadata":{"id":"https://ws.parlament.ch/OData.svc/Subject(ID=51363L,Language='DE')","uri":"https://ws.parlament.ch/OData.svc/Subject(ID=51363L,Language='DE')","type":"itsystems.Pd.DataServices.DataModel.Subject"},"Meetings":{"__metadata":{"id":"https://ws.parlament.ch/OData.svc/Meeting(ID=4420L,Language='DE')","uri":"https://ws.parlament.ch/OData.svc/Meeting(ID=4420L,Language='DE')","type":"itsystems.Pd.DataServices.DataModel.Meeting"},"Sessions":{"__deferred":{"uri":"https://ws.parlament.ch/OData.svc/Meeting(ID=4420L,Language='DE')/Sessions"}},"Subjects":{"__deferred":{"uri":"https://ws.parlament.ch/OData.svc/Meeting(ID=4420L,Language='DE')/Subjects"}},"ID":"4420","Language":"DE","MeetingNumber":12,"IdSession":5107,"SessionNumber":7,"SessionName":"Wintersession 2020","Council":1,"CouncilName":"Nationalrat","CouncilAbbreviation":"NR","Date":"\/Date(1607990400000)\/","Begin":"0800","Modified":"\/Date(1610699895533)\/","LegislativePeriodNumber":51,"PublicationStatus":"final","MeetingOrderText":"Zw\u00f6lfte Sitzung","SortOrder":12,"Location":"N"},"SubjectsBusiness":{"results":[{"__metadata":{"id":"https://ws.parlament.ch/OData.svc/SubjectBusiness(BusinessNumber=20200028,IdSubject=51363L,Language='DE')","uri":"https://ws.parlament.ch/OData.svc/SubjectBusiness(BusinessNumber=20200028,IdSubject=51363L,Language='DE')","type":"itsystems.Pd.DataServices.DataModel.SubjectBusiness"},"Subjects":{"__deferred":{"uri":"https://ws.parlament.ch/OData.svc/SubjectBusiness(BusinessNumber=20200028,IdSubject=51363L,Language='DE')/Subjects"}},"Businesses":{"__deferred":{"uri":"https://ws.parlament.ch/OData.svc/SubjectBusiness(BusinessNumber=20200028,IdSubject=51363L,Language='DE')/Businesses"}},"IdSubject":"51363","BusinessNumber":20200028,"Language":"DE","BusinessShortNumber":"20.028","Title":"F\u00f6rderung von Bildung, Forschung und Innovation in den Jahren 2021-2024","SortOrder":1,"PublishedNotes":"Differenzen - Divergences\n","Modified":"\/Date(1589446995273)\/","TitleDE":"F\u00f6rderung von Bildung,\nForschung und Innovation\nin den Jahren 2021-2024","TitleFR":"Encouragement de la formation,\nde la recherche et de l'innovation\npendant les ann\u00e9es 2021-2024","TitleIT":null}]},"Transcripts":{"results":[{"__metadata":{"id":"https://ws.parlament.ch/OData.svc/Transcript(ID=274811L,Language='DE')","uri":"https://ws.parlament.ch/OData.svc/Transcript(ID=274811L,Language='DE')","type":"itsystems.Pd.DataServices.DataModel.Transcript"},"Subjects":{"__deferred":{"uri":"https://ws.parlament.ch/OData.svc/Transcript(ID=274811L,Language='DE')/Subjects"}},"MembersCouncil":{"__deferred":{"uri":"https://ws.parlament.ch/OData.svc/Transcript(ID=274811L,Language='DE')/MembersCouncil"}},"Businesses":{"__deferred":{"uri":"https://ws.parlament.ch/OData.svc/Transcript(ID=274811L,Language='DE')/Businesses"}},"ID":"274811","Language":"DE","IdSubject":"51363","VoteId":null,"PersonNumber":3912,"Type":1,"Text":"<pd_text><p>Ich habe hier nur eine ganz kurze Meldung zu machen. Wir schliessen uns bei diesem Punkt dem St\u00e4nderat an. F\u00fcr die Kommission ist das Thema Tierversuche dennoch wichtig. Es steht ja auch eine Volksinitiative zur Abschaffung dieser Tierversuche auf der Agenda. Ein nationales Forschungsprogramm zu diesem Themenkreis wird von der WBK klar begr\u00fcsst. In der Kommission machte auch die Verwaltung entsprechende Ausf\u00fchrungen. Gleichzeitig wollen wir in diesem Bereich aber auch die Rolle des Zentrums 3R kl\u00e4ren, und die WBK w\u00fcnscht sich deshalb im Fr\u00fchjahr 2021 eine Information zu diesen Themen.</p>\n<p>Ich danke Ihnen, wenn Sie sich auch hier anschliessen. Das ist die letzte Differenz in der BFI-Botschaft, dann haben wir sie im Trockenen.</p>\n</pd_text>","MeetingCouncilAbbreviation":"N","MeetingDate":"20201215","MeetingVerbalixOid":3363,"IdSession":"5107","SpeakerFirstName":"Christian","SpeakerLastName":"Wasserfallen","SpeakerFullName":"Wasserfallen Christian","SpeakerFunction":"Mit-M","CouncilId":1,"CouncilName":"Nationalrat","CantonId":2,"CantonName":"Bern","CantonAbbreviation":"BE","ParlGroupName":"FDP-Liberale Fraktion","ParlGroupAbbreviation":"RL","SortOrder":2,"Start":"\/Date(1608019288860)\/","End":"\/Date(1608019345686)\/","Function":"*","DisplaySpeaker":true,"LanguageOfText":"DE","Modified":"\/Date(1774877078391)\/","StartTimeWithTimezone":"\/Date(1608019288860+0060)\/","EndTimeWithTimezone":"\/Date(1608019345687+0060)\/","VoteBusinessNumber":null,"VoteBusinessShortNumber":null,"VoteBusinessTitle":null},{"__metadata":{"id":"https://ws.parlament.ch/OData.svc/Transcript(ID=274813L,Language='DE')","uri":"https://ws.parlament.ch/OData.svc/Transcript(ID=274813L,Language='DE')","type":"itsystems.Pd.DataServices.DataModel.Transcript"},"Subjects":{"__deferred":{"uri":"https://ws.parlament.ch/OData.svc/Transcript(ID=274813L,Language='DE')/Subjects"}},"MembersCouncil":{"__deferred":{"uri":"https://ws.parlament.ch/OData.svc/Transcript(ID=274813L,Language='DE')/MembersCouncil"}},"Businesses":{"__deferred":{"uri":"https://ws.parlament.ch/OData.svc/Transcript(ID=274813L,Language='DE')/Businesses"}},"ID":"274813","Language":"DE","IdSubject":"51363","VoteId":null,"PersonNumber":1108,"Type":1,"Text":"<pd_text><p>Tout d'abord, merci d'avoir r\u00e9ussi \u00e0 trouver un compromis entre les deux conseils sur cette derni\u00e8re divergence. J'ajouterai peut-\u00eatre juste quelques mots, les deux rapporteurs de commission ayant dit quasiment l'essentiel. </p>\n<p>Concernant le Centre de comp\u00e9tences suisse 3R, je crois que le Conseil f\u00e9d\u00e9ral confirme la grande importance qu'il accorde \u00e0 cet aspect-l\u00e0. Je me suis rendu compte pendant toute la dur\u00e9e des d\u00e9bats que l'information et, peut-\u00eatre, plus de transparence sur les activit\u00e9s du centre 3R sont n\u00e9cessaires, de m\u00eame que sur les intentions du Fonds national suisse par rapport \u00e0 ce programme national de recherche qui devrait \u00eatre lanc\u00e9. Nous sommes pr\u00eats \u00e0 apporter tous les renseignements, \u00e0 montrer les synergies, \u00e0 montrer la coordination que nous souhaitons faire entre ces deux institutions, de fa\u00e7on \u00e0 ce que, au moment o\u00f9 nous aurons les discussions sur cette initiative populaire, nous puissions prouver par les actes que nous nous pr\u00e9occupons de cette probl\u00e9matique. </p>\n<p>Merci donc de vous rallier \u00e0 la d\u00e9cision du Conseil des Etats et ainsi d'\u00e9liminer la derni\u00e8re divergence afin de mettre sous toit cet important projet. </p>\n<p>Merci pour tout le travail qui a \u00e9t\u00e9 effectu\u00e9 depuis que vous travaillez sur ce dossier au Conseil national.</p>\n</pd_text>","MeetingCouncilAbbreviation":"N","MeetingDate":"20201215","MeetingVerbalixOid":3363,"IdSession":"5107","SpeakerFirstName":"Guy","SpeakerLastName":"Parmelin","SpeakerFullName":"Parmelin Guy","SpeakerFunction":"VPBR-M","CouncilId":99,"CouncilName":"Bundesrat","CantonId":22,"CantonName":"Waadt","CantonAbbreviation":"VD","ParlGroupName":null,"ParlGroupAbbreviation":null,"SortOrder":4,"Start":"\/Date(1608019441407)\/","End":"\/Date(1608019527191)\/","Function":"VPBR-M","DisplaySpeaker":true,"LanguageOfText":"FR","Modified":"\/Date(1774877078394)\/","StartTimeWithTimezone":"\/Date(1608019441407+0060)\/","EndTimeWithTimezone":"\/Date(1608019527190+0060)\/","VoteBusinessNumber":null,"VoteBusinessShortNumber":null,"VoteBusinessTitle":null},{"__metadata":{"id":"https://ws.parlament.ch/OData.svc/Transcript(ID=274815L,Language='DE')","uri":"https://ws.parlament.ch/OData.svc/Transcript(ID=274815L,Language='DE')","type":"itsystems.Pd.DataServices.DataModel.Transcript"},"Subjects":{"__deferred":{"uri":"https://ws.parlament.ch/OData.svc/Transcript(ID=274815L,Language='DE')/Subjects"}},"MembersCouncil":{"__deferred":{"uri":"https://ws.parlament.ch/OData.svc/Transcript(ID=274815L,Language='DE')/MembersCouncil"}},"Businesses":{"__deferred":{"uri":"https://ws.parlament.ch/OData.svc/Transcript(ID=274815L,Language='DE')/Businesses"}},"ID":"274815","Language":"DE","IdSubject":"51363","VoteId":null,"PersonNumber":4260,"Type":1,"Text":"<pd_text><p>Il restait une seule divergence entre le Conseil national et le Conseil des Etats. Celui-ci s'est ralli\u00e9 \u00e0 l'une des d\u00e9cisions que nous avons prises la semaine pass\u00e9e: celle qui concerne la formation professionnelle continue. Il restait la divergence sur le centre de comp\u00e9tences 3R, avec une augmentation de 12 millions de francs qui \u00e9tait pr\u00e9vue. La commission vous propose de vous rallier \u00e0 la d\u00e9cision du Conseil des Etats. Toutefois, la question du centre 3R doit rester en discussion, et la commission continuera \u00e0 suivre ce dossier. Un programme national de recherche sera, si le Conseil f\u00e9d\u00e9ral suit ce qu'il a dit jusqu'\u00e0 maintenant, mis sur pied l'ann\u00e9e prochaine.</p>\n<p>Des questions restent pos\u00e9es au sujet du centre 3R. Quelles seront ses comp\u00e9tences? Dans quels domaines travaillera-t-il? La commission examinera ce dossier au premier trimestre de l'ann\u00e9e prochaine pour que ce point fasse l'objet d'une discussion. Je vous rappelle que l'initiative populaire \"Oui \u00e0 l'interdiction de l'exp\u00e9rimentation animale et humaine - Oui aux approches de recherche qui favorisent la s\u00e9curit\u00e9 et le progr\u00e8s\" a \u00e9t\u00e9 d\u00e9pos\u00e9e. A la base, la proposition adopt\u00e9e par notre conseil \u00e9tait une sorte de contre-projet indirect \u00e0 initiative. Dans ce sens, la commission continuera son travail sur ce point.</p>\n</pd_text>","MeetingCouncilAbbreviation":"N","MeetingDate":"20201215","MeetingVerbalixOid":3363,"IdSession":"5107","SpeakerFirstName":"Fabien","SpeakerLastName":"Fivaz","SpeakerFullName":"Fivaz Fabien","SpeakerFunction":"Mit-M","CouncilId":1,"CouncilName":"Nationalrat","CantonId":24,"CantonName":"Neuenburg","CantonAbbreviation":"NE","ParlGroupName":"Gr\u00fcne Fraktion","ParlGroupAbbreviation":"G","SortOrder":3,"Start":"\/Date(1608019348885)\/","End":"\/Date(1608019436678)\/","Function":"*","DisplaySpeaker":true,"LanguageOfText":"FR","Modified":"\/Date(1774877078392)\/","StartTimeWithTimezone":"\/Date(1608019348887+0060)\/","EndTimeWithTimezone":"\/Date(1608019436677+0060)\/","VoteBusinessNumber":null,"VoteBusinessShortNumber":null,"VoteBusinessTitle":null},{"__metadata":{"id":"https://ws.parlament.ch/OData.svc/Transcript(ID=274817L,Language='DE')","uri":"https://ws.parlament.ch/OData.svc/Transcript(ID=274817L,Language='DE')","type":"itsystems.Pd.DataServices.DataModel.Transcript"},"Subjects":{"__deferred":{"uri":"https://ws.parlament.ch/OData.svc/Transcript(ID=274817L,Language='DE')/Subjects"}},"MembersCouncil":{"__deferred":{"uri":"https://ws.parlament.ch/OData.svc/Transcript(ID=274817L,Language='DE')/MembersCouncil"}},"Businesses":{"__deferred":{"uri":"https://ws.parlament.ch/OData.svc/Transcript(ID=274817L,Language='DE')/Businesses"}},"ID":"274817","Language":"DE","IdSubject":"51363","VoteId":null,"PersonNumber":3867,"Type":1,"Text":"<pd_text><p><i>Angenommen - Adopt\u00e9</i></p>\n<p>[VS]</p>\n<p><b>Pr\u00e4sident </b>(Aebi Andreas, Pr\u00e4sident): Wir haben somit die letzte Differenz bereinigt. Die beiden R\u00e4te haben \u00fcbereinstimmende Beschl\u00fcsse gefasst, der Bundesbeschluss ist definitiv angenommen. [PAGE 2538] </p>\n</pd_text>","MeetingCouncilAbbreviation":"N","MeetingDate":"20201215","MeetingVerbalixOid":3363,"IdSession":"5107","SpeakerFirstName":"Andreas","SpeakerLastName":"Aebi","SpeakerFullName":"Aebi Andreas","SpeakerFunction":"P-M","CouncilId":1,"CouncilName":"Nationalrat","CantonId":2,"CantonName":"Bern","CantonAbbreviation":"BE","ParlGroupName":"Fraktion der Schweizerischen Volkspartei","ParlGroupAbbreviation":"V","SortOrder":5,"Start":"\/Date(1608019527191)\/","End":"\/Date(1608019580744)\/","Function":"P-M","DisplaySpeaker":false,"LanguageOfText":null,"Modified":"\/Date(1774877078396)\/","StartTimeWithTimezone":"\/Date(1608019527190+0060)\/","EndTimeWithTimezone":"\/Date(1608019580743+0060)\/","VoteBusinessNumber":null,"VoteBusinessShortNumber":null,"VoteBusinessTitle":null},{"__metadata":{"id":"https://ws.parlament.ch/OData.svc/Transcript(ID=275054L,Language='DE')","uri":"https://ws.parlament.ch/OData.svc/Transcript(ID=275054L,Language='DE')","type":"itsystems.Pd.DataServices.DataModel.Transcript"},"Subjects":{"__deferred":{"uri":"https://ws.parlament.ch/OData.svc/Transcript(ID=275054L,Language='DE')/Subjects"}},"MembersCouncil":{"__deferred":{"uri":"https://ws.parlament.ch/OData.svc/Transcript(ID=275054L,Language='DE')/MembersCouncil"}},"Businesses":{"__deferred":{"uri":"https://ws.parlament.ch/OData.svc/Transcript(ID=275054L,Language='DE')/Businesses"}},"ID":"275054","Language":"DE","IdSubject":"51363","VoteId":null,"PersonNumber":3867,"Type":1,"Text":"<pd_text><p><b>10.</b>[NB]<b>Bundesbeschluss \u00fcber die Kredite f\u00fcr Forschungseinrichtungen von nationaler Bedeutung in den Jahren 2021-2024</b>[GZ]</p>\n<p><b>10.</b>[NB]<b>Arr\u00eat\u00e9 f\u00e9d\u00e9ral ouvrant des cr\u00e9dits en faveur d'\u00e9tablissements de recherche d'importance nationale pour les ann\u00e9es 2021-2024</b>[GZ]</p>\n<p>[VS][GZ]</p>\n<p><b>Art. 1 Abs. 1</b>[GZ]</p>\n<p><i>Antrag der Kommission</i>[GZ]</p>\n<p>Zustimmung zum Beschluss des St\u00e4nderates</p>\n<p>[VS]</p>\n<p><b>Art. 1 al. 1</b>[GZ]</p>\n<p><i>Proposition de la commission</i>[GZ]</p>\n<p>Adh\u00e9rer \u00e0 la d\u00e9cision du Conseil des Etats</p>\n</pd_text>","MeetingCouncilAbbreviation":"N","MeetingDate":"20201215","MeetingVerbalixOid":3363,"IdSession":"5107","SpeakerFirstName":"Andreas","SpeakerLastName":"Aebi","SpeakerFullName":"Aebi Andreas","SpeakerFunction":"P-M","CouncilId":1,"CouncilName":"Nationalrat","CantonId":2,"CantonName":"Bern","CantonAbbreviation":"BE","ParlGroupName":"Fraktion der Schweizerischen Volkspartei","ParlGroupAbbreviation":"V","SortOrder":1,"Start":"\/Date(1608019252158)\/","End":"\/Date(1608019288860)\/","Function":"P-M","DisplaySpeaker":false,"LanguageOfText":null,"Modified":"\/Date(1774877078389)\/","StartTimeWithTimezone":"\/Date(1608019252157+0060)\/","EndTimeWithTimezone":"\/Date(1608019288860+0060)\/","VoteBusinessNumber":null,"VoteBusinessShortNumber":null,"VoteBusinessTitle":null}]},"ID":"51363","Language":"DE","IdMeeting":"4420","VerbalixOid":638029,"SortOrder":2,"Modified":"\/Date(1774877078387)\/"}}