{"d":{"__metadata":{"id":"https://ws.parlament.ch/OData.svc/Subject(ID=519L,Language='DE')","uri":"https://ws.parlament.ch/OData.svc/Subject(ID=519L,Language='DE')","type":"itsystems.Pd.DataServices.DataModel.Subject"},"Meetings":{"__metadata":{"id":"https://ws.parlament.ch/OData.svc/Meeting(ID=38L,Language='DE')","uri":"https://ws.parlament.ch/OData.svc/Meeting(ID=38L,Language='DE')","type":"itsystems.Pd.DataServices.DataModel.Meeting"},"Sessions":{"__deferred":{"uri":"https://ws.parlament.ch/OData.svc/Meeting(ID=38L,Language='DE')/Sessions"}},"Subjects":{"__deferred":{"uri":"https://ws.parlament.ch/OData.svc/Meeting(ID=38L,Language='DE')/Subjects"}},"ID":"38","Language":"DE","MeetingNumber":15,"IdSession":4602,"SessionNumber":2,"SessionName":"Fr\u00fchjahrssession 2000","Council":1,"CouncilName":"Nationalrat","CouncilAbbreviation":"NR","Date":"\/Date(953856000000)\/","Begin":"0800","Modified":"\/Date(1447069711903)\/","LegislativePeriodNumber":46,"PublicationStatus":"final","MeetingOrderText":"F\u00fcnfzehnte Sitzung","SortOrder":15,"Location":"N"},"SubjectsBusiness":{"results":[{"__metadata":{"id":"https://ws.parlament.ch/OData.svc/SubjectBusiness(BusinessNumber=19990067,IdSubject=519L,Language='DE')","uri":"https://ws.parlament.ch/OData.svc/SubjectBusiness(BusinessNumber=19990067,IdSubject=519L,Language='DE')","type":"itsystems.Pd.DataServices.DataModel.SubjectBusiness"},"Subjects":{"__deferred":{"uri":"https://ws.parlament.ch/OData.svc/SubjectBusiness(BusinessNumber=19990067,IdSubject=519L,Language='DE')/Subjects"}},"Businesses":{"__deferred":{"uri":"https://ws.parlament.ch/OData.svc/SubjectBusiness(BusinessNumber=19990067,IdSubject=519L,Language='DE')/Businesses"}},"IdSubject":"519","BusinessNumber":19990067,"Language":"DE","BusinessShortNumber":"99.067","Title":"Bearbeitung von Personendaten. Gesetzliche Grundlagen","SortOrder":1,"PublishedNotes":"Schlussabstimmung - Vote final\n","Modified":"\/Date(1447069096053)\/","TitleDE":"Bearbeitung\nvon Personendaten.\nGesetzliche Grundlagen","TitleFR":"Traitement\nde donn\u00e9es personnelles.\nBases l\u00e9gales","TitleIT":null}]},"Transcripts":{"results":[{"__metadata":{"id":"https://ws.parlament.ch/OData.svc/Transcript(ID=3083L,Language='DE')","uri":"https://ws.parlament.ch/OData.svc/Transcript(ID=3083L,Language='DE')","type":"itsystems.Pd.DataServices.DataModel.Transcript"},"Subjects":{"__deferred":{"uri":"https://ws.parlament.ch/OData.svc/Transcript(ID=3083L,Language='DE')/Subjects"}},"MembersCouncil":{"__deferred":{"uri":"https://ws.parlament.ch/OData.svc/Transcript(ID=3083L,Language='DE')/MembersCouncil"}},"Businesses":{"__deferred":{"uri":"https://ws.parlament.ch/OData.svc/Transcript(ID=3083L,Language='DE')/Businesses"}},"ID":"3083","Language":"DE","IdSubject":"519","VoteId":"464","PersonNumber":null,"Type":2,"Text":"<pd_text><p><i>Abstimmung - Vote </i></p>\n<p>[NAM]</p>\n<p>F\u00fcr Annahme des Entwurfes .... 184 Stimmen</p>\n<p>(Einstimmigkeit)</p>\n<p>[VS]</p>\n<p>[VS]</p>\n<p><i>An den St\u00e4nderat - Au Conseil des Etats</i></p>\n</pd_text>","MeetingCouncilAbbreviation":"N","MeetingDate":"20000324","MeetingVerbalixOid":674,"IdSession":"4602","SpeakerFirstName":null,"SpeakerLastName":null,"SpeakerFullName":"","SpeakerFunction":null,"CouncilId":null,"CouncilName":null,"CantonId":null,"CantonName":null,"CantonAbbreviation":null,"ParlGroupName":null,"ParlGroupAbbreviation":null,"SortOrder":4,"Start":null,"End":null,"Function":null,"DisplaySpeaker":null,"LanguageOfText":"DE","Modified":"\/Date(1774878278463)\/","StartTimeWithTimezone":null,"EndTimeWithTimezone":null,"VoteBusinessNumber":19990067,"VoteBusinessShortNumber":"99.067","VoteBusinessTitle":"Bearbeitung\nvon Personendaten.\nGesetzliche Grundlagen"},{"__metadata":{"id":"https://ws.parlament.ch/OData.svc/Transcript(ID=3084L,Language='DE')","uri":"https://ws.parlament.ch/OData.svc/Transcript(ID=3084L,Language='DE')","type":"itsystems.Pd.DataServices.DataModel.Transcript"},"Subjects":{"__deferred":{"uri":"https://ws.parlament.ch/OData.svc/Transcript(ID=3084L,Language='DE')/Subjects"}},"MembersCouncil":{"__deferred":{"uri":"https://ws.parlament.ch/OData.svc/Transcript(ID=3084L,Language='DE')/MembersCouncil"}},"Businesses":{"__deferred":{"uri":"https://ws.parlament.ch/OData.svc/Transcript(ID=3084L,Language='DE')/Businesses"}},"ID":"3084","Language":"DE","IdSubject":"519","VoteId":null,"PersonNumber":null,"Type":3,"Text":"<pd_text><p><b>2. Bundesgesetz \u00fcber die Bearbeitung von Personendaten im Eidgen\u00f6ssischen Departement f\u00fcr ausw\u00e4rtige Angelegenheiten </b></p>\n<p><b>2. Loi f\u00e9d\u00e9rale sur le traitement de donn\u00e9es personnelles au D\u00e9partement f\u00e9d\u00e9ral des affaires \u00e9trang\u00e8res </b></p>\n</pd_text>","MeetingCouncilAbbreviation":"N","MeetingDate":"20000324","MeetingVerbalixOid":674,"IdSession":"4602","SpeakerFirstName":null,"SpeakerLastName":null,"SpeakerFullName":"","SpeakerFunction":null,"CouncilId":null,"CouncilName":null,"CantonId":null,"CantonName":null,"CantonAbbreviation":null,"ParlGroupName":null,"ParlGroupAbbreviation":null,"SortOrder":3,"Start":null,"End":null,"Function":null,"DisplaySpeaker":null,"LanguageOfText":"DE","Modified":"\/Date(1774878278459)\/","StartTimeWithTimezone":null,"EndTimeWithTimezone":null,"VoteBusinessNumber":null,"VoteBusinessShortNumber":null,"VoteBusinessTitle":null},{"__metadata":{"id":"https://ws.parlament.ch/OData.svc/Transcript(ID=3085L,Language='DE')","uri":"https://ws.parlament.ch/OData.svc/Transcript(ID=3085L,Language='DE')","type":"itsystems.Pd.DataServices.DataModel.Transcript"},"Subjects":{"__deferred":{"uri":"https://ws.parlament.ch/OData.svc/Transcript(ID=3085L,Language='DE')/Subjects"}},"MembersCouncil":{"__deferred":{"uri":"https://ws.parlament.ch/OData.svc/Transcript(ID=3085L,Language='DE')/MembersCouncil"}},"Businesses":{"__deferred":{"uri":"https://ws.parlament.ch/OData.svc/Transcript(ID=3085L,Language='DE')/Businesses"}},"ID":"3085","Language":"DE","IdSubject":"519","VoteId":"463","PersonNumber":null,"Type":2,"Text":"<pd_text><p><i>Abstimmung - Vote </i></p>\n<p>[NAM]</p>\n<p>F\u00fcr Annahme des Entwurfes .... 179 Stimmen</p>\n<p>(Einstimmigkeit)</p>\n</pd_text>","MeetingCouncilAbbreviation":"N","MeetingDate":"20000324","MeetingVerbalixOid":674,"IdSession":"4602","SpeakerFirstName":null,"SpeakerLastName":null,"SpeakerFullName":"","SpeakerFunction":null,"CouncilId":null,"CouncilName":null,"CantonId":null,"CantonName":null,"CantonAbbreviation":null,"ParlGroupName":null,"ParlGroupAbbreviation":null,"SortOrder":2,"Start":"\/Date(953891139338)\/","End":"\/Date(953891139338)\/","Function":null,"DisplaySpeaker":null,"LanguageOfText":"DE","Modified":"\/Date(1774878278457)\/","StartTimeWithTimezone":"\/Date(953891139337+0060)\/","EndTimeWithTimezone":"\/Date(953891139337+0060)\/","VoteBusinessNumber":19990067,"VoteBusinessShortNumber":"99.067","VoteBusinessTitle":"Bearbeitung\nvon Personendaten.\nGesetzliche Grundlagen"},{"__metadata":{"id":"https://ws.parlament.ch/OData.svc/Transcript(ID=3086L,Language='DE')","uri":"https://ws.parlament.ch/OData.svc/Transcript(ID=3086L,Language='DE')","type":"itsystems.Pd.DataServices.DataModel.Transcript"},"Subjects":{"__deferred":{"uri":"https://ws.parlament.ch/OData.svc/Transcript(ID=3086L,Language='DE')/Subjects"}},"MembersCouncil":{"__deferred":{"uri":"https://ws.parlament.ch/OData.svc/Transcript(ID=3086L,Language='DE')/MembersCouncil"}},"Businesses":{"__deferred":{"uri":"https://ws.parlament.ch/OData.svc/Transcript(ID=3086L,Language='DE')/Businesses"}},"ID":"3086","Language":"DE","IdSubject":"519","VoteId":null,"PersonNumber":205,"Type":1,"Text":"<pd_text><p><b>1. Bundesgesetz \u00fcber die Schaffung und die Anpassung gesetzlicher Grundlagen f\u00fcr die Bearbeitung von Personendaten </b></p>\n<p><b>1. Loi f\u00e9d\u00e9rale sur la cr\u00e9ation et l'adaptation de bases l\u00e9gales concernant le traitement de donn\u00e9es personnelles </b></p>\n</pd_text>","MeetingCouncilAbbreviation":"N","MeetingDate":"20000324","MeetingVerbalixOid":674,"IdSession":"4602","SpeakerFirstName":"Hanspeter","SpeakerLastName":"Seiler","SpeakerFullName":"Seiler Hanspeter","SpeakerFunction":"P-M","CouncilId":1,"CouncilName":"Nationalrat","CantonId":2,"CantonName":"Bern","CantonAbbreviation":"BE","ParlGroupName":"Fraktion der Schweizerischen Volkspartei","ParlGroupAbbreviation":"V","SortOrder":1,"Start":"\/Date(953891027124)\/","End":"\/Date(953891139338)\/","Function":"","DisplaySpeaker":false,"LanguageOfText":null,"Modified":"\/Date(1774878278455)\/","StartTimeWithTimezone":"\/Date(953891027123+0060)\/","EndTimeWithTimezone":"\/Date(953891139337+0060)\/","VoteBusinessNumber":null,"VoteBusinessShortNumber":null,"VoteBusinessTitle":null}]},"ID":"519","Language":"DE","IdMeeting":"38","VerbalixOid":12228,"SortOrder":98,"Modified":"\/Date(1774878278453)\/"}}