{"d":{"__metadata":{"id":"https://ws.parlament.ch/OData.svc/Subject(ID=52174L,Language='DE')","uri":"https://ws.parlament.ch/OData.svc/Subject(ID=52174L,Language='DE')","type":"itsystems.Pd.DataServices.DataModel.Subject"},"Meetings":{"__metadata":{"id":"https://ws.parlament.ch/OData.svc/Meeting(ID=4444L,Language='DE')","uri":"https://ws.parlament.ch/OData.svc/Meeting(ID=4444L,Language='DE')","type":"itsystems.Pd.DataServices.DataModel.Meeting"},"Sessions":{"__deferred":{"uri":"https://ws.parlament.ch/OData.svc/Meeting(ID=4444L,Language='DE')/Sessions"}},"Subjects":{"__deferred":{"uri":"https://ws.parlament.ch/OData.svc/Meeting(ID=4444L,Language='DE')/Subjects"}},"ID":"4444","Language":"DE","MeetingNumber":6,"IdSession":5108,"SessionNumber":8,"SessionName":"Fr\u00fchjahrssession 2021","Council":2,"CouncilName":"St\u00e4nderat","CouncilAbbreviation":"SR","Date":"\/Date(1615248000000)\/","Begin":"0815","Modified":"\/Date(1617119725307)\/","LegislativePeriodNumber":51,"PublicationStatus":"final","MeetingOrderText":"Sechste Sitzung","SortOrder":6,"Location":"S"},"SubjectsBusiness":{"results":[{"__metadata":{"id":"https://ws.parlament.ch/OData.svc/SubjectBusiness(BusinessNumber=20204336,IdSubject=52174L,Language='DE')","uri":"https://ws.parlament.ch/OData.svc/SubjectBusiness(BusinessNumber=20204336,IdSubject=52174L,Language='DE')","type":"itsystems.Pd.DataServices.DataModel.SubjectBusiness"},"Subjects":{"__deferred":{"uri":"https://ws.parlament.ch/OData.svc/SubjectBusiness(BusinessNumber=20204336,IdSubject=52174L,Language='DE')/Subjects"}},"Businesses":{"__deferred":{"uri":"https://ws.parlament.ch/OData.svc/SubjectBusiness(BusinessNumber=20204336,IdSubject=52174L,Language='DE')/Businesses"}},"IdSubject":"52174","BusinessNumber":20204336,"Language":"DE","BusinessShortNumber":"20.4336","Title":"St\u00fctzung von DAB-Radios in der Covid-19-Krise","SortOrder":1,"PublishedNotes":null,"Modified":"\/Date(1608640752566)\/","TitleDE":"Motion KVF-N.\nSt\u00fctzung\nvon DAB-Radios\nin der Covid-19-Krise","TitleFR":"Motion CTT-N.\nSoutien aux radios DAB\ndurant la crise li\u00e9e au Covid-19","TitleIT":null}]},"Transcripts":{"results":[{"__metadata":{"id":"https://ws.parlament.ch/OData.svc/Transcript(ID=278242L,Language='DE')","uri":"https://ws.parlament.ch/OData.svc/Transcript(ID=278242L,Language='DE')","type":"itsystems.Pd.DataServices.DataModel.Transcript"},"Subjects":{"__deferred":{"uri":"https://ws.parlament.ch/OData.svc/Transcript(ID=278242L,Language='DE')/Subjects"}},"MembersCouncil":{"__deferred":{"uri":"https://ws.parlament.ch/OData.svc/Transcript(ID=278242L,Language='DE')/MembersCouncil"}},"Businesses":{"__deferred":{"uri":"https://ws.parlament.ch/OData.svc/Transcript(ID=278242L,Language='DE')/Businesses"}},"ID":"278242","Language":"DE","IdSubject":"52174","VoteId":null,"PersonNumber":1162,"Type":1,"Text":"<pd_text><p><b>Pr\u00e4sident</b> (Kuprecht Alex, Pr\u00e4sident): Es liegt ein schriftlicher Bericht der Kommission vor. Die Kommission und der Bundesrat beantragen die Ablehnung der Motion.</p>\n</pd_text>","MeetingCouncilAbbreviation":"S","MeetingDate":"20210309","MeetingVerbalixOid":3387,"IdSession":"5108","SpeakerFirstName":"Alex","SpeakerLastName":"Kuprecht","SpeakerFullName":"Kuprecht Alex","SpeakerFunction":"P-M","CouncilId":2,"CouncilName":"St\u00e4nderat","CantonId":5,"CantonName":"Schwyz","CantonAbbreviation":"SZ","ParlGroupName":"Fraktion der Schweizerischen Volkspartei","ParlGroupAbbreviation":"V","SortOrder":1,"Start":"\/Date(1615293568227)\/","End":"\/Date(1615293580193)\/","Function":"P-M","DisplaySpeaker":false,"LanguageOfText":null,"Modified":"\/Date(1646069824797)\/","StartTimeWithTimezone":"\/Date(1615293568227+0060)\/","EndTimeWithTimezone":"\/Date(1615293580193+0060)\/","VoteBusinessNumber":null,"VoteBusinessShortNumber":null,"VoteBusinessTitle":null},{"__metadata":{"id":"https://ws.parlament.ch/OData.svc/Transcript(ID=278245L,Language='DE')","uri":"https://ws.parlament.ch/OData.svc/Transcript(ID=278245L,Language='DE')","type":"itsystems.Pd.DataServices.DataModel.Transcript"},"Subjects":{"__deferred":{"uri":"https://ws.parlament.ch/OData.svc/Transcript(ID=278245L,Language='DE')/Subjects"}},"MembersCouncil":{"__deferred":{"uri":"https://ws.parlament.ch/OData.svc/Transcript(ID=278245L,Language='DE')/MembersCouncil"}},"Businesses":{"__deferred":{"uri":"https://ws.parlament.ch/OData.svc/Transcript(ID=278245L,Language='DE')/Businesses"}},"ID":"278245","Language":"DE","IdSubject":"52174","VoteId":null,"PersonNumber":1162,"Type":1,"Text":"<pd_text><p><i>Abgelehnt - Rejet\u00e9</i></p>\n</pd_text>","MeetingCouncilAbbreviation":"S","MeetingDate":"20210309","MeetingVerbalixOid":3387,"IdSession":"5108","SpeakerFirstName":"Alex","SpeakerLastName":"Kuprecht","SpeakerFullName":"Kuprecht Alex","SpeakerFunction":"P-M","CouncilId":2,"CouncilName":"St\u00e4nderat","CantonId":5,"CantonName":"Schwyz","CantonAbbreviation":"SZ","ParlGroupName":"Fraktion der Schweizerischen Volkspartei","ParlGroupAbbreviation":"V","SortOrder":3,"Start":"\/Date(1615293589840)\/","End":"\/Date(1615293613697)\/","Function":"P-M","DisplaySpeaker":false,"LanguageOfText":null,"Modified":"\/Date(1646069824797)\/","StartTimeWithTimezone":"\/Date(1615293589840+0060)\/","EndTimeWithTimezone":"\/Date(1615293613697+0060)\/","VoteBusinessNumber":null,"VoteBusinessShortNumber":null,"VoteBusinessTitle":null},{"__metadata":{"id":"https://ws.parlament.ch/OData.svc/Transcript(ID=278383L,Language='DE')","uri":"https://ws.parlament.ch/OData.svc/Transcript(ID=278383L,Language='DE')","type":"itsystems.Pd.DataServices.DataModel.Transcript"},"Subjects":{"__deferred":{"uri":"https://ws.parlament.ch/OData.svc/Transcript(ID=278383L,Language='DE')/Subjects"}},"MembersCouncil":{"__deferred":{"uri":"https://ws.parlament.ch/OData.svc/Transcript(ID=278383L,Language='DE')/MembersCouncil"}},"Businesses":{"__deferred":{"uri":"https://ws.parlament.ch/OData.svc/Transcript(ID=278383L,Language='DE')/Businesses"}},"ID":"278383","Language":"DE","IdSubject":"52174","VoteId":null,"PersonNumber":4055,"Type":1,"Text":"<pd_text><p>Danke, vielleicht h\u00f6ren Sie auch schon die W\u00f6lfe heulen. Wir beantragen die Ablehnung der Motion, weil sie bereits erf\u00fcllt ist. </p>\n</pd_text>","MeetingCouncilAbbreviation":"S","MeetingDate":"20210309","MeetingVerbalixOid":3387,"IdSession":"5108","SpeakerFirstName":"Stefan","SpeakerLastName":"Engler","SpeakerFullName":"Engler Stefan","SpeakerFunction":"Mit-M","CouncilId":2,"CouncilName":"St\u00e4nderat","CantonId":18,"CantonName":"Graub\u00fcnden","CantonAbbreviation":"GR","ParlGroupName":"Die Mitte-Fraktion. Die Mitte. EVP.","ParlGroupAbbreviation":"M-E","SortOrder":2,"Start":"\/Date(1615293580193)\/","End":"\/Date(1615293589840)\/","Function":"*","DisplaySpeaker":true,"LanguageOfText":"DE","Modified":"\/Date(1646069824797)\/","StartTimeWithTimezone":"\/Date(1615293580193+0060)\/","EndTimeWithTimezone":"\/Date(1615293589840+0060)\/","VoteBusinessNumber":null,"VoteBusinessShortNumber":null,"VoteBusinessTitle":null}]},"ID":"52174","Language":"DE","IdMeeting":"4444","VerbalixOid":643664,"SortOrder":15,"Modified":"\/Date(1646069824797)\/"}}