{"d":{"__metadata":{"id":"https://ws.parlament.ch/OData.svc/Subject(ID=5226L,Language='DE')","uri":"https://ws.parlament.ch/OData.svc/Subject(ID=5226L,Language='DE')","type":"itsystems.Pd.DataServices.DataModel.Subject"},"Meetings":{"__metadata":{"id":"https://ws.parlament.ch/OData.svc/Meeting(ID=367L,Language='DE')","uri":"https://ws.parlament.ch/OData.svc/Meeting(ID=367L,Language='DE')","type":"itsystems.Pd.DataServices.DataModel.Meeting"},"Sessions":{"__deferred":{"uri":"https://ws.parlament.ch/OData.svc/Meeting(ID=367L,Language='DE')/Sessions"}},"Subjects":{"__deferred":{"uri":"https://ws.parlament.ch/OData.svc/Meeting(ID=367L,Language='DE')/Subjects"}},"ID":"367","Language":"DE","MeetingNumber":14,"IdSession":4616,"SessionNumber":16,"SessionName":"Wintersession 2002","Council":1,"CouncilName":"Nationalrat","CouncilAbbreviation":"NR","Date":"\/Date(1039737600000)\/","Begin":"0800","Modified":"\/Date(1447069823213)\/","LegislativePeriodNumber":46,"PublicationStatus":"final","MeetingOrderText":"Vierzehnte Sitzung","SortOrder":14,"Location":"N"},"SubjectsBusiness":{"results":[{"__metadata":{"id":"https://ws.parlament.ch/OData.svc/SubjectBusiness(BusinessNumber=20000094,IdSubject=5226L,Language='DE')","uri":"https://ws.parlament.ch/OData.svc/SubjectBusiness(BusinessNumber=20000094,IdSubject=5226L,Language='DE')","type":"itsystems.Pd.DataServices.DataModel.SubjectBusiness"},"Subjects":{"__deferred":{"uri":"https://ws.parlament.ch/OData.svc/SubjectBusiness(BusinessNumber=20000094,IdSubject=5226L,Language='DE')/Subjects"}},"Businesses":{"__deferred":{"uri":"https://ws.parlament.ch/OData.svc/SubjectBusiness(BusinessNumber=20000094,IdSubject=5226L,Language='DE')/Businesses"}},"IdSubject":"5226","BusinessNumber":20000094,"Language":"DE","BusinessShortNumber":"00.094","Title":"\"Gleiche Rechte f\u00fcr Behinderte\". Volksinitiative und Bundesgesetz \u00fcber die Beseitigung von Benachteiligungen behinderter Menschen","SortOrder":1,"PublishedNotes":"Schlussabstimmung - Vote final\n","Modified":"\/Date(1447069113436)\/","TitleDE":"Gleiche Rechte f\u00fcr Behinderte.\nVolksinitiative.\nBundesgesetz \u00fcber die Beseitigung\nvon Benachteiligungen\nvon Menschen mit Behinderungen","TitleFR":"Droits \u00e9gaux pour les personnes\nhandicap\u00e9es. Initiative populaire.\nLoi f\u00e9d\u00e9rale sur l'\u00e9limination\ndes in\u00e9galit\u00e9s frappant\nles personnes handicap\u00e9es","TitleIT":null}]},"Transcripts":{"results":[{"__metadata":{"id":"https://ws.parlament.ch/OData.svc/Transcript(ID=29216L,Language='DE')","uri":"https://ws.parlament.ch/OData.svc/Transcript(ID=29216L,Language='DE')","type":"itsystems.Pd.DataServices.DataModel.Transcript"},"Subjects":{"__deferred":{"uri":"https://ws.parlament.ch/OData.svc/Transcript(ID=29216L,Language='DE')/Subjects"}},"MembersCouncil":{"__deferred":{"uri":"https://ws.parlament.ch/OData.svc/Transcript(ID=29216L,Language='DE')/MembersCouncil"}},"Businesses":{"__deferred":{"uri":"https://ws.parlament.ch/OData.svc/Transcript(ID=29216L,Language='DE')/Businesses"}},"ID":"29216","Language":"DE","IdSubject":"5226","VoteId":"3258","PersonNumber":null,"Type":2,"Text":"<pd_text><p><i>Abstimmung - Vote</i></p>\n<p>[NAM]</p>\n<p>F\u00fcr Annahme des Entwurfes .... 175 Stimmen</p>\n<p>Dagegen .... 1 Stimme</p>\n</pd_text>","MeetingCouncilAbbreviation":"N","MeetingDate":"20021213","MeetingVerbalixOid":1004,"IdSession":"4616","SpeakerFirstName":null,"SpeakerLastName":null,"SpeakerFullName":"","SpeakerFunction":null,"CouncilId":null,"CouncilName":null,"CantonId":null,"CantonName":null,"CantonAbbreviation":null,"ParlGroupName":null,"ParlGroupAbbreviation":null,"SortOrder":4,"Start":null,"End":null,"Function":null,"DisplaySpeaker":null,"LanguageOfText":"DE","Modified":"\/Date(1774878162245)\/","StartTimeWithTimezone":null,"EndTimeWithTimezone":null,"VoteBusinessNumber":20000094,"VoteBusinessShortNumber":"00.094","VoteBusinessTitle":"Gleiche Rechte f\u00fcr Behinderte.\nVolksinitiative.\nBundesgesetz \u00fcber die Beseitigung\nvon Benachteiligungen\nvon Menschen mit Behinderungen"},{"__metadata":{"id":"https://ws.parlament.ch/OData.svc/Transcript(ID=29217L,Language='DE')","uri":"https://ws.parlament.ch/OData.svc/Transcript(ID=29217L,Language='DE')","type":"itsystems.Pd.DataServices.DataModel.Transcript"},"Subjects":{"__deferred":{"uri":"https://ws.parlament.ch/OData.svc/Transcript(ID=29217L,Language='DE')/Subjects"}},"MembersCouncil":{"__deferred":{"uri":"https://ws.parlament.ch/OData.svc/Transcript(ID=29217L,Language='DE')/MembersCouncil"}},"Businesses":{"__deferred":{"uri":"https://ws.parlament.ch/OData.svc/Transcript(ID=29217L,Language='DE')/Businesses"}},"ID":"29217","Language":"DE","IdSubject":"5226","VoteId":null,"PersonNumber":null,"Type":3,"Text":"<pd_text><p><b>2. Bundesgesetz \u00fcber die Beseitigung von Benachteiligungen von Menschen mit Behinderungen </b></p>\n<p><b>2. Loi f\u00e9d\u00e9rale sur l'\u00e9limination des in\u00e9galit\u00e9s frappant les personnes handicap\u00e9es </b></p>\n</pd_text>","MeetingCouncilAbbreviation":"N","MeetingDate":"20021213","MeetingVerbalixOid":1004,"IdSession":"4616","SpeakerFirstName":null,"SpeakerLastName":null,"SpeakerFullName":"","SpeakerFunction":null,"CouncilId":null,"CouncilName":null,"CantonId":null,"CantonName":null,"CantonAbbreviation":null,"ParlGroupName":null,"ParlGroupAbbreviation":null,"SortOrder":3,"Start":null,"End":null,"Function":null,"DisplaySpeaker":null,"LanguageOfText":"DE","Modified":"\/Date(1774878162241)\/","StartTimeWithTimezone":null,"EndTimeWithTimezone":null,"VoteBusinessNumber":null,"VoteBusinessShortNumber":null,"VoteBusinessTitle":null},{"__metadata":{"id":"https://ws.parlament.ch/OData.svc/Transcript(ID=29218L,Language='DE')","uri":"https://ws.parlament.ch/OData.svc/Transcript(ID=29218L,Language='DE')","type":"itsystems.Pd.DataServices.DataModel.Transcript"},"Subjects":{"__deferred":{"uri":"https://ws.parlament.ch/OData.svc/Transcript(ID=29218L,Language='DE')/Subjects"}},"MembersCouncil":{"__deferred":{"uri":"https://ws.parlament.ch/OData.svc/Transcript(ID=29218L,Language='DE')/MembersCouncil"}},"Businesses":{"__deferred":{"uri":"https://ws.parlament.ch/OData.svc/Transcript(ID=29218L,Language='DE')/Businesses"}},"ID":"29218","Language":"DE","IdSubject":"5226","VoteId":"3257","PersonNumber":null,"Type":2,"Text":"<pd_text><p><i>Abstimmung - Vote</i></p>\n<p>[NAM]</p>\n<p>F\u00fcr Annahme des Entwurfes .... 107 Stimmen</p>\n<p>Dagegen .... 70 Stimmen</p>\n</pd_text>","MeetingCouncilAbbreviation":"N","MeetingDate":"20021213","MeetingVerbalixOid":1004,"IdSession":"4616","SpeakerFirstName":null,"SpeakerLastName":null,"SpeakerFullName":"","SpeakerFunction":null,"CouncilId":null,"CouncilName":null,"CantonId":null,"CantonName":null,"CantonAbbreviation":null,"ParlGroupName":null,"ParlGroupAbbreviation":null,"SortOrder":2,"Start":"\/Date(1039774327506)\/","End":"\/Date(1039774327506)\/","Function":null,"DisplaySpeaker":null,"LanguageOfText":"DE","Modified":"\/Date(1774878162238)\/","StartTimeWithTimezone":"\/Date(1039774327507+0060)\/","EndTimeWithTimezone":"\/Date(1039774327507+0060)\/","VoteBusinessNumber":20000094,"VoteBusinessShortNumber":"00.094","VoteBusinessTitle":"Gleiche Rechte f\u00fcr Behinderte.\nVolksinitiative.\nBundesgesetz \u00fcber die Beseitigung\nvon Benachteiligungen\nvon Menschen mit Behinderungen"},{"__metadata":{"id":"https://ws.parlament.ch/OData.svc/Transcript(ID=29219L,Language='DE')","uri":"https://ws.parlament.ch/OData.svc/Transcript(ID=29219L,Language='DE')","type":"itsystems.Pd.DataServices.DataModel.Transcript"},"Subjects":{"__deferred":{"uri":"https://ws.parlament.ch/OData.svc/Transcript(ID=29219L,Language='DE')/Subjects"}},"MembersCouncil":{"__deferred":{"uri":"https://ws.parlament.ch/OData.svc/Transcript(ID=29219L,Language='DE')/MembersCouncil"}},"Businesses":{"__deferred":{"uri":"https://ws.parlament.ch/OData.svc/Transcript(ID=29219L,Language='DE')/Businesses"}},"ID":"29219","Language":"DE","IdSubject":"5226","VoteId":null,"PersonNumber":311,"Type":1,"Text":"<pd_text><p><b>1. Bundesbeschluss betreffend die Volksinitiative \"Gleiche Rechte f\u00fcr Behinderte\" </b></p>\n<p><b>1. Arr\u00eat\u00e9 f\u00e9d\u00e9ral concernant l'initiative populaire \"Droits \u00e9gaux pour les personnes handicap\u00e9es\" </b></p>\n</pd_text>","MeetingCouncilAbbreviation":"N","MeetingDate":"20021213","MeetingVerbalixOid":1004,"IdSession":"4616","SpeakerFirstName":"Yves","SpeakerLastName":"Christen","SpeakerFullName":"Christen Yves","SpeakerFunction":"P-M","CouncilId":1,"CouncilName":"Nationalrat","CantonId":22,"CantonName":"Waadt","CantonAbbreviation":"VD","ParlGroupName":"Freisinnig-demokratische Fraktion","ParlGroupAbbreviation":"RL","SortOrder":1,"Start":"\/Date(1039774202678)\/","End":"\/Date(1039774327506)\/","Function":"","DisplaySpeaker":false,"LanguageOfText":null,"Modified":"\/Date(1774878162236)\/","StartTimeWithTimezone":"\/Date(1039774202677+0060)\/","EndTimeWithTimezone":"\/Date(1039774327507+0060)\/","VoteBusinessNumber":null,"VoteBusinessShortNumber":null,"VoteBusinessTitle":null}]},"ID":"5226","Language":"DE","IdMeeting":"367","VerbalixOid":74398,"SortOrder":99,"Modified":"\/Date(1774878162233)\/"}}