{"d":{"__metadata":{"id":"https://ws.parlament.ch/OData.svc/Subject(ID=52492L,Language='DE')","uri":"https://ws.parlament.ch/OData.svc/Subject(ID=52492L,Language='DE')","type":"itsystems.Pd.DataServices.DataModel.Subject"},"Meetings":{"__metadata":{"id":"https://ws.parlament.ch/OData.svc/Meeting(ID=4461L,Language='DE')","uri":"https://ws.parlament.ch/OData.svc/Meeting(ID=4461L,Language='DE')","type":"itsystems.Pd.DataServices.DataModel.Meeting"},"Sessions":{"__deferred":{"uri":"https://ws.parlament.ch/OData.svc/Meeting(ID=4461L,Language='DE')/Sessions"}},"Subjects":{"__deferred":{"uri":"https://ws.parlament.ch/OData.svc/Meeting(ID=4461L,Language='DE')/Subjects"}},"ID":"4461","Language":"DE","MeetingNumber":12,"IdSession":5108,"SessionNumber":8,"SessionName":"Fr\u00fchjahrssession 2021","Council":2,"CouncilName":"St\u00e4nderat","CouncilAbbreviation":"SR","Date":"\/Date(1616112000000)\/","Begin":"0815","Modified":"\/Date(1617966835167)\/","LegislativePeriodNumber":51,"PublicationStatus":"final","MeetingOrderText":"Zw\u00f6lfte Sitzung","SortOrder":12,"Location":"S"},"SubjectsBusiness":{"results":[{"__metadata":{"id":"https://ws.parlament.ch/OData.svc/SubjectBusiness(BusinessNumber=20200047,IdSubject=52492L,Language='DE')","uri":"https://ws.parlament.ch/OData.svc/SubjectBusiness(BusinessNumber=20200047,IdSubject=52492L,Language='DE')","type":"itsystems.Pd.DataServices.DataModel.SubjectBusiness"},"Subjects":{"__deferred":{"uri":"https://ws.parlament.ch/OData.svc/SubjectBusiness(BusinessNumber=20200047,IdSubject=52492L,Language='DE')/Subjects"}},"Businesses":{"__deferred":{"uri":"https://ws.parlament.ch/OData.svc/SubjectBusiness(BusinessNumber=20200047,IdSubject=52492L,Language='DE')/Businesses"}},"IdSubject":"52492","BusinessNumber":20200047,"Language":"DE","BusinessShortNumber":"20.047","Title":"Soziale Sicherheit. Abkommen mit Bosnien und Herzegowina","SortOrder":1,"PublishedNotes":"Schlussabstimmung - Vote final\n","Modified":"\/Date(1607332161483)\/","TitleDE":"Soziale Sicherheit.\nAbkommen mit Bosnien\nund Herzegowina","TitleFR":"S\u00e9curit\u00e9 sociale.\nConvention avec la Bosnie\net Herz\u00e9govine","TitleIT":null}]},"Transcripts":{"results":[{"__metadata":{"id":"https://ws.parlament.ch/OData.svc/Transcript(ID=280514L,Language='DE')","uri":"https://ws.parlament.ch/OData.svc/Transcript(ID=280514L,Language='DE')","type":"itsystems.Pd.DataServices.DataModel.Transcript"},"Subjects":{"__deferred":{"uri":"https://ws.parlament.ch/OData.svc/Transcript(ID=280514L,Language='DE')/Subjects"}},"MembersCouncil":{"__deferred":{"uri":"https://ws.parlament.ch/OData.svc/Transcript(ID=280514L,Language='DE')/MembersCouncil"}},"Businesses":{"__deferred":{"uri":"https://ws.parlament.ch/OData.svc/Transcript(ID=280514L,Language='DE')/Businesses"}},"ID":"280514","Language":"DE","IdSubject":"52492","VoteId":"4340","PersonNumber":null,"Type":2,"Text":"<pd_text><p><b>Bundesbeschluss \u00fcber die Genehmigung des Abkommens zwischen der Schweiz und Bosnien und Herzegowina \u00fcber soziale Sicherheit</b>[GZ]</p>\n<p><b>Arr\u00eat\u00e9 f\u00e9d\u00e9ral portant approbation de la Convention de s\u00e9curit\u00e9 sociale entre la Suisse et la Bosnie et Herz\u00e9govine</b>[GZ]</p>\n<p>[VS][GZ]</p>\n<p><i>Abstimmung - Vote </i>[GZ]</p>\n<p>[NAM][GZ]</p>\n<p>F\u00fcr Annahme des Entwurfes ... 41 Stimmen [GZ]</p>\n<p>Dagegen ... 3 Stimmen [GZ]</p>\n<p>(0 Enthaltungen) [PAGE 339] </p>\n</pd_text>","MeetingCouncilAbbreviation":"S","MeetingDate":"20210319","MeetingVerbalixOid":3404,"IdSession":"5108","SpeakerFirstName":null,"SpeakerLastName":null,"SpeakerFullName":"","SpeakerFunction":null,"CouncilId":null,"CouncilName":null,"CantonId":null,"CantonName":null,"CantonAbbreviation":null,"ParlGroupName":null,"ParlGroupAbbreviation":null,"SortOrder":1,"Start":null,"End":null,"Function":null,"DisplaySpeaker":null,"LanguageOfText":null,"Modified":"\/Date(1663834853097)\/","StartTimeWithTimezone":null,"EndTimeWithTimezone":null,"VoteBusinessNumber":20200047,"VoteBusinessShortNumber":"20.047","VoteBusinessTitle":"Soziale Sicherheit.\nAbkommen mit Bosnien\nund Herzegowina"}]},"ID":"52492","Language":"DE","IdMeeting":"4461","VerbalixOid":647167,"SortOrder":11,"Modified":"\/Date(1663834853097)\/"}}