{"d":{"__metadata":{"id":"https://ws.parlament.ch/OData.svc/Subject(ID=5301L,Language='DE')","uri":"https://ws.parlament.ch/OData.svc/Subject(ID=5301L,Language='DE')","type":"itsystems.Pd.DataServices.DataModel.Subject"},"Meetings":{"__metadata":{"id":"https://ws.parlament.ch/OData.svc/Meeting(ID=374L,Language='DE')","uri":"https://ws.parlament.ch/OData.svc/Meeting(ID=374L,Language='DE')","type":"itsystems.Pd.DataServices.DataModel.Meeting"},"Sessions":{"__deferred":{"uri":"https://ws.parlament.ch/OData.svc/Meeting(ID=374L,Language='DE')/Sessions"}},"Subjects":{"__deferred":{"uri":"https://ws.parlament.ch/OData.svc/Meeting(ID=374L,Language='DE')/Subjects"}},"ID":"374","Language":"DE","MeetingNumber":7,"IdSession":4616,"SessionNumber":16,"SessionName":"Wintersession 2002","Council":2,"CouncilName":"St\u00e4nderat","CouncilAbbreviation":"SR","Date":"\/Date(1038960000000)\/","Begin":"1130","Modified":"\/Date(1447069825843)\/","LegislativePeriodNumber":46,"PublicationStatus":"final","MeetingOrderText":"Siebte Sitzung","SortOrder":7,"Location":"S"},"SubjectsBusiness":{"results":[{"__metadata":{"id":"https://ws.parlament.ch/OData.svc/SubjectBusiness(BusinessNumber=20020056,IdSubject=5301L,Language='DE')","uri":"https://ws.parlament.ch/OData.svc/SubjectBusiness(BusinessNumber=20020056,IdSubject=5301L,Language='DE')","type":"itsystems.Pd.DataServices.DataModel.SubjectBusiness"},"Subjects":{"__deferred":{"uri":"https://ws.parlament.ch/OData.svc/SubjectBusiness(BusinessNumber=20020056,IdSubject=5301L,Language='DE')/Subjects"}},"Businesses":{"__deferred":{"uri":"https://ws.parlament.ch/OData.svc/SubjectBusiness(BusinessNumber=20020056,IdSubject=5301L,Language='DE')/Businesses"}},"IdSubject":"5301","BusinessNumber":20020056,"Language":"DE","BusinessShortNumber":"02.056","Title":"Voranschlag 2002. Nachtrag II","SortOrder":1,"PublishedNotes":"Fortsetzung - Suite\n","Modified":"\/Date(1447069172896)\/","TitleDE":"Voranschlag 2002. Nachtrag II","TitleFR":"Budget 2002. Suppl\u00e9ment II","TitleIT":null}]},"Transcripts":{"results":[{"__metadata":{"id":"https://ws.parlament.ch/OData.svc/Transcript(ID=29936L,Language='DE')","uri":"https://ws.parlament.ch/OData.svc/Transcript(ID=29936L,Language='DE')","type":"itsystems.Pd.DataServices.DataModel.Transcript"},"Subjects":{"__deferred":{"uri":"https://ws.parlament.ch/OData.svc/Transcript(ID=29936L,Language='DE')/Subjects"}},"MembersCouncil":{"__deferred":{"uri":"https://ws.parlament.ch/OData.svc/Transcript(ID=29936L,Language='DE')/MembersCouncil"}},"Businesses":{"__deferred":{"uri":"https://ws.parlament.ch/OData.svc/Transcript(ID=29936L,Language='DE')/Businesses"}},"ID":"29936","Language":"DE","IdSubject":"5301","VoteId":null,"PersonNumber":null,"Type":3,"Text":"<pd_text><p><i>Ausgabenbremse - Frein aux d\u00e9penses</i></p>\n<p>[VS]</p>\n<p><i>Abstimmung - Vote</i></p>\n<p>F\u00fcr Annahme der Ausgabe .... 33 Stimmen</p>\n<p>(Einstimmigkeit)</p>\n<p>[VS]</p>\n<p><i>Das qualifizierte Mehr ist erreicht</i></p>\n<p><i>La majorit\u00e9 qualifi\u00e9e est acquise</i></p>\n<p>[VS]</p>\n<p>[VS]</p>\n<p><i>Gesamtabstimmung - Vote sur l'ensemble</i></p>\n<p>F\u00fcr Annahme des Entwurfes .... 34 Stimmen</p>\n<p>Dagegen .... 1 Stimme</p>\n<p>[VS]</p>\n<p>[VS]</p>\n<p><b>3. Bundesbeschluss II \u00fcber die Entnahmen aus dem Fonds f\u00fcr die Eisenbahn-Grossprojekte f\u00fcr das Jahr 2002 </b></p>\n<p><b>3. Arr\u00eat\u00e9 f\u00e9d\u00e9ral II concernant les pr\u00e9l\u00e8vements sur le fonds pour les grands projets ferroviaires pour l'ann\u00e9e 2002 </b></p>\n<p>[VS]</p>\n<p><i>Detailberatung - Examen de d\u00e9tail</i></p>\n<p>[VS]</p>\n<p><b>Titel und Ingress, Art. 1, 2</b></p>\n<p><i>Antrag der Kommission</i></p>\n<p>Zustimmung zum Beschluss des Nationalrates</p>\n<p>[VS]</p>\n<p><b>Titre et pr\u00e9ambule, art. 1, 2</b></p>\n<p><i>Proposition de la commission</i></p>\n<p>Adh\u00e9rer \u00e0 la d\u00e9cision du Conseil national</p>\n<p>[VS]</p>\n<p><i>Angenommen - Adopt\u00e9</i></p>\n<p>[VS]</p>\n<p><i>Gesamtabstimmung - Vote sur l'ensemble</i></p>\n<p>F\u00fcr Annahme des Entwurfes .... 28 Stimmen</p>\n<p>(Einstimmigkeit)</p>\n</pd_text>","MeetingCouncilAbbreviation":"S","MeetingDate":"20021204","MeetingVerbalixOid":1011,"IdSession":"4616","SpeakerFirstName":null,"SpeakerLastName":null,"SpeakerFullName":"","SpeakerFunction":null,"CouncilId":null,"CouncilName":null,"CantonId":null,"CantonName":null,"CantonAbbreviation":null,"ParlGroupName":null,"ParlGroupAbbreviation":null,"SortOrder":3,"Start":"\/Date(1039006631793)\/","End":"\/Date(1039007258770)\/","Function":null,"DisplaySpeaker":null,"LanguageOfText":"DE","Modified":"\/Date(1510849423193)\/","StartTimeWithTimezone":"\/Date(1039006631793+0060)\/","EndTimeWithTimezone":"\/Date(1039007258770+0060)\/","VoteBusinessNumber":null,"VoteBusinessShortNumber":null,"VoteBusinessTitle":null},{"__metadata":{"id":"https://ws.parlament.ch/OData.svc/Transcript(ID=29937L,Language='DE')","uri":"https://ws.parlament.ch/OData.svc/Transcript(ID=29937L,Language='DE')","type":"itsystems.Pd.DataServices.DataModel.Transcript"},"Subjects":{"__deferred":{"uri":"https://ws.parlament.ch/OData.svc/Transcript(ID=29937L,Language='DE')/Subjects"}},"MembersCouncil":{"__deferred":{"uri":"https://ws.parlament.ch/OData.svc/Transcript(ID=29937L,Language='DE')/MembersCouncil"}},"Businesses":{"__deferred":{"uri":"https://ws.parlament.ch/OData.svc/Transcript(ID=29937L,Language='DE')/Businesses"}},"ID":"29937","Language":"DE","IdSubject":"5301","VoteId":null,"PersonNumber":398,"Type":1,"Text":"<pd_text><p>Nur kurz: Sie finden den Kredit in der Botschaft 02.056 auf der hintersten Seite. Es ist ein einziger Kredit aus dem Departement f\u00fcr Umwelt, Verkehr, Energie und Kommunikation: ein Zusatzkredit \u00fcber 30 Millionen Franken. Der Kredit war in der Kommission unbestritten.</p>\n<p>Ich beantrage, dem Kredit zuzustimmen.</p>\n</pd_text>","MeetingCouncilAbbreviation":"S","MeetingDate":"20021204","MeetingVerbalixOid":1011,"IdSession":"4616","SpeakerFirstName":"Hans-Rudolf","SpeakerLastName":"Merz","SpeakerFullName":"Merz Hans-Rudolf","SpeakerFunction":"","CouncilId":2,"CouncilName":"St\u00e4nderat","CantonId":15,"CantonName":"Appenzell A.-Rh.","CantonAbbreviation":"AR","ParlGroupName":"Freisinnig-demokratische Fraktion","ParlGroupAbbreviation":"RL","SortOrder":2,"Start":"\/Date(1039006610200)\/","End":"\/Date(1039006631793)\/","Function":"*","DisplaySpeaker":true,"LanguageOfText":"DE","Modified":"\/Date(1510849423193)\/","StartTimeWithTimezone":"\/Date(1039006610200+0060)\/","EndTimeWithTimezone":"\/Date(1039006631793+0060)\/","VoteBusinessNumber":null,"VoteBusinessShortNumber":null,"VoteBusinessTitle":null},{"__metadata":{"id":"https://ws.parlament.ch/OData.svc/Transcript(ID=29938L,Language='DE')","uri":"https://ws.parlament.ch/OData.svc/Transcript(ID=29938L,Language='DE')","type":"itsystems.Pd.DataServices.DataModel.Transcript"},"Subjects":{"__deferred":{"uri":"https://ws.parlament.ch/OData.svc/Transcript(ID=29938L,Language='DE')/Subjects"}},"MembersCouncil":{"__deferred":{"uri":"https://ws.parlament.ch/OData.svc/Transcript(ID=29938L,Language='DE')/MembersCouncil"}},"Businesses":{"__deferred":{"uri":"https://ws.parlament.ch/OData.svc/Transcript(ID=29938L,Language='DE')/Businesses"}},"ID":"29938","Language":"DE","IdSubject":"5301","VoteId":null,"PersonNumber":168,"Type":1,"Text":"<pd_text><p><i>Eintreten ist obligatorisch </i></p>\n<p><i>L'entr\u00e9e en mati\u00e8re est acquise de plein droit </i></p>\n<p>[VS]</p>\n<p><b>1. Finanzrechnung </b></p>\n<p><b>1. Compte financier </b></p>\n<p>[VS]</p>\n<p><b>Finanzdepartement - D\u00e9partement des finances</b></p>\n<p>[VS]</p>\n<p><i>614 Personalamt </i></p>\n<p><i>614 Office du personnel </i></p>\n<p>[VS]</p>\n<p><i>Antrag der Kommission </i></p>\n<p>3180.000 Dienstleistungen Dritter </p>\n<p>Zustimmung zum Beschluss des Nationalrates</p>\n<p>[VS]</p>\n<p><i>Proposition de la commission </i></p>\n<p>3180.000 Prestations de service de tiers </p>\n<p>Adh\u00e9rer \u00e0 la d\u00e9cision du Conseil national</p>\n<p>[VS]</p>\n<p><i>Angenommen - Adopt\u00e9</i></p>\n<p>[VS]</p>\n<p><b>Departement f\u00fcr Umwelt, Verkehr, Energie und Kommunikation</b></p>\n<p><b>D\u00e9partement de l'environnement, des transports, de l'\u00e9nergie et de la communication</b></p>\n<p>[VS]</p>\n<p><i>808 Bundesamt f\u00fcr Kommunikation </i></p>\n<p><i>808 Office f\u00e9d\u00e9ral de la communication </i></p>\n<p>[VS]</p>\n<p><i>Antrag der Kommission</i></p>\n<p>3600.004 Lokale und regionale Rundfunkveranstalter </p>\n<p>Zustimmung zum Beschluss des Nationalrates</p>\n<p>[VS]</p>\n<p><i>Proposition de la commission</i></p>\n<p>3600.004 Diffuseurs r\u00e9gionaux et locaux </p>\n<p>Adh\u00e9rer \u00e0 la d\u00e9cision du Conseil national</p>\n<p>[VS]</p>\n<p><i>Angenommen - Adopt\u00e9</i></p>\n<p>[VS]</p>\n<p>[VS]</p>\n<p><b>2. Bundesbeschluss I \u00fcber den Nachtrag II zum Voranschlag 2002 </b></p>\n<p><b>2. Arr\u00eat\u00e9 f\u00e9d\u00e9ral I concernant le suppl\u00e9ment II au budget 2002 </b></p>\n<p>[VS]</p>\n<p><b>Titel und Ingress, Art. 1, 1bis, 2, 3</b></p>\n<p><i>Antrag der Kommission</i></p>\n<p>Zustimmung zum Beschluss des Nationalrates</p>\n<p>[VS]</p>\n<p><b>Titre et pr\u00e9ambule, art. 1, 1bis, 2, 3</b></p>\n<p><i>Proposition de la commission</i></p>\n<p>Adh\u00e9rer \u00e0 la d\u00e9cision du Conseil national</p>\n<p>[VS]</p>\n<p><i>Angenommen - Adopt\u00e9</i></p>\n<p>[VS]</p>\n<p><i>Art. 2</i></p>\n</pd_text>","MeetingCouncilAbbreviation":"S","MeetingDate":"20021204","MeetingVerbalixOid":1011,"IdSession":"4616","SpeakerFirstName":"Gian-Reto","SpeakerLastName":"Plattner","SpeakerFullName":"Plattner Gian-Reto","SpeakerFunction":"P-M","CouncilId":2,"CouncilName":"St\u00e4nderat","CantonId":12,"CantonName":"Basel-Stadt","CantonAbbreviation":"BS","ParlGroupName":"Sozialdemokratische Fraktion","ParlGroupAbbreviation":"S","SortOrder":1,"Start":"\/Date(1039007057147)\/","End":"\/Date(1039007258770)\/","Function":"","DisplaySpeaker":false,"LanguageOfText":null,"Modified":"\/Date(1510849423193)\/","StartTimeWithTimezone":"\/Date(1039007057147+0060)\/","EndTimeWithTimezone":"\/Date(1039007258770+0060)\/","VoteBusinessNumber":null,"VoteBusinessShortNumber":null,"VoteBusinessTitle":null}]},"ID":"5301","Language":"DE","IdMeeting":"374","VerbalixOid":71803,"SortOrder":2,"Modified":"\/Date(1510849423193)\/"}}