{"d":{"__metadata":{"id":"https://ws.parlament.ch/OData.svc/Subject(ID=53171L,Language='DE')","uri":"https://ws.parlament.ch/OData.svc/Subject(ID=53171L,Language='DE')","type":"itsystems.Pd.DataServices.DataModel.Subject"},"Meetings":{"__metadata":{"id":"https://ws.parlament.ch/OData.svc/Meeting(ID=4481L,Language='DE')","uri":"https://ws.parlament.ch/OData.svc/Meeting(ID=4481L,Language='DE')","type":"itsystems.Pd.DataServices.DataModel.Meeting"},"Sessions":{"__deferred":{"uri":"https://ws.parlament.ch/OData.svc/Meeting(ID=4481L,Language='DE')/Sessions"}},"Subjects":{"__deferred":{"uri":"https://ws.parlament.ch/OData.svc/Meeting(ID=4481L,Language='DE')/Subjects"}},"ID":"4481","Language":"DE","MeetingNumber":7,"IdSession":5110,"SessionNumber":10,"SessionName":"Sommersession 2021","Council":1,"CouncilName":"Nationalrat","CouncilAbbreviation":"NR","Date":"\/Date(1623110400000)\/","Begin":"0800","Modified":"\/Date(1626252665553)\/","LegislativePeriodNumber":51,"PublicationStatus":"final","MeetingOrderText":"Siebte Sitzung","SortOrder":7,"Location":"N"},"SubjectsBusiness":{"results":[{"__metadata":{"id":"https://ws.parlament.ch/OData.svc/SubjectBusiness(BusinessNumber=20180446,IdSubject=53171L,Language='DE')","uri":"https://ws.parlament.ch/OData.svc/SubjectBusiness(BusinessNumber=20180446,IdSubject=53171L,Language='DE')","type":"itsystems.Pd.DataServices.DataModel.SubjectBusiness"},"Subjects":{"__deferred":{"uri":"https://ws.parlament.ch/OData.svc/SubjectBusiness(BusinessNumber=20180446,IdSubject=53171L,Language='DE')/Subjects"}},"Businesses":{"__deferred":{"uri":"https://ws.parlament.ch/OData.svc/SubjectBusiness(BusinessNumber=20180446,IdSubject=53171L,Language='DE')/Businesses"}},"IdSubject":"53171","BusinessNumber":20180446,"Language":"DE","BusinessShortNumber":"18.446","Title":"Mehr Demokratie. Konstruktives Referendum","SortOrder":1,"PublishedNotes":"Vorpr\u00fcfung - Examen pr\u00e9alable\n","Modified":"\/Date(1539073982470)\/","TitleDE":"Parlamentarische Initiative\nWermuth C\u00e9dric.\nMehr Demokratie.\nKonstruktives Referendum","TitleFR":"Initiative parlementaire\nWermuth C\u00e9dric.\nPlus de d\u00e9mocratie.\nR\u00e9f\u00e9rendum constructif","TitleIT":null}]},"Transcripts":{"results":[{"__metadata":{"id":"https://ws.parlament.ch/OData.svc/Transcript(ID=283598L,Language='DE')","uri":"https://ws.parlament.ch/OData.svc/Transcript(ID=283598L,Language='DE')","type":"itsystems.Pd.DataServices.DataModel.Transcript"},"Subjects":{"__deferred":{"uri":"https://ws.parlament.ch/OData.svc/Transcript(ID=283598L,Language='DE')/Subjects"}},"MembersCouncil":{"__deferred":{"uri":"https://ws.parlament.ch/OData.svc/Transcript(ID=283598L,Language='DE')/MembersCouncil"}},"Businesses":{"__deferred":{"uri":"https://ws.parlament.ch/OData.svc/Transcript(ID=283598L,Language='DE')/Businesses"}},"ID":"283598","Language":"DE","IdSubject":"53171","VoteId":null,"PersonNumber":4142,"Type":1,"Text":"<pd_text><p>Kollege Wermuth, ich m\u00f6chte Sie fragen, ob Sie das reale Beispiel des ehemaligen konstruktiven Referendums im Kanton Z\u00fcrich kennen. Dieses wurde mit einer revidierten Verfassung eingef\u00fchrt und hat dazu gef\u00fchrt, dass sich letztlich alle ver\u00e4nderungsinteressierten Kr\u00e4fte gegenseitig neutralisiert haben und letztlich eigentlich immer die konservative Beharrungsposition als Siegerin aus den Abstimmungen hervorgegangen ist. Der H\u00f6hepunkt war eine Abstimmung zum damaligen Spitalfinanzierungsgesetz. Bei diesem f\u00fchrten drei oder vier parallel laufende konstruktive Referenden mit den M\u00f6glichkeiten von Mehrfachantworten und dem Ausdruck von Pr\u00e4ferenzen, die die Abstimmenden auch haben mussten, zu etwa dreissig oder mehr m\u00f6glichen Antwortvarianten. Das war letztlich der Tod der Idee und f\u00fchrte zu einer breit unterst\u00fctzten Abschaffung dieses Instruments. Kennen Sie diesen Anwendungsfall?</p>\n</pd_text>","MeetingCouncilAbbreviation":"N","MeetingDate":"20210608","MeetingVerbalixOid":3424,"IdSession":"5110","SpeakerFirstName":"Beat","SpeakerLastName":"Walti","SpeakerFullName":"Walti Beat","SpeakerFunction":"Mit-M","CouncilId":1,"CouncilName":"Nationalrat","CantonId":1,"CantonName":"Z\u00fcrich","CantonAbbreviation":"ZH","ParlGroupName":"FDP-Liberale Fraktion","ParlGroupAbbreviation":"RL","SortOrder":3,"Start":"\/Date(1623153085011)\/","End":"\/Date(1623153159679)\/","Function":"Mit-M","DisplaySpeaker":true,"LanguageOfText":"DE","Modified":"\/Date(1774877026241)\/","StartTimeWithTimezone":"\/Date(1623153085010+0120)\/","EndTimeWithTimezone":"\/Date(1623153159680+0120)\/","VoteBusinessNumber":null,"VoteBusinessShortNumber":null,"VoteBusinessTitle":null},{"__metadata":{"id":"https://ws.parlament.ch/OData.svc/Transcript(ID=283601L,Language='DE')","uri":"https://ws.parlament.ch/OData.svc/Transcript(ID=283601L,Language='DE')","type":"itsystems.Pd.DataServices.DataModel.Transcript"},"Subjects":{"__deferred":{"uri":"https://ws.parlament.ch/OData.svc/Transcript(ID=283601L,Language='DE')/Subjects"}},"MembersCouncil":{"__deferred":{"uri":"https://ws.parlament.ch/OData.svc/Transcript(ID=283601L,Language='DE')/MembersCouncil"}},"Businesses":{"__deferred":{"uri":"https://ws.parlament.ch/OData.svc/Transcript(ID=283601L,Language='DE')/Businesses"}},"ID":"283601","Language":"DE","IdSubject":"53171","VoteId":null,"PersonNumber":4057,"Type":1,"Text":"<pd_text><p>Die Kommissionsmehrheit beantragt Ihnen, meiner parlamentarischen Initiative zur Einf\u00fchrung des konstruktiven Referendums Folge zu geben. Es ist faszinierend zu sehen, wie sich angesichts der politischen Realit\u00e4ten gewisse Fragen immer wieder stellen. Das konstruktive Referendum war bereits zweimal ein grosses Thema: 1992 und 1999. Die Geschichte wiederholt sich nicht, aber sie reimt sich manchmal. Es gab damals n\u00e4mlich zwei Ausl\u00f6ser. 1992 war es das vom Bundesrat erwartete Ja zum EWR, das dann, wie Sie wissen, nicht zustande kam. 1999 war es die Erfahrung mit der 10. AHV-Revision.</p>\n<p>Das konstruktive Referendum wurde 1992 im Kontext der EWR-Debatte vorgeschlagen, und zwar als M\u00f6glichkeit, die innenpolitischen Rechte so auszuweiten, dass die Demokratie in einem europ\u00e4ischen Integrationsprozess gest\u00e4rkt und nicht geschw\u00e4cht w\u00fcrde. Seither hat sich die Situation noch zus\u00e4tzlich versch\u00e4rft. Internationales Recht wirkt immer st\u00e4rker auf das innenpolitische Recht ein. Nehmen Sie als Beispiel die aktuelle Debatte um die Mindestbesteuerung innerhalb der OECD oder der G-7. Die Regulierung geht, wenn wir nicht reagieren, mit einer Einschr\u00e4nkung der demokratischen Souver\u00e4nit\u00e4t der Bev\u00f6lkerung in diesem Land einher.</p>\n<p>Das konstruktive Referendum ist gerade im Hinblick auf diese Fragen eine der m\u00f6glichen L\u00f6sungen. Ich beantragte es damals, vor zwei Jahren, im Hinblick auf ein allf\u00e4lliges Rahmenabkommen in der Kommission. Es w\u00e4re auch bei blockierten Debatten eine M\u00f6glichkeit, schneller als heute m\u00f6glich wieder einen weiterf\u00fchrenden Weg zu finden. Nehmen Sie als Beispiel die elektronische ID, \u00fcber die wir abgestimmt haben. Das konstruktive Referendum h\u00e4tte es erm\u00f6glicht, dass an diesem Tag ein Initiativ- oder Referendumskomitee einen Gegenvorschlag f\u00fcr eine elektronische ID auf rein staatlicher Basis gemacht h\u00e4tte. Damit h\u00e4tten wir an diesem Sonntag \u00fcber zwei Varianten abgestimmt und keine Zeit verloren, denn bez\u00fcglich des Ziels, dass wir eine elektronische ID brauchen, w\u00e4ren sich eigentlich beide Lager einig gewesen.</p>\n<p>Letztlich scheint es mir nicht nur aufgrund der zunehmenden Internationalisierung der Beziehungen zwischen den Staaten, sondern vor allem aus staatspolitischen \u00dcberlegungen ganz zentral zu sein, dass wir uns diese Frage stellen. Das konstruktive Referendum w\u00e4re n\u00e4mlich ein Ausgleich gegen\u00fcber einem Recht, das heute dem Parlament zusteht, aber nicht dem Volk. Wenn das Volk eine Initiative vorschl\u00e4gt, dann kann das Parlament heute einen Gegenvorschlag machen. Wenn aber das Parlament ein Gesetz vorschl\u00e4gt, kann heute das Volk keinen konstruktiven Gegenvorschlag machen. Damit ist das konstruktive Referendum eigentlich der logische kleine Bruder des Gegenvorschlags des parlamentarischen Rechts und damit die Vollendung der direkten Demokratie, die wir hier in diesem Land alle gemeinsam so sch\u00e4tzen.</p>\n<p>Ich m\u00f6chte noch kurz die aus meiner Sicht wichtigsten Gegenargumente entkr\u00e4ften. Nein, dies ist nicht die Einf\u00fchrung einer Gesetzes-Initiative. Es gibt ein Kontinuum, auf dem das konstruktive Referendum eingef\u00fchrt werden kann, wo wir uns entscheiden k\u00f6nnen, welche Variante wir wollen. Die parlamentarische Initiative ist bewusst sehr allgemein gefasst und hat einige H\u00fcrden eingebaut, die man sicher wieder andenken k\u00f6nnte. 1999 gab es beispielsweise den Vorschlag, dass man nur ein konstruktives Referendum mit Gegenvorschl\u00e4gen machen kann, die bereits im Parlament in der Diskussion vorlagen. Das kann man sich durchaus \u00fcberlegen. </p>\n<p>Die weitere Frage ist nat\u00fcrlich die Verfassungsm\u00e4ssigkeit der Vorschl\u00e4ge, das ist klar. Was tun wir, wenn ein konstruktives Referendum die Einheit der Materie verletzt? Es ist theoretisch eine M\u00f6glichkeit, dass das geschehen k\u00f6nnte. Allerdings m\u00f6chte ich hier wirklich auf die Praxis und die bisherige Historie der direkten Demokratie verweisen. Es ist selten so, dass das Parlament hart an der Verfassungsm\u00e4ssigkeit legiferiert. Es kommt vor, aber es ist die absolute Ausnahme. Man k\u00f6nnte eine Einschr\u00e4nkung vorsehen, beispielsweise diejenige, dass parlamentarische Vorschl\u00e4ge ein Pr\u00fcfverfahren zwischen zwei Sessionen durchlaufen m\u00fcssten. Faktisch wird das der absolute Ausnahmefall sein. Auf der anderen Seite steht die Erg\u00e4nzung der direkt-demokratischen Rechte, ein Ausgleich der Volksrechte zwischen Volk und Parlament.</p>\n<p>Ich bitte Sie in diesem Sinne, der Initiative Folge zu geben. [PAGE 1148] </p>\n</pd_text>","MeetingCouncilAbbreviation":"N","MeetingDate":"20210608","MeetingVerbalixOid":3424,"IdSession":"5110","SpeakerFirstName":"C\u00e9dric","SpeakerLastName":"Wermuth","SpeakerFullName":"Wermuth C\u00e9dric","SpeakerFunction":"Mit-M","CouncilId":1,"CouncilName":"Nationalrat","CantonId":19,"CantonName":"Aargau","CantonAbbreviation":"AG","ParlGroupName":"Sozialdemokratische Fraktion","ParlGroupAbbreviation":"S","SortOrder":2,"Start":"\/Date(1623152773971)\/","End":"\/Date(1623153080994)\/","Function":"Mit-M","DisplaySpeaker":true,"LanguageOfText":"DE","Modified":"\/Date(1774877026237)\/","StartTimeWithTimezone":"\/Date(1623152773970+0120)\/","EndTimeWithTimezone":"\/Date(1623153080993+0120)\/","VoteBusinessNumber":null,"VoteBusinessShortNumber":null,"VoteBusinessTitle":null},{"__metadata":{"id":"https://ws.parlament.ch/OData.svc/Transcript(ID=283602L,Language='DE')","uri":"https://ws.parlament.ch/OData.svc/Transcript(ID=283602L,Language='DE')","type":"itsystems.Pd.DataServices.DataModel.Transcript"},"Subjects":{"__deferred":{"uri":"https://ws.parlament.ch/OData.svc/Transcript(ID=283602L,Language='DE')/Subjects"}},"MembersCouncil":{"__deferred":{"uri":"https://ws.parlament.ch/OData.svc/Transcript(ID=283602L,Language='DE')/MembersCouncil"}},"Businesses":{"__deferred":{"uri":"https://ws.parlament.ch/OData.svc/Transcript(ID=283602L,Language='DE')/Businesses"}},"ID":"283602","Language":"DE","IdSubject":"53171","VoteId":null,"PersonNumber":3867,"Type":1,"Text":"<pd_text><p><i>Antrag der Mehrheit </i>[GZ]</p>\n<p>Der Initiative Folge geben</p>\n<p>[VS]</p>\n<p><i>Antrag der Minderheit </i>[GZ]</p>\n<p>(Pfister Gerhard, Addor, Binder, Cottier, Fluri, Gm\u00fcr Alois, Moret Isabelle, Silberschmidt, Streiff)[GZ]</p>\n<p>Der Initiative keine Folge geben</p>\n<p>[VS]</p>\n<p><i>Proposition de la majorit\u00e9 </i>[GZ]</p>\n<p>Donner suite \u00e0 l'initiative</p>\n<p>[VS]</p>\n<p><i>Proposition de la minorit\u00e9 </i>[GZ]</p>\n<p>(Pfister Gerhard, Addor, Binder, Cottier, Fluri, Gm\u00fcr Alois, Moret Isabelle, Silberschmidt, Streiff)[GZ]</p>\n<p>Ne pas donner suite \u00e0 l'initiative</p>\n<p>[VS]</p>\n<p><b>Pr\u00e4sident </b>(Aebi Andreas, Pr\u00e4sident): Sie haben einen schriftlichen Bericht der Kommission erhalten. </p>\n</pd_text>","MeetingCouncilAbbreviation":"N","MeetingDate":"20210608","MeetingVerbalixOid":3424,"IdSession":"5110","SpeakerFirstName":"Andreas","SpeakerLastName":"Aebi","SpeakerFullName":"Aebi Andreas","SpeakerFunction":"P-M","CouncilId":1,"CouncilName":"Nationalrat","CantonId":2,"CantonName":"Bern","CantonAbbreviation":"BE","ParlGroupName":"Fraktion der Schweizerischen Volkspartei","ParlGroupAbbreviation":"V","SortOrder":1,"Start":"\/Date(1623152735927)\/","End":"\/Date(1623152773971)\/","Function":"P-M","DisplaySpeaker":false,"LanguageOfText":null,"Modified":"\/Date(1774877026235)\/","StartTimeWithTimezone":"\/Date(1623152735927+0120)\/","EndTimeWithTimezone":"\/Date(1623152773970+0120)\/","VoteBusinessNumber":null,"VoteBusinessShortNumber":null,"VoteBusinessTitle":null},{"__metadata":{"id":"https://ws.parlament.ch/OData.svc/Transcript(ID=283603L,Language='DE')","uri":"https://ws.parlament.ch/OData.svc/Transcript(ID=283603L,Language='DE')","type":"itsystems.Pd.DataServices.DataModel.Transcript"},"Subjects":{"__deferred":{"uri":"https://ws.parlament.ch/OData.svc/Transcript(ID=283603L,Language='DE')/Subjects"}},"MembersCouncil":{"__deferred":{"uri":"https://ws.parlament.ch/OData.svc/Transcript(ID=283603L,Language='DE')/MembersCouncil"}},"Businesses":{"__deferred":{"uri":"https://ws.parlament.ch/OData.svc/Transcript(ID=283603L,Language='DE')/Businesses"}},"ID":"283603","Language":"DE","IdSubject":"53171","VoteId":null,"PersonNumber":4057,"Type":1,"Text":"<pd_text><p>Gesch\u00e4tzter Kollege Walti, dieser Fall ist mir sehr wohl bekannt. Sie werden mir verzeihen, wenn ich Sie darauf hinweise, dass es in der Schweiz erstens neben Z\u00fcrich auch noch andere Kantone gibt und zweitens andere Kantone bereits ein konstruktives Referendum kennen, das sehr gut funktioniert. Ich m\u00f6chte den Z\u00fcrcherinnen und Z\u00fcrchern nicht zu nahe treten. Aber so wie das konstruktive Referendum in Z\u00fcrich eingef\u00fchrt wurde, war es eben eine Fehlkonstruktion.</p>\n<p>Ich habe vorhin nachgeschaut - darum habe ich auf das Blatt geschaut, ich wollte nicht wegh\u00f6ren, als Sie redeten, sondern ich wollte korrekt zitieren - und ein Zitat des Vizepr\u00e4sidenten der Berner Verfassungskommission herausgesucht, die in Bern den sogenannten Volksvorschlag eingef\u00fchrt hat. Er hat einen sch\u00f6nen Vergleich gebracht und gesagt, wer den Schweizerinnen und Schweizern nicht zumute, die Komplexit\u00e4t des konstruktiven Referendums zu verstehen, untersch\u00e4tze, dass diese Menschen jeden Tag beim Jassen schwierigere strategische Entscheidungen als beim konstruktiven Referendum f\u00e4llen w\u00fcrden.</p>\n<p>Die Begr\u00fcndung daf\u00fcr, dass das richtig ist - Herr Walti, jetzt m\u00fcssen Sie kurz warten, denn jetzt kommt die sachliche Begr\u00fcndung -, ist, dass der Volksvorschlag im Kanton Bern ein Instrument ist, das sehr gut funktioniert, und dass sogar in der Mehrheit der Anwendungsf\u00e4lle im Sinne derjenigen entschieden wird, die den Volksvorschlag lanciert haben. Das Volk kann also sehr wohl differenzieren. Man k\u00f6nnte die Fragen mit H\u00fcrden und Stichfragen l\u00f6sen. Z\u00fcrich ist wirklich das einzige Beispiel, in dem die Geschichte leider schiefgegangen ist.</p>\n</pd_text>","MeetingCouncilAbbreviation":"N","MeetingDate":"20210608","MeetingVerbalixOid":3424,"IdSession":"5110","SpeakerFirstName":"C\u00e9dric","SpeakerLastName":"Wermuth","SpeakerFullName":"Wermuth C\u00e9dric","SpeakerFunction":"Mit-M","CouncilId":1,"CouncilName":"Nationalrat","CantonId":19,"CantonName":"Aargau","CantonAbbreviation":"AG","ParlGroupName":"Sozialdemokratische Fraktion","ParlGroupAbbreviation":"S","SortOrder":4,"Start":"\/Date(1623153159679)\/","End":"\/Date(1623153250433)\/","Function":"Mit-M","DisplaySpeaker":true,"LanguageOfText":"DE","Modified":"\/Date(1774877026241)\/","StartTimeWithTimezone":"\/Date(1623153159680+0120)\/","EndTimeWithTimezone":"\/Date(1623153250433+0120)\/","VoteBusinessNumber":null,"VoteBusinessShortNumber":null,"VoteBusinessTitle":null},{"__metadata":{"id":"https://ws.parlament.ch/OData.svc/Transcript(ID=283607L,Language='DE')","uri":"https://ws.parlament.ch/OData.svc/Transcript(ID=283607L,Language='DE')","type":"itsystems.Pd.DataServices.DataModel.Transcript"},"Subjects":{"__deferred":{"uri":"https://ws.parlament.ch/OData.svc/Transcript(ID=283607L,Language='DE')/Subjects"}},"MembersCouncil":{"__deferred":{"uri":"https://ws.parlament.ch/OData.svc/Transcript(ID=283607L,Language='DE')/MembersCouncil"}},"Businesses":{"__deferred":{"uri":"https://ws.parlament.ch/OData.svc/Transcript(ID=283607L,Language='DE')/Businesses"}},"ID":"283607","Language":"DE","IdSubject":"53171","VoteId":"23137","PersonNumber":null,"Type":2,"Text":"<pd_text><p><b>Pr\u00e4sident </b>(Aebi Andreas, Pr\u00e4sident): Die Kommission beantragt, der parlamentarischen Initiative Folge zu geben. Eine Minderheit Pfister Gerhard beantragt, der parlamentarischen Initiative keine Folge zu geben. </p>\n<p>[VS][GZ]</p>\n<p><i>Abstimmung - Vote </i>[GZ]</p>\n<p>[NAM][GZ]</p>\n<p>F\u00fcr Folgegeben ... 82 Stimmen [GZ]</p>\n<p>Dagegen ... 109 Stimmen [GZ]</p>\n<p>(1 Enthaltung) [PAGE 1149] </p>\n</pd_text>","MeetingCouncilAbbreviation":"N","MeetingDate":"20210608","MeetingVerbalixOid":3424,"IdSession":"5110","SpeakerFirstName":null,"SpeakerLastName":null,"SpeakerFullName":"","SpeakerFunction":null,"CouncilId":null,"CouncilName":null,"CantonId":null,"CantonName":null,"CantonAbbreviation":null,"ParlGroupName":null,"ParlGroupAbbreviation":null,"SortOrder":7,"Start":"\/Date(1623153537847)\/","End":"\/Date(1623153550636)\/","Function":null,"DisplaySpeaker":null,"LanguageOfText":null,"Modified":"\/Date(1774877026247)\/","StartTimeWithTimezone":"\/Date(1623153537847+0120)\/","EndTimeWithTimezone":"\/Date(1623153550637+0120)\/","VoteBusinessNumber":20180446,"VoteBusinessShortNumber":"18.446","VoteBusinessTitle":"Parlamentarische Initiative\nWermuth C\u00e9dric.\nMehr Demokratie.\nKonstruktives Referendum"},{"__metadata":{"id":"https://ws.parlament.ch/OData.svc/Transcript(ID=283621L,Language='DE')","uri":"https://ws.parlament.ch/OData.svc/Transcript(ID=283621L,Language='DE')","type":"itsystems.Pd.DataServices.DataModel.Transcript"},"Subjects":{"__deferred":{"uri":"https://ws.parlament.ch/OData.svc/Transcript(ID=283621L,Language='DE')/Subjects"}},"MembersCouncil":{"__deferred":{"uri":"https://ws.parlament.ch/OData.svc/Transcript(ID=283621L,Language='DE')/MembersCouncil"}},"Businesses":{"__deferred":{"uri":"https://ws.parlament.ch/OData.svc/Transcript(ID=283621L,Language='DE')/Businesses"}},"ID":"283621","Language":"DE","IdSubject":"53171","VoteId":null,"PersonNumber":4228,"Type":1,"Text":"<pd_text><p>Vielen Dank f\u00fcr die Ausf\u00fchrungen, Herr Buffat. Die Kommission hat an ihrer Sitzung vom 11. Oktober 2019 die parlamentarische Initiative Wermuth vorgepr\u00fcft und ihr auch Folge gegeben. Die Staatspolitische Kommission des St\u00e4nderates hat diesem Beschluss aber nicht zugestimmt. Am 18. Februar 2021 hat unsere Kommission wiederum beschlossen, unserem Rat, also Ihnen, den Antrag zu stellen, der Initiative Folge zu geben.</p>\n<p>Die Kommission erachtet es als Gewinn f\u00fcr das direkt-demokratische Instrumentarium, wenn 50[NB]000 Stimmberechtigte oder acht Kantone gemeinsam mit einem Referendum zu einem Gesetz oder einem Bundesbeschluss einen Gegenvorschlag einbringen k\u00f6nnen. Sie sieht darin eine M\u00f6glichkeit, den politischen Entscheidungsprozess zu deblockieren und zu beschleunigen. Die Stimmberechtigten k\u00f6nnen mit dem neuen Instrument ihre Meinung differenzierter zum Ausdruck bringen, als dies heute der Fall ist, wenn sie einen Teil einer Vorlage begr\u00fcssen, einen anderen Teil aber ablehnen. Sie stehen somit nicht vor einem Dilemma, und ihre Entscheidungsfreiheit wird gest\u00e4rkt. Unheilige Allianzen bei Volksabstimmungen k\u00f6nnen damit vermieden werden. Dadurch sollte es auch weniger zu einem Scherbenhaufen kommen. Die nicht bestrittenen Bestimmungen einer \u00fcber Jahre erarbeiteten Gesetzgebung k\u00f6nnten in Kraft treten, wenn beispielsweise nur eine Bestimmung umstritten war. Der Gesetzgebungsprozess m\u00fcsste dann nicht wieder bei null einsetzen.</p>\n<p>Die Frage, wie das Nein der Stimmbev\u00f6lkerung zu interpretieren sei - eine Frage, die wir uns immer und immer wieder stellen m\u00fcssen -, m\u00fcsste nicht parteipolitisch analysiert werden. Abstimmungen im Kanton Bern haben zudem gezeigt, dass die Stimmb\u00fcrgerinnen und Stimmb\u00fcrger offenbar tats\u00e4chlich in der Lage sind, einzelne Aspekte einer Vorlage zu beurteilen, differenziert abzustimmen und somit ihre Meinung kundzutun. Zwischen 1993 und 2011 wurde dieses Instrumentarium im Kanton Bern neunmal angewendet. Sechsmal wurde der Gegenvorschlag dann auch angenommen. Die Referendumskomitees werden damit auch st\u00e4rker in die L\u00f6sungsfindung einbezogen, was die Kommission begr\u00fcsst.</p>\n<p>Die Kommission beantragt Ihnen deshalb mit 14 zu 10 Stimmen, der Initiative Folge zu geben.</p>\n</pd_text>","MeetingCouncilAbbreviation":"N","MeetingDate":"20210608","MeetingVerbalixOid":3424,"IdSession":"5110","SpeakerFirstName":"Samira","SpeakerLastName":"Marti","SpeakerFullName":"Marti Samira","SpeakerFunction":"Mit-F","CouncilId":1,"CouncilName":"Nationalrat","CantonId":13,"CantonName":"Basel-Landschaft","CantonAbbreviation":"BL","ParlGroupName":"Sozialdemokratische Fraktion","ParlGroupAbbreviation":"S","SortOrder":6,"Start":"\/Date(1623153394377)\/","End":"\/Date(1623153537847)\/","Function":"*","DisplaySpeaker":true,"LanguageOfText":"DE","Modified":"\/Date(1774877026245)\/","StartTimeWithTimezone":"\/Date(1623153394377+0120)\/","EndTimeWithTimezone":"\/Date(1623153537847+0120)\/","VoteBusinessNumber":null,"VoteBusinessShortNumber":null,"VoteBusinessTitle":null},{"__metadata":{"id":"https://ws.parlament.ch/OData.svc/Transcript(ID=283628L,Language='DE')","uri":"https://ws.parlament.ch/OData.svc/Transcript(ID=283628L,Language='DE')","type":"itsystems.Pd.DataServices.DataModel.Transcript"},"Subjects":{"__deferred":{"uri":"https://ws.parlament.ch/OData.svc/Transcript(ID=283628L,Language='DE')/Subjects"}},"MembersCouncil":{"__deferred":{"uri":"https://ws.parlament.ch/OData.svc/Transcript(ID=283628L,Language='DE')/MembersCouncil"}},"Businesses":{"__deferred":{"uri":"https://ws.parlament.ch/OData.svc/Transcript(ID=283628L,Language='DE')/Businesses"}},"ID":"283628","Language":"DE","IdSubject":"53171","VoteId":null,"PersonNumber":4156,"Type":1,"Text":"<pd_text><p>La Commission des institutions politiques de notre conseil s'est r\u00e9unie le 11 octobre 2019 et le 18 f\u00e9vrier 2021 afin de proc\u00e9der \u00e0 l'examen de cette initiative parlementaire et vous invite \u00e0 y donner suite, par 14 voix contre 10.</p>\n<p>Notre coll\u00e8gue Wermuth souhaite modifier la Constitution de mani\u00e8re \u00e0 ce que 50[NB]000 citoyens ou huit cantons puissent, en m\u00eame temps qu'une demande de r\u00e9f\u00e9rendum contre une loi ou un arr\u00eat\u00e9 f\u00e9d\u00e9ral, pr\u00e9senter un contre-projet. La d\u00e9mocratie directe de notre pays fonctionne bien et la population en est satisfaite. Toutefois, il arrive que le citoyen se trouve devant un projet global dont certains aspects lui plaisent et qu'il s'oppose \u00e0 d'autres. Il est donc difficile pour lui d'exprimer son opinion et le r\u00e9sultat du vote est difficile \u00e0 interpr\u00e9ter. Ceci est par exemple le cas quand des mouvements diff\u00e9rents et oppos\u00e9s lancent des r\u00e9f\u00e9rendums.</p>\n<p>Avec la solution propos\u00e9e par notre coll\u00e8gue Wermuth, le peuple aurait la possibilit\u00e9 de d\u00e9poser un contre-projet et les comit\u00e9s r\u00e9f\u00e9rendaires seraient davantage engag\u00e9s dans la recherche de solutions.</p>\n<p>Pour la majorit\u00e9 de la commission, cette id\u00e9e vise \u00e0 d\u00e9velopper et \u00e0 renforcer la d\u00e9mocratie directe qui fait le succ\u00e8s de notre pays. Si un comit\u00e9 r\u00e9f\u00e9rendaire n'est pas d'accord avec un projet de loi, il devrait pouvoir dire \"non\" ainsi que \"non, mais\". Cet outil permettrait \u00e0 la population de s'exprimer de mani\u00e8re plus nuanc\u00e9e. Aujourd'hui, les projets soumis au peuple sont des compromis de notre majorit\u00e9. Nous nous sommes tous retrouv\u00e9s face \u00e0 des projets dont une partie nous plaisait et l'autre pas. Nous pourrions ainsi sauver des parties de projets qui ne sont pas contest\u00e9es.</p>\n<p>C'est ainsi que la majorit\u00e9 de la commission vous invite \u00e0 donner suite \u00e0 cette initiative parlementaire.</p>\n</pd_text>","MeetingCouncilAbbreviation":"N","MeetingDate":"20210608","MeetingVerbalixOid":3424,"IdSession":"5110","SpeakerFirstName":"Micha\u00ebl","SpeakerLastName":"Buffat","SpeakerFullName":"Buffat Micha\u00ebl","SpeakerFunction":"Mit-M","CouncilId":1,"CouncilName":"Nationalrat","CantonId":22,"CantonName":"Waadt","CantonAbbreviation":"VD","ParlGroupName":"Fraktion der Schweizerischen Volkspartei","ParlGroupAbbreviation":"V","SortOrder":5,"Start":"\/Date(1623153294598)\/","End":"\/Date(1623153387588)\/","Function":"*","DisplaySpeaker":true,"LanguageOfText":"FR","Modified":"\/Date(1774877026243)\/","StartTimeWithTimezone":"\/Date(1623153294597+0120)\/","EndTimeWithTimezone":"\/Date(1623153387587+0120)\/","VoteBusinessNumber":null,"VoteBusinessShortNumber":null,"VoteBusinessTitle":null}]},"ID":"53171","Language":"DE","IdMeeting":"4481","VerbalixOid":652353,"SortOrder":15,"Modified":"\/Date(1774877026233)\/"}}