{"d":{"__metadata":{"id":"https://ws.parlament.ch/OData.svc/Subject(ID=53562L,Language='DE')","uri":"https://ws.parlament.ch/OData.svc/Subject(ID=53562L,Language='DE')","type":"itsystems.Pd.DataServices.DataModel.Subject"},"Meetings":{"__metadata":{"id":"https://ws.parlament.ch/OData.svc/Meeting(ID=4500L,Language='DE')","uri":"https://ws.parlament.ch/OData.svc/Meeting(ID=4500L,Language='DE')","type":"itsystems.Pd.DataServices.DataModel.Meeting"},"Sessions":{"__deferred":{"uri":"https://ws.parlament.ch/OData.svc/Meeting(ID=4500L,Language='DE')/Sessions"}},"Subjects":{"__deferred":{"uri":"https://ws.parlament.ch/OData.svc/Meeting(ID=4500L,Language='DE')/Subjects"}},"ID":"4500","Language":"DE","MeetingNumber":13,"IdSession":5110,"SessionNumber":10,"SessionName":"Sommersession 2021","Council":2,"CouncilName":"St\u00e4nderat","CouncilAbbreviation":"SR","Date":"\/Date(1623974400000)\/","Begin":"0800","Modified":"\/Date(1626165041300)\/","LegislativePeriodNumber":51,"PublicationStatus":"final","MeetingOrderText":"Dreizehnte Sitzung","SortOrder":13,"Location":"S"},"SubjectsBusiness":{"results":[{"__metadata":{"id":"https://ws.parlament.ch/OData.svc/SubjectBusiness(BusinessNumber=20180079,IdSubject=53562L,Language='DE')","uri":"https://ws.parlament.ch/OData.svc/SubjectBusiness(BusinessNumber=20180079,IdSubject=53562L,Language='DE')","type":"itsystems.Pd.DataServices.DataModel.SubjectBusiness"},"Subjects":{"__deferred":{"uri":"https://ws.parlament.ch/OData.svc/SubjectBusiness(BusinessNumber=20180079,IdSubject=53562L,Language='DE')/Subjects"}},"Businesses":{"__deferred":{"uri":"https://ws.parlament.ch/OData.svc/SubjectBusiness(BusinessNumber=20180079,IdSubject=53562L,Language='DE')/Businesses"}},"IdSubject":"53562","BusinessNumber":20180079,"Language":"DE","BusinessShortNumber":"18.079","Title":"F\u00fcr eine starke Pflege (Pflegeinitiative). Volksinitiative","SortOrder":1,"PublishedNotes":"Schlussabstimmung - Vote final\n","Modified":"\/Date(1574161612453)\/","TitleDE":"F\u00fcr eine starke Pflege\n(Pflege-Initiative).\nVolksinitiative","TitleFR":"Pour des soins infirmiers forts\n(initiative sur les soins infirmiers).\nInitiative populaire","TitleIT":null}]},"Transcripts":{"results":[{"__metadata":{"id":"https://ws.parlament.ch/OData.svc/Transcript(ID=286056L,Language='DE')","uri":"https://ws.parlament.ch/OData.svc/Transcript(ID=286056L,Language='DE')","type":"itsystems.Pd.DataServices.DataModel.Transcript"},"Subjects":{"__deferred":{"uri":"https://ws.parlament.ch/OData.svc/Transcript(ID=286056L,Language='DE')/Subjects"}},"MembersCouncil":{"__deferred":{"uri":"https://ws.parlament.ch/OData.svc/Transcript(ID=286056L,Language='DE')/MembersCouncil"}},"Businesses":{"__deferred":{"uri":"https://ws.parlament.ch/OData.svc/Transcript(ID=286056L,Language='DE')/Businesses"}},"ID":"286056","Language":"DE","IdSubject":"53562","VoteId":"4511","PersonNumber":null,"Type":2,"Text":"<pd_text><p><b>Bundesbeschluss \u00fcber die Volksinitiative \"f\u00fcr eine starke Pflege (Pflege-Initiative)\"</b>[GZ]</p>\n<p><b>Arr\u00eat\u00e9 f\u00e9d\u00e9ral concernant l'initiative populaire f\u00e9d\u00e9rale \"pour des soins infirmiers forts (initiative sur les soins infirmiers)\"</b>[GZ]</p>\n<p>[VS][GZ]</p>\n<p><i>Abstimmung - Vote </i>[GZ]</p>\n<p>[NAM][GZ]</p>\n<p>F\u00fcr Annahme des Entwurfes ... 30 Stimmen [GZ]</p>\n<p>Dagegen ... 14 Stimmen [GZ]</p>\n<p>(0 Enthaltungen)</p>\n</pd_text>","MeetingCouncilAbbreviation":"S","MeetingDate":"20210618","MeetingVerbalixOid":3443,"IdSession":"5110","SpeakerFirstName":null,"SpeakerLastName":null,"SpeakerFullName":"","SpeakerFunction":null,"CouncilId":null,"CouncilName":null,"CantonId":null,"CantonName":null,"CantonAbbreviation":null,"ParlGroupName":null,"ParlGroupAbbreviation":null,"SortOrder":1,"Start":null,"End":null,"Function":null,"DisplaySpeaker":null,"LanguageOfText":null,"Modified":"\/Date(1664530242780)\/","StartTimeWithTimezone":null,"EndTimeWithTimezone":null,"VoteBusinessNumber":20180079,"VoteBusinessShortNumber":"18.079","VoteBusinessTitle":"F\u00fcr eine starke Pflege\n(Pflege-Initiative).\nVolksinitiative"}]},"ID":"53562","Language":"DE","IdMeeting":"4500","VerbalixOid":656221,"SortOrder":4,"Modified":"\/Date(1664530242780)\/"}}