{"d":{"__metadata":{"id":"https://ws.parlament.ch/OData.svc/Subject(ID=53901L,Language='DE')","uri":"https://ws.parlament.ch/OData.svc/Subject(ID=53901L,Language='DE')","type":"itsystems.Pd.DataServices.DataModel.Subject"},"Meetings":{"__metadata":{"id":"https://ws.parlament.ch/OData.svc/Meeting(ID=4506L,Language='DE')","uri":"https://ws.parlament.ch/OData.svc/Meeting(ID=4506L,Language='DE')","type":"itsystems.Pd.DataServices.DataModel.Meeting"},"Sessions":{"__deferred":{"uri":"https://ws.parlament.ch/OData.svc/Meeting(ID=4506L,Language='DE')/Sessions"}},"Subjects":{"__deferred":{"uri":"https://ws.parlament.ch/OData.svc/Meeting(ID=4506L,Language='DE')/Subjects"}},"ID":"4506","Language":"DE","MeetingNumber":2,"IdSession":5111,"SessionNumber":11,"SessionName":"Herbstsession 2021","Council":2,"CouncilName":"St\u00e4nderat","CouncilAbbreviation":"SR","Date":"\/Date(1631577600000)\/","Begin":"0815","Modified":"\/Date(1634046483170)\/","LegislativePeriodNumber":51,"PublicationStatus":"final","MeetingOrderText":"Zweite Sitzung","SortOrder":2,"Location":"S"},"SubjectsBusiness":{"results":[{"__metadata":{"id":"https://ws.parlament.ch/OData.svc/SubjectBusiness(BusinessNumber=20110030,IdSubject=53901L,Language='DE')","uri":"https://ws.parlament.ch/OData.svc/SubjectBusiness(BusinessNumber=20110030,IdSubject=53901L,Language='DE')","type":"itsystems.Pd.DataServices.DataModel.SubjectBusiness"},"Subjects":{"__deferred":{"uri":"https://ws.parlament.ch/OData.svc/SubjectBusiness(BusinessNumber=20110030,IdSubject=53901L,Language='DE')/Subjects"}},"Businesses":{"__deferred":{"uri":"https://ws.parlament.ch/OData.svc/SubjectBusiness(BusinessNumber=20110030,IdSubject=53901L,Language='DE')/Businesses"}},"IdSubject":"53901","BusinessNumber":20110030,"Language":"DE","BusinessShortNumber":"11.030","Title":"6. IV-Revision. Zweites Massnahmenpaket","SortOrder":1,"PublishedNotes":"Abschreibung - Classement\n","Modified":"\/Date(1447069491516)\/","TitleDE":"6. IV-Revision.\nZweites Massnahmenpaket","TitleFR":"6e r\u00e9vision de l'AI.\nDeuxi\u00e8me volet","TitleIT":null}]},"Transcripts":{"results":[{"__metadata":{"id":"https://ws.parlament.ch/OData.svc/Transcript(ID=286784L,Language='DE')","uri":"https://ws.parlament.ch/OData.svc/Transcript(ID=286784L,Language='DE')","type":"itsystems.Pd.DataServices.DataModel.Transcript"},"Subjects":{"__deferred":{"uri":"https://ws.parlament.ch/OData.svc/Transcript(ID=286784L,Language='DE')/Subjects"}},"MembersCouncil":{"__deferred":{"uri":"https://ws.parlament.ch/OData.svc/Transcript(ID=286784L,Language='DE')/MembersCouncil"}},"Businesses":{"__deferred":{"uri":"https://ws.parlament.ch/OData.svc/Transcript(ID=286784L,Language='DE')/Businesses"}},"ID":"286784","Language":"DE","IdSubject":"53901","VoteId":null,"PersonNumber":4139,"Type":1,"Text":"<pd_text><p><b>3.</b>[NB]<b>Bundesgesetz \u00fcber die Invalidenversicherung (6. IV-Revision, zweites Massnahmenpaket)</b>[GZ]</p>\n<p><b>3.</b>[NB]<b>Loi f\u00e9d\u00e9rale sur l'assurance-invalidit\u00e9 (6e r\u00e9vision de l'AI, deuxi\u00e8me volet)</b>[GZ]</p>\n<p>[VS][GZ]</p>\n<p><b>Pr\u00e4sident</b> (Hefti Thomas, erster Vizepr\u00e4sident): Sie haben einen schriftlichen Bericht der Kommission erhalten. Die Kommission beantragt einstimmig, die Vorlage nach Artikel 74 Absatz 6 des Parlamentsgesetzes abzuschreiben.</p>\n</pd_text>","MeetingCouncilAbbreviation":"S","MeetingDate":"20210914","MeetingVerbalixOid":3449,"IdSession":"5111","SpeakerFirstName":"Thomas","SpeakerLastName":"Hefti","SpeakerFullName":"Hefti Thomas","SpeakerFunction":"1VP-M","CouncilId":2,"CouncilName":"St\u00e4nderat","CantonId":8,"CantonName":"Glarus","CantonAbbreviation":"GL","ParlGroupName":"FDP-Liberale Fraktion","ParlGroupAbbreviation":"RL","SortOrder":1,"Start":"\/Date(1631622707513)\/","End":"\/Date(1631622732283)\/","Function":"1VP-M","DisplaySpeaker":false,"LanguageOfText":null,"Modified":"\/Date(1663834878610)\/","StartTimeWithTimezone":"\/Date(1631622707513+0120)\/","EndTimeWithTimezone":"\/Date(1631622732283+0120)\/","VoteBusinessNumber":null,"VoteBusinessShortNumber":null,"VoteBusinessTitle":null},{"__metadata":{"id":"https://ws.parlament.ch/OData.svc/Transcript(ID=286785L,Language='DE')","uri":"https://ws.parlament.ch/OData.svc/Transcript(ID=286785L,Language='DE')","type":"itsystems.Pd.DataServices.DataModel.Transcript"},"Subjects":{"__deferred":{"uri":"https://ws.parlament.ch/OData.svc/Transcript(ID=286785L,Language='DE')/Subjects"}},"MembersCouncil":{"__deferred":{"uri":"https://ws.parlament.ch/OData.svc/Transcript(ID=286785L,Language='DE')/MembersCouncil"}},"Businesses":{"__deferred":{"uri":"https://ws.parlament.ch/OData.svc/Transcript(ID=286785L,Language='DE')/Businesses"}},"ID":"286785","Language":"DE","IdSubject":"53901","VoteId":null,"PersonNumber":4139,"Type":1,"Text":"<pd_text><p><i>Abgeschrieben - Class\u00e9</i></p>\n</pd_text>","MeetingCouncilAbbreviation":"S","MeetingDate":"20210914","MeetingVerbalixOid":3449,"IdSession":"5111","SpeakerFirstName":"Thomas","SpeakerLastName":"Hefti","SpeakerFullName":"Hefti Thomas","SpeakerFunction":"1VP-M","CouncilId":2,"CouncilName":"St\u00e4nderat","CantonId":8,"CantonName":"Glarus","CantonAbbreviation":"GL","ParlGroupName":"FDP-Liberale Fraktion","ParlGroupAbbreviation":"RL","SortOrder":3,"Start":"\/Date(1631622754560)\/","End":"\/Date(1631622778670)\/","Function":"1VP-M","DisplaySpeaker":false,"LanguageOfText":null,"Modified":"\/Date(1663834878610)\/","StartTimeWithTimezone":"\/Date(1631622754560+0120)\/","EndTimeWithTimezone":"\/Date(1631622778670+0120)\/","VoteBusinessNumber":null,"VoteBusinessShortNumber":null,"VoteBusinessTitle":null},{"__metadata":{"id":"https://ws.parlament.ch/OData.svc/Transcript(ID=286882L,Language='DE')","uri":"https://ws.parlament.ch/OData.svc/Transcript(ID=286882L,Language='DE')","type":"itsystems.Pd.DataServices.DataModel.Transcript"},"Subjects":{"__deferred":{"uri":"https://ws.parlament.ch/OData.svc/Transcript(ID=286882L,Language='DE')/Subjects"}},"MembersCouncil":{"__deferred":{"uri":"https://ws.parlament.ch/OData.svc/Transcript(ID=286882L,Language='DE')/MembersCouncil"}},"Businesses":{"__deferred":{"uri":"https://ws.parlament.ch/OData.svc/Transcript(ID=286882L,Language='DE')/Businesses"}},"ID":"286882","Language":"DE","IdSubject":"53901","VoteId":null,"PersonNumber":172,"Type":1,"Text":"<pd_text><p>Ich folge hier dem vorherigen Appell des Pr\u00e4sidenten. Es handelt sich um einen einstimmigen Antrag der Kommission auf Abschreibung. Es gibt keine anderen Antr\u00e4ge. Ich verweise auf den schriftlichen Bericht und habe damit geschlossen.</p>\n</pd_text>","MeetingCouncilAbbreviation":"S","MeetingDate":"20210914","MeetingVerbalixOid":3449,"IdSession":"5111","SpeakerFirstName":"Paul","SpeakerLastName":"Rechsteiner","SpeakerFullName":"Rechsteiner Paul","SpeakerFunction":"Mit-M","CouncilId":2,"CouncilName":"St\u00e4nderat","CantonId":17,"CantonName":"St. Gallen","CantonAbbreviation":"SG","ParlGroupName":"Sozialdemokratische Fraktion","ParlGroupAbbreviation":"S","SortOrder":2,"Start":"\/Date(1631622732283)\/","End":"\/Date(1631622754560)\/","Function":"*","DisplaySpeaker":true,"LanguageOfText":"DE","Modified":"\/Date(1663834878610)\/","StartTimeWithTimezone":"\/Date(1631622732283+0120)\/","EndTimeWithTimezone":"\/Date(1631622754560+0120)\/","VoteBusinessNumber":null,"VoteBusinessShortNumber":null,"VoteBusinessTitle":null}]},"ID":"53901","Language":"DE","IdMeeting":"4506","VerbalixOid":657794,"SortOrder":8,"Modified":"\/Date(1663834878610)\/"}}