{"d":{"__metadata":{"id":"https://ws.parlament.ch/OData.svc/Subject(ID=54646L,Language='DE')","uri":"https://ws.parlament.ch/OData.svc/Subject(ID=54646L,Language='DE')","type":"itsystems.Pd.DataServices.DataModel.Subject"},"Meetings":{"__metadata":{"id":"https://ws.parlament.ch/OData.svc/Meeting(ID=4531L,Language='DE')","uri":"https://ws.parlament.ch/OData.svc/Meeting(ID=4531L,Language='DE')","type":"itsystems.Pd.DataServices.DataModel.Meeting"},"Sessions":{"__deferred":{"uri":"https://ws.parlament.ch/OData.svc/Meeting(ID=4531L,Language='DE')/Sessions"}},"Subjects":{"__deferred":{"uri":"https://ws.parlament.ch/OData.svc/Meeting(ID=4531L,Language='DE')/Subjects"}},"ID":"4531","Language":"DE","MeetingNumber":13,"IdSession":5111,"SessionNumber":11,"SessionName":"Herbstsession 2021","Council":2,"CouncilName":"St\u00e4nderat","CouncilAbbreviation":"SR","Date":"\/Date(1633046400000)\/","Begin":"0815","Modified":"\/Date(1635154625847)\/","LegislativePeriodNumber":51,"PublicationStatus":"final","MeetingOrderText":"Dreizehnte Sitzung","SortOrder":13,"Location":"S"},"SubjectsBusiness":{"results":[{"__metadata":{"id":"https://ws.parlament.ch/OData.svc/SubjectBusiness(BusinessNumber=20200064,IdSubject=54646L,Language='DE')","uri":"https://ws.parlament.ch/OData.svc/SubjectBusiness(BusinessNumber=20200064,IdSubject=54646L,Language='DE')","type":"itsystems.Pd.DataServices.DataModel.SubjectBusiness"},"Subjects":{"__deferred":{"uri":"https://ws.parlament.ch/OData.svc/SubjectBusiness(BusinessNumber=20200064,IdSubject=54646L,Language='DE')/Subjects"}},"Businesses":{"__deferred":{"uri":"https://ws.parlament.ch/OData.svc/SubjectBusiness(BusinessNumber=20200064,IdSubject=54646L,Language='DE')/Businesses"}},"IdSubject":"54646","BusinessNumber":20200064,"Language":"DE","BusinessShortNumber":"20.064","Title":"\u00dcbernahme und Umsetzung der Verordnung (EU) 2019/1896 des Europ\u00e4ischen Parlaments und des Rates \u00fcber die Europ\u00e4ische Grenz- und K\u00fcstenwache und zur Aufhebung der Verordnung (EU) 1052/2013 und (EU) 2016/1624 und zu einer \u00c4nderung des Asylgesetzes","SortOrder":1,"PublishedNotes":"Schlussabstimmung - Vote final\n","Modified":"\/Date(1622121941436)\/","TitleDE":"\u00dcbernahme und Umsetzung\nder Verordnung (EU) 2019/1896\ndes Europ\u00e4ischen Parlamentes\nund des Rates \u00fcber die Europ\u00e4ische\nGrenz- und K\u00fcstenwache\nund zur Aufhebung der Verordnungen\n(EU) Nr. 1052/2013 und (EU) 2016/1624\nund zu einer \u00c4nderung des Asylgesetzes","TitleFR":"Reprise et mise en oeuvre\ndu r\u00e8glement (UE) 2019/1896\ndu Parlement europ\u00e9en et du Conseil\nrelatif au corps europ\u00e9en\nde garde-fronti\u00e8res et de garde-c\u00f4tes\net abrogeant les r\u00e8glements\n(UE) no 1052/2013 et (UE) 2016/1624,\navec une modification\nde la loi sur l'asile","TitleIT":null}]},"Transcripts":{"results":[{"__metadata":{"id":"https://ws.parlament.ch/OData.svc/Transcript(ID=290567L,Language='DE')","uri":"https://ws.parlament.ch/OData.svc/Transcript(ID=290567L,Language='DE')","type":"itsystems.Pd.DataServices.DataModel.Transcript"},"Subjects":{"__deferred":{"uri":"https://ws.parlament.ch/OData.svc/Transcript(ID=290567L,Language='DE')/Subjects"}},"MembersCouncil":{"__deferred":{"uri":"https://ws.parlament.ch/OData.svc/Transcript(ID=290567L,Language='DE')/MembersCouncil"}},"Businesses":{"__deferred":{"uri":"https://ws.parlament.ch/OData.svc/Transcript(ID=290567L,Language='DE')/Businesses"}},"ID":"290567","Language":"DE","IdSubject":"54646","VoteId":"4712","PersonNumber":null,"Type":2,"Text":"<pd_text><p><b>1.</b>[NB]<b>Asylgesetz </b>[GZ]</p>\n<p><b>1.</b>[NB]<b>Loi sur l'asile </b>[GZ]</p>\n<p>[VS][GZ]</p>\n<p><i>Abstimmung - Vote </i>[GZ]</p>\n<p>[NAM][GZ]</p>\n<p>F\u00fcr Annahme des Entwurfes ... 44 Stimmen [GZ]</p>\n<p>(Einstimmigkeit) [GZ]</p>\n<p>(0 Enthaltungen)</p>\n<p>[VS]</p>\n</pd_text>","MeetingCouncilAbbreviation":"S","MeetingDate":"20211001","MeetingVerbalixOid":3474,"IdSession":"5111","SpeakerFirstName":null,"SpeakerLastName":null,"SpeakerFullName":"","SpeakerFunction":null,"CouncilId":null,"CouncilName":null,"CantonId":null,"CantonName":null,"CantonAbbreviation":null,"ParlGroupName":null,"ParlGroupAbbreviation":null,"SortOrder":1,"Start":null,"End":null,"Function":null,"DisplaySpeaker":null,"LanguageOfText":null,"Modified":"\/Date(1663834897363)\/","StartTimeWithTimezone":null,"EndTimeWithTimezone":null,"VoteBusinessNumber":20200064,"VoteBusinessShortNumber":"20.064","VoteBusinessTitle":"\u00dcbernahme und Umsetzung\nder Verordnung (EU) 2019/1896\ndes Europ\u00e4ischen Parlamentes\nund des Rates \u00fcber die Europ\u00e4ische\nGrenz- und K\u00fcstenwache\nund zur Aufhebung der Verordnungen\n(EU) Nr. 1052/2013 und (EU) 2016/1624\nund zu einer \u00c4nderung des Asylgesetzes"},{"__metadata":{"id":"https://ws.parlament.ch/OData.svc/Transcript(ID=290569L,Language='DE')","uri":"https://ws.parlament.ch/OData.svc/Transcript(ID=290569L,Language='DE')","type":"itsystems.Pd.DataServices.DataModel.Transcript"},"Subjects":{"__deferred":{"uri":"https://ws.parlament.ch/OData.svc/Transcript(ID=290569L,Language='DE')/Subjects"}},"MembersCouncil":{"__deferred":{"uri":"https://ws.parlament.ch/OData.svc/Transcript(ID=290569L,Language='DE')/MembersCouncil"}},"Businesses":{"__deferred":{"uri":"https://ws.parlament.ch/OData.svc/Transcript(ID=290569L,Language='DE')/Businesses"}},"ID":"290569","Language":"DE","IdSubject":"54646","VoteId":"4713","PersonNumber":null,"Type":2,"Text":"<pd_text><p><b>2.</b>[NB]<b>Bundesbeschluss \u00fcber die Genehmigung und die Umsetzung des Notenaustausches zwischen der Schweiz und der EU betreffend die \u00dcbernahme der Verordnung (EU) 2019/1896 \u00fcber die Europ\u00e4ische Grenz- und K\u00fcstenwache und zur Aufhebung der Verordnungen (EU) Nr.</b>[NB]<b>1052/2013 und (EU) 2016/1624 (Weiterentwicklung des Schengen-Besitzstands)</b>[GZ]</p>\n<p><b>2.</b>[NB]<b>Arr\u00eat\u00e9 f\u00e9d\u00e9ral portant approbation et mise en oeuvre de l'\u00e9change de notes entre la Suisse et l'Union europ\u00e9enne concernant la reprise du r\u00e8glement (UE) 2019/1896 du Parlement europ\u00e9en et du Conseil relatif au corps europ\u00e9en de garde-fronti\u00e8res et de garde-c\u00f4tes et abrogeant les r\u00e8glements (UE) no 1052/2013 et (UE) 2016/1624 (D\u00e9veloppement de l'acquis de Schengen)</b>[GZ]</p>\n<p>[VS][GZ]</p>\n<p><i>Abstimmung - Vote </i>[GZ]</p>\n<p>[NAM][GZ]</p>\n<p>F\u00fcr Annahme des Entwurfes ... 30 Stimmen [GZ]</p>\n<p>Dagegen ... 14 Stimmen [GZ]</p>\n<p>(0 Enthaltungen) [PAGE 1088] </p>\n</pd_text>","MeetingCouncilAbbreviation":"S","MeetingDate":"20211001","MeetingVerbalixOid":3474,"IdSession":"5111","SpeakerFirstName":null,"SpeakerLastName":null,"SpeakerFullName":"","SpeakerFunction":null,"CouncilId":null,"CouncilName":null,"CantonId":null,"CantonName":null,"CantonAbbreviation":null,"ParlGroupName":null,"ParlGroupAbbreviation":null,"SortOrder":2,"Start":null,"End":null,"Function":null,"DisplaySpeaker":null,"LanguageOfText":null,"Modified":"\/Date(1663834897363)\/","StartTimeWithTimezone":null,"EndTimeWithTimezone":null,"VoteBusinessNumber":20200064,"VoteBusinessShortNumber":"20.064","VoteBusinessTitle":"\u00dcbernahme und Umsetzung\nder Verordnung (EU) 2019/1896\ndes Europ\u00e4ischen Parlamentes\nund des Rates \u00fcber die Europ\u00e4ische\nGrenz- und K\u00fcstenwache\nund zur Aufhebung der Verordnungen\n(EU) Nr. 1052/2013 und (EU) 2016/1624\nund zu einer \u00c4nderung des Asylgesetzes"}]},"ID":"54646","Language":"DE","IdMeeting":"4531","VerbalixOid":663934,"SortOrder":12,"Modified":"\/Date(1663834897363)\/"}}