{"d":{"__metadata":{"id":"https://ws.parlament.ch/OData.svc/Subject(ID=54649L,Language='DE')","uri":"https://ws.parlament.ch/OData.svc/Subject(ID=54649L,Language='DE')","type":"itsystems.Pd.DataServices.DataModel.Subject"},"Meetings":{"__metadata":{"id":"https://ws.parlament.ch/OData.svc/Meeting(ID=4531L,Language='DE')","uri":"https://ws.parlament.ch/OData.svc/Meeting(ID=4531L,Language='DE')","type":"itsystems.Pd.DataServices.DataModel.Meeting"},"Sessions":{"__deferred":{"uri":"https://ws.parlament.ch/OData.svc/Meeting(ID=4531L,Language='DE')/Sessions"}},"Subjects":{"__deferred":{"uri":"https://ws.parlament.ch/OData.svc/Meeting(ID=4531L,Language='DE')/Subjects"}},"ID":"4531","Language":"DE","MeetingNumber":13,"IdSession":5111,"SessionNumber":11,"SessionName":"Herbstsession 2021","Council":2,"CouncilName":"St\u00e4nderat","CouncilAbbreviation":"SR","Date":"\/Date(1633046400000)\/","Begin":"0815","Modified":"\/Date(1635154625847)\/","LegislativePeriodNumber":51,"PublicationStatus":"final","MeetingOrderText":"Dreizehnte Sitzung","SortOrder":13,"Location":"S"},"SubjectsBusiness":{"results":[{"__metadata":{"id":"https://ws.parlament.ch/OData.svc/SubjectBusiness(BusinessNumber=20200068,IdSubject=54649L,Language='DE')","uri":"https://ws.parlament.ch/OData.svc/SubjectBusiness(BusinessNumber=20200068,IdSubject=54649L,Language='DE')","type":"itsystems.Pd.DataServices.DataModel.SubjectBusiness"},"Subjects":{"__deferred":{"uri":"https://ws.parlament.ch/OData.svc/SubjectBusiness(BusinessNumber=20200068,IdSubject=54649L,Language='DE')/Subjects"}},"Businesses":{"__deferred":{"uri":"https://ws.parlament.ch/OData.svc/SubjectBusiness(BusinessNumber=20200068,IdSubject=54649L,Language='DE')/Businesses"}},"IdSubject":"54649","BusinessNumber":20200068,"Language":"DE","BusinessShortNumber":"20.068","Title":"Ja zum Schutz der Kinder und Jugendlichen vor Tabakwerbung (Kinder und Jugendliche ohne Tabakwerbung). Volksinitiative","SortOrder":1,"PublishedNotes":"Schlussabstimmung - Vote final\n","Modified":"\/Date(1614342036520)\/","TitleDE":"Ja zum Schutz der Kinder\nund Jugendlichen vor Tabakwerbung\n(Kinder und Jugendliche\nohne Tabakwerbung).\nVolksinitiative","TitleFR":"Oui \u00e0 la protection des enfants\net des jeunes contre la publicit\u00e9\npour le tabac (enfants\net jeunes sans publicit\u00e9\npour le tabac).\nInitiative populaire","TitleIT":null}]},"Transcripts":{"results":[{"__metadata":{"id":"https://ws.parlament.ch/OData.svc/Transcript(ID=290573L,Language='DE')","uri":"https://ws.parlament.ch/OData.svc/Transcript(ID=290573L,Language='DE')","type":"itsystems.Pd.DataServices.DataModel.Transcript"},"Subjects":{"__deferred":{"uri":"https://ws.parlament.ch/OData.svc/Transcript(ID=290573L,Language='DE')/Subjects"}},"MembersCouncil":{"__deferred":{"uri":"https://ws.parlament.ch/OData.svc/Transcript(ID=290573L,Language='DE')/MembersCouncil"}},"Businesses":{"__deferred":{"uri":"https://ws.parlament.ch/OData.svc/Transcript(ID=290573L,Language='DE')/Businesses"}},"ID":"290573","Language":"DE","IdSubject":"54649","VoteId":"4715","PersonNumber":null,"Type":2,"Text":"<pd_text><p><b>Bundesbeschluss \u00fcber die Volksinitiative \"Ja zum Schutz der Kinder und Jugendlichen vor Tabakwerbung (Kinder und Jugendliche ohne Tabakwerbung)\"</b>[GZ]</p>\n<p><b>Arr\u00eat\u00e9 f\u00e9d\u00e9ral relatif \u00e0 l'initiative populaire \"Oui \u00e0 la protection des enfants et des jeunes contre la publicit\u00e9 pour le tabac (enfants et jeunes sans publicit\u00e9 pour le tabac)\"</b>[GZ]</p>\n<p>[VS][GZ]</p>\n<p><i>Abstimmung - Vote </i>[GZ]</p>\n<p>[NAM][GZ]</p>\n<p>F\u00fcr Annahme des Entwurfes ... 29 Stimmen [GZ]</p>\n<p>Dagegen ... 14 Stimmen [GZ]</p>\n<p>(1 Enthaltung) [PAGE 1089] </p>\n</pd_text>","MeetingCouncilAbbreviation":"S","MeetingDate":"20211001","MeetingVerbalixOid":3474,"IdSession":"5111","SpeakerFirstName":null,"SpeakerLastName":null,"SpeakerFullName":"","SpeakerFunction":null,"CouncilId":null,"CouncilName":null,"CantonId":null,"CantonName":null,"CantonAbbreviation":null,"ParlGroupName":null,"ParlGroupAbbreviation":null,"SortOrder":1,"Start":null,"End":null,"Function":null,"DisplaySpeaker":null,"LanguageOfText":null,"Modified":"\/Date(1663834897377)\/","StartTimeWithTimezone":null,"EndTimeWithTimezone":null,"VoteBusinessNumber":20200068,"VoteBusinessShortNumber":"20.068","VoteBusinessTitle":"Ja zum Schutz der Kinder\nund Jugendlichen vor Tabakwerbung\n(Kinder und Jugendliche\nohne Tabakwerbung).\nVolksinitiative"}]},"ID":"54649","Language":"DE","IdMeeting":"4531","VerbalixOid":663946,"SortOrder":14,"Modified":"\/Date(1663834897377)\/"}}